{"id":3271,"date":"2025-02-27T17:41:39","date_gmt":"2025-02-27T21:41:39","guid":{"rendered":"https:\/\/www.manaus.am.gov.br\/manauscult\/fomento-carnaval-prefeitura\/"},"modified":"2025-02-27T17:41:41","modified_gmt":"2025-02-27T21:41:41","slug":"fomento-carnaval-prefeitura","status":"publish","type":"post","link":"https:\/\/www.manaus.am.gov.br\/manauscult\/fomento-carnaval-prefeitura\/","title":{"rendered":"Prefeitura de Manaus destina mais de R$ 4 milh\u00f5es para o maior e melhor Carnaval do Norte"},"content":{"rendered":"\n<p>A <a href=\"https:\/\/www.instagram.com\/prefeiturademanaus\/\">Prefeitura de Manaus<\/a>, por meio da <a href=\"https:\/\/www.manaus.am.gov.br\/manauscult\/\">Funda\u00e7\u00e3o Municipal de Cultura, Turismo e Eventos (Manauscult)<\/a>, j\u00e1 destinou mais de R$4 milh\u00f5es para a realiza\u00e7\u00e3o do maior e melhor Carnaval da regi\u00e3o Norte do pa\u00eds. O fomento est\u00e1 garantindo apoio direto \u00e0s manifesta\u00e7\u00f5es culturais da cidade, movimentando a economia e gerando empregos diretos e indiretos.<\/p>\n\n\n\n<p>O diretor-presidente da Manauscult, Jender Lobato, destacou a import\u00e2ncia desse investimento recorde e o compromisso do prefeito em impulsionar a cultura e a economia local.<\/p>\n\n\n\n<p>\u201cEste \u00e9, sem d\u00favida, o maior Carnaval de todos os tempos em Manaus. Nunca houve um investimento t\u00e3o expressivo nas escolas de samba e nos blocos de rua. O prefeito tem demonstrado, com a\u00e7\u00f5es concretas, que apoia a cultura e entende o impacto econ\u00f4mico que essa festa gera. O Carnaval movimenta setores como turismo, com\u00e9rcio e servi\u00e7os, gerando milhares de empregos tempor\u00e1rios e promovendo a economia criativa\u201d, afirmou Lobato.<\/p>\n\n\n\n<p>Para o desfile das escolas de samba, foram destinados um total de R$ 2.653.750,00 para as 24 agremia\u00e7\u00f5es, garantindo uma festa de alto n\u00edvel e incentivando a economia criativa. Os recursos foram distribu\u00eddos de acordo com os grupos. Para as escolas do Grupo Especial, foi destinado R$ 165 mil para cada. Para as agremia\u00e7\u00f5es de Acesso A, o apoio foi de R$99 mil. J\u00e1 para as de Acesso B, a quantia foi de R$63.250 mil.<\/p>\n\n\n\n<p>O valor total do repasse teve um aumento de mais de 20%, permitindo que as escolas de samba tenham mais recursos para a prepara\u00e7\u00e3o dos desfiles. Essa expans\u00e3o do benef\u00edcio refor\u00e7a o compromisso da Prefeitura com o crescimento do Carnaval de Manaus, promovendo uma festa grandiosa para o p\u00fablico.<\/p>\n\n\n\n<p>Al\u00e9m dos investimentos nas escolas de samba, a Prefeitura de Manaus tamb\u00e9m destinou R$ 1,5 milh\u00e3o para a realiza\u00e7\u00e3o do Carnaval do Pov\u00e3o, que ocorrer\u00e1 na Alameda Alphaville, na zona Leste. Essa iniciativa leva a festa para uma das regi\u00f5es mais populosas da cidade, garantindo que todos tenham acesso a um carnaval de qualidade, com seguran\u00e7a e infraestrutura adequada.<\/p>\n\n\n\n<p><strong>Mais de 300 bandas e blocos contemplados<\/strong><\/p>\n\n\n\n<p>O apoio \u00e0s tradicionais bandas e blocos de rua tamb\u00e9m foi refor\u00e7ado. Em 2025, mais de 300 bandas e blocos foram contemplados com estrutura completa, incluindo palco, som, ilumina\u00e7\u00e3o, banheiros qu\u00edmicos e gradil, garantindo a seguran\u00e7a e a qualidade da festa nos bairros. Em m\u00e9dia 110 bandas e blocos receberam incentivo diretamente e democraticamente pelo edital n\u00ba 009\/2024 e mais de 200 bandas e blocos foram apoiados por meio de emendas parlamentares. Essa distribui\u00e7\u00e3o de recursos permite que a festa aconte\u00e7a em diversas zonas da cidade, valorizando as manifesta\u00e7\u00f5es culturais dos bairros e democratizando o acesso \u00e0 folia.<\/p>\n\n\n\n<p><strong>Desfiles das Escolas de Samba<\/strong><\/p>\n\n\n\n<p>A partir desta quinta-feira, 27\/2, as escolas de samba de Manaus desfilam no Samb\u00f3dromo, prometendo um espet\u00e1culo inesquec\u00edvel. Um dos diferenciais do edital n\u00ba 009\/2024 foi a determina\u00e7\u00e3o de que nenhuma banda ou bloco realizasse eventos nos tr\u00eas dias dos desfiles das escolas de samba. Essa medida tem como objetivo garantir que o p\u00fablico prestigie o desfile das escolas de samba, fortalecendo o evento e valorizando o trabalho das agremia\u00e7\u00f5es. Essa decis\u00e3o in\u00e9dita reflete o compromisso da Prefeitura atrav\u00e9s da Manauscult com a organiza\u00e7\u00e3o do Carnaval, priorizando a tradi\u00e7\u00e3o dos desfiles e proporcionando uma experi\u00eancia \u00fanica para os foli\u00f5es.<\/p>\n\n\n\n<p>&#8212; &#8212; &#8212;<\/p>\n\n\n\n<p><strong>Texto \u2013<\/strong> J\u00e9ssica Trajano \/ Manauscult<\/p>\n\n\n\n<p><strong>Fotos<\/strong> &#8211; Thelson Souza \/ Manauscult<\/p>\n","protected":false},"excerpt":{"rendered":"","protected":false},"author":57,"featured_media":3272,"comment_status":"closed","ping_status":"closed","sticky":false,"template":"","format":"standard","meta":{"footnotes":""},"categories":[913],"tags":[914,9,11],"acf":[],"yoast_head":"<!-- This site is optimized with the Yoast SEO plugin v23.0 - https:\/\/yoast.com\/wordpress\/plugins\/seo\/ -->\n<title>PMM destina mais de R$ 4 milh\u00f5es para o Carnaval<\/title>\n<meta name=\"description\" content=\"A Prefeitura de Manaus j\u00e1 destinou mais de R$4 milh\u00f5es para a realiza\u00e7\u00e3o do maior e melhor Carnaval da regi\u00e3o Norte do pa\u00eds.\" \/>\n<meta name=\"robots\" content=\"noindex, follow\" \/>\n<meta property=\"og:locale\" content=\"pt_BR\" \/>\n<meta property=\"og:type\" content=\"article\" \/>\n<meta property=\"og:title\" content=\"PMM destina mais de R$ 4 milh\u00f5es para o Carnaval\" \/>\n<meta property=\"og:description\" content=\"A Prefeitura de Manaus j\u00e1 destinou mais de R$4 milh\u00f5es para a realiza\u00e7\u00e3o do maior e melhor Carnaval da regi\u00e3o Norte do pa\u00eds.\" \/>\n<meta property=\"og:url\" content=\"https:\/\/www.manaus.am.gov.br\/manauscult\/fomento-carnaval-prefeitura\/\" \/>\n<meta property=\"og:site_name\" content=\"MANAUSCULT\" \/>\n<meta property=\"article:published_time\" content=\"2025-02-27T21:41:39+00:00\" \/>\n<meta property=\"article:modified_time\" content=\"2025-02-27T21:41:41+00:00\" \/>\n<meta property=\"og:image\" content=\"https:\/\/www.manaus.am.gov.br\/manauscult\/wp-content\/uploads\/sites\/11\/2025\/02\/Carnaval-_-Manauscult-3.jpeg\" \/>\n\t<meta property=\"og:image:width\" content=\"2944\" \/>\n\t<meta property=\"og:image:height\" content=\"1968\" \/>\n\t<meta property=\"og:image:type\" content=\"image\/jpeg\" \/>\n<meta name=\"author\" content=\"Thiago Fernando\" \/>\n<meta name=\"twitter:card\" content=\"summary_large_image\" \/>\n<meta name=\"twitter:label1\" content=\"Written by\" \/>\n\t<meta name=\"twitter:data1\" content=\"Thiago Fernando\" \/>\n\t<meta name=\"twitter:label2\" content=\"Est. reading time\" \/>\n\t<meta name=\"twitter:data2\" content=\"4 minutos\" \/>\n<script type=\"application\/ld+json\" class=\"yoast-schema-graph\">{\"@context\":\"https:\/\/schema.org\",\"@graph\":[{\"@type\":\"WebPage\",\"@id\":\"https:\/\/www.manaus.am.gov.br\/manauscult\/fomento-carnaval-prefeitura\/\",\"url\":\"https:\/\/www.manaus.am.gov.br\/manauscult\/fomento-carnaval-prefeitura\/\",\"name\":\"PMM destina mais de R$ 4 milh\u00f5es para o Carnaval\",\"isPartOf\":{\"@id\":\"https:\/\/www.manaus.am.gov.br\/manauscult\/#website\"},\"primaryImageOfPage\":{\"@id\":\"https:\/\/www.manaus.am.gov.br\/manauscult\/fomento-carnaval-prefeitura\/#primaryimage\"},\"image\":{\"@id\":\"https:\/\/www.manaus.am.gov.br\/manauscult\/fomento-carnaval-prefeitura\/#primaryimage\"},\"thumbnailUrl\":\"https:\/\/www.manaus.am.gov.br\/manauscult\/wp-content\/uploads\/sites\/11\/2025\/02\/Carnaval-_-Manauscult-3.jpeg\",\"datePublished\":\"2025-02-27T21:41:39+00:00\",\"dateModified\":\"2025-02-27T21:41:41+00:00\",\"author\":{\"@id\":\"https:\/\/www.manaus.am.gov.br\/manauscult\/#\/schema\/person\/a5ee5376db6e21af026374b369f30882\"},\"description\":\"A Prefeitura de Manaus j\u00e1 destinou mais de R$4 milh\u00f5es para a realiza\u00e7\u00e3o do maior e melhor Carnaval da regi\u00e3o Norte do pa\u00eds.\",\"breadcrumb\":{\"@id\":\"https:\/\/www.manaus.am.gov.br\/manauscult\/fomento-carnaval-prefeitura\/#breadcrumb\"},\"inLanguage\":\"pt-BR\",\"potentialAction\":[{\"@type\":\"ReadAction\",\"target\":[\"https:\/\/www.manaus.am.gov.br\/manauscult\/fomento-carnaval-prefeitura\/\"]}]},{\"@type\":\"ImageObject\",\"inLanguage\":\"pt-BR\",\"@id\":\"https:\/\/www.manaus.am.gov.br\/manauscult\/fomento-carnaval-prefeitura\/#primaryimage\",\"url\":\"https:\/\/www.manaus.am.gov.br\/manauscult\/wp-content\/uploads\/sites\/11\/2025\/02\/Carnaval-_-Manauscult-3.jpeg\",\"contentUrl\":\"https:\/\/www.manaus.am.gov.br\/manauscult\/wp-content\/uploads\/sites\/11\/2025\/02\/Carnaval-_-Manauscult-3.jpeg\",\"width\":2944,\"height\":1968,\"caption\":\"Carnaval\"},{\"@type\":\"BreadcrumbList\",\"@id\":\"https:\/\/www.manaus.am.gov.br\/manauscult\/fomento-carnaval-prefeitura\/#breadcrumb\",\"itemListElement\":[{\"@type\":\"ListItem\",\"position\":1,\"name\":\"Home\",\"item\":\"https:\/\/www.manaus.am.gov.br\/manauscult\/\"},{\"@type\":\"ListItem\",\"position\":2,\"name\":\"Prefeitura de Manaus destina mais de R$ 4 milh\u00f5es para o maior e melhor Carnaval do Norte\"}]},{\"@type\":\"WebSite\",\"@id\":\"https:\/\/www.manaus.am.gov.br\/manauscult\/#website\",\"url\":\"https:\/\/www.manaus.am.gov.br\/manauscult\/\",\"name\":\"MANAUSCULT\",\"description\":\"Prefeitura de Manaus\",\"potentialAction\":[{\"@type\":\"SearchAction\",\"target\":{\"@type\":\"EntryPoint\",\"urlTemplate\":\"https:\/\/www.manaus.am.gov.br\/manauscult\/?s={search_term_string}\"},\"query-input\":\"required name=search_term_string\"}],\"inLanguage\":\"pt-BR\"},{\"@type\":\"Person\",\"@id\":\"https:\/\/www.manaus.am.gov.br\/manauscult\/#\/schema\/person\/a5ee5376db6e21af026374b369f30882\",\"name\":\"Thiago Fernando\",\"image\":{\"@type\":\"ImageObject\",\"inLanguage\":\"pt-BR\",\"@id\":\"https:\/\/www.manaus.am.gov.br\/manauscult\/#\/schema\/person\/image\/\",\"url\":\"https:\/\/secure.gravatar.com\/avatar\/f5aab8722444041451501c077052ac07?s=96&d=mm&r=g\",\"contentUrl\":\"https:\/\/secure.gravatar.com\/avatar\/f5aab8722444041451501c077052ac07?s=96&d=mm&r=g\",\"caption\":\"Thiago Fernando\"}}]}<\/script>\n<!-- \/ Yoast SEO plugin. -->","yoast_head_json":{"title":"PMM destina mais de R$ 4 milh\u00f5es para o Carnaval","description":"A Prefeitura de Manaus j\u00e1 destinou mais de R$4 milh\u00f5es para a realiza\u00e7\u00e3o do maior e melhor Carnaval da regi\u00e3o Norte do pa\u00eds.","robots":{"index":"noindex","follow":"follow"},"og_locale":"pt_BR","og_type":"article","og_title":"PMM destina mais de R$ 4 milh\u00f5es para o Carnaval","og_description":"A Prefeitura de Manaus j\u00e1 destinou mais de R$4 milh\u00f5es para a realiza\u00e7\u00e3o do maior e melhor Carnaval da regi\u00e3o Norte do pa\u00eds.","og_url":"https:\/\/www.manaus.am.gov.br\/manauscult\/fomento-carnaval-prefeitura\/","og_site_name":"MANAUSCULT","article_published_time":"2025-02-27T21:41:39+00:00","article_modified_time":"2025-02-27T21:41:41+00:00","og_image":[{"width":2944,"height":1968,"url":"https:\/\/www.manaus.am.gov.br\/manauscult\/wp-content\/uploads\/sites\/11\/2025\/02\/Carnaval-_-Manauscult-3.jpeg","type":"image\/jpeg"}],"author":"Thiago Fernando","twitter_card":"summary_large_image","twitter_misc":{"Written by":"Thiago Fernando","Est. reading time":"4 minutos"},"schema":{"@context":"https:\/\/schema.org","@graph":[{"@type":"WebPage","@id":"https:\/\/www.manaus.am.gov.br\/manauscult\/fomento-carnaval-prefeitura\/","url":"https:\/\/www.manaus.am.gov.br\/manauscult\/fomento-carnaval-prefeitura\/","name":"PMM destina mais de R$ 4 milh\u00f5es para o Carnaval","isPartOf":{"@id":"https:\/\/www.manaus.am.gov.br\/manauscult\/#website"},"primaryImageOfPage":{"@id":"https:\/\/www.manaus.am.gov.br\/manauscult\/fomento-carnaval-prefeitura\/#primaryimage"},"image":{"@id":"https:\/\/www.manaus.am.gov.br\/manauscult\/fomento-carnaval-prefeitura\/#primaryimage"},"thumbnailUrl":"https:\/\/www.manaus.am.gov.br\/manauscult\/wp-content\/uploads\/sites\/11\/2025\/02\/Carnaval-_-Manauscult-3.jpeg","datePublished":"2025-02-27T21:41:39+00:00","dateModified":"2025-02-27T21:41:41+00:00","author":{"@id":"https:\/\/www.manaus.am.gov.br\/manauscult\/#\/schema\/person\/a5ee5376db6e21af026374b369f30882"},"description":"A Prefeitura de Manaus j\u00e1 destinou mais de R$4 milh\u00f5es para a realiza\u00e7\u00e3o do maior e melhor Carnaval da regi\u00e3o Norte do pa\u00eds.","breadcrumb":{"@id":"https:\/\/www.manaus.am.gov.br\/manauscult\/fomento-carnaval-prefeitura\/#breadcrumb"},"inLanguage":"pt-BR","potentialAction":[{"@type":"ReadAction","target":["https:\/\/www.manaus.am.gov.br\/manauscult\/fomento-carnaval-prefeitura\/"]}]},{"@type":"ImageObject","inLanguage":"pt-BR","@id":"https:\/\/www.manaus.am.gov.br\/manauscult\/fomento-carnaval-prefeitura\/#primaryimage","url":"https:\/\/www.manaus.am.gov.br\/manauscult\/wp-content\/uploads\/sites\/11\/2025\/02\/Carnaval-_-Manauscult-3.jpeg","contentUrl":"https:\/\/www.manaus.am.gov.br\/manauscult\/wp-content\/uploads\/sites\/11\/2025\/02\/Carnaval-_-Manauscult-3.jpeg","width":2944,"height":1968,"caption":"Carnaval"},{"@type":"BreadcrumbList","@id":"https:\/\/www.manaus.am.gov.br\/manauscult\/fomento-carnaval-prefeitura\/#breadcrumb","itemListElement":[{"@type":"ListItem","position":1,"name":"Home","item":"https:\/\/www.manaus.am.gov.br\/manauscult\/"},{"@type":"ListItem","position":2,"name":"Prefeitura de Manaus destina mais de R$ 4 milh\u00f5es para o maior e melhor Carnaval do Norte"}]},{"@type":"WebSite","@id":"https:\/\/www.manaus.am.gov.br\/manauscult\/#website","url":"https:\/\/www.manaus.am.gov.br\/manauscult\/","name":"MANAUSCULT","description":"Prefeitura de Manaus","potentialAction":[{"@type":"SearchAction","target":{"@type":"EntryPoint","urlTemplate":"https:\/\/www.manaus.am.gov.br\/manauscult\/?s={search_term_string}"},"query-input":"required name=search_term_string"}],"inLanguage":"pt-BR"},{"@type":"Person","@id":"https:\/\/www.manaus.am.gov.br\/manauscult\/#\/schema\/person\/a5ee5376db6e21af026374b369f30882","name":"Thiago Fernando","image":{"@type":"ImageObject","inLanguage":"pt-BR","@id":"https:\/\/www.manaus.am.gov.br\/manauscult\/#\/schema\/person\/image\/","url":"https:\/\/secure.gravatar.com\/avatar\/f5aab8722444041451501c077052ac07?s=96&d=mm&r=g","contentUrl":"https:\/\/secure.gravatar.com\/avatar\/f5aab8722444041451501c077052ac07?s=96&d=mm&r=g","caption":"Thiago Fernando"}}]}},"_links":{"self":[{"href":"https:\/\/www.manaus.am.gov.br\/manauscult\/wp-json\/wp\/v2\/posts\/3271"}],"collection":[{"href":"https:\/\/www.manaus.am.gov.br\/manauscult\/wp-json\/wp\/v2\/posts"}],"about":[{"href":"https:\/\/www.manaus.am.gov.br\/manauscult\/wp-json\/wp\/v2\/types\/post"}],"author":[{"embeddable":true,"href":"https:\/\/www.manaus.am.gov.br\/manauscult\/wp-json\/wp\/v2\/users\/57"}],"replies":[{"embeddable":true,"href":"https:\/\/www.manaus.am.gov.br\/manauscult\/wp-json\/wp\/v2\/comments?post=3271"}],"version-history":[{"count":0,"href":"https:\/\/www.manaus.am.gov.br\/manauscult\/wp-json\/wp\/v2\/posts\/3271\/revisions"}],"wp:featuredmedia":[{"embeddable":true,"href":"https:\/\/www.manaus.am.gov.br\/manauscult\/wp-json\/wp\/v2\/media\/3272"}],"wp:attachment":[{"href":"https:\/\/www.manaus.am.gov.br\/manauscult\/wp-json\/wp\/v2\/media?parent=3271"}],"wp:term":[{"taxonomy":"category","embeddable":true,"href":"https:\/\/www.manaus.am.gov.br\/manauscult\/wp-json\/wp\/v2\/categories?post=3271"},{"taxonomy":"post_tag","embeddable":true,"href":"https:\/\/www.manaus.am.gov.br\/manauscult\/wp-json\/wp\/v2\/tags?post=3271"}],"curies":[{"name":"wp","href":"https:\/\/api.w.org\/{rel}","templated":true}]}}