{"id":3174,"date":"2025-02-20T14:56:31","date_gmt":"2025-02-20T18:56:31","guid":{"rendered":"https:\/\/www.manaus.am.gov.br\/manauscult\/prefeitura-manauscult-turismo\/"},"modified":"2025-02-20T14:56:33","modified_gmt":"2025-02-20T18:56:33","slug":"prefeitura-manauscult-turismo","status":"publish","type":"post","link":"https:\/\/www.manaus.am.gov.br\/manauscult\/prefeitura-manauscult-turismo\/","title":{"rendered":"Prefeitura realiza 59\u00aa reuni\u00e3o ordin\u00e1ria do Comtur e discute planejamento estrat\u00e9gico para setor tur\u00edstico"},"content":{"rendered":"\n<p>A Prefeitura de Manaus, por meio da Funda\u00e7\u00e3o Municipal de Cultura, Turismo e Eventos (ManausCult), realizou, nesta quinta-feira, 20\/2, a 59\u00aa reuni\u00e3o ordin\u00e1ria do Conselho Municipal de Turismo (Comtur). O encontro reuniu representantes do setor tur\u00edstico, entidades de classe e gestores p\u00fablicos para debater pautas estrat\u00e9gicas e definir a\u00e7\u00f5es para o fortalecimento do turismo na capital amazonense.<\/p>\n\n\n\n<p>O diretor-presidente da ManausCult, Jender Lobato, destacou a import\u00e2ncia do debate para o fortalecimento do turismo na cidade. \u201cA reuni\u00e3o do Comtur \u00e9 fundamental para alinharmos estrat\u00e9gias e fortalecermos o setor tur\u00edstico de Manaus. O turismo \u00e9 um dos grandes motores da economia local, e essa integra\u00e7\u00e3o entre o poder p\u00fablico e as entidades representativas garante que possamos avan\u00e7ar com pol\u00edticas eficientes, promovendo nossa cidade como um destino cada vez mais atrativo e competitivo\u201d, afirmou.<\/p>\n\n\n\n<p>Inicialmente, foi feita a valida\u00e7\u00e3o da ata da 58\u00aa reuni\u00e3o ordin\u00e1ria do Comtur, realizada em dezembro de 2024, formalizando as delibera\u00e7\u00f5es anteriores do conselho. Em seguida, houve a apresenta\u00e7\u00e3o e aprova\u00e7\u00e3o do calend\u00e1rio oficial de reuni\u00f5es ordin\u00e1rias para este ano, para assegurar a organiza\u00e7\u00e3o dos encontros ao longo de 2025. Um planejamento de feiras nacionais e internacionais voltadas ao turismo tamb\u00e9m foi divulgado durante o evento.<\/p>\n\n\n\n<p><strong>T\u00edtulo<\/strong><\/p>\n\n\n\n<p>A reuni\u00e3o tamb\u00e9m tratou da candidatura da gastronomia de Manaus ao t\u00edtulo de \u201cCidade Criativa da Unesco\u201d, um reconhecimento internacional que busca valorizar e divulgar a culin\u00e1ria regional como um dos pilares do turismo e da cultura local.<\/p>\n\n\n\n<p>\u201cManaus tem uma gastronomia \u00fanica, que combina tradi\u00e7\u00e3o, sabores amaz\u00f4nicos e a riqueza da nossa biodiversidade. Ser reconhecida como \u2018Cidade Criativa da Unesco\u2019 n\u00e3o \u00e9 apenas um t\u00edtulo, mas uma oportunidade de impulsionar o turismo gastron\u00f4mico, gerar novos neg\u00f3cios e promover nossa cultura para o mundo. Esse \u00e9 um passo essencial para consolidar a capital amazonense como um destino tur\u00edstico completo e diferenciado\u201d, destacou o diretor-presidente da ManausCult.<\/p>\n\n\n\n<p><strong>Mais tratativas<\/strong><\/p>\n\n\n\n<p>Al\u00e9m disso, foi abordado o encaminhamento do Plano Municipal de Turismo \u00e0 C\u00e2mara Municipal de Manaus (CMM), que estabelece diretrizes estrat\u00e9gicas para o desenvolvimento sustent\u00e1vel do setor, incluindo infraestrutura, qualifica\u00e7\u00e3o profissional e a cria\u00e7\u00e3o de novos roteiros tur\u00edsticos.<\/p>\n\n\n\n<p>Um avan\u00e7o significativo foi a disponibiliza\u00e7\u00e3o de uma sala para as associa\u00e7\u00f5es de classe do turismo, no mirante L\u00facia Almeida, no centro hist\u00f3rico, um espa\u00e7o que servir\u00e1 como ponto de apoio e fortalecimento das entidades que representam o&nbsp;<em>trade<\/em>&nbsp;tur\u00edstico na cidade.<\/p>\n\n\n\n<p>O encontro tamb\u00e9m tratou do planejamento estrat\u00e9gico do turismo para 2025, com foco na amplia\u00e7\u00e3o da oferta tur\u00edstica, na qualifica\u00e7\u00e3o de servi\u00e7os e na capta\u00e7\u00e3o de novos investimentos para fomentar o setor.<\/p>\n\n\n\n<p>A reuni\u00e3o refor\u00e7ou o compromisso da ManausCult e do Comtur em promover a\u00e7\u00f5es integradas e estrat\u00e9gicas para impulsionar o turismo na capital, tornando Manaus um destino cada vez mais atrativo nos cen\u00e1rios nacional e internacional.<\/p>\n\n\n\n<p>&#8212; &#8212; &#8212;<\/p>\n\n\n\n<p><strong>Texto<\/strong> \u2013 J\u00e9ssica Trajano\/ManausCult<\/p>\n\n\n\n<p><strong>Fotos <\/strong>\u2013 Divulga\u00e7\u00e3o\/ManausCult<\/p>\n","protected":false},"excerpt":{"rendered":"","protected":false},"author":23,"featured_media":3175,"comment_status":"closed","ping_status":"closed","sticky":false,"template":"","format":"standard","meta":{"footnotes":""},"categories":[1232],"tags":[1179,9,11,395,1233,103],"acf":[],"yoast_head":"<!-- This site is optimized with the Yoast SEO plugin v23.0 - https:\/\/yoast.com\/wordpress\/plugins\/seo\/ -->\n<title>Prefeitura realiza 59\u00aa reuni\u00e3o ordin\u00e1ria do Comtur e discute planejamento estrat\u00e9gico para setor tur\u00edstico<\/title>\n<meta name=\"description\" content=\"A Prefeitura de Manaus, por meio da Funda\u00e7\u00e3o Municipal de Cultura, Turismo e Eventos (ManausCult), realizou, nesta quinta-feira, 20\/2, a 59\u00aa reuni\u00e3o ordin\u00e1ria do Conselho Municipal de Turismo (Comtur).\" \/>\n<meta name=\"robots\" content=\"noindex, follow\" \/>\n<meta property=\"og:locale\" content=\"pt_BR\" \/>\n<meta property=\"og:type\" content=\"article\" \/>\n<meta property=\"og:title\" content=\"Prefeitura realiza 59\u00aa reuni\u00e3o ordin\u00e1ria do Comtur e discute planejamento estrat\u00e9gico para setor tur\u00edstico\" \/>\n<meta property=\"og:description\" content=\"A Prefeitura de Manaus, por meio da Funda\u00e7\u00e3o Municipal de Cultura, Turismo e Eventos (ManausCult), realizou, nesta quinta-feira, 20\/2, a 59\u00aa reuni\u00e3o ordin\u00e1ria do Conselho Municipal de Turismo (Comtur).\" \/>\n<meta property=\"og:url\" content=\"https:\/\/www.manaus.am.gov.br\/manauscult\/prefeitura-manauscult-turismo\/\" \/>\n<meta property=\"og:site_name\" content=\"MANAUSCULT\" \/>\n<meta property=\"article:published_time\" content=\"2025-02-20T18:56:31+00:00\" \/>\n<meta property=\"article:modified_time\" content=\"2025-02-20T18:56:33+00:00\" \/>\n<meta property=\"og:image\" content=\"https:\/\/www.manaus.am.gov.br\/manauscult\/wp-content\/uploads\/sites\/11\/2025\/02\/WhatsApp-Image-2025-02-20-at-13.40.54-1.jpeg\" \/>\n\t<meta property=\"og:image:width\" content=\"1600\" \/>\n\t<meta property=\"og:image:height\" content=\"1200\" \/>\n\t<meta property=\"og:image:type\" content=\"image\/jpeg\" \/>\n<meta name=\"author\" content=\"Adriana Costa\" \/>\n<meta name=\"twitter:card\" content=\"summary_large_image\" \/>\n<meta name=\"twitter:label1\" content=\"Written by\" \/>\n\t<meta name=\"twitter:data1\" content=\"Adriana Costa\" \/>\n\t<meta name=\"twitter:label2\" content=\"Est. reading time\" \/>\n\t<meta name=\"twitter:data2\" content=\"3 minutos\" \/>\n<script type=\"application\/ld+json\" class=\"yoast-schema-graph\">{\"@context\":\"https:\/\/schema.org\",\"@graph\":[{\"@type\":\"WebPage\",\"@id\":\"https:\/\/www.manaus.am.gov.br\/manauscult\/prefeitura-manauscult-turismo\/\",\"url\":\"https:\/\/www.manaus.am.gov.br\/manauscult\/prefeitura-manauscult-turismo\/\",\"name\":\"Prefeitura realiza 59\u00aa reuni\u00e3o ordin\u00e1ria do Comtur e discute planejamento estrat\u00e9gico para setor tur\u00edstico\",\"isPartOf\":{\"@id\":\"https:\/\/www.manaus.am.gov.br\/manauscult\/#website\"},\"primaryImageOfPage\":{\"@id\":\"https:\/\/www.manaus.am.gov.br\/manauscult\/prefeitura-manauscult-turismo\/#primaryimage\"},\"image\":{\"@id\":\"https:\/\/www.manaus.am.gov.br\/manauscult\/prefeitura-manauscult-turismo\/#primaryimage\"},\"thumbnailUrl\":\"https:\/\/www.manaus.am.gov.br\/manauscult\/wp-content\/uploads\/sites\/11\/2025\/02\/WhatsApp-Image-2025-02-20-at-13.40.54-1.jpeg\",\"datePublished\":\"2025-02-20T18:56:31+00:00\",\"dateModified\":\"2025-02-20T18:56:33+00:00\",\"author\":{\"@id\":\"https:\/\/www.manaus.am.gov.br\/manauscult\/#\/schema\/person\/4e49f4e267757a06ca072ec61b2b9968\"},\"description\":\"A Prefeitura de Manaus, por meio da Funda\u00e7\u00e3o Municipal de Cultura, Turismo e Eventos (ManausCult), realizou, nesta quinta-feira, 20\/2, a 59\u00aa reuni\u00e3o ordin\u00e1ria do Conselho Municipal de Turismo (Comtur).\",\"breadcrumb\":{\"@id\":\"https:\/\/www.manaus.am.gov.br\/manauscult\/prefeitura-manauscult-turismo\/#breadcrumb\"},\"inLanguage\":\"pt-BR\",\"potentialAction\":[{\"@type\":\"ReadAction\",\"target\":[\"https:\/\/www.manaus.am.gov.br\/manauscult\/prefeitura-manauscult-turismo\/\"]}]},{\"@type\":\"ImageObject\",\"inLanguage\":\"pt-BR\",\"@id\":\"https:\/\/www.manaus.am.gov.br\/manauscult\/prefeitura-manauscult-turismo\/#primaryimage\",\"url\":\"https:\/\/www.manaus.am.gov.br\/manauscult\/wp-content\/uploads\/sites\/11\/2025\/02\/WhatsApp-Image-2025-02-20-at-13.40.54-1.jpeg\",\"contentUrl\":\"https:\/\/www.manaus.am.gov.br\/manauscult\/wp-content\/uploads\/sites\/11\/2025\/02\/WhatsApp-Image-2025-02-20-at-13.40.54-1.jpeg\",\"width\":1600,\"height\":1200},{\"@type\":\"BreadcrumbList\",\"@id\":\"https:\/\/www.manaus.am.gov.br\/manauscult\/prefeitura-manauscult-turismo\/#breadcrumb\",\"itemListElement\":[{\"@type\":\"ListItem\",\"position\":1,\"name\":\"Home\",\"item\":\"https:\/\/www.manaus.am.gov.br\/manauscult\/\"},{\"@type\":\"ListItem\",\"position\":2,\"name\":\"Prefeitura realiza 59\u00aa reuni\u00e3o ordin\u00e1ria do Comtur e discute planejamento estrat\u00e9gico para setor tur\u00edstico\"}]},{\"@type\":\"WebSite\",\"@id\":\"https:\/\/www.manaus.am.gov.br\/manauscult\/#website\",\"url\":\"https:\/\/www.manaus.am.gov.br\/manauscult\/\",\"name\":\"MANAUSCULT\",\"description\":\"Prefeitura de Manaus\",\"potentialAction\":[{\"@type\":\"SearchAction\",\"target\":{\"@type\":\"EntryPoint\",\"urlTemplate\":\"https:\/\/www.manaus.am.gov.br\/manauscult\/?s={search_term_string}\"},\"query-input\":\"required name=search_term_string\"}],\"inLanguage\":\"pt-BR\"},{\"@type\":\"Person\",\"@id\":\"https:\/\/www.manaus.am.gov.br\/manauscult\/#\/schema\/person\/4e49f4e267757a06ca072ec61b2b9968\",\"name\":\"Adriana Costa\",\"image\":{\"@type\":\"ImageObject\",\"inLanguage\":\"pt-BR\",\"@id\":\"https:\/\/www.manaus.am.gov.br\/manauscult\/#\/schema\/person\/image\/\",\"url\":\"https:\/\/secure.gravatar.com\/avatar\/576258617ef7194f718179e766d57bd4?s=96&d=mm&r=g\",\"contentUrl\":\"https:\/\/secure.gravatar.com\/avatar\/576258617ef7194f718179e766d57bd4?s=96&d=mm&r=g\",\"caption\":\"Adriana Costa\"}}]}<\/script>\n<!-- \/ Yoast SEO plugin. -->","yoast_head_json":{"title":"Prefeitura realiza 59\u00aa reuni\u00e3o ordin\u00e1ria do Comtur e discute planejamento estrat\u00e9gico para setor tur\u00edstico","description":"A Prefeitura de Manaus, por meio da Funda\u00e7\u00e3o Municipal de Cultura, Turismo e Eventos (ManausCult), realizou, nesta quinta-feira, 20\/2, a 59\u00aa reuni\u00e3o ordin\u00e1ria do Conselho Municipal de Turismo (Comtur).","robots":{"index":"noindex","follow":"follow"},"og_locale":"pt_BR","og_type":"article","og_title":"Prefeitura realiza 59\u00aa reuni\u00e3o ordin\u00e1ria do Comtur e discute planejamento estrat\u00e9gico para setor tur\u00edstico","og_description":"A Prefeitura de Manaus, por meio da Funda\u00e7\u00e3o Municipal de Cultura, Turismo e Eventos (ManausCult), realizou, nesta quinta-feira, 20\/2, a 59\u00aa reuni\u00e3o ordin\u00e1ria do Conselho Municipal de Turismo (Comtur).","og_url":"https:\/\/www.manaus.am.gov.br\/manauscult\/prefeitura-manauscult-turismo\/","og_site_name":"MANAUSCULT","article_published_time":"2025-02-20T18:56:31+00:00","article_modified_time":"2025-02-20T18:56:33+00:00","og_image":[{"width":1600,"height":1200,"url":"https:\/\/www.manaus.am.gov.br\/manauscult\/wp-content\/uploads\/sites\/11\/2025\/02\/WhatsApp-Image-2025-02-20-at-13.40.54-1.jpeg","type":"image\/jpeg"}],"author":"Adriana Costa","twitter_card":"summary_large_image","twitter_misc":{"Written by":"Adriana Costa","Est. reading time":"3 minutos"},"schema":{"@context":"https:\/\/schema.org","@graph":[{"@type":"WebPage","@id":"https:\/\/www.manaus.am.gov.br\/manauscult\/prefeitura-manauscult-turismo\/","url":"https:\/\/www.manaus.am.gov.br\/manauscult\/prefeitura-manauscult-turismo\/","name":"Prefeitura realiza 59\u00aa reuni\u00e3o ordin\u00e1ria do Comtur e discute planejamento estrat\u00e9gico para setor tur\u00edstico","isPartOf":{"@id":"https:\/\/www.manaus.am.gov.br\/manauscult\/#website"},"primaryImageOfPage":{"@id":"https:\/\/www.manaus.am.gov.br\/manauscult\/prefeitura-manauscult-turismo\/#primaryimage"},"image":{"@id":"https:\/\/www.manaus.am.gov.br\/manauscult\/prefeitura-manauscult-turismo\/#primaryimage"},"thumbnailUrl":"https:\/\/www.manaus.am.gov.br\/manauscult\/wp-content\/uploads\/sites\/11\/2025\/02\/WhatsApp-Image-2025-02-20-at-13.40.54-1.jpeg","datePublished":"2025-02-20T18:56:31+00:00","dateModified":"2025-02-20T18:56:33+00:00","author":{"@id":"https:\/\/www.manaus.am.gov.br\/manauscult\/#\/schema\/person\/4e49f4e267757a06ca072ec61b2b9968"},"description":"A Prefeitura de Manaus, por meio da Funda\u00e7\u00e3o Municipal de Cultura, Turismo e Eventos (ManausCult), realizou, nesta quinta-feira, 20\/2, a 59\u00aa reuni\u00e3o ordin\u00e1ria do Conselho Municipal de Turismo (Comtur).","breadcrumb":{"@id":"https:\/\/www.manaus.am.gov.br\/manauscult\/prefeitura-manauscult-turismo\/#breadcrumb"},"inLanguage":"pt-BR","potentialAction":[{"@type":"ReadAction","target":["https:\/\/www.manaus.am.gov.br\/manauscult\/prefeitura-manauscult-turismo\/"]}]},{"@type":"ImageObject","inLanguage":"pt-BR","@id":"https:\/\/www.manaus.am.gov.br\/manauscult\/prefeitura-manauscult-turismo\/#primaryimage","url":"https:\/\/www.manaus.am.gov.br\/manauscult\/wp-content\/uploads\/sites\/11\/2025\/02\/WhatsApp-Image-2025-02-20-at-13.40.54-1.jpeg","contentUrl":"https:\/\/www.manaus.am.gov.br\/manauscult\/wp-content\/uploads\/sites\/11\/2025\/02\/WhatsApp-Image-2025-02-20-at-13.40.54-1.jpeg","width":1600,"height":1200},{"@type":"BreadcrumbList","@id":"https:\/\/www.manaus.am.gov.br\/manauscult\/prefeitura-manauscult-turismo\/#breadcrumb","itemListElement":[{"@type":"ListItem","position":1,"name":"Home","item":"https:\/\/www.manaus.am.gov.br\/manauscult\/"},{"@type":"ListItem","position":2,"name":"Prefeitura realiza 59\u00aa reuni\u00e3o ordin\u00e1ria do Comtur e discute planejamento estrat\u00e9gico para setor tur\u00edstico"}]},{"@type":"WebSite","@id":"https:\/\/www.manaus.am.gov.br\/manauscult\/#website","url":"https:\/\/www.manaus.am.gov.br\/manauscult\/","name":"MANAUSCULT","description":"Prefeitura de Manaus","potentialAction":[{"@type":"SearchAction","target":{"@type":"EntryPoint","urlTemplate":"https:\/\/www.manaus.am.gov.br\/manauscult\/?s={search_term_string}"},"query-input":"required name=search_term_string"}],"inLanguage":"pt-BR"},{"@type":"Person","@id":"https:\/\/www.manaus.am.gov.br\/manauscult\/#\/schema\/person\/4e49f4e267757a06ca072ec61b2b9968","name":"Adriana Costa","image":{"@type":"ImageObject","inLanguage":"pt-BR","@id":"https:\/\/www.manaus.am.gov.br\/manauscult\/#\/schema\/person\/image\/","url":"https:\/\/secure.gravatar.com\/avatar\/576258617ef7194f718179e766d57bd4?s=96&d=mm&r=g","contentUrl":"https:\/\/secure.gravatar.com\/avatar\/576258617ef7194f718179e766d57bd4?s=96&d=mm&r=g","caption":"Adriana Costa"}}]}},"_links":{"self":[{"href":"https:\/\/www.manaus.am.gov.br\/manauscult\/wp-json\/wp\/v2\/posts\/3174"}],"collection":[{"href":"https:\/\/www.manaus.am.gov.br\/manauscult\/wp-json\/wp\/v2\/posts"}],"about":[{"href":"https:\/\/www.manaus.am.gov.br\/manauscult\/wp-json\/wp\/v2\/types\/post"}],"author":[{"embeddable":true,"href":"https:\/\/www.manaus.am.gov.br\/manauscult\/wp-json\/wp\/v2\/users\/23"}],"replies":[{"embeddable":true,"href":"https:\/\/www.manaus.am.gov.br\/manauscult\/wp-json\/wp\/v2\/comments?post=3174"}],"version-history":[{"count":0,"href":"https:\/\/www.manaus.am.gov.br\/manauscult\/wp-json\/wp\/v2\/posts\/3174\/revisions"}],"wp:featuredmedia":[{"embeddable":true,"href":"https:\/\/www.manaus.am.gov.br\/manauscult\/wp-json\/wp\/v2\/media\/3175"}],"wp:attachment":[{"href":"https:\/\/www.manaus.am.gov.br\/manauscult\/wp-json\/wp\/v2\/media?parent=3174"}],"wp:term":[{"taxonomy":"category","embeddable":true,"href":"https:\/\/www.manaus.am.gov.br\/manauscult\/wp-json\/wp\/v2\/categories?post=3174"},{"taxonomy":"post_tag","embeddable":true,"href":"https:\/\/www.manaus.am.gov.br\/manauscult\/wp-json\/wp\/v2\/tags?post=3174"}],"curies":[{"name":"wp","href":"https:\/\/api.w.org\/{rel}","templated":true}]}}