{"id":3133,"date":"2025-02-18T17:58:07","date_gmt":"2025-02-18T21:58:07","guid":{"rendered":"https:\/\/www.manaus.am.gov.br\/manauscult\/festividades-fomento-carnaval\/"},"modified":"2025-02-18T17:58:08","modified_gmt":"2025-02-18T21:58:08","slug":"festividades-fomento-carnaval","status":"publish","type":"post","link":"https:\/\/www.manaus.am.gov.br\/manauscult\/festividades-fomento-carnaval\/","title":{"rendered":"Com apoio da Prefeitura de Manaus, esquenta do \u2018Bloco da Cobra Grande\u2019 acontece nesta quarta-feira, 19\/2"},"content":{"rendered":"\n<p>Dando in\u00edcio \u00e0s festividades de carnaval, nesta quarta-feira, 19\/2, a partir das 18h,&nbsp; o largo S\u00e3o Sebasti\u00e3o, localizado na rua 10 de Julho, Centro, \u00e9 o pano de fundo do \u201c1\u00ba Bloco do Tacac\u00e1 na Bossa\u201d. O evento, que contar\u00e1 com entrada gratuita, celebra uma parceria in\u00e9dita entre o \u2018Bloco da Cobra Grande\u2019, contemplado pelo edital Pol\u00edtica Nacional Aldir Blanc (Pnab), da Prefeitura de Manaus, por meio do Conselho Municipal de Cultura (Concultura), e o \u201c1\u00b0 Bloco do Tacac\u00e1 na Bossa\u201d.&nbsp;<\/p>\n\n\n\n<p>O trio \u201cAgenor, Agostinho e L\u00e9o\u201d e as bandas \u201cCasa de Caba\u201d e \u201cChora Cachorro\u201d s\u00e3o as atra\u00e7\u00f5es da festa, que ser\u00e1 comandada pela apresentadora Isis de Manaus. O diretor-presidente do Concultura, Tony Medeiros, reitera o apoio da Prefeitura de Manaus \u00e0s comemora\u00e7\u00f5es de carnaval.<\/p>\n\n\n\n<p>\u201cO carnaval de Manaus \u00e9 uma celebra\u00e7\u00e3o da nossa cultura e a prefeitura tem sido parceira fundamental para que essa festa cres\u00e7a a cada ano. Seja no apoio \u00e0s escolas de samba ou aos blocos de rua, por meio de fomento ou de editais como a Pnab, seguimos fortalecendo essa manifesta\u00e7\u00e3o popular. Um exemplo disso \u00e9 o Bloco da Cobra Grande, contemplado pelo edital e que acontece desde 2020. Nesta quarta-feira, ele chega como um esquenta do que est\u00e1 por vir em mar\u00e7o, garantindo muita alegria para nossa cidade\u201d, comentou o presidente.<\/p>\n\n\n\n<p>Para a produtora e idealizadora do projeto, Patr\u00edcia Borges, o evento prop\u00f5e celebrar anos de exist\u00eancia do projeto \u201cTacac\u00e1 na Bossa\u201d com a folia do carnaval e convidar o p\u00fablico para o \u201cBloco da Cobra Grande 2025\u201d.<\/p>\n\n\n\n<p>\u201cEu e o Agenor Vasconcelos, da equipe do Cobra Grande, somos f\u00e3s do projeto Tacac\u00e1 na Bossa e essa festa \u00e9 uma parceria que nos alegra e nos motiva a continuar levando a m\u00fasica independente de forma gratuita ao p\u00fablico de Manaus. \u00c9 para aquecer e dar um gostinho do que apresentaremos no dia 1\u00ba de mar\u00e7o, no \u2018Bloco da Cobra Grande 2025\u2019\u201d, explica Patr\u00edcia.<\/p>\n\n\n\n<p>O projeto \u201cBloco da Cobra Grande 2025 &#8211; Um Carnaval Transamaz\u00f4nico\u201d foi um dos selecionados pelo Edital Macro de Chamamento P\u00fablico n\u00b0 002\/2024 &#8211; Festivais, com recursos da Pol\u00edtica Nacional Aldir Blanc (Pnab) de fomento \u00e0 cultura, da Prefeitura de Manaus, realizado pelo Concultura, com o apoio do Minist\u00e9rio da Cultura e do Governo Federal.<\/p>\n\n\n\n<p>\u2014 \u2014 \u2014<br><strong>Texto &#8211; <\/strong>Clara Gon\u00e7alves \/ Concultura<br><strong>Fotos &#8211; <\/strong>Robert Coelho \/ Divulga\u00e7\u00e3o&nbsp;<\/p>\n","protected":false},"excerpt":{"rendered":"","protected":false},"author":68,"featured_media":3134,"comment_status":"closed","ping_status":"closed","sticky":false,"template":"","format":"standard","meta":{"footnotes":""},"categories":[913],"tags":[1225,45,1226,1227,11],"acf":[],"yoast_head":"<!-- This site is optimized with the Yoast SEO plugin v23.0 - https:\/\/yoast.com\/wordpress\/plugins\/seo\/ -->\n<title>Com apoio da Prefeitura de Manaus, esquenta do \u2018Bloco da Cobra Grande\u2019 acontece nesta quarta-feira, 19\/2<\/title>\n<meta name=\"description\" content=\"Dando in\u00edcio \u00e0s festividades de carnaval, nesta quarta-feira, 19\/2, a partir das 18h,\u00a0 o largo S\u00e3o Sebasti\u00e3o, localizado na rua 10 de Julho, Centro, \u00e9 o pano de fundo do \u201c1\u00ba Bloco do Tacac\u00e1 na Bossa\u201d.\" \/>\n<meta name=\"robots\" content=\"noindex, follow\" \/>\n<meta property=\"og:locale\" content=\"pt_BR\" \/>\n<meta property=\"og:type\" content=\"article\" \/>\n<meta property=\"og:title\" content=\"Com apoio da Prefeitura de Manaus, esquenta do \u2018Bloco da Cobra Grande\u2019 acontece nesta quarta-feira, 19\/2\" \/>\n<meta property=\"og:description\" content=\"Dando in\u00edcio \u00e0s festividades de carnaval, nesta quarta-feira, 19\/2, a partir das 18h,\u00a0 o largo S\u00e3o Sebasti\u00e3o, localizado na rua 10 de Julho, Centro, \u00e9 o pano de fundo do \u201c1\u00ba Bloco do Tacac\u00e1 na Bossa\u201d.\" \/>\n<meta property=\"og:url\" content=\"https:\/\/www.manaus.am.gov.br\/manauscult\/festividades-fomento-carnaval\/\" \/>\n<meta property=\"og:site_name\" content=\"MANAUSCULT\" \/>\n<meta property=\"article:published_time\" content=\"2025-02-18T21:58:07+00:00\" \/>\n<meta property=\"article:modified_time\" content=\"2025-02-18T21:58:08+00:00\" \/>\n<meta property=\"og:image\" content=\"https:\/\/www.manaus.am.gov.br\/manauscult\/wp-content\/uploads\/sites\/11\/2025\/02\/Com-apoio-da-Prefeitura-de-Manaus-esquenta-do-\u2018Bloco-da-Cobra-Grande-acontece-nesta-quarta-feira.jpg\" \/>\n\t<meta property=\"og:image:width\" content=\"1000\" \/>\n\t<meta property=\"og:image:height\" content=\"667\" \/>\n\t<meta property=\"og:image:type\" content=\"image\/jpeg\" \/>\n<meta name=\"author\" content=\"bvalente\" \/>\n<meta name=\"twitter:card\" content=\"summary_large_image\" \/>\n<meta name=\"twitter:label1\" content=\"Written by\" \/>\n\t<meta name=\"twitter:data1\" content=\"bvalente\" \/>\n\t<meta name=\"twitter:label2\" content=\"Est. reading time\" \/>\n\t<meta name=\"twitter:data2\" content=\"3 minutos\" \/>\n<script type=\"application\/ld+json\" class=\"yoast-schema-graph\">{\"@context\":\"https:\/\/schema.org\",\"@graph\":[{\"@type\":\"WebPage\",\"@id\":\"https:\/\/www.manaus.am.gov.br\/manauscult\/festividades-fomento-carnaval\/\",\"url\":\"https:\/\/www.manaus.am.gov.br\/manauscult\/festividades-fomento-carnaval\/\",\"name\":\"Com apoio da Prefeitura de Manaus, esquenta do \u2018Bloco da Cobra Grande\u2019 acontece nesta quarta-feira, 19\/2\",\"isPartOf\":{\"@id\":\"https:\/\/www.manaus.am.gov.br\/manauscult\/#website\"},\"primaryImageOfPage\":{\"@id\":\"https:\/\/www.manaus.am.gov.br\/manauscult\/festividades-fomento-carnaval\/#primaryimage\"},\"image\":{\"@id\":\"https:\/\/www.manaus.am.gov.br\/manauscult\/festividades-fomento-carnaval\/#primaryimage\"},\"thumbnailUrl\":\"https:\/\/www.manaus.am.gov.br\/manauscult\/wp-content\/uploads\/sites\/11\/2025\/02\/Com-apoio-da-Prefeitura-de-Manaus-esquenta-do-\u2018Bloco-da-Cobra-Grande-acontece-nesta-quarta-feira.jpg\",\"datePublished\":\"2025-02-18T21:58:07+00:00\",\"dateModified\":\"2025-02-18T21:58:08+00:00\",\"author\":{\"@id\":\"https:\/\/www.manaus.am.gov.br\/manauscult\/#\/schema\/person\/466a0e03ae4b6062809046bd560ac955\"},\"description\":\"Dando in\u00edcio \u00e0s festividades de carnaval, nesta quarta-feira, 19\/2, a partir das 18h,\u00a0 o largo S\u00e3o Sebasti\u00e3o, localizado na rua 10 de Julho, Centro, \u00e9 o pano de fundo do \u201c1\u00ba Bloco do Tacac\u00e1 na Bossa\u201d.\",\"breadcrumb\":{\"@id\":\"https:\/\/www.manaus.am.gov.br\/manauscult\/festividades-fomento-carnaval\/#breadcrumb\"},\"inLanguage\":\"pt-BR\",\"potentialAction\":[{\"@type\":\"ReadAction\",\"target\":[\"https:\/\/www.manaus.am.gov.br\/manauscult\/festividades-fomento-carnaval\/\"]}]},{\"@type\":\"ImageObject\",\"inLanguage\":\"pt-BR\",\"@id\":\"https:\/\/www.manaus.am.gov.br\/manauscult\/festividades-fomento-carnaval\/#primaryimage\",\"url\":\"https:\/\/www.manaus.am.gov.br\/manauscult\/wp-content\/uploads\/sites\/11\/2025\/02\/Com-apoio-da-Prefeitura-de-Manaus-esquenta-do-\u2018Bloco-da-Cobra-Grande-acontece-nesta-quarta-feira.jpg\",\"contentUrl\":\"https:\/\/www.manaus.am.gov.br\/manauscult\/wp-content\/uploads\/sites\/11\/2025\/02\/Com-apoio-da-Prefeitura-de-Manaus-esquenta-do-\u2018Bloco-da-Cobra-Grande-acontece-nesta-quarta-feira.jpg\",\"width\":1000,\"height\":667},{\"@type\":\"BreadcrumbList\",\"@id\":\"https:\/\/www.manaus.am.gov.br\/manauscult\/festividades-fomento-carnaval\/#breadcrumb\",\"itemListElement\":[{\"@type\":\"ListItem\",\"position\":1,\"name\":\"Home\",\"item\":\"https:\/\/www.manaus.am.gov.br\/manauscult\/\"},{\"@type\":\"ListItem\",\"position\":2,\"name\":\"Com apoio da Prefeitura de Manaus, esquenta do \u2018Bloco da Cobra Grande\u2019 acontece nesta quarta-feira, 19\/2\"}]},{\"@type\":\"WebSite\",\"@id\":\"https:\/\/www.manaus.am.gov.br\/manauscult\/#website\",\"url\":\"https:\/\/www.manaus.am.gov.br\/manauscult\/\",\"name\":\"MANAUSCULT\",\"description\":\"Prefeitura de Manaus\",\"potentialAction\":[{\"@type\":\"SearchAction\",\"target\":{\"@type\":\"EntryPoint\",\"urlTemplate\":\"https:\/\/www.manaus.am.gov.br\/manauscult\/?s={search_term_string}\"},\"query-input\":\"required name=search_term_string\"}],\"inLanguage\":\"pt-BR\"},{\"@type\":\"Person\",\"@id\":\"https:\/\/www.manaus.am.gov.br\/manauscult\/#\/schema\/person\/466a0e03ae4b6062809046bd560ac955\",\"name\":\"bvalente\",\"image\":{\"@type\":\"ImageObject\",\"inLanguage\":\"pt-BR\",\"@id\":\"https:\/\/www.manaus.am.gov.br\/manauscult\/#\/schema\/person\/image\/\",\"url\":\"https:\/\/secure.gravatar.com\/avatar\/3e69bc2b014bdad41adfec3a39de07d2?s=96&d=mm&r=g\",\"contentUrl\":\"https:\/\/secure.gravatar.com\/avatar\/3e69bc2b014bdad41adfec3a39de07d2?s=96&d=mm&r=g\",\"caption\":\"bvalente\"}}]}<\/script>\n<!-- \/ Yoast SEO plugin. -->","yoast_head_json":{"title":"Com apoio da Prefeitura de Manaus, esquenta do \u2018Bloco da Cobra Grande\u2019 acontece nesta quarta-feira, 19\/2","description":"Dando in\u00edcio \u00e0s festividades de carnaval, nesta quarta-feira, 19\/2, a partir das 18h,\u00a0 o largo S\u00e3o Sebasti\u00e3o, localizado na rua 10 de Julho, Centro, \u00e9 o pano de fundo do \u201c1\u00ba Bloco do Tacac\u00e1 na Bossa\u201d.","robots":{"index":"noindex","follow":"follow"},"og_locale":"pt_BR","og_type":"article","og_title":"Com apoio da Prefeitura de Manaus, esquenta do \u2018Bloco da Cobra Grande\u2019 acontece nesta quarta-feira, 19\/2","og_description":"Dando in\u00edcio \u00e0s festividades de carnaval, nesta quarta-feira, 19\/2, a partir das 18h,\u00a0 o largo S\u00e3o Sebasti\u00e3o, localizado na rua 10 de Julho, Centro, \u00e9 o pano de fundo do \u201c1\u00ba Bloco do Tacac\u00e1 na Bossa\u201d.","og_url":"https:\/\/www.manaus.am.gov.br\/manauscult\/festividades-fomento-carnaval\/","og_site_name":"MANAUSCULT","article_published_time":"2025-02-18T21:58:07+00:00","article_modified_time":"2025-02-18T21:58:08+00:00","og_image":[{"width":1000,"height":667,"url":"https:\/\/www.manaus.am.gov.br\/manauscult\/wp-content\/uploads\/sites\/11\/2025\/02\/Com-apoio-da-Prefeitura-de-Manaus-esquenta-do-\u2018Bloco-da-Cobra-Grande-acontece-nesta-quarta-feira.jpg","type":"image\/jpeg"}],"author":"bvalente","twitter_card":"summary_large_image","twitter_misc":{"Written by":"bvalente","Est. reading time":"3 minutos"},"schema":{"@context":"https:\/\/schema.org","@graph":[{"@type":"WebPage","@id":"https:\/\/www.manaus.am.gov.br\/manauscult\/festividades-fomento-carnaval\/","url":"https:\/\/www.manaus.am.gov.br\/manauscult\/festividades-fomento-carnaval\/","name":"Com apoio da Prefeitura de Manaus, esquenta do \u2018Bloco da Cobra Grande\u2019 acontece nesta quarta-feira, 19\/2","isPartOf":{"@id":"https:\/\/www.manaus.am.gov.br\/manauscult\/#website"},"primaryImageOfPage":{"@id":"https:\/\/www.manaus.am.gov.br\/manauscult\/festividades-fomento-carnaval\/#primaryimage"},"image":{"@id":"https:\/\/www.manaus.am.gov.br\/manauscult\/festividades-fomento-carnaval\/#primaryimage"},"thumbnailUrl":"https:\/\/www.manaus.am.gov.br\/manauscult\/wp-content\/uploads\/sites\/11\/2025\/02\/Com-apoio-da-Prefeitura-de-Manaus-esquenta-do-\u2018Bloco-da-Cobra-Grande-acontece-nesta-quarta-feira.jpg","datePublished":"2025-02-18T21:58:07+00:00","dateModified":"2025-02-18T21:58:08+00:00","author":{"@id":"https:\/\/www.manaus.am.gov.br\/manauscult\/#\/schema\/person\/466a0e03ae4b6062809046bd560ac955"},"description":"Dando in\u00edcio \u00e0s festividades de carnaval, nesta quarta-feira, 19\/2, a partir das 18h,\u00a0 o largo S\u00e3o Sebasti\u00e3o, localizado na rua 10 de Julho, Centro, \u00e9 o pano de fundo do \u201c1\u00ba Bloco do Tacac\u00e1 na Bossa\u201d.","breadcrumb":{"@id":"https:\/\/www.manaus.am.gov.br\/manauscult\/festividades-fomento-carnaval\/#breadcrumb"},"inLanguage":"pt-BR","potentialAction":[{"@type":"ReadAction","target":["https:\/\/www.manaus.am.gov.br\/manauscult\/festividades-fomento-carnaval\/"]}]},{"@type":"ImageObject","inLanguage":"pt-BR","@id":"https:\/\/www.manaus.am.gov.br\/manauscult\/festividades-fomento-carnaval\/#primaryimage","url":"https:\/\/www.manaus.am.gov.br\/manauscult\/wp-content\/uploads\/sites\/11\/2025\/02\/Com-apoio-da-Prefeitura-de-Manaus-esquenta-do-\u2018Bloco-da-Cobra-Grande-acontece-nesta-quarta-feira.jpg","contentUrl":"https:\/\/www.manaus.am.gov.br\/manauscult\/wp-content\/uploads\/sites\/11\/2025\/02\/Com-apoio-da-Prefeitura-de-Manaus-esquenta-do-\u2018Bloco-da-Cobra-Grande-acontece-nesta-quarta-feira.jpg","width":1000,"height":667},{"@type":"BreadcrumbList","@id":"https:\/\/www.manaus.am.gov.br\/manauscult\/festividades-fomento-carnaval\/#breadcrumb","itemListElement":[{"@type":"ListItem","position":1,"name":"Home","item":"https:\/\/www.manaus.am.gov.br\/manauscult\/"},{"@type":"ListItem","position":2,"name":"Com apoio da Prefeitura de Manaus, esquenta do \u2018Bloco da Cobra Grande\u2019 acontece nesta quarta-feira, 19\/2"}]},{"@type":"WebSite","@id":"https:\/\/www.manaus.am.gov.br\/manauscult\/#website","url":"https:\/\/www.manaus.am.gov.br\/manauscult\/","name":"MANAUSCULT","description":"Prefeitura de Manaus","potentialAction":[{"@type":"SearchAction","target":{"@type":"EntryPoint","urlTemplate":"https:\/\/www.manaus.am.gov.br\/manauscult\/?s={search_term_string}"},"query-input":"required name=search_term_string"}],"inLanguage":"pt-BR"},{"@type":"Person","@id":"https:\/\/www.manaus.am.gov.br\/manauscult\/#\/schema\/person\/466a0e03ae4b6062809046bd560ac955","name":"bvalente","image":{"@type":"ImageObject","inLanguage":"pt-BR","@id":"https:\/\/www.manaus.am.gov.br\/manauscult\/#\/schema\/person\/image\/","url":"https:\/\/secure.gravatar.com\/avatar\/3e69bc2b014bdad41adfec3a39de07d2?s=96&d=mm&r=g","contentUrl":"https:\/\/secure.gravatar.com\/avatar\/3e69bc2b014bdad41adfec3a39de07d2?s=96&d=mm&r=g","caption":"bvalente"}}]}},"_links":{"self":[{"href":"https:\/\/www.manaus.am.gov.br\/manauscult\/wp-json\/wp\/v2\/posts\/3133"}],"collection":[{"href":"https:\/\/www.manaus.am.gov.br\/manauscult\/wp-json\/wp\/v2\/posts"}],"about":[{"href":"https:\/\/www.manaus.am.gov.br\/manauscult\/wp-json\/wp\/v2\/types\/post"}],"author":[{"embeddable":true,"href":"https:\/\/www.manaus.am.gov.br\/manauscult\/wp-json\/wp\/v2\/users\/68"}],"replies":[{"embeddable":true,"href":"https:\/\/www.manaus.am.gov.br\/manauscult\/wp-json\/wp\/v2\/comments?post=3133"}],"version-history":[{"count":0,"href":"https:\/\/www.manaus.am.gov.br\/manauscult\/wp-json\/wp\/v2\/posts\/3133\/revisions"}],"wp:featuredmedia":[{"embeddable":true,"href":"https:\/\/www.manaus.am.gov.br\/manauscult\/wp-json\/wp\/v2\/media\/3134"}],"wp:attachment":[{"href":"https:\/\/www.manaus.am.gov.br\/manauscult\/wp-json\/wp\/v2\/media?parent=3133"}],"wp:term":[{"taxonomy":"category","embeddable":true,"href":"https:\/\/www.manaus.am.gov.br\/manauscult\/wp-json\/wp\/v2\/categories?post=3133"},{"taxonomy":"post_tag","embeddable":true,"href":"https:\/\/www.manaus.am.gov.br\/manauscult\/wp-json\/wp\/v2\/tags?post=3133"}],"curies":[{"name":"wp","href":"https:\/\/api.w.org\/{rel}","templated":true}]}}