{"id":3129,"date":"2025-02-17T16:21:31","date_gmt":"2025-02-17T20:21:31","guid":{"rendered":"https:\/\/www.manaus.am.gov.br\/manauscult\/teatro-de-rua-para-escolas-de-manaus\/"},"modified":"2025-02-17T16:21:32","modified_gmt":"2025-02-17T20:21:32","slug":"teatro-de-rua-para-escolas-de-manaus","status":"publish","type":"post","link":"https:\/\/www.manaus.am.gov.br\/manauscult\/teatro-de-rua-para-escolas-de-manaus\/","title":{"rendered":"Projeto leva oficinas de teatro de rua para escolas de Manaus"},"content":{"rendered":"\n<p>Levando o teatro de rua para o cora\u00e7\u00e3o das comunidades perif\u00e9ricas de Manaus, o projeto \u2018Miudezas: Circula\u00e7\u00e3o e Oficina Teatral\u2019 \u00e9 uma iniciativa da \u201cMenina Mi\u00fada Produ\u00e7\u00f5es Art\u00edsticas\u201d, contemplado pelo edital Pol\u00edtica Nacional Aldir Blanc (Pnab), da Prefeitura de Manaus, por meio do Conselho Municipal de Cultura (Concultura). A proposta prev\u00ea cinco apresenta\u00e7\u00f5es gratuitas do espet\u00e1culo \u2018Menina Mi\u00fada&#8217; em escolas p\u00fablicas de ensino fundamental e m\u00e9dio, seguidas de oficinas de teatro de rua, proporcionando \u00e0s crian\u00e7as o contato com a arte e a oportunidade de explorar sua pr\u00f3pria criatividade e express\u00e3o art\u00edstica.&nbsp;<\/p>\n\n\n\n<p>A oficina de teatro de rua, ofertada pelo idealizador do projeto, Cairo Vasconcelos, tem dura\u00e7\u00e3o de 45 minutos. O principal objetivo do workshop \u00e9 introduzir os estudantes ao universo do teatro de rua, estimulando a criatividade, a express\u00e3o corporal e o trabalho em grupo por meio de jogos teatrais e brincadeiras que valorizam a ludicidade e a comunica\u00e7\u00e3o.&nbsp;<\/p>\n\n\n\n<p>O diretor-presidente do Concultura, Tony Medeiros, refor\u00e7a a import\u00e2ncia de projetos que integrem os jovens \u00e0 arte.<\/p>\n\n\n\n<p>&#8220;Levar oficinas de teatro para as escolas \u00e9 uma oportunidade de aproximar os mais jovens da arte. O projeto \u2018Miudezas\u2019 \u00e9 uma maneira de fortalecer a conex\u00e3o entre os estudantes das escolas p\u00fablicas de Manaus e a cultura, por meio do teatro de rua. Esperamos que, por meio da Pnab e de outros editais de cultura, experi\u00eancias como essa sejam ampliadas e inspirem futuros artistas\u201d, comentou o presidente.<\/p>\n\n\n\n<p>Idealizador do projeto, o artista Cairo Vasconcelos comenta sobre suas expectativas para a realiza\u00e7\u00e3o do \u2018Miudezas: Circula\u00e7\u00e3o e Oficina Teatral\u2019.<\/p>\n\n\n\n<p>\u201cAs expectativas s\u00e3o as melhores. Estamos muito ansiosos para encontrar os alunos e apresentar esse espet\u00e1culo que realizamos h\u00e1 cinco anos. O espet\u00e1culo \u2018Menina Mi\u00fada&#8217; marcou o in\u00edcio do repert\u00f3rio da nossa produtora, e estou extremamente feliz por ter sido contemplado pela Pnab com esse projeto, especialmente por levar cultura e arte para escolas que, muitas vezes, n\u00e3o recebem esse tipo de incentivo. \u00c9 um desafio, mas espero que, com esse projeto, possamos ajudar a difundir a arte do teatro de rua, estamos ansiosos para iniciar essa circula\u00e7\u00e3o\u201d, disse Cairo.<\/p>\n\n\n\n<p>A metodologia da oficina \u00e9 baseada em din\u00e2micas l\u00fadicas e colaborativas que incentivam a participa\u00e7\u00e3o ativa dos estudantes, respeitando o ritmo e o tempo de cada uma. O teatro de rua \u00e9 apresentado como uma pr\u00e1tica art\u00edstica acess\u00edvel e divertida, que estimula a criatividade, a intera\u00e7\u00e3o com o espa\u00e7o e o fortalecimento dos la\u00e7os entre o grupo. O projeto \u201cMiudezas: Circula\u00e7\u00e3o e Oficina Teatral\u201d foi um dos selecionados pelo Edital Macro de Chamamento P\u00fablico n\u00b0 002\/2024 &#8211; Teatro e Circo, com recursos da Pol\u00edtica Nacional Aldir Blanc (Pnab) de fomento \u00e0 cultura, da Prefeitura de Manaus, realizado pelo Concultura, com o apoio do Minist\u00e9rio da Cultura e do Governo Federal.<\/p>\n\n\n\n<p><strong>Apresenta\u00e7\u00f5es<\/strong><\/p>\n\n\n\n<p><strong>Sexta-feira, 21\/2, \u00e0s 14h<\/strong><\/p>\n\n\n\n<p>Local: Escola Municipal Professora Tereza Cordovil, localizada na rua Rio Xingu, 237 &#8211; Tarum\u00e3 A\u00e7u, zona Oeste.&nbsp;<\/p>\n\n\n\n<p><strong>Segunda-feira, 24\/2, \u00e0s 14h<\/strong><\/p>\n\n\n\n<p>Local: Escola Estadual \u00c2ngelo Ramazzotti, localizada na Pra\u00e7a Nossa Senhora de Nazar\u00e9, s\/n, Adrian\u00f3polis, zona Centro-sul.<\/p>\n\n\n\n<p><strong>Ter\u00e7a-feira, 25\/2, \u00e0s 14h<\/strong><\/p>\n\n\n\n<p>Local: CETI \u2013 Marqu\u00eas de Santa Cruz Endere\u00e7o: Rua Virg\u00edlio Ramos, s\/n \u2013 S\u00e3o Raimundo, zona Oeste.<\/p>\n\n\n\n<p><strong>Quarta-feira, 26\/2, \u00e0s 14h<\/strong><\/p>\n\n\n\n<p>Local: IV CMPM \u2013 Escola Estadual \u00c1urea Pinheiro Braga Endere\u00e7o: R. dos A\u00e7aizeiros \u2013 Gilberto Mestrinho, zona Leste.<\/p>\n\n\n\n<p><strong>Quinta-feira, 27\/2, \u00e0s 14h&nbsp;<\/strong><\/p>\n\n\n\n<p>Local: Escola Municipal Ant\u00f4nia Medeiros da Silva Endere\u00e7o: Av. Peixe Cavalo \u2013 Tarum\u00e3 A\u00e7u, zona Oeste.<\/p>\n\n\n\n<p>\u2014 \u2014 \u2014<br><strong>Texto &#8211;<\/strong> Clara Gon\u00e7alves \/ Concultura<br><strong>Fotos &#8211; <\/strong>Divulga\u00e7\u00e3o \/ Concultura<\/p>\n","protected":false},"excerpt":{"rendered":"","protected":false},"author":68,"featured_media":3130,"comment_status":"closed","ping_status":"closed","sticky":false,"template":"","format":"standard","meta":{"footnotes":""},"categories":[263],"tags":[45,11,1224],"acf":[],"yoast_head":"<!-- This site is optimized with the Yoast SEO plugin v23.0 - https:\/\/yoast.com\/wordpress\/plugins\/seo\/ -->\n<title>Projeto leva oficinas de teatro de rua para escolas de Manaus<\/title>\n<meta name=\"description\" content=\"Levando o teatro de rua para o cora\u00e7\u00e3o das comunidades perif\u00e9ricas de Manaus, o projeto \u2018Miudezas: Circula\u00e7\u00e3o e Oficina Teatral\u2019 \u00e9 uma iniciativa da \u201cMenina Mi\u00fada Produ\u00e7\u00f5es Art\u00edsticas\u201d, contemplado pelo edital Pol\u00edtica Nacional Aldir Blanc (Pnab), da Prefeitura de Manaus, por meio do Conselho Municipal de Cultura (Concultura).\" \/>\n<meta name=\"robots\" content=\"noindex, follow\" \/>\n<meta property=\"og:locale\" content=\"pt_BR\" \/>\n<meta property=\"og:type\" content=\"article\" \/>\n<meta property=\"og:title\" content=\"Projeto leva oficinas de teatro de rua para escolas de Manaus\" \/>\n<meta property=\"og:description\" content=\"Levando o teatro de rua para o cora\u00e7\u00e3o das comunidades perif\u00e9ricas de Manaus, o projeto \u2018Miudezas: Circula\u00e7\u00e3o e Oficina Teatral\u2019 \u00e9 uma iniciativa da \u201cMenina Mi\u00fada Produ\u00e7\u00f5es Art\u00edsticas\u201d, contemplado pelo edital Pol\u00edtica Nacional Aldir Blanc (Pnab), da Prefeitura de Manaus, por meio do Conselho Municipal de Cultura (Concultura).\" \/>\n<meta property=\"og:url\" content=\"https:\/\/www.manaus.am.gov.br\/manauscult\/teatro-de-rua-para-escolas-de-manaus\/\" \/>\n<meta property=\"og:site_name\" content=\"MANAUSCULT\" \/>\n<meta property=\"article:published_time\" content=\"2025-02-17T20:21:31+00:00\" \/>\n<meta property=\"article:modified_time\" content=\"2025-02-17T20:21:32+00:00\" \/>\n<meta property=\"og:image\" content=\"https:\/\/www.manaus.am.gov.br\/manauscult\/wp-content\/uploads\/sites\/11\/2025\/02\/Miudezas2.jpg\" \/>\n\t<meta property=\"og:image:width\" content=\"800\" \/>\n\t<meta property=\"og:image:height\" content=\"534\" \/>\n\t<meta property=\"og:image:type\" content=\"image\/jpeg\" \/>\n<meta name=\"author\" content=\"bvalente\" \/>\n<meta name=\"twitter:card\" content=\"summary_large_image\" \/>\n<meta name=\"twitter:label1\" content=\"Written by\" \/>\n\t<meta name=\"twitter:data1\" content=\"bvalente\" \/>\n\t<meta name=\"twitter:label2\" content=\"Est. reading time\" \/>\n\t<meta name=\"twitter:data2\" content=\"4 minutos\" \/>\n<script type=\"application\/ld+json\" class=\"yoast-schema-graph\">{\"@context\":\"https:\/\/schema.org\",\"@graph\":[{\"@type\":\"WebPage\",\"@id\":\"https:\/\/www.manaus.am.gov.br\/manauscult\/teatro-de-rua-para-escolas-de-manaus\/\",\"url\":\"https:\/\/www.manaus.am.gov.br\/manauscult\/teatro-de-rua-para-escolas-de-manaus\/\",\"name\":\"Projeto leva oficinas de teatro de rua para escolas de Manaus\",\"isPartOf\":{\"@id\":\"https:\/\/www.manaus.am.gov.br\/manauscult\/#website\"},\"primaryImageOfPage\":{\"@id\":\"https:\/\/www.manaus.am.gov.br\/manauscult\/teatro-de-rua-para-escolas-de-manaus\/#primaryimage\"},\"image\":{\"@id\":\"https:\/\/www.manaus.am.gov.br\/manauscult\/teatro-de-rua-para-escolas-de-manaus\/#primaryimage\"},\"thumbnailUrl\":\"https:\/\/www.manaus.am.gov.br\/manauscult\/wp-content\/uploads\/sites\/11\/2025\/02\/Miudezas2.jpg\",\"datePublished\":\"2025-02-17T20:21:31+00:00\",\"dateModified\":\"2025-02-17T20:21:32+00:00\",\"author\":{\"@id\":\"https:\/\/www.manaus.am.gov.br\/manauscult\/#\/schema\/person\/466a0e03ae4b6062809046bd560ac955\"},\"description\":\"Levando o teatro de rua para o cora\u00e7\u00e3o das comunidades perif\u00e9ricas de Manaus, o projeto \u2018Miudezas: Circula\u00e7\u00e3o e Oficina Teatral\u2019 \u00e9 uma iniciativa da \u201cMenina Mi\u00fada Produ\u00e7\u00f5es Art\u00edsticas\u201d, contemplado pelo edital Pol\u00edtica Nacional Aldir Blanc (Pnab), da Prefeitura de Manaus, por meio do Conselho Municipal de Cultura (Concultura).\",\"breadcrumb\":{\"@id\":\"https:\/\/www.manaus.am.gov.br\/manauscult\/teatro-de-rua-para-escolas-de-manaus\/#breadcrumb\"},\"inLanguage\":\"pt-BR\",\"potentialAction\":[{\"@type\":\"ReadAction\",\"target\":[\"https:\/\/www.manaus.am.gov.br\/manauscult\/teatro-de-rua-para-escolas-de-manaus\/\"]}]},{\"@type\":\"ImageObject\",\"inLanguage\":\"pt-BR\",\"@id\":\"https:\/\/www.manaus.am.gov.br\/manauscult\/teatro-de-rua-para-escolas-de-manaus\/#primaryimage\",\"url\":\"https:\/\/www.manaus.am.gov.br\/manauscult\/wp-content\/uploads\/sites\/11\/2025\/02\/Miudezas2.jpg\",\"contentUrl\":\"https:\/\/www.manaus.am.gov.br\/manauscult\/wp-content\/uploads\/sites\/11\/2025\/02\/Miudezas2.jpg\",\"width\":800,\"height\":534},{\"@type\":\"BreadcrumbList\",\"@id\":\"https:\/\/www.manaus.am.gov.br\/manauscult\/teatro-de-rua-para-escolas-de-manaus\/#breadcrumb\",\"itemListElement\":[{\"@type\":\"ListItem\",\"position\":1,\"name\":\"Home\",\"item\":\"https:\/\/www.manaus.am.gov.br\/manauscult\/\"},{\"@type\":\"ListItem\",\"position\":2,\"name\":\"Projeto leva oficinas de teatro de rua para escolas de Manaus\"}]},{\"@type\":\"WebSite\",\"@id\":\"https:\/\/www.manaus.am.gov.br\/manauscult\/#website\",\"url\":\"https:\/\/www.manaus.am.gov.br\/manauscult\/\",\"name\":\"MANAUSCULT\",\"description\":\"Prefeitura de Manaus\",\"potentialAction\":[{\"@type\":\"SearchAction\",\"target\":{\"@type\":\"EntryPoint\",\"urlTemplate\":\"https:\/\/www.manaus.am.gov.br\/manauscult\/?s={search_term_string}\"},\"query-input\":\"required name=search_term_string\"}],\"inLanguage\":\"pt-BR\"},{\"@type\":\"Person\",\"@id\":\"https:\/\/www.manaus.am.gov.br\/manauscult\/#\/schema\/person\/466a0e03ae4b6062809046bd560ac955\",\"name\":\"bvalente\",\"image\":{\"@type\":\"ImageObject\",\"inLanguage\":\"pt-BR\",\"@id\":\"https:\/\/www.manaus.am.gov.br\/manauscult\/#\/schema\/person\/image\/\",\"url\":\"https:\/\/secure.gravatar.com\/avatar\/3e69bc2b014bdad41adfec3a39de07d2?s=96&d=mm&r=g\",\"contentUrl\":\"https:\/\/secure.gravatar.com\/avatar\/3e69bc2b014bdad41adfec3a39de07d2?s=96&d=mm&r=g\",\"caption\":\"bvalente\"}}]}<\/script>\n<!-- \/ Yoast SEO plugin. -->","yoast_head_json":{"title":"Projeto leva oficinas de teatro de rua para escolas de Manaus","description":"Levando o teatro de rua para o cora\u00e7\u00e3o das comunidades perif\u00e9ricas de Manaus, o projeto \u2018Miudezas: Circula\u00e7\u00e3o e Oficina Teatral\u2019 \u00e9 uma iniciativa da \u201cMenina Mi\u00fada Produ\u00e7\u00f5es Art\u00edsticas\u201d, contemplado pelo edital Pol\u00edtica Nacional Aldir Blanc (Pnab), da Prefeitura de Manaus, por meio do Conselho Municipal de Cultura (Concultura).","robots":{"index":"noindex","follow":"follow"},"og_locale":"pt_BR","og_type":"article","og_title":"Projeto leva oficinas de teatro de rua para escolas de Manaus","og_description":"Levando o teatro de rua para o cora\u00e7\u00e3o das comunidades perif\u00e9ricas de Manaus, o projeto \u2018Miudezas: Circula\u00e7\u00e3o e Oficina Teatral\u2019 \u00e9 uma iniciativa da \u201cMenina Mi\u00fada Produ\u00e7\u00f5es Art\u00edsticas\u201d, contemplado pelo edital Pol\u00edtica Nacional Aldir Blanc (Pnab), da Prefeitura de Manaus, por meio do Conselho Municipal de Cultura (Concultura).","og_url":"https:\/\/www.manaus.am.gov.br\/manauscult\/teatro-de-rua-para-escolas-de-manaus\/","og_site_name":"MANAUSCULT","article_published_time":"2025-02-17T20:21:31+00:00","article_modified_time":"2025-02-17T20:21:32+00:00","og_image":[{"width":800,"height":534,"url":"https:\/\/www.manaus.am.gov.br\/manauscult\/wp-content\/uploads\/sites\/11\/2025\/02\/Miudezas2.jpg","type":"image\/jpeg"}],"author":"bvalente","twitter_card":"summary_large_image","twitter_misc":{"Written by":"bvalente","Est. reading time":"4 minutos"},"schema":{"@context":"https:\/\/schema.org","@graph":[{"@type":"WebPage","@id":"https:\/\/www.manaus.am.gov.br\/manauscult\/teatro-de-rua-para-escolas-de-manaus\/","url":"https:\/\/www.manaus.am.gov.br\/manauscult\/teatro-de-rua-para-escolas-de-manaus\/","name":"Projeto leva oficinas de teatro de rua para escolas de Manaus","isPartOf":{"@id":"https:\/\/www.manaus.am.gov.br\/manauscult\/#website"},"primaryImageOfPage":{"@id":"https:\/\/www.manaus.am.gov.br\/manauscult\/teatro-de-rua-para-escolas-de-manaus\/#primaryimage"},"image":{"@id":"https:\/\/www.manaus.am.gov.br\/manauscult\/teatro-de-rua-para-escolas-de-manaus\/#primaryimage"},"thumbnailUrl":"https:\/\/www.manaus.am.gov.br\/manauscult\/wp-content\/uploads\/sites\/11\/2025\/02\/Miudezas2.jpg","datePublished":"2025-02-17T20:21:31+00:00","dateModified":"2025-02-17T20:21:32+00:00","author":{"@id":"https:\/\/www.manaus.am.gov.br\/manauscult\/#\/schema\/person\/466a0e03ae4b6062809046bd560ac955"},"description":"Levando o teatro de rua para o cora\u00e7\u00e3o das comunidades perif\u00e9ricas de Manaus, o projeto \u2018Miudezas: Circula\u00e7\u00e3o e Oficina Teatral\u2019 \u00e9 uma iniciativa da \u201cMenina Mi\u00fada Produ\u00e7\u00f5es Art\u00edsticas\u201d, contemplado pelo edital Pol\u00edtica Nacional Aldir Blanc (Pnab), da Prefeitura de Manaus, por meio do Conselho Municipal de Cultura (Concultura).","breadcrumb":{"@id":"https:\/\/www.manaus.am.gov.br\/manauscult\/teatro-de-rua-para-escolas-de-manaus\/#breadcrumb"},"inLanguage":"pt-BR","potentialAction":[{"@type":"ReadAction","target":["https:\/\/www.manaus.am.gov.br\/manauscult\/teatro-de-rua-para-escolas-de-manaus\/"]}]},{"@type":"ImageObject","inLanguage":"pt-BR","@id":"https:\/\/www.manaus.am.gov.br\/manauscult\/teatro-de-rua-para-escolas-de-manaus\/#primaryimage","url":"https:\/\/www.manaus.am.gov.br\/manauscult\/wp-content\/uploads\/sites\/11\/2025\/02\/Miudezas2.jpg","contentUrl":"https:\/\/www.manaus.am.gov.br\/manauscult\/wp-content\/uploads\/sites\/11\/2025\/02\/Miudezas2.jpg","width":800,"height":534},{"@type":"BreadcrumbList","@id":"https:\/\/www.manaus.am.gov.br\/manauscult\/teatro-de-rua-para-escolas-de-manaus\/#breadcrumb","itemListElement":[{"@type":"ListItem","position":1,"name":"Home","item":"https:\/\/www.manaus.am.gov.br\/manauscult\/"},{"@type":"ListItem","position":2,"name":"Projeto leva oficinas de teatro de rua para escolas de Manaus"}]},{"@type":"WebSite","@id":"https:\/\/www.manaus.am.gov.br\/manauscult\/#website","url":"https:\/\/www.manaus.am.gov.br\/manauscult\/","name":"MANAUSCULT","description":"Prefeitura de Manaus","potentialAction":[{"@type":"SearchAction","target":{"@type":"EntryPoint","urlTemplate":"https:\/\/www.manaus.am.gov.br\/manauscult\/?s={search_term_string}"},"query-input":"required name=search_term_string"}],"inLanguage":"pt-BR"},{"@type":"Person","@id":"https:\/\/www.manaus.am.gov.br\/manauscult\/#\/schema\/person\/466a0e03ae4b6062809046bd560ac955","name":"bvalente","image":{"@type":"ImageObject","inLanguage":"pt-BR","@id":"https:\/\/www.manaus.am.gov.br\/manauscult\/#\/schema\/person\/image\/","url":"https:\/\/secure.gravatar.com\/avatar\/3e69bc2b014bdad41adfec3a39de07d2?s=96&d=mm&r=g","contentUrl":"https:\/\/secure.gravatar.com\/avatar\/3e69bc2b014bdad41adfec3a39de07d2?s=96&d=mm&r=g","caption":"bvalente"}}]}},"_links":{"self":[{"href":"https:\/\/www.manaus.am.gov.br\/manauscult\/wp-json\/wp\/v2\/posts\/3129"}],"collection":[{"href":"https:\/\/www.manaus.am.gov.br\/manauscult\/wp-json\/wp\/v2\/posts"}],"about":[{"href":"https:\/\/www.manaus.am.gov.br\/manauscult\/wp-json\/wp\/v2\/types\/post"}],"author":[{"embeddable":true,"href":"https:\/\/www.manaus.am.gov.br\/manauscult\/wp-json\/wp\/v2\/users\/68"}],"replies":[{"embeddable":true,"href":"https:\/\/www.manaus.am.gov.br\/manauscult\/wp-json\/wp\/v2\/comments?post=3129"}],"version-history":[{"count":0,"href":"https:\/\/www.manaus.am.gov.br\/manauscult\/wp-json\/wp\/v2\/posts\/3129\/revisions"}],"wp:featuredmedia":[{"embeddable":true,"href":"https:\/\/www.manaus.am.gov.br\/manauscult\/wp-json\/wp\/v2\/media\/3130"}],"wp:attachment":[{"href":"https:\/\/www.manaus.am.gov.br\/manauscult\/wp-json\/wp\/v2\/media?parent=3129"}],"wp:term":[{"taxonomy":"category","embeddable":true,"href":"https:\/\/www.manaus.am.gov.br\/manauscult\/wp-json\/wp\/v2\/categories?post=3129"},{"taxonomy":"post_tag","embeddable":true,"href":"https:\/\/www.manaus.am.gov.br\/manauscult\/wp-json\/wp\/v2\/tags?post=3129"}],"curies":[{"name":"wp","href":"https:\/\/api.w.org\/{rel}","templated":true}]}}