{"id":3125,"date":"2025-02-13T17:15:57","date_gmt":"2025-02-13T21:15:57","guid":{"rendered":"https:\/\/www.manaus.am.gov.br\/manauscult\/fomento-cultura-manaus\/"},"modified":"2025-02-13T17:15:59","modified_gmt":"2025-02-13T21:15:59","slug":"fomento-cultura-manaus","status":"publish","type":"post","link":"https:\/\/www.manaus.am.gov.br\/manauscult\/fomento-cultura-manaus\/","title":{"rendered":"Prefeitura destina mais de R$ 4 milh\u00f5es ao setor cultural de Manaus com o Edital Macro da Pnab"},"content":{"rendered":"\n<p>A Prefeitura de Manaus, por meio do Conselho Municipal de Cultura (Concultura), em parceria com o Governo Federal e o Minist\u00e9rio da Cultura (MinC), segue fortalecendo e valorizando a cultura manauara com uma gest\u00e3o eficaz da Pol\u00edtica Nacional Aldir Blanc de Fomento \u00e0 Cultura (Pnab). Somente por meio do Edital Macro da Pnab-Manaus, mais de R$ 4,7 milh\u00f5es foram investidos em diversas manifesta\u00e7\u00f5es culturais da cidade.<br><br>O presidente do Concultura, Tony Medeiros, destaca que o Edital Macro da Pnab-Manaus proporcionou uma ampla participa\u00e7\u00e3o dos artistas, premiando tamb\u00e9m fazedores de cultura de \u00e1reas perif\u00e9ricas, ind\u00edgenas e ribeirinhas.<br><br>\u201cEstamos entrando na fase final dos pagamentos dos proponentes. Mais de 90% dos vencedores j\u00e1 receberam os recursos do edital e, atualmente, est\u00e3o na fase de execu\u00e7\u00e3o dos projetos culturais. Nossa previs\u00e3o \u00e9 at\u00e9 o dia 17 de fevereiro concluir o processo de pagamento. Com isso, mais de R$ 4 milh\u00f5es estar\u00e3o circulando na economia criativa de Manaus. Seguindo as orienta\u00e7\u00f5es do prefeito David Almeida, a equipe do Concultura tem trabalhado de forma c\u00e9lere e eficaz para garantir que o repasse financeiro de todos os contemplados seja realizado de maneira \u00e1gil e transparente\u201d, explicou o presidente.<br><br>A Uni\u00e3o, por meio do Minist\u00e9rio da Cultura, destinou para Manaus R$ 13.867.168,58. Manifestando compromisso com o setor cultural, a prefeitura adicionou R$ 2 milh\u00f5es ao montante, totalizando R$ 15,8 milh\u00f5es. Esse esfor\u00e7o refor\u00e7a a valoriza\u00e7\u00e3o dos artistas e fazedores de cultura locais, oferecendo ainda mais oportunidades de apoio financeiro.<br><br>A partir do Edital Macro da Pnab-Manaus mais de 170 projetos culturais foram aprovados, divididos entre as categorias artes visuais, audiovisual, teatro e circo, dan\u00e7a, literatura, m\u00fasica, cultura popular, cultura \u00e9tnica e demais linguagens.<br><br>Al\u00e9m do Edital Macro, a Prefeitura de Manaus lan\u00e7ou mais 8 editais de fomento e premia\u00e7\u00e3o, todos dentro do \u00e2mbito da Pnab-Manaus, LGBTQIAPN+; Hip-Hop; Pr\u00eamios de Pontos de Cultura; Projetos Continuados de Pontos de Cultura; Subs\u00eddios e Manuten\u00e7\u00e3o de Ambientes Culturais; \u00c1reas Perif\u00e9ricas, Ribeirinhas e Povos Tradicionais; Festivais Culturais e de Mestras da Cultura.<\/p>\n\n\n\n<p>&#8212; &#8212; &#8212;<\/p>\n\n\n\n<p><strong>Texto \u2013 <\/strong>Keize Pedrosa\/Concultura<br><strong>Fotos \u2013 <\/strong>Divulga\u00e7\u00e3o \/Concultura<\/p>\n","protected":false},"excerpt":{"rendered":"","protected":false},"author":68,"featured_media":3126,"comment_status":"closed","ping_status":"closed","sticky":false,"template":"","format":"standard","meta":{"footnotes":""},"categories":[1219],"tags":[1220,45,1221,11,1222],"acf":[],"yoast_head":"<!-- This site is optimized with the Yoast SEO plugin v23.0 - https:\/\/yoast.com\/wordpress\/plugins\/seo\/ -->\n<title>Prefeitura destina mais de R$ 4 milh\u00f5es ao setor cultural de Manaus com o Edital Macro da Pnab<\/title>\n<meta name=\"description\" content=\"A Prefeitura de Manaus, por meio do Conselho Municipal de Cultura (Concultura), em parceria com o Governo Federal e o Minist\u00e9rio da Cultura (MinC), segue fortalecendo e valorizando a cultura manauara com uma gest\u00e3o eficaz da Pol\u00edtica Nacional Aldir Blanc de Fomento \u00e0 Cultura (Pnab).\" \/>\n<meta name=\"robots\" content=\"noindex, follow\" \/>\n<meta property=\"og:locale\" content=\"pt_BR\" \/>\n<meta property=\"og:type\" content=\"article\" \/>\n<meta property=\"og:title\" content=\"Prefeitura destina mais de R$ 4 milh\u00f5es ao setor cultural de Manaus com o Edital Macro da Pnab\" \/>\n<meta property=\"og:description\" content=\"A Prefeitura de Manaus, por meio do Conselho Municipal de Cultura (Concultura), em parceria com o Governo Federal e o Minist\u00e9rio da Cultura (MinC), segue fortalecendo e valorizando a cultura manauara com uma gest\u00e3o eficaz da Pol\u00edtica Nacional Aldir Blanc de Fomento \u00e0 Cultura (Pnab).\" \/>\n<meta property=\"og:url\" content=\"https:\/\/www.manaus.am.gov.br\/manauscult\/fomento-cultura-manaus\/\" \/>\n<meta property=\"og:site_name\" content=\"MANAUSCULT\" \/>\n<meta property=\"article:published_time\" content=\"2025-02-13T21:15:57+00:00\" \/>\n<meta property=\"article:modified_time\" content=\"2025-02-13T21:15:59+00:00\" \/>\n<meta property=\"og:image\" content=\"https:\/\/www.manaus.am.gov.br\/manauscult\/wp-content\/uploads\/sites\/11\/2025\/02\/aldeia-cultural-macro.jpg\" \/>\n\t<meta property=\"og:image:width\" content=\"800\" \/>\n\t<meta property=\"og:image:height\" content=\"450\" \/>\n\t<meta property=\"og:image:type\" content=\"image\/jpeg\" \/>\n<meta name=\"author\" content=\"bvalente\" \/>\n<meta name=\"twitter:card\" content=\"summary_large_image\" \/>\n<meta name=\"twitter:label1\" content=\"Written by\" \/>\n\t<meta name=\"twitter:data1\" content=\"bvalente\" \/>\n\t<meta name=\"twitter:label2\" content=\"Est. reading time\" \/>\n\t<meta name=\"twitter:data2\" content=\"3 minutos\" \/>\n<script type=\"application\/ld+json\" class=\"yoast-schema-graph\">{\"@context\":\"https:\/\/schema.org\",\"@graph\":[{\"@type\":\"WebPage\",\"@id\":\"https:\/\/www.manaus.am.gov.br\/manauscult\/fomento-cultura-manaus\/\",\"url\":\"https:\/\/www.manaus.am.gov.br\/manauscult\/fomento-cultura-manaus\/\",\"name\":\"Prefeitura destina mais de R$ 4 milh\u00f5es ao setor cultural de Manaus com o Edital Macro da Pnab\",\"isPartOf\":{\"@id\":\"https:\/\/www.manaus.am.gov.br\/manauscult\/#website\"},\"primaryImageOfPage\":{\"@id\":\"https:\/\/www.manaus.am.gov.br\/manauscult\/fomento-cultura-manaus\/#primaryimage\"},\"image\":{\"@id\":\"https:\/\/www.manaus.am.gov.br\/manauscult\/fomento-cultura-manaus\/#primaryimage\"},\"thumbnailUrl\":\"https:\/\/www.manaus.am.gov.br\/manauscult\/wp-content\/uploads\/sites\/11\/2025\/02\/aldeia-cultural-macro.jpg\",\"datePublished\":\"2025-02-13T21:15:57+00:00\",\"dateModified\":\"2025-02-13T21:15:59+00:00\",\"author\":{\"@id\":\"https:\/\/www.manaus.am.gov.br\/manauscult\/#\/schema\/person\/466a0e03ae4b6062809046bd560ac955\"},\"description\":\"A Prefeitura de Manaus, por meio do Conselho Municipal de Cultura (Concultura), em parceria com o Governo Federal e o Minist\u00e9rio da Cultura (MinC), segue fortalecendo e valorizando a cultura manauara com uma gest\u00e3o eficaz da Pol\u00edtica Nacional Aldir Blanc de Fomento \u00e0 Cultura (Pnab).\",\"breadcrumb\":{\"@id\":\"https:\/\/www.manaus.am.gov.br\/manauscult\/fomento-cultura-manaus\/#breadcrumb\"},\"inLanguage\":\"pt-BR\",\"potentialAction\":[{\"@type\":\"ReadAction\",\"target\":[\"https:\/\/www.manaus.am.gov.br\/manauscult\/fomento-cultura-manaus\/\"]}]},{\"@type\":\"ImageObject\",\"inLanguage\":\"pt-BR\",\"@id\":\"https:\/\/www.manaus.am.gov.br\/manauscult\/fomento-cultura-manaus\/#primaryimage\",\"url\":\"https:\/\/www.manaus.am.gov.br\/manauscult\/wp-content\/uploads\/sites\/11\/2025\/02\/aldeia-cultural-macro.jpg\",\"contentUrl\":\"https:\/\/www.manaus.am.gov.br\/manauscult\/wp-content\/uploads\/sites\/11\/2025\/02\/aldeia-cultural-macro.jpg\",\"width\":800,\"height\":450},{\"@type\":\"BreadcrumbList\",\"@id\":\"https:\/\/www.manaus.am.gov.br\/manauscult\/fomento-cultura-manaus\/#breadcrumb\",\"itemListElement\":[{\"@type\":\"ListItem\",\"position\":1,\"name\":\"Home\",\"item\":\"https:\/\/www.manaus.am.gov.br\/manauscult\/\"},{\"@type\":\"ListItem\",\"position\":2,\"name\":\"Prefeitura destina mais de R$ 4 milh\u00f5es ao setor cultural de Manaus com o Edital Macro da Pnab\"}]},{\"@type\":\"WebSite\",\"@id\":\"https:\/\/www.manaus.am.gov.br\/manauscult\/#website\",\"url\":\"https:\/\/www.manaus.am.gov.br\/manauscult\/\",\"name\":\"MANAUSCULT\",\"description\":\"Prefeitura de Manaus\",\"potentialAction\":[{\"@type\":\"SearchAction\",\"target\":{\"@type\":\"EntryPoint\",\"urlTemplate\":\"https:\/\/www.manaus.am.gov.br\/manauscult\/?s={search_term_string}\"},\"query-input\":\"required name=search_term_string\"}],\"inLanguage\":\"pt-BR\"},{\"@type\":\"Person\",\"@id\":\"https:\/\/www.manaus.am.gov.br\/manauscult\/#\/schema\/person\/466a0e03ae4b6062809046bd560ac955\",\"name\":\"bvalente\",\"image\":{\"@type\":\"ImageObject\",\"inLanguage\":\"pt-BR\",\"@id\":\"https:\/\/www.manaus.am.gov.br\/manauscult\/#\/schema\/person\/image\/\",\"url\":\"https:\/\/secure.gravatar.com\/avatar\/3e69bc2b014bdad41adfec3a39de07d2?s=96&d=mm&r=g\",\"contentUrl\":\"https:\/\/secure.gravatar.com\/avatar\/3e69bc2b014bdad41adfec3a39de07d2?s=96&d=mm&r=g\",\"caption\":\"bvalente\"}}]}<\/script>\n<!-- \/ Yoast SEO plugin. -->","yoast_head_json":{"title":"Prefeitura destina mais de R$ 4 milh\u00f5es ao setor cultural de Manaus com o Edital Macro da Pnab","description":"A Prefeitura de Manaus, por meio do Conselho Municipal de Cultura (Concultura), em parceria com o Governo Federal e o Minist\u00e9rio da Cultura (MinC), segue fortalecendo e valorizando a cultura manauara com uma gest\u00e3o eficaz da Pol\u00edtica Nacional Aldir Blanc de Fomento \u00e0 Cultura (Pnab).","robots":{"index":"noindex","follow":"follow"},"og_locale":"pt_BR","og_type":"article","og_title":"Prefeitura destina mais de R$ 4 milh\u00f5es ao setor cultural de Manaus com o Edital Macro da Pnab","og_description":"A Prefeitura de Manaus, por meio do Conselho Municipal de Cultura (Concultura), em parceria com o Governo Federal e o Minist\u00e9rio da Cultura (MinC), segue fortalecendo e valorizando a cultura manauara com uma gest\u00e3o eficaz da Pol\u00edtica Nacional Aldir Blanc de Fomento \u00e0 Cultura (Pnab).","og_url":"https:\/\/www.manaus.am.gov.br\/manauscult\/fomento-cultura-manaus\/","og_site_name":"MANAUSCULT","article_published_time":"2025-02-13T21:15:57+00:00","article_modified_time":"2025-02-13T21:15:59+00:00","og_image":[{"width":800,"height":450,"url":"https:\/\/www.manaus.am.gov.br\/manauscult\/wp-content\/uploads\/sites\/11\/2025\/02\/aldeia-cultural-macro.jpg","type":"image\/jpeg"}],"author":"bvalente","twitter_card":"summary_large_image","twitter_misc":{"Written by":"bvalente","Est. reading time":"3 minutos"},"schema":{"@context":"https:\/\/schema.org","@graph":[{"@type":"WebPage","@id":"https:\/\/www.manaus.am.gov.br\/manauscult\/fomento-cultura-manaus\/","url":"https:\/\/www.manaus.am.gov.br\/manauscult\/fomento-cultura-manaus\/","name":"Prefeitura destina mais de R$ 4 milh\u00f5es ao setor cultural de Manaus com o Edital Macro da Pnab","isPartOf":{"@id":"https:\/\/www.manaus.am.gov.br\/manauscult\/#website"},"primaryImageOfPage":{"@id":"https:\/\/www.manaus.am.gov.br\/manauscult\/fomento-cultura-manaus\/#primaryimage"},"image":{"@id":"https:\/\/www.manaus.am.gov.br\/manauscult\/fomento-cultura-manaus\/#primaryimage"},"thumbnailUrl":"https:\/\/www.manaus.am.gov.br\/manauscult\/wp-content\/uploads\/sites\/11\/2025\/02\/aldeia-cultural-macro.jpg","datePublished":"2025-02-13T21:15:57+00:00","dateModified":"2025-02-13T21:15:59+00:00","author":{"@id":"https:\/\/www.manaus.am.gov.br\/manauscult\/#\/schema\/person\/466a0e03ae4b6062809046bd560ac955"},"description":"A Prefeitura de Manaus, por meio do Conselho Municipal de Cultura (Concultura), em parceria com o Governo Federal e o Minist\u00e9rio da Cultura (MinC), segue fortalecendo e valorizando a cultura manauara com uma gest\u00e3o eficaz da Pol\u00edtica Nacional Aldir Blanc de Fomento \u00e0 Cultura (Pnab).","breadcrumb":{"@id":"https:\/\/www.manaus.am.gov.br\/manauscult\/fomento-cultura-manaus\/#breadcrumb"},"inLanguage":"pt-BR","potentialAction":[{"@type":"ReadAction","target":["https:\/\/www.manaus.am.gov.br\/manauscult\/fomento-cultura-manaus\/"]}]},{"@type":"ImageObject","inLanguage":"pt-BR","@id":"https:\/\/www.manaus.am.gov.br\/manauscult\/fomento-cultura-manaus\/#primaryimage","url":"https:\/\/www.manaus.am.gov.br\/manauscult\/wp-content\/uploads\/sites\/11\/2025\/02\/aldeia-cultural-macro.jpg","contentUrl":"https:\/\/www.manaus.am.gov.br\/manauscult\/wp-content\/uploads\/sites\/11\/2025\/02\/aldeia-cultural-macro.jpg","width":800,"height":450},{"@type":"BreadcrumbList","@id":"https:\/\/www.manaus.am.gov.br\/manauscult\/fomento-cultura-manaus\/#breadcrumb","itemListElement":[{"@type":"ListItem","position":1,"name":"Home","item":"https:\/\/www.manaus.am.gov.br\/manauscult\/"},{"@type":"ListItem","position":2,"name":"Prefeitura destina mais de R$ 4 milh\u00f5es ao setor cultural de Manaus com o Edital Macro da Pnab"}]},{"@type":"WebSite","@id":"https:\/\/www.manaus.am.gov.br\/manauscult\/#website","url":"https:\/\/www.manaus.am.gov.br\/manauscult\/","name":"MANAUSCULT","description":"Prefeitura de Manaus","potentialAction":[{"@type":"SearchAction","target":{"@type":"EntryPoint","urlTemplate":"https:\/\/www.manaus.am.gov.br\/manauscult\/?s={search_term_string}"},"query-input":"required name=search_term_string"}],"inLanguage":"pt-BR"},{"@type":"Person","@id":"https:\/\/www.manaus.am.gov.br\/manauscult\/#\/schema\/person\/466a0e03ae4b6062809046bd560ac955","name":"bvalente","image":{"@type":"ImageObject","inLanguage":"pt-BR","@id":"https:\/\/www.manaus.am.gov.br\/manauscult\/#\/schema\/person\/image\/","url":"https:\/\/secure.gravatar.com\/avatar\/3e69bc2b014bdad41adfec3a39de07d2?s=96&d=mm&r=g","contentUrl":"https:\/\/secure.gravatar.com\/avatar\/3e69bc2b014bdad41adfec3a39de07d2?s=96&d=mm&r=g","caption":"bvalente"}}]}},"_links":{"self":[{"href":"https:\/\/www.manaus.am.gov.br\/manauscult\/wp-json\/wp\/v2\/posts\/3125"}],"collection":[{"href":"https:\/\/www.manaus.am.gov.br\/manauscult\/wp-json\/wp\/v2\/posts"}],"about":[{"href":"https:\/\/www.manaus.am.gov.br\/manauscult\/wp-json\/wp\/v2\/types\/post"}],"author":[{"embeddable":true,"href":"https:\/\/www.manaus.am.gov.br\/manauscult\/wp-json\/wp\/v2\/users\/68"}],"replies":[{"embeddable":true,"href":"https:\/\/www.manaus.am.gov.br\/manauscult\/wp-json\/wp\/v2\/comments?post=3125"}],"version-history":[{"count":0,"href":"https:\/\/www.manaus.am.gov.br\/manauscult\/wp-json\/wp\/v2\/posts\/3125\/revisions"}],"wp:featuredmedia":[{"embeddable":true,"href":"https:\/\/www.manaus.am.gov.br\/manauscult\/wp-json\/wp\/v2\/media\/3126"}],"wp:attachment":[{"href":"https:\/\/www.manaus.am.gov.br\/manauscult\/wp-json\/wp\/v2\/media?parent=3125"}],"wp:term":[{"taxonomy":"category","embeddable":true,"href":"https:\/\/www.manaus.am.gov.br\/manauscult\/wp-json\/wp\/v2\/categories?post=3125"},{"taxonomy":"post_tag","embeddable":true,"href":"https:\/\/www.manaus.am.gov.br\/manauscult\/wp-json\/wp\/v2\/tags?post=3125"}],"curies":[{"name":"wp","href":"https:\/\/api.w.org\/{rel}","templated":true}]}}