{"id":3104,"date":"2025-02-07T17:09:14","date_gmt":"2025-02-07T21:09:14","guid":{"rendered":"https:\/\/www.manaus.am.gov.br\/manauscult\/videoclipe-fases-premiado-pela-pmm\/"},"modified":"2025-02-07T17:09:15","modified_gmt":"2025-02-07T21:09:15","slug":"videoclipe-fases-premiado-pela-pmm","status":"publish","type":"post","link":"https:\/\/www.manaus.am.gov.br\/manauscult\/videoclipe-fases-premiado-pela-pmm\/","title":{"rendered":"Videoclipe premiado pela Prefeitura de Manaus conquista destaque nacional no audiovisual"},"content":{"rendered":"\n<p>O videoclipe \u201cFases\u201d, do rapper amazonense Kurt Sutil, tem se destacado no cen\u00e1rio nacional ao conquistar importantes premia\u00e7\u00f5es. A produ\u00e7\u00e3o foi eleita o melhor videoclipe do Norte no \u201cArri\u00e9gua \u2013 Festival de Videoclipes da Regi\u00e3o Norte\u201d, realizado em Tocantins (TO), e tamb\u00e9m recebeu o pr\u00eamio de melhor videoclipe no \u201cVideoclipe-se Festival\u201d, em Minas Gerais (MG). Com mais de 55 mil visualiza\u00e7\u00f5es no YouTube, a obra foi viabilizada com apoio da Prefeitura de Manaus, por meio do <a href=\"https:\/\/concultura.manaus.am.gov.br\/\">Conselho Municipal de Cultura (Concultura)<\/a>, ap\u00f3s ser contemplado no <a href=\"https:\/\/www.manaus.am.gov.br\/manauscult\/wp-content\/uploads\/sites\/11\/2023\/05\/Lcp-195-Lei-Paulo-Gustavo-.pdf\">edital da Lei Paulo Gustavo (LPG)<\/a>, na categoria audiovisual.<\/p>\n\n\n\n<p>O presidente do Concultura, Tony Medeiros, destacou que o reconhecimento do videoclipe reafirma a import\u00e2ncia do investimento em produ\u00e7\u00f5es locais.<\/p>\n\n\n\n<p>\u201cO sucesso do videoclipe \u2018Fases\u2019 \u00e9 um reflexo do talento e da pot\u00eancia da nossa cultura. Ver essa produ\u00e7\u00e3o ser reconhecida nacionalmente, conquistando pr\u00eamios importantes e alcan\u00e7ando milhares de visualiza\u00e7\u00f5es, reafirma a import\u00e2ncia do investimento no setor cultural. Por meio da Lei Paulo Gustavo, a Prefeitura de Manaus, por meio do Concultura, tem viabilizado projetos que n\u00e3o apenas fortalecem a cena art\u00edstica local, mas tamb\u00e9m projetam nossos artistas para o Brasil. Esse \u00e9 o compromisso da gest\u00e3o municipal que \u00e9 fomentar a arte, valorizar nossos talentos e mostrar ao pa\u00eds a for\u00e7a da cultura amazonense\u201d, explicou o presidente.<\/p>\n\n\n\n<p>Apontado como uma das promessas do rap no Amazonas, Kurt Sutil vem conquistando espa\u00e7o com letras que abordam ancestralidade, sa\u00fade mental e quest\u00f5es sociais. Al\u00e9m do talento musical, o artista tamb\u00e9m se destaca no audiovisual, dirigindo seus pr\u00f3prios videoclipes com criatividade e autenticidade, o que tem lhe rendido reconhecimento nacional.<\/p>\n\n\n\n<p>\u201cParticipar do edital do Concultura foi uma experi\u00eancia muito boa e nova para n\u00f3s. Foi a primeira vez que tivemos um investimento para produzir um videoclipe, e isso nos deu a oportunidade de explorar novas possibilidades e tirar do papel ideias que sempre tivemos vontade de realizar. Esse apoio foi essencial para elevar a qualidade do nosso trabalho e fortalecer nossa trajet\u00f3ria art\u00edstica\u201d, explicou o artista.<\/p>\n\n\n\n<p>O videoclipe \u201cFases\u201d foi um dos projetos selecionados pelo Concurso Pr\u00eamio Manaus Identidade Cultural \u2013 Audiovisual (Edital 004\/2023), por meio da Lei Paulo Gustavo (LPG), da Prefeitura de Manaus, por meio do Concultura, com o apoio do Minist\u00e9rio da Cultura (MinC) e do Governo Federal.<\/p>\n\n\n\n<p>&#8212; &#8212; &#8212;<\/p>\n\n\n\n<p><strong>Texto<\/strong>&nbsp;\u2013 Keize Pedrosa \/ Concultura<\/p>\n\n\n\n<p><strong>Foto<\/strong>&nbsp;\u2013 Divulga\u00e7\u00e3o \/ Concultura<\/p>\n","protected":false},"excerpt":{"rendered":"","protected":false},"author":57,"featured_media":3105,"comment_status":"closed","ping_status":"closed","sticky":false,"template":"","format":"standard","meta":{"footnotes":""},"categories":[12],"tags":[45,48,9,11],"acf":[],"yoast_head":"<!-- This site is optimized with the Yoast SEO plugin v23.0 - https:\/\/yoast.com\/wordpress\/plugins\/seo\/ -->\n<title>Videoclipe &quot;Fases&quot; conquista destaque nacional no audiovisual<\/title>\n<meta name=\"description\" content=\"O videoclipe \u201cFases\u201d, do rapper amazonense Kurt Sutil, tem se destacado no cen\u00e1rio nacional ao conquistar importantes premia\u00e7\u00f5es.\" \/>\n<meta name=\"robots\" content=\"noindex, follow\" \/>\n<meta property=\"og:locale\" content=\"pt_BR\" \/>\n<meta property=\"og:type\" content=\"article\" \/>\n<meta property=\"og:title\" content=\"Videoclipe &quot;Fases&quot; conquista destaque nacional no audiovisual\" \/>\n<meta property=\"og:description\" content=\"O videoclipe \u201cFases\u201d, do rapper amazonense Kurt Sutil, tem se destacado no cen\u00e1rio nacional ao conquistar importantes premia\u00e7\u00f5es.\" \/>\n<meta property=\"og:url\" content=\"https:\/\/www.manaus.am.gov.br\/manauscult\/videoclipe-fases-premiado-pela-pmm\/\" \/>\n<meta property=\"og:site_name\" content=\"MANAUSCULT\" \/>\n<meta property=\"article:published_time\" content=\"2025-02-07T21:09:14+00:00\" \/>\n<meta property=\"article:modified_time\" content=\"2025-02-07T21:09:15+00:00\" \/>\n<meta property=\"og:image\" content=\"https:\/\/www.manaus.am.gov.br\/manauscult\/wp-content\/uploads\/sites\/11\/2025\/02\/Kurt-Sutil-divulgacao.jpeg\" \/>\n\t<meta property=\"og:image:width\" content=\"1600\" \/>\n\t<meta property=\"og:image:height\" content=\"701\" \/>\n\t<meta property=\"og:image:type\" content=\"image\/jpeg\" \/>\n<meta name=\"author\" content=\"Thiago Fernando\" \/>\n<meta name=\"twitter:card\" content=\"summary_large_image\" \/>\n<meta name=\"twitter:label1\" content=\"Written by\" \/>\n\t<meta name=\"twitter:data1\" content=\"Thiago Fernando\" \/>\n\t<meta name=\"twitter:label2\" content=\"Est. reading time\" \/>\n\t<meta name=\"twitter:data2\" content=\"3 minutos\" \/>\n<script type=\"application\/ld+json\" class=\"yoast-schema-graph\">{\"@context\":\"https:\/\/schema.org\",\"@graph\":[{\"@type\":\"WebPage\",\"@id\":\"https:\/\/www.manaus.am.gov.br\/manauscult\/videoclipe-fases-premiado-pela-pmm\/\",\"url\":\"https:\/\/www.manaus.am.gov.br\/manauscult\/videoclipe-fases-premiado-pela-pmm\/\",\"name\":\"Videoclipe \\\"Fases\\\" conquista destaque nacional no audiovisual\",\"isPartOf\":{\"@id\":\"https:\/\/www.manaus.am.gov.br\/manauscult\/#website\"},\"primaryImageOfPage\":{\"@id\":\"https:\/\/www.manaus.am.gov.br\/manauscult\/videoclipe-fases-premiado-pela-pmm\/#primaryimage\"},\"image\":{\"@id\":\"https:\/\/www.manaus.am.gov.br\/manauscult\/videoclipe-fases-premiado-pela-pmm\/#primaryimage\"},\"thumbnailUrl\":\"https:\/\/www.manaus.am.gov.br\/manauscult\/wp-content\/uploads\/sites\/11\/2025\/02\/Kurt-Sutil-divulgacao.jpeg\",\"datePublished\":\"2025-02-07T21:09:14+00:00\",\"dateModified\":\"2025-02-07T21:09:15+00:00\",\"author\":{\"@id\":\"https:\/\/www.manaus.am.gov.br\/manauscult\/#\/schema\/person\/a5ee5376db6e21af026374b369f30882\"},\"description\":\"O videoclipe \u201cFases\u201d, do rapper amazonense Kurt Sutil, tem se destacado no cen\u00e1rio nacional ao conquistar importantes premia\u00e7\u00f5es.\",\"breadcrumb\":{\"@id\":\"https:\/\/www.manaus.am.gov.br\/manauscult\/videoclipe-fases-premiado-pela-pmm\/#breadcrumb\"},\"inLanguage\":\"pt-BR\",\"potentialAction\":[{\"@type\":\"ReadAction\",\"target\":[\"https:\/\/www.manaus.am.gov.br\/manauscult\/videoclipe-fases-premiado-pela-pmm\/\"]}]},{\"@type\":\"ImageObject\",\"inLanguage\":\"pt-BR\",\"@id\":\"https:\/\/www.manaus.am.gov.br\/manauscult\/videoclipe-fases-premiado-pela-pmm\/#primaryimage\",\"url\":\"https:\/\/www.manaus.am.gov.br\/manauscult\/wp-content\/uploads\/sites\/11\/2025\/02\/Kurt-Sutil-divulgacao.jpeg\",\"contentUrl\":\"https:\/\/www.manaus.am.gov.br\/manauscult\/wp-content\/uploads\/sites\/11\/2025\/02\/Kurt-Sutil-divulgacao.jpeg\",\"width\":1600,\"height\":701,\"caption\":\"Videoclipe \\\"Fases\\\"\"},{\"@type\":\"BreadcrumbList\",\"@id\":\"https:\/\/www.manaus.am.gov.br\/manauscult\/videoclipe-fases-premiado-pela-pmm\/#breadcrumb\",\"itemListElement\":[{\"@type\":\"ListItem\",\"position\":1,\"name\":\"Home\",\"item\":\"https:\/\/www.manaus.am.gov.br\/manauscult\/\"},{\"@type\":\"ListItem\",\"position\":2,\"name\":\"Videoclipe premiado pela Prefeitura de Manaus conquista destaque nacional no audiovisual\"}]},{\"@type\":\"WebSite\",\"@id\":\"https:\/\/www.manaus.am.gov.br\/manauscult\/#website\",\"url\":\"https:\/\/www.manaus.am.gov.br\/manauscult\/\",\"name\":\"MANAUSCULT\",\"description\":\"Prefeitura de Manaus\",\"potentialAction\":[{\"@type\":\"SearchAction\",\"target\":{\"@type\":\"EntryPoint\",\"urlTemplate\":\"https:\/\/www.manaus.am.gov.br\/manauscult\/?s={search_term_string}\"},\"query-input\":\"required name=search_term_string\"}],\"inLanguage\":\"pt-BR\"},{\"@type\":\"Person\",\"@id\":\"https:\/\/www.manaus.am.gov.br\/manauscult\/#\/schema\/person\/a5ee5376db6e21af026374b369f30882\",\"name\":\"Thiago Fernando\",\"image\":{\"@type\":\"ImageObject\",\"inLanguage\":\"pt-BR\",\"@id\":\"https:\/\/www.manaus.am.gov.br\/manauscult\/#\/schema\/person\/image\/\",\"url\":\"https:\/\/secure.gravatar.com\/avatar\/f5aab8722444041451501c077052ac07?s=96&d=mm&r=g\",\"contentUrl\":\"https:\/\/secure.gravatar.com\/avatar\/f5aab8722444041451501c077052ac07?s=96&d=mm&r=g\",\"caption\":\"Thiago Fernando\"}}]}<\/script>\n<!-- \/ Yoast SEO plugin. -->","yoast_head_json":{"title":"Videoclipe \"Fases\" conquista destaque nacional no audiovisual","description":"O videoclipe \u201cFases\u201d, do rapper amazonense Kurt Sutil, tem se destacado no cen\u00e1rio nacional ao conquistar importantes premia\u00e7\u00f5es.","robots":{"index":"noindex","follow":"follow"},"og_locale":"pt_BR","og_type":"article","og_title":"Videoclipe \"Fases\" conquista destaque nacional no audiovisual","og_description":"O videoclipe \u201cFases\u201d, do rapper amazonense Kurt Sutil, tem se destacado no cen\u00e1rio nacional ao conquistar importantes premia\u00e7\u00f5es.","og_url":"https:\/\/www.manaus.am.gov.br\/manauscult\/videoclipe-fases-premiado-pela-pmm\/","og_site_name":"MANAUSCULT","article_published_time":"2025-02-07T21:09:14+00:00","article_modified_time":"2025-02-07T21:09:15+00:00","og_image":[{"width":1600,"height":701,"url":"https:\/\/www.manaus.am.gov.br\/manauscult\/wp-content\/uploads\/sites\/11\/2025\/02\/Kurt-Sutil-divulgacao.jpeg","type":"image\/jpeg"}],"author":"Thiago Fernando","twitter_card":"summary_large_image","twitter_misc":{"Written by":"Thiago Fernando","Est. reading time":"3 minutos"},"schema":{"@context":"https:\/\/schema.org","@graph":[{"@type":"WebPage","@id":"https:\/\/www.manaus.am.gov.br\/manauscult\/videoclipe-fases-premiado-pela-pmm\/","url":"https:\/\/www.manaus.am.gov.br\/manauscult\/videoclipe-fases-premiado-pela-pmm\/","name":"Videoclipe \"Fases\" conquista destaque nacional no audiovisual","isPartOf":{"@id":"https:\/\/www.manaus.am.gov.br\/manauscult\/#website"},"primaryImageOfPage":{"@id":"https:\/\/www.manaus.am.gov.br\/manauscult\/videoclipe-fases-premiado-pela-pmm\/#primaryimage"},"image":{"@id":"https:\/\/www.manaus.am.gov.br\/manauscult\/videoclipe-fases-premiado-pela-pmm\/#primaryimage"},"thumbnailUrl":"https:\/\/www.manaus.am.gov.br\/manauscult\/wp-content\/uploads\/sites\/11\/2025\/02\/Kurt-Sutil-divulgacao.jpeg","datePublished":"2025-02-07T21:09:14+00:00","dateModified":"2025-02-07T21:09:15+00:00","author":{"@id":"https:\/\/www.manaus.am.gov.br\/manauscult\/#\/schema\/person\/a5ee5376db6e21af026374b369f30882"},"description":"O videoclipe \u201cFases\u201d, do rapper amazonense Kurt Sutil, tem se destacado no cen\u00e1rio nacional ao conquistar importantes premia\u00e7\u00f5es.","breadcrumb":{"@id":"https:\/\/www.manaus.am.gov.br\/manauscult\/videoclipe-fases-premiado-pela-pmm\/#breadcrumb"},"inLanguage":"pt-BR","potentialAction":[{"@type":"ReadAction","target":["https:\/\/www.manaus.am.gov.br\/manauscult\/videoclipe-fases-premiado-pela-pmm\/"]}]},{"@type":"ImageObject","inLanguage":"pt-BR","@id":"https:\/\/www.manaus.am.gov.br\/manauscult\/videoclipe-fases-premiado-pela-pmm\/#primaryimage","url":"https:\/\/www.manaus.am.gov.br\/manauscult\/wp-content\/uploads\/sites\/11\/2025\/02\/Kurt-Sutil-divulgacao.jpeg","contentUrl":"https:\/\/www.manaus.am.gov.br\/manauscult\/wp-content\/uploads\/sites\/11\/2025\/02\/Kurt-Sutil-divulgacao.jpeg","width":1600,"height":701,"caption":"Videoclipe \"Fases\""},{"@type":"BreadcrumbList","@id":"https:\/\/www.manaus.am.gov.br\/manauscult\/videoclipe-fases-premiado-pela-pmm\/#breadcrumb","itemListElement":[{"@type":"ListItem","position":1,"name":"Home","item":"https:\/\/www.manaus.am.gov.br\/manauscult\/"},{"@type":"ListItem","position":2,"name":"Videoclipe premiado pela Prefeitura de Manaus conquista destaque nacional no audiovisual"}]},{"@type":"WebSite","@id":"https:\/\/www.manaus.am.gov.br\/manauscult\/#website","url":"https:\/\/www.manaus.am.gov.br\/manauscult\/","name":"MANAUSCULT","description":"Prefeitura de Manaus","potentialAction":[{"@type":"SearchAction","target":{"@type":"EntryPoint","urlTemplate":"https:\/\/www.manaus.am.gov.br\/manauscult\/?s={search_term_string}"},"query-input":"required name=search_term_string"}],"inLanguage":"pt-BR"},{"@type":"Person","@id":"https:\/\/www.manaus.am.gov.br\/manauscult\/#\/schema\/person\/a5ee5376db6e21af026374b369f30882","name":"Thiago Fernando","image":{"@type":"ImageObject","inLanguage":"pt-BR","@id":"https:\/\/www.manaus.am.gov.br\/manauscult\/#\/schema\/person\/image\/","url":"https:\/\/secure.gravatar.com\/avatar\/f5aab8722444041451501c077052ac07?s=96&d=mm&r=g","contentUrl":"https:\/\/secure.gravatar.com\/avatar\/f5aab8722444041451501c077052ac07?s=96&d=mm&r=g","caption":"Thiago Fernando"}}]}},"_links":{"self":[{"href":"https:\/\/www.manaus.am.gov.br\/manauscult\/wp-json\/wp\/v2\/posts\/3104"}],"collection":[{"href":"https:\/\/www.manaus.am.gov.br\/manauscult\/wp-json\/wp\/v2\/posts"}],"about":[{"href":"https:\/\/www.manaus.am.gov.br\/manauscult\/wp-json\/wp\/v2\/types\/post"}],"author":[{"embeddable":true,"href":"https:\/\/www.manaus.am.gov.br\/manauscult\/wp-json\/wp\/v2\/users\/57"}],"replies":[{"embeddable":true,"href":"https:\/\/www.manaus.am.gov.br\/manauscult\/wp-json\/wp\/v2\/comments?post=3104"}],"version-history":[{"count":0,"href":"https:\/\/www.manaus.am.gov.br\/manauscult\/wp-json\/wp\/v2\/posts\/3104\/revisions"}],"wp:featuredmedia":[{"embeddable":true,"href":"https:\/\/www.manaus.am.gov.br\/manauscult\/wp-json\/wp\/v2\/media\/3105"}],"wp:attachment":[{"href":"https:\/\/www.manaus.am.gov.br\/manauscult\/wp-json\/wp\/v2\/media?parent=3104"}],"wp:term":[{"taxonomy":"category","embeddable":true,"href":"https:\/\/www.manaus.am.gov.br\/manauscult\/wp-json\/wp\/v2\/categories?post=3104"},{"taxonomy":"post_tag","embeddable":true,"href":"https:\/\/www.manaus.am.gov.br\/manauscult\/wp-json\/wp\/v2\/tags?post=3104"}],"curies":[{"name":"wp","href":"https:\/\/api.w.org\/{rel}","templated":true}]}}