{"id":3042,"date":"2025-01-29T20:48:21","date_gmt":"2025-01-30T00:48:21","guid":{"rendered":"https:\/\/www.manaus.am.gov.br\/manauscult\/cidade-criativa-gastronomia-unesco\/"},"modified":"2025-03-07T11:08:50","modified_gmt":"2025-03-07T15:08:50","slug":"cidade-criativa-gastronomia-unesco","status":"publish","type":"post","link":"https:\/\/www.manaus.am.gov.br\/manauscult\/cidade-criativa-gastronomia-unesco\/","title":{"rendered":"Manaus lan\u00e7a candidatura ao Selo Cidade Criativa da Gastronomia, da Unesco"},"content":{"rendered":"\n<p>Manaus deu um passo importante para consolidar sua identidade gastron\u00f4mica no cen\u00e1rio mundial. Nesta quarta-feira, 29\/1, o prefeito David Almeida participou do lan\u00e7amento oficial da candidatura da capital amazonense \u00e0 Rede de Cidades Criativas da Unesco, na categoria Gastronomia. O evento, organizado pela Funda\u00e7\u00e3o Municipal de Cultura, Turismo e Eventos (Manauscult), ocorreu no Complexo Boothline, no centro hist\u00f3rico da capital.<\/p>\n\n\n\n<p>Na ocasi\u00e3o, o prefeito assinou o decreto que oficializa a cria\u00e7\u00e3o do Comit\u00ea Gestor Manaus Cidade Criativa da Gastronomia, um grupo respons\u00e1vel por elaborar e fortalecer as estrat\u00e9gias para que Manaus conquiste o t\u00edtulo.&nbsp;<\/p>\n\n\n\n<p>A candidatura de Manaus busca destacar a riqueza da culin\u00e1ria local, que reflete a biodiversidade da Amaz\u00f4nia e os sabores tradicionais das comunidades ribeirinhas e ind\u00edgenas. Para o prefeito David Almeida, o t\u00edtulo ser\u00e1 fundamental para divulgar os ingredientes regionais e a cadeia produtiva da gastronomia amazonense.<\/p>\n\n\n\n<figure class=\"wp-block-image size-full\"><img loading=\"lazy\" decoding=\"async\" width=\"799\" height=\"533\" src=\"https:\/\/www.manaus.am.gov.br\/manauscult\/wp-content\/uploads\/sites\/11\/2025\/01\/Manaus-lanca-candidatura-ao-Selo-Cidade-Criativa-da-Gastronomia-da-Unesco-2.jpg\" alt=\"\" class=\"wp-image-3043\" srcset=\"https:\/\/www.manaus.am.gov.br\/manauscult\/wp-content\/uploads\/sites\/11\/2025\/01\/Manaus-lanca-candidatura-ao-Selo-Cidade-Criativa-da-Gastronomia-da-Unesco-2.jpg 799w, https:\/\/www.manaus.am.gov.br\/manauscult\/wp-content\/uploads\/sites\/11\/2025\/01\/Manaus-lanca-candidatura-ao-Selo-Cidade-Criativa-da-Gastronomia-da-Unesco-2-300x200.jpg 300w, https:\/\/www.manaus.am.gov.br\/manauscult\/wp-content\/uploads\/sites\/11\/2025\/01\/Manaus-lanca-candidatura-ao-Selo-Cidade-Criativa-da-Gastronomia-da-Unesco-2-768x512.jpg 768w\" sizes=\"(max-width: 799px) 100vw, 799px\" \/><\/figure>\n\n\n\n<p>\u201cQueremos que o mundo conhe\u00e7a a nossa gastronomia. O tucum\u00e3, a pupunha, o cupua\u00e7u, o tucupi, o pirarucu, o tambaqui, tudo isso precisa ser difundido ainda mais. A cadeia produtiva da nossa culin\u00e1ria come\u00e7a no campo, na agricultura. Estamos credenciando Manaus para alcan\u00e7ar essa certifica\u00e7\u00e3o e fortalecer esse setor t\u00e3o importante para nossa economia e cultura\u201d, ressaltou o prefeito.<\/p>\n\n\n\n<p>O diretor-presidente da Manauscult, Jender Lobato, destacou o impacto positivo da candidatura no reconhecimento internacional da cidade.<\/p>\n\n\n\n<p>\u201cDepois de Manaus ser eleita a 11\u00aa melhor cidade para se viver e visitar, buscamos mais uma vez destacar nossa capital no cen\u00e1rio mundial. A gastronomia \u00e9 um dos fatores que atraem turistas e essa candidatura coloca Manaus entre as cidades mais importantes do mundo nessa categoria\u201d, afirmou Lobato.<\/p>\n\n\n\n<p><strong>Parcerias<\/strong>&nbsp;<\/p>\n\n\n\n<p>A candidatura de Manaus conta com a participa\u00e7\u00e3o de diversas institui\u00e7\u00f5es. A diretora t\u00e9cnica do Servi\u00e7o Brasileiro de Apoio \u00e0s Micro e Pequenas Empresas (Sebrae), Lamisse Cavalcante, enfatizou a import\u00e2ncia das parcerias para concretizar esse objetivo.<\/p>\n\n\n\n<p>\u201cO Sebrae esteve \u00e0 frente da constru\u00e7\u00e3o do dossi\u00ea, reunindo mais de 20 parceiros. Nossa gastronomia j\u00e1 tem reconhecimento no Brasil e no mundo, e esse selo trar\u00e1 ainda mais visibilidade, al\u00e9m de gerar desenvolvimento econ\u00f4mico e social para a popula\u00e7\u00e3o\u201d, destacou.<\/p>\n\n\n\n<figure class=\"wp-block-image size-full\"><img loading=\"lazy\" decoding=\"async\" width=\"799\" height=\"533\" src=\"https:\/\/www.manaus.am.gov.br\/manauscult\/wp-content\/uploads\/sites\/11\/2025\/01\/Manaus-lanca-candidatura-ao-Selo-Cidade-Criativa-da-Gastronomia-da-Unesco.jpg\" alt=\"\" class=\"wp-image-3044\" srcset=\"https:\/\/www.manaus.am.gov.br\/manauscult\/wp-content\/uploads\/sites\/11\/2025\/01\/Manaus-lanca-candidatura-ao-Selo-Cidade-Criativa-da-Gastronomia-da-Unesco.jpg 799w, https:\/\/www.manaus.am.gov.br\/manauscult\/wp-content\/uploads\/sites\/11\/2025\/01\/Manaus-lanca-candidatura-ao-Selo-Cidade-Criativa-da-Gastronomia-da-Unesco-300x200.jpg 300w, https:\/\/www.manaus.am.gov.br\/manauscult\/wp-content\/uploads\/sites\/11\/2025\/01\/Manaus-lanca-candidatura-ao-Selo-Cidade-Criativa-da-Gastronomia-da-Unesco-768x512.jpg 768w\" sizes=\"(max-width: 799px) 100vw, 799px\" \/><\/figure>\n\n\n\n<p>O chef Eraldo Oliveira, gerente do Centro de Turismo e Hospitalidade do Servi\u00e7o Nacional de Aprendizagem Comercial (Senac), ressaltou a autenticidade da culin\u00e1ria amazonense.<\/p>\n\n\n\n<p>\u201cA gastronomia do Amazonas \u00e9 de origem, com t\u00e9cnicas milenares que encantam o mundo e valorizam os produtores locais. A candidatura de Manaus refor\u00e7a o compromisso da prefeitura em fortalecer essa riqueza cultural e econ\u00f4mica\u201d, disse Oliveira.<\/p>\n\n\n\n<p>O empres\u00e1rio e chef, Ded\u00e9 Parente, tamb\u00e9m celebrou a iniciativa e destacou o valor dos ingredientes amaz\u00f4nicos.<\/p>\n\n\n\n<p>\u201cParticipar deste evento \u00e9 motivo de grande alegria. O t\u00edtulo da Unesco ser\u00e1 um marco para nossa cultura e nossos ribeirinhos, pois quando falamos em gastronomia do Amazonas, falamos de alguns dos melhores ingredientes do mundo\u201d, concluiu.<\/p>\n\n\n\n<p><strong>Rede de Cidades Criativas<\/strong><\/p>\n\n\n\n<p>Criada em 2004, a Rede de Cidades Criativas da Unesco reconhece munic\u00edpios que utilizam a criatividade e a cultura como motores de desenvolvimento sustent\u00e1vel. No Brasil, apenas quatro cidades det\u00eam o selo na categoria Gastronomia: Bel\u00e9m (PA), Belo Horizonte (MG), Florian\u00f3polis (SC) e Paraty (RJ).<\/p>\n\n\n\n<p>Com a candidatura oficializada, Manaus se prepara para cumprir as pr\u00f3ximas etapas do processo seletivo da Unesco, com expectativa de se tornar a quinta cidade brasileira a conquistar o selo de Cidade Criativa da Gastronomia.<\/p>\n\n\n\n<p>\u2014 \u2014 \u2014<br><strong>Texto &#8211;\u00a0 <\/strong>D\u00e1rio Avelino \/ Semcom<br><strong>Fotos \u2013<\/strong> Phil Limma \/ Semcom<br><strong>Dispon\u00edveis em &#8211;<\/strong><a href=\"https:\/\/flic.kr\/s\/aHBqjBZPA3\">https:\/\/flic.kr\/s\/aHBqjBZPA3<\/a><\/p>\n","protected":false},"excerpt":{"rendered":"","protected":false},"author":68,"featured_media":3336,"comment_status":"closed","ping_status":"closed","sticky":false,"template":"","format":"standard","meta":{"footnotes":""},"categories":[1203],"tags":[67,234,9,11,1204],"acf":[],"yoast_head":"<!-- This site is optimized with the Yoast SEO plugin v23.0 - https:\/\/yoast.com\/wordpress\/plugins\/seo\/ -->\n<title>Manaus lan\u00e7a candidatura ao Selo Cidade Criativa da Gastronomia, da Unesco<\/title>\n<meta name=\"description\" content=\"Manaus deu um passo importante para consolidar sua identidade gastron\u00f4mica no cen\u00e1rio mundial. Nesta quarta-feira, 29\/1, o prefeito David Almeida participou do lan\u00e7amento oficial da candidatura da capital amazonense \u00e0 Rede de Cidades Criativas da Unesco, na categoria Gastronomia.\" \/>\n<meta name=\"robots\" content=\"noindex, follow\" \/>\n<meta property=\"og:locale\" content=\"pt_BR\" \/>\n<meta property=\"og:type\" content=\"article\" \/>\n<meta property=\"og:title\" content=\"Manaus lan\u00e7a candidatura ao Selo Cidade Criativa da Gastronomia, da Unesco\" \/>\n<meta property=\"og:description\" content=\"Manaus deu um passo importante para consolidar sua identidade gastron\u00f4mica no cen\u00e1rio mundial. Nesta quarta-feira, 29\/1, o prefeito David Almeida participou do lan\u00e7amento oficial da candidatura da capital amazonense \u00e0 Rede de Cidades Criativas da Unesco, na categoria Gastronomia.\" \/>\n<meta property=\"og:url\" content=\"https:\/\/www.manaus.am.gov.br\/manauscult\/cidade-criativa-gastronomia-unesco\/\" \/>\n<meta property=\"og:site_name\" content=\"MANAUSCULT\" \/>\n<meta property=\"article:published_time\" content=\"2025-01-30T00:48:21+00:00\" \/>\n<meta property=\"article:modified_time\" content=\"2025-03-07T15:08:50+00:00\" \/>\n<meta property=\"og:image\" content=\"https:\/\/www.manaus.am.gov.br\/manauscult\/wp-content\/uploads\/sites\/11\/2025\/01\/Manaus-lanca-candidatura-ao-Selo-Cidade-Criativa-da-Gastronomia-da-Unesco-4-e17382395047681.jpg\" \/>\n\t<meta property=\"og:image:width\" content=\"674\" \/>\n\t<meta property=\"og:image:height\" content=\"452\" \/>\n\t<meta property=\"og:image:type\" content=\"image\/jpeg\" \/>\n<meta name=\"author\" content=\"bvalente\" \/>\n<meta name=\"twitter:card\" content=\"summary_large_image\" \/>\n<meta name=\"twitter:label1\" content=\"Written by\" \/>\n\t<meta name=\"twitter:data1\" content=\"bvalente\" \/>\n\t<meta name=\"twitter:label2\" content=\"Est. reading time\" \/>\n\t<meta name=\"twitter:data2\" content=\"4 minutos\" \/>\n<script type=\"application\/ld+json\" class=\"yoast-schema-graph\">{\"@context\":\"https:\/\/schema.org\",\"@graph\":[{\"@type\":\"WebPage\",\"@id\":\"https:\/\/www.manaus.am.gov.br\/manauscult\/cidade-criativa-gastronomia-unesco\/\",\"url\":\"https:\/\/www.manaus.am.gov.br\/manauscult\/cidade-criativa-gastronomia-unesco\/\",\"name\":\"Manaus lan\u00e7a candidatura ao Selo Cidade Criativa da Gastronomia, da Unesco\",\"isPartOf\":{\"@id\":\"https:\/\/www.manaus.am.gov.br\/manauscult\/#website\"},\"primaryImageOfPage\":{\"@id\":\"https:\/\/www.manaus.am.gov.br\/manauscult\/cidade-criativa-gastronomia-unesco\/#primaryimage\"},\"image\":{\"@id\":\"https:\/\/www.manaus.am.gov.br\/manauscult\/cidade-criativa-gastronomia-unesco\/#primaryimage\"},\"thumbnailUrl\":\"https:\/\/www.manaus.am.gov.br\/manauscult\/wp-content\/uploads\/sites\/11\/2025\/01\/Manaus-lanca-candidatura-ao-Selo-Cidade-Criativa-da-Gastronomia-da-Unesco-4-e17382395047681.jpg\",\"datePublished\":\"2025-01-30T00:48:21+00:00\",\"dateModified\":\"2025-03-07T15:08:50+00:00\",\"author\":{\"@id\":\"https:\/\/www.manaus.am.gov.br\/manauscult\/#\/schema\/person\/466a0e03ae4b6062809046bd560ac955\"},\"description\":\"Manaus deu um passo importante para consolidar sua identidade gastron\u00f4mica no cen\u00e1rio mundial. Nesta quarta-feira, 29\/1, o prefeito David Almeida participou do lan\u00e7amento oficial da candidatura da capital amazonense \u00e0 Rede de Cidades Criativas da Unesco, na categoria Gastronomia.\",\"breadcrumb\":{\"@id\":\"https:\/\/www.manaus.am.gov.br\/manauscult\/cidade-criativa-gastronomia-unesco\/#breadcrumb\"},\"inLanguage\":\"pt-BR\",\"potentialAction\":[{\"@type\":\"ReadAction\",\"target\":[\"https:\/\/www.manaus.am.gov.br\/manauscult\/cidade-criativa-gastronomia-unesco\/\"]}]},{\"@type\":\"ImageObject\",\"inLanguage\":\"pt-BR\",\"@id\":\"https:\/\/www.manaus.am.gov.br\/manauscult\/cidade-criativa-gastronomia-unesco\/#primaryimage\",\"url\":\"https:\/\/www.manaus.am.gov.br\/manauscult\/wp-content\/uploads\/sites\/11\/2025\/01\/Manaus-lanca-candidatura-ao-Selo-Cidade-Criativa-da-Gastronomia-da-Unesco-4-e17382395047681.jpg\",\"contentUrl\":\"https:\/\/www.manaus.am.gov.br\/manauscult\/wp-content\/uploads\/sites\/11\/2025\/01\/Manaus-lanca-candidatura-ao-Selo-Cidade-Criativa-da-Gastronomia-da-Unesco-4-e17382395047681.jpg\",\"width\":674,\"height\":452},{\"@type\":\"BreadcrumbList\",\"@id\":\"https:\/\/www.manaus.am.gov.br\/manauscult\/cidade-criativa-gastronomia-unesco\/#breadcrumb\",\"itemListElement\":[{\"@type\":\"ListItem\",\"position\":1,\"name\":\"Home\",\"item\":\"https:\/\/www.manaus.am.gov.br\/manauscult\/\"},{\"@type\":\"ListItem\",\"position\":2,\"name\":\"Manaus lan\u00e7a candidatura ao Selo Cidade Criativa da Gastronomia, da Unesco\"}]},{\"@type\":\"WebSite\",\"@id\":\"https:\/\/www.manaus.am.gov.br\/manauscult\/#website\",\"url\":\"https:\/\/www.manaus.am.gov.br\/manauscult\/\",\"name\":\"MANAUSCULT\",\"description\":\"Prefeitura de Manaus\",\"potentialAction\":[{\"@type\":\"SearchAction\",\"target\":{\"@type\":\"EntryPoint\",\"urlTemplate\":\"https:\/\/www.manaus.am.gov.br\/manauscult\/?s={search_term_string}\"},\"query-input\":\"required name=search_term_string\"}],\"inLanguage\":\"pt-BR\"},{\"@type\":\"Person\",\"@id\":\"https:\/\/www.manaus.am.gov.br\/manauscult\/#\/schema\/person\/466a0e03ae4b6062809046bd560ac955\",\"name\":\"bvalente\",\"image\":{\"@type\":\"ImageObject\",\"inLanguage\":\"pt-BR\",\"@id\":\"https:\/\/www.manaus.am.gov.br\/manauscult\/#\/schema\/person\/image\/\",\"url\":\"https:\/\/secure.gravatar.com\/avatar\/3e69bc2b014bdad41adfec3a39de07d2?s=96&d=mm&r=g\",\"contentUrl\":\"https:\/\/secure.gravatar.com\/avatar\/3e69bc2b014bdad41adfec3a39de07d2?s=96&d=mm&r=g\",\"caption\":\"bvalente\"}}]}<\/script>\n<!-- \/ Yoast SEO plugin. -->","yoast_head_json":{"title":"Manaus lan\u00e7a candidatura ao Selo Cidade Criativa da Gastronomia, da Unesco","description":"Manaus deu um passo importante para consolidar sua identidade gastron\u00f4mica no cen\u00e1rio mundial. Nesta quarta-feira, 29\/1, o prefeito David Almeida participou do lan\u00e7amento oficial da candidatura da capital amazonense \u00e0 Rede de Cidades Criativas da Unesco, na categoria Gastronomia.","robots":{"index":"noindex","follow":"follow"},"og_locale":"pt_BR","og_type":"article","og_title":"Manaus lan\u00e7a candidatura ao Selo Cidade Criativa da Gastronomia, da Unesco","og_description":"Manaus deu um passo importante para consolidar sua identidade gastron\u00f4mica no cen\u00e1rio mundial. Nesta quarta-feira, 29\/1, o prefeito David Almeida participou do lan\u00e7amento oficial da candidatura da capital amazonense \u00e0 Rede de Cidades Criativas da Unesco, na categoria Gastronomia.","og_url":"https:\/\/www.manaus.am.gov.br\/manauscult\/cidade-criativa-gastronomia-unesco\/","og_site_name":"MANAUSCULT","article_published_time":"2025-01-30T00:48:21+00:00","article_modified_time":"2025-03-07T15:08:50+00:00","og_image":[{"width":674,"height":452,"url":"https:\/\/www.manaus.am.gov.br\/manauscult\/wp-content\/uploads\/sites\/11\/2025\/01\/Manaus-lanca-candidatura-ao-Selo-Cidade-Criativa-da-Gastronomia-da-Unesco-4-e17382395047681.jpg","type":"image\/jpeg"}],"author":"bvalente","twitter_card":"summary_large_image","twitter_misc":{"Written by":"bvalente","Est. reading time":"4 minutos"},"schema":{"@context":"https:\/\/schema.org","@graph":[{"@type":"WebPage","@id":"https:\/\/www.manaus.am.gov.br\/manauscult\/cidade-criativa-gastronomia-unesco\/","url":"https:\/\/www.manaus.am.gov.br\/manauscult\/cidade-criativa-gastronomia-unesco\/","name":"Manaus lan\u00e7a candidatura ao Selo Cidade Criativa da Gastronomia, da Unesco","isPartOf":{"@id":"https:\/\/www.manaus.am.gov.br\/manauscult\/#website"},"primaryImageOfPage":{"@id":"https:\/\/www.manaus.am.gov.br\/manauscult\/cidade-criativa-gastronomia-unesco\/#primaryimage"},"image":{"@id":"https:\/\/www.manaus.am.gov.br\/manauscult\/cidade-criativa-gastronomia-unesco\/#primaryimage"},"thumbnailUrl":"https:\/\/www.manaus.am.gov.br\/manauscult\/wp-content\/uploads\/sites\/11\/2025\/01\/Manaus-lanca-candidatura-ao-Selo-Cidade-Criativa-da-Gastronomia-da-Unesco-4-e17382395047681.jpg","datePublished":"2025-01-30T00:48:21+00:00","dateModified":"2025-03-07T15:08:50+00:00","author":{"@id":"https:\/\/www.manaus.am.gov.br\/manauscult\/#\/schema\/person\/466a0e03ae4b6062809046bd560ac955"},"description":"Manaus deu um passo importante para consolidar sua identidade gastron\u00f4mica no cen\u00e1rio mundial. Nesta quarta-feira, 29\/1, o prefeito David Almeida participou do lan\u00e7amento oficial da candidatura da capital amazonense \u00e0 Rede de Cidades Criativas da Unesco, na categoria Gastronomia.","breadcrumb":{"@id":"https:\/\/www.manaus.am.gov.br\/manauscult\/cidade-criativa-gastronomia-unesco\/#breadcrumb"},"inLanguage":"pt-BR","potentialAction":[{"@type":"ReadAction","target":["https:\/\/www.manaus.am.gov.br\/manauscult\/cidade-criativa-gastronomia-unesco\/"]}]},{"@type":"ImageObject","inLanguage":"pt-BR","@id":"https:\/\/www.manaus.am.gov.br\/manauscult\/cidade-criativa-gastronomia-unesco\/#primaryimage","url":"https:\/\/www.manaus.am.gov.br\/manauscult\/wp-content\/uploads\/sites\/11\/2025\/01\/Manaus-lanca-candidatura-ao-Selo-Cidade-Criativa-da-Gastronomia-da-Unesco-4-e17382395047681.jpg","contentUrl":"https:\/\/www.manaus.am.gov.br\/manauscult\/wp-content\/uploads\/sites\/11\/2025\/01\/Manaus-lanca-candidatura-ao-Selo-Cidade-Criativa-da-Gastronomia-da-Unesco-4-e17382395047681.jpg","width":674,"height":452},{"@type":"BreadcrumbList","@id":"https:\/\/www.manaus.am.gov.br\/manauscult\/cidade-criativa-gastronomia-unesco\/#breadcrumb","itemListElement":[{"@type":"ListItem","position":1,"name":"Home","item":"https:\/\/www.manaus.am.gov.br\/manauscult\/"},{"@type":"ListItem","position":2,"name":"Manaus lan\u00e7a candidatura ao Selo Cidade Criativa da Gastronomia, da Unesco"}]},{"@type":"WebSite","@id":"https:\/\/www.manaus.am.gov.br\/manauscult\/#website","url":"https:\/\/www.manaus.am.gov.br\/manauscult\/","name":"MANAUSCULT","description":"Prefeitura de Manaus","potentialAction":[{"@type":"SearchAction","target":{"@type":"EntryPoint","urlTemplate":"https:\/\/www.manaus.am.gov.br\/manauscult\/?s={search_term_string}"},"query-input":"required name=search_term_string"}],"inLanguage":"pt-BR"},{"@type":"Person","@id":"https:\/\/www.manaus.am.gov.br\/manauscult\/#\/schema\/person\/466a0e03ae4b6062809046bd560ac955","name":"bvalente","image":{"@type":"ImageObject","inLanguage":"pt-BR","@id":"https:\/\/www.manaus.am.gov.br\/manauscult\/#\/schema\/person\/image\/","url":"https:\/\/secure.gravatar.com\/avatar\/3e69bc2b014bdad41adfec3a39de07d2?s=96&d=mm&r=g","contentUrl":"https:\/\/secure.gravatar.com\/avatar\/3e69bc2b014bdad41adfec3a39de07d2?s=96&d=mm&r=g","caption":"bvalente"}}]}},"_links":{"self":[{"href":"https:\/\/www.manaus.am.gov.br\/manauscult\/wp-json\/wp\/v2\/posts\/3042"}],"collection":[{"href":"https:\/\/www.manaus.am.gov.br\/manauscult\/wp-json\/wp\/v2\/posts"}],"about":[{"href":"https:\/\/www.manaus.am.gov.br\/manauscult\/wp-json\/wp\/v2\/types\/post"}],"author":[{"embeddable":true,"href":"https:\/\/www.manaus.am.gov.br\/manauscult\/wp-json\/wp\/v2\/users\/68"}],"replies":[{"embeddable":true,"href":"https:\/\/www.manaus.am.gov.br\/manauscult\/wp-json\/wp\/v2\/comments?post=3042"}],"version-history":[{"count":9,"href":"https:\/\/www.manaus.am.gov.br\/manauscult\/wp-json\/wp\/v2\/posts\/3042\/revisions"}],"predecessor-version":[{"id":3332,"href":"https:\/\/www.manaus.am.gov.br\/manauscult\/wp-json\/wp\/v2\/posts\/3042\/revisions\/3332"}],"wp:featuredmedia":[{"embeddable":true,"href":"https:\/\/www.manaus.am.gov.br\/manauscult\/wp-json\/wp\/v2\/media\/3336"}],"wp:attachment":[{"href":"https:\/\/www.manaus.am.gov.br\/manauscult\/wp-json\/wp\/v2\/media?parent=3042"}],"wp:term":[{"taxonomy":"category","embeddable":true,"href":"https:\/\/www.manaus.am.gov.br\/manauscult\/wp-json\/wp\/v2\/categories?post=3042"},{"taxonomy":"post_tag","embeddable":true,"href":"https:\/\/www.manaus.am.gov.br\/manauscult\/wp-json\/wp\/v2\/tags?post=3042"}],"curies":[{"name":"wp","href":"https:\/\/api.w.org\/{rel}","templated":true}]}}