{"id":3032,"date":"2025-01-24T20:23:09","date_gmt":"2025-01-25T00:23:09","guid":{"rendered":"https:\/\/www.manaus.am.gov.br\/manauscult\/projeto-cultural-manaus\/"},"modified":"2025-01-24T20:23:12","modified_gmt":"2025-01-25T00:23:12","slug":"projeto-cultural-manaus","status":"publish","type":"post","link":"https:\/\/www.manaus.am.gov.br\/manauscult\/projeto-cultural-manaus\/","title":{"rendered":"Inscri\u00e7\u00f5es para 2\u00aa edi\u00e7\u00e3o do projeto \u2018Aldeia Cultural\u2019 encerram neste domingo, 26\/1"},"content":{"rendered":"\n<p>Contemplado pelo edital Pol\u00edtica Nacional Aldir Blanc (Pnab), da Prefeitura de Manaus, por meio do Conselho Municipal de Cultura (Concultura), a 2\u00aa edi\u00e7\u00e3o do projeto &#8220;Aldeia Cultural&#8221; acontece nos dias 1\u00ba e 2\/2, na Aldeia Ind\u00edgena Inha\u00e3-b\u00e9, localizada no Tarum\u00e3-A\u00e7u, regi\u00e3o metropolitana de Manaus. Para participarem, os interessados precisam ser maiores de idade, a partir de 18 anos, e dever\u00e3o preencher corretamente o formul\u00e1rio, pelo link <a href=\"http:\/\/bit.ly\/40wDFOH\">bit.ly\/40wDFOH<\/a>. As inscri\u00e7\u00f5es encerram \u00e0s 23h59 do domingo, 26\/1. Ao todo, ser\u00e3o disponibilizadas 40 vagas.<\/p>\n\n\n\n<p>Idealizado pela artista ind\u00edgena Tha\u00eds Kokama, o projeto visa promover conhecimento e aprendizado sobre os povos ind\u00edgenas. Os inscritos ter\u00e3o dois dias de imers\u00e3o cultural na aldeia, onde, dentre as atividades ofertadas, est\u00e3o: oficinas de pintura corporal, apresenta\u00e7\u00f5es culturais incluindo m\u00fasica, moda, dan\u00e7a, entre outras.<\/p>\n\n\n\n<p>O diretor-presidente do Concultura, Tony Medeiros, ressalta que os editais de cultura do munic\u00edpio s\u00e3o uma forma de exaltar a cultura e artistas locais.&nbsp;<\/p>\n\n\n\n<p>\u201cOs projetos que v\u00eam sendo executados pelos editais, como a Pnab &#8211; Manaus, mostram o comprometimento da atual gest\u00e3o em valorizar a identidade cultural do nosso povo. Dessa maneira, nossos artistas podem desenvolver seus trabalhos e alcan\u00e7ar mais pessoas com as suas artes\u201d, destacou o presidente.<\/p>\n\n\n\n<p>Segundo Tha\u00eds Kokama, as expectativas para essa edi\u00e7\u00e3o do projeto &#8220;Aldeia Cultural&#8221; s\u00e3o as melhores.&nbsp;<\/p>\n\n\n\n<p>&#8220;A primeira edi\u00e7\u00e3o do Aldeia Cultural foi incr\u00edvel e queremos continuar levando essa experi\u00eancia para todos, de modo que as pessoas possam ter mais conhecimento sobre os povos origin\u00e1rios e entendam a import\u00e2ncia de zelar e aprender sobre a nossa cultura. Mais do que um projeto, essa \u00e9 uma forma de mostrar&nbsp; nossas ra\u00edzes e o quanto elas significam para n\u00f3s&#8221;, ressalta a artista.<\/p>\n\n\n\n<p><strong>Projeto<\/strong><\/p>\n\n\n\n<p>Os participantes selecionados ter\u00e3o acesso a uma experi\u00eancia de imers\u00e3o \u00fanica e completa, de forma gratuita, incluindo translado, alimenta\u00e7\u00e3o, participa\u00e7\u00e3o em todas as atividades, banho de rio e demais experi\u00eancias. O resultado dos selecionados ser\u00e1 divulgado na pr\u00f3xima quarta-feira, 29\/1, por meio do Instagram da aldeia Inha\u00e3-b\u00e9, no link <a href=\"http:\/\/instagram.com\/aldeiainhaabe\">instagram.com\/aldeiainhaabe<\/a>.&nbsp;<\/p>\n\n\n\n<p>No dia 1\u00ba\/2, o translado sair\u00e1 da Pra\u00e7a da Saudade, localizada na rua Sim\u00e3o Bol\u00edvar, Centro, \u00e0s 7h, e seguir\u00e1 at\u00e9 o porto da Prainha, no Tarum\u00e3-A\u00e7u, onde far\u00e1 a travessia \u00e0s 8h, com o retorno \u00e0s 10h do dia 2\/2. Os que n\u00e3o puderem dormir na aldeia poder\u00e3o retornar ao porto \u00e0s 18h ainda no dia 1\u00ba.<\/p>\n\n\n\n<p>O projeto \u201cAldeia Cultural\u201d foi um dos selecionados pelo Edital Macro de Chamamento P\u00fablico n\u00b0 002\/2024 &#8211; Cultura \u00c9tnica, com recursos da Pol\u00edtica Nacional Aldir Blanc (Pnab) de fomento \u00e0 cultura, da Prefeitura de Manaus, realizado pelo Concultura, com o apoio do Minist\u00e9rio da Cultura e do Governo Federal.<\/p>\n\n\n\n<p><strong>\u2013 \u2013 \u2013 \u2013\u00a0<\/strong><br><strong>Texto &#8211;<\/strong> Clara Gon\u00e7alves \/ Concultura<br><strong>Fotos &#8211;<\/strong> Hugo Coelho e Lorena Furtado \/ Divulga\u00e7\u00e3o\u00a0<\/p>\n","protected":false},"excerpt":{"rendered":"","protected":false},"author":68,"featured_media":3033,"comment_status":"closed","ping_status":"closed","sticky":false,"template":"","format":"standard","meta":{"footnotes":""},"categories":[12],"tags":[1197,1198,1199,45,11],"acf":[],"yoast_head":"<!-- This site is optimized with the Yoast SEO plugin v23.0 - https:\/\/yoast.com\/wordpress\/plugins\/seo\/ -->\n<title>Inscri\u00e7\u00f5es para 2\u00aa edi\u00e7\u00e3o do projeto \u2018Aldeia Cultural\u2019 encerram neste domingo, 26\/1<\/title>\n<meta name=\"description\" content=\"Contemplado pelo edital Pol\u00edtica Nacional Aldir Blanc (Pnab), da Prefeitura de Manaus, por meio do Conselho Municipal de Cultura (Concultura), a 2\u00aa edi\u00e7\u00e3o do projeto &quot;Aldeia Cultural&quot; acontece nos dias 1\u00ba e 2\/2, na Aldeia Ind\u00edgena Inha\u00e3-b\u00e9, localizada no Tarum\u00e3-A\u00e7u, regi\u00e3o metropolitana de Manaus. Para participarem, os interessados precisam ser maiores de idade, a partir de 18 anos, e dever\u00e3o preencher corretamente o formul\u00e1rio, pelo link bit.ly\/40wDFOH. As inscri\u00e7\u00f5es encerram \u00e0s 23h59 do domingo, 26\/1. Ao todo, ser\u00e3o disponibilizadas 40 vagas.\" \/>\n<meta name=\"robots\" content=\"noindex, follow\" \/>\n<meta property=\"og:locale\" content=\"pt_BR\" \/>\n<meta property=\"og:type\" content=\"article\" \/>\n<meta property=\"og:title\" content=\"Inscri\u00e7\u00f5es para 2\u00aa edi\u00e7\u00e3o do projeto \u2018Aldeia Cultural\u2019 encerram neste domingo, 26\/1\" \/>\n<meta property=\"og:description\" content=\"Contemplado pelo edital Pol\u00edtica Nacional Aldir Blanc (Pnab), da Prefeitura de Manaus, por meio do Conselho Municipal de Cultura (Concultura), a 2\u00aa edi\u00e7\u00e3o do projeto &quot;Aldeia Cultural&quot; acontece nos dias 1\u00ba e 2\/2, na Aldeia Ind\u00edgena Inha\u00e3-b\u00e9, localizada no Tarum\u00e3-A\u00e7u, regi\u00e3o metropolitana de Manaus. Para participarem, os interessados precisam ser maiores de idade, a partir de 18 anos, e dever\u00e3o preencher corretamente o formul\u00e1rio, pelo link bit.ly\/40wDFOH. As inscri\u00e7\u00f5es encerram \u00e0s 23h59 do domingo, 26\/1. Ao todo, ser\u00e3o disponibilizadas 40 vagas.\" \/>\n<meta property=\"og:url\" content=\"https:\/\/www.manaus.am.gov.br\/manauscult\/projeto-cultural-manaus\/\" \/>\n<meta property=\"og:site_name\" content=\"MANAUSCULT\" \/>\n<meta property=\"article:published_time\" content=\"2025-01-25T00:23:09+00:00\" \/>\n<meta property=\"article:modified_time\" content=\"2025-01-25T00:23:12+00:00\" \/>\n<meta property=\"og:image\" content=\"https:\/\/www.manaus.am.gov.br\/manauscult\/wp-content\/uploads\/sites\/11\/2025\/01\/Inscricoes-para-2a-edicao-do-projeto-\u2018Aldeia-Cultural-encerram-neste-domingo-26.jpg\" \/>\n\t<meta property=\"og:image:width\" content=\"800\" \/>\n\t<meta property=\"og:image:height\" content=\"533\" \/>\n\t<meta property=\"og:image:type\" content=\"image\/jpeg\" \/>\n<meta name=\"author\" content=\"bvalente\" \/>\n<meta name=\"twitter:card\" content=\"summary_large_image\" \/>\n<meta name=\"twitter:label1\" content=\"Written by\" \/>\n\t<meta name=\"twitter:data1\" content=\"bvalente\" \/>\n\t<meta name=\"twitter:label2\" content=\"Est. reading time\" \/>\n\t<meta name=\"twitter:data2\" content=\"3 minutos\" \/>\n<script type=\"application\/ld+json\" class=\"yoast-schema-graph\">{\"@context\":\"https:\/\/schema.org\",\"@graph\":[{\"@type\":\"WebPage\",\"@id\":\"https:\/\/www.manaus.am.gov.br\/manauscult\/projeto-cultural-manaus\/\",\"url\":\"https:\/\/www.manaus.am.gov.br\/manauscult\/projeto-cultural-manaus\/\",\"name\":\"Inscri\u00e7\u00f5es para 2\u00aa edi\u00e7\u00e3o do projeto \u2018Aldeia Cultural\u2019 encerram neste domingo, 26\/1\",\"isPartOf\":{\"@id\":\"https:\/\/www.manaus.am.gov.br\/manauscult\/#website\"},\"primaryImageOfPage\":{\"@id\":\"https:\/\/www.manaus.am.gov.br\/manauscult\/projeto-cultural-manaus\/#primaryimage\"},\"image\":{\"@id\":\"https:\/\/www.manaus.am.gov.br\/manauscult\/projeto-cultural-manaus\/#primaryimage\"},\"thumbnailUrl\":\"https:\/\/www.manaus.am.gov.br\/manauscult\/wp-content\/uploads\/sites\/11\/2025\/01\/Inscricoes-para-2a-edicao-do-projeto-\u2018Aldeia-Cultural-encerram-neste-domingo-26.jpg\",\"datePublished\":\"2025-01-25T00:23:09+00:00\",\"dateModified\":\"2025-01-25T00:23:12+00:00\",\"author\":{\"@id\":\"https:\/\/www.manaus.am.gov.br\/manauscult\/#\/schema\/person\/466a0e03ae4b6062809046bd560ac955\"},\"description\":\"Contemplado pelo edital Pol\u00edtica Nacional Aldir Blanc (Pnab), da Prefeitura de Manaus, por meio do Conselho Municipal de Cultura (Concultura), a 2\u00aa edi\u00e7\u00e3o do projeto \\\"Aldeia Cultural\\\" acontece nos dias 1\u00ba e 2\/2, na Aldeia Ind\u00edgena Inha\u00e3-b\u00e9, localizada no Tarum\u00e3-A\u00e7u, regi\u00e3o metropolitana de Manaus. Para participarem, os interessados precisam ser maiores de idade, a partir de 18 anos, e dever\u00e3o preencher corretamente o formul\u00e1rio, pelo link bit.ly\/40wDFOH. As inscri\u00e7\u00f5es encerram \u00e0s 23h59 do domingo, 26\/1. Ao todo, ser\u00e3o disponibilizadas 40 vagas.\",\"breadcrumb\":{\"@id\":\"https:\/\/www.manaus.am.gov.br\/manauscult\/projeto-cultural-manaus\/#breadcrumb\"},\"inLanguage\":\"pt-BR\",\"potentialAction\":[{\"@type\":\"ReadAction\",\"target\":[\"https:\/\/www.manaus.am.gov.br\/manauscult\/projeto-cultural-manaus\/\"]}]},{\"@type\":\"ImageObject\",\"inLanguage\":\"pt-BR\",\"@id\":\"https:\/\/www.manaus.am.gov.br\/manauscult\/projeto-cultural-manaus\/#primaryimage\",\"url\":\"https:\/\/www.manaus.am.gov.br\/manauscult\/wp-content\/uploads\/sites\/11\/2025\/01\/Inscricoes-para-2a-edicao-do-projeto-\u2018Aldeia-Cultural-encerram-neste-domingo-26.jpg\",\"contentUrl\":\"https:\/\/www.manaus.am.gov.br\/manauscult\/wp-content\/uploads\/sites\/11\/2025\/01\/Inscricoes-para-2a-edicao-do-projeto-\u2018Aldeia-Cultural-encerram-neste-domingo-26.jpg\",\"width\":800,\"height\":533},{\"@type\":\"BreadcrumbList\",\"@id\":\"https:\/\/www.manaus.am.gov.br\/manauscult\/projeto-cultural-manaus\/#breadcrumb\",\"itemListElement\":[{\"@type\":\"ListItem\",\"position\":1,\"name\":\"Home\",\"item\":\"https:\/\/www.manaus.am.gov.br\/manauscult\/\"},{\"@type\":\"ListItem\",\"position\":2,\"name\":\"Inscri\u00e7\u00f5es para 2\u00aa edi\u00e7\u00e3o do projeto \u2018Aldeia Cultural\u2019 encerram neste domingo, 26\/1\"}]},{\"@type\":\"WebSite\",\"@id\":\"https:\/\/www.manaus.am.gov.br\/manauscult\/#website\",\"url\":\"https:\/\/www.manaus.am.gov.br\/manauscult\/\",\"name\":\"MANAUSCULT\",\"description\":\"Prefeitura de Manaus\",\"potentialAction\":[{\"@type\":\"SearchAction\",\"target\":{\"@type\":\"EntryPoint\",\"urlTemplate\":\"https:\/\/www.manaus.am.gov.br\/manauscult\/?s={search_term_string}\"},\"query-input\":\"required name=search_term_string\"}],\"inLanguage\":\"pt-BR\"},{\"@type\":\"Person\",\"@id\":\"https:\/\/www.manaus.am.gov.br\/manauscult\/#\/schema\/person\/466a0e03ae4b6062809046bd560ac955\",\"name\":\"bvalente\",\"image\":{\"@type\":\"ImageObject\",\"inLanguage\":\"pt-BR\",\"@id\":\"https:\/\/www.manaus.am.gov.br\/manauscult\/#\/schema\/person\/image\/\",\"url\":\"https:\/\/secure.gravatar.com\/avatar\/3e69bc2b014bdad41adfec3a39de07d2?s=96&d=mm&r=g\",\"contentUrl\":\"https:\/\/secure.gravatar.com\/avatar\/3e69bc2b014bdad41adfec3a39de07d2?s=96&d=mm&r=g\",\"caption\":\"bvalente\"}}]}<\/script>\n<!-- \/ Yoast SEO plugin. -->","yoast_head_json":{"title":"Inscri\u00e7\u00f5es para 2\u00aa edi\u00e7\u00e3o do projeto \u2018Aldeia Cultural\u2019 encerram neste domingo, 26\/1","description":"Contemplado pelo edital Pol\u00edtica Nacional Aldir Blanc (Pnab), da Prefeitura de Manaus, por meio do Conselho Municipal de Cultura (Concultura), a 2\u00aa edi\u00e7\u00e3o do projeto \"Aldeia Cultural\" acontece nos dias 1\u00ba e 2\/2, na Aldeia Ind\u00edgena Inha\u00e3-b\u00e9, localizada no Tarum\u00e3-A\u00e7u, regi\u00e3o metropolitana de Manaus. Para participarem, os interessados precisam ser maiores de idade, a partir de 18 anos, e dever\u00e3o preencher corretamente o formul\u00e1rio, pelo link bit.ly\/40wDFOH. As inscri\u00e7\u00f5es encerram \u00e0s 23h59 do domingo, 26\/1. Ao todo, ser\u00e3o disponibilizadas 40 vagas.","robots":{"index":"noindex","follow":"follow"},"og_locale":"pt_BR","og_type":"article","og_title":"Inscri\u00e7\u00f5es para 2\u00aa edi\u00e7\u00e3o do projeto \u2018Aldeia Cultural\u2019 encerram neste domingo, 26\/1","og_description":"Contemplado pelo edital Pol\u00edtica Nacional Aldir Blanc (Pnab), da Prefeitura de Manaus, por meio do Conselho Municipal de Cultura (Concultura), a 2\u00aa edi\u00e7\u00e3o do projeto \"Aldeia Cultural\" acontece nos dias 1\u00ba e 2\/2, na Aldeia Ind\u00edgena Inha\u00e3-b\u00e9, localizada no Tarum\u00e3-A\u00e7u, regi\u00e3o metropolitana de Manaus. Para participarem, os interessados precisam ser maiores de idade, a partir de 18 anos, e dever\u00e3o preencher corretamente o formul\u00e1rio, pelo link bit.ly\/40wDFOH. As inscri\u00e7\u00f5es encerram \u00e0s 23h59 do domingo, 26\/1. Ao todo, ser\u00e3o disponibilizadas 40 vagas.","og_url":"https:\/\/www.manaus.am.gov.br\/manauscult\/projeto-cultural-manaus\/","og_site_name":"MANAUSCULT","article_published_time":"2025-01-25T00:23:09+00:00","article_modified_time":"2025-01-25T00:23:12+00:00","og_image":[{"width":800,"height":533,"url":"https:\/\/www.manaus.am.gov.br\/manauscult\/wp-content\/uploads\/sites\/11\/2025\/01\/Inscricoes-para-2a-edicao-do-projeto-\u2018Aldeia-Cultural-encerram-neste-domingo-26.jpg","type":"image\/jpeg"}],"author":"bvalente","twitter_card":"summary_large_image","twitter_misc":{"Written by":"bvalente","Est. reading time":"3 minutos"},"schema":{"@context":"https:\/\/schema.org","@graph":[{"@type":"WebPage","@id":"https:\/\/www.manaus.am.gov.br\/manauscult\/projeto-cultural-manaus\/","url":"https:\/\/www.manaus.am.gov.br\/manauscult\/projeto-cultural-manaus\/","name":"Inscri\u00e7\u00f5es para 2\u00aa edi\u00e7\u00e3o do projeto \u2018Aldeia Cultural\u2019 encerram neste domingo, 26\/1","isPartOf":{"@id":"https:\/\/www.manaus.am.gov.br\/manauscult\/#website"},"primaryImageOfPage":{"@id":"https:\/\/www.manaus.am.gov.br\/manauscult\/projeto-cultural-manaus\/#primaryimage"},"image":{"@id":"https:\/\/www.manaus.am.gov.br\/manauscult\/projeto-cultural-manaus\/#primaryimage"},"thumbnailUrl":"https:\/\/www.manaus.am.gov.br\/manauscult\/wp-content\/uploads\/sites\/11\/2025\/01\/Inscricoes-para-2a-edicao-do-projeto-\u2018Aldeia-Cultural-encerram-neste-domingo-26.jpg","datePublished":"2025-01-25T00:23:09+00:00","dateModified":"2025-01-25T00:23:12+00:00","author":{"@id":"https:\/\/www.manaus.am.gov.br\/manauscult\/#\/schema\/person\/466a0e03ae4b6062809046bd560ac955"},"description":"Contemplado pelo edital Pol\u00edtica Nacional Aldir Blanc (Pnab), da Prefeitura de Manaus, por meio do Conselho Municipal de Cultura (Concultura), a 2\u00aa edi\u00e7\u00e3o do projeto \"Aldeia Cultural\" acontece nos dias 1\u00ba e 2\/2, na Aldeia Ind\u00edgena Inha\u00e3-b\u00e9, localizada no Tarum\u00e3-A\u00e7u, regi\u00e3o metropolitana de Manaus. Para participarem, os interessados precisam ser maiores de idade, a partir de 18 anos, e dever\u00e3o preencher corretamente o formul\u00e1rio, pelo link bit.ly\/40wDFOH. As inscri\u00e7\u00f5es encerram \u00e0s 23h59 do domingo, 26\/1. Ao todo, ser\u00e3o disponibilizadas 40 vagas.","breadcrumb":{"@id":"https:\/\/www.manaus.am.gov.br\/manauscult\/projeto-cultural-manaus\/#breadcrumb"},"inLanguage":"pt-BR","potentialAction":[{"@type":"ReadAction","target":["https:\/\/www.manaus.am.gov.br\/manauscult\/projeto-cultural-manaus\/"]}]},{"@type":"ImageObject","inLanguage":"pt-BR","@id":"https:\/\/www.manaus.am.gov.br\/manauscult\/projeto-cultural-manaus\/#primaryimage","url":"https:\/\/www.manaus.am.gov.br\/manauscult\/wp-content\/uploads\/sites\/11\/2025\/01\/Inscricoes-para-2a-edicao-do-projeto-\u2018Aldeia-Cultural-encerram-neste-domingo-26.jpg","contentUrl":"https:\/\/www.manaus.am.gov.br\/manauscult\/wp-content\/uploads\/sites\/11\/2025\/01\/Inscricoes-para-2a-edicao-do-projeto-\u2018Aldeia-Cultural-encerram-neste-domingo-26.jpg","width":800,"height":533},{"@type":"BreadcrumbList","@id":"https:\/\/www.manaus.am.gov.br\/manauscult\/projeto-cultural-manaus\/#breadcrumb","itemListElement":[{"@type":"ListItem","position":1,"name":"Home","item":"https:\/\/www.manaus.am.gov.br\/manauscult\/"},{"@type":"ListItem","position":2,"name":"Inscri\u00e7\u00f5es para 2\u00aa edi\u00e7\u00e3o do projeto \u2018Aldeia Cultural\u2019 encerram neste domingo, 26\/1"}]},{"@type":"WebSite","@id":"https:\/\/www.manaus.am.gov.br\/manauscult\/#website","url":"https:\/\/www.manaus.am.gov.br\/manauscult\/","name":"MANAUSCULT","description":"Prefeitura de Manaus","potentialAction":[{"@type":"SearchAction","target":{"@type":"EntryPoint","urlTemplate":"https:\/\/www.manaus.am.gov.br\/manauscult\/?s={search_term_string}"},"query-input":"required name=search_term_string"}],"inLanguage":"pt-BR"},{"@type":"Person","@id":"https:\/\/www.manaus.am.gov.br\/manauscult\/#\/schema\/person\/466a0e03ae4b6062809046bd560ac955","name":"bvalente","image":{"@type":"ImageObject","inLanguage":"pt-BR","@id":"https:\/\/www.manaus.am.gov.br\/manauscult\/#\/schema\/person\/image\/","url":"https:\/\/secure.gravatar.com\/avatar\/3e69bc2b014bdad41adfec3a39de07d2?s=96&d=mm&r=g","contentUrl":"https:\/\/secure.gravatar.com\/avatar\/3e69bc2b014bdad41adfec3a39de07d2?s=96&d=mm&r=g","caption":"bvalente"}}]}},"_links":{"self":[{"href":"https:\/\/www.manaus.am.gov.br\/manauscult\/wp-json\/wp\/v2\/posts\/3032"}],"collection":[{"href":"https:\/\/www.manaus.am.gov.br\/manauscult\/wp-json\/wp\/v2\/posts"}],"about":[{"href":"https:\/\/www.manaus.am.gov.br\/manauscult\/wp-json\/wp\/v2\/types\/post"}],"author":[{"embeddable":true,"href":"https:\/\/www.manaus.am.gov.br\/manauscult\/wp-json\/wp\/v2\/users\/68"}],"replies":[{"embeddable":true,"href":"https:\/\/www.manaus.am.gov.br\/manauscult\/wp-json\/wp\/v2\/comments?post=3032"}],"version-history":[{"count":0,"href":"https:\/\/www.manaus.am.gov.br\/manauscult\/wp-json\/wp\/v2\/posts\/3032\/revisions"}],"wp:featuredmedia":[{"embeddable":true,"href":"https:\/\/www.manaus.am.gov.br\/manauscult\/wp-json\/wp\/v2\/media\/3033"}],"wp:attachment":[{"href":"https:\/\/www.manaus.am.gov.br\/manauscult\/wp-json\/wp\/v2\/media?parent=3032"}],"wp:term":[{"taxonomy":"category","embeddable":true,"href":"https:\/\/www.manaus.am.gov.br\/manauscult\/wp-json\/wp\/v2\/categories?post=3032"},{"taxonomy":"post_tag","embeddable":true,"href":"https:\/\/www.manaus.am.gov.br\/manauscult\/wp-json\/wp\/v2\/tags?post=3032"}],"curies":[{"name":"wp","href":"https:\/\/api.w.org\/{rel}","templated":true}]}}