{"id":3030,"date":"2025-01-24T15:03:11","date_gmt":"2025-01-24T19:03:11","guid":{"rendered":"https:\/\/www.manaus.am.gov.br\/manauscult\/carnaval-2025-organizacao-manauscult\/"},"modified":"2025-01-24T15:03:13","modified_gmt":"2025-01-24T19:03:13","slug":"carnaval-2025-organizacao-manauscult","status":"publish","type":"post","link":"https:\/\/www.manaus.am.gov.br\/manauscult\/carnaval-2025-organizacao-manauscult\/","title":{"rendered":"Prefeitura e representantes de bandas e blocos discutem organiza\u00e7\u00e3o do Carnaval 2025 em reuni\u00e3o estrat\u00e9gica"},"content":{"rendered":"\n<p>A <a href=\"https:\/\/www.instagram.com\/prefeiturademanaus\/\">Prefeitura de Manaus<\/a>, por meio da <a href=\"https:\/\/www.manaus.am.gov.br\/manauscult\/\">Funda\u00e7\u00e3o Municipal de Cultura, Turismo e Eventos<\/a> (ManausCult), realizou, na manh\u00e3 desta sexta-feira, 24\/1, uma reuni\u00e3o com os representantes de bandas e blocos de Manaus, contemplados no edital 009\/2024, do Carnaval 2025. O encontro ocorreu no Casar\u00e3o da Inova\u00e7\u00e3o Cassina, no centro hist\u00f3rico da cidade, e teve como objetivo definir diretrizes para o Carnaval de 2025, com foco na organiza\u00e7\u00e3o, seguran\u00e7a e incentivo \u00e0 cultura local.<\/p>\n\n\n\n<p>A reuni\u00e3o abordou temas essenciais para a realiza\u00e7\u00e3o do Carnaval, como a estrutura\u00e7\u00e3o dos eventos, log\u00edstica, seguran\u00e7a e a ocupa\u00e7\u00e3o de espa\u00e7os p\u00fablicos. Representantes de bandas e blocos aproveitaram a oportunidade para apresentar demandas e propor melhorias, refor\u00e7ando a import\u00e2ncia de um di\u00e1logo constante entre o poder p\u00fablico e os organizadores de eventos culturais.<\/p>\n\n\n\n<p>O diretor-presidente da ManausCult, Jender Lobato, destacou o compromisso da Prefeitura de Manaus, juntamente com toda equipe da secretaria, em promover um Carnaval que celebre a diversidade cultural da cidade, sem abrir m\u00e3o da seguran\u00e7a e da organiza\u00e7\u00e3o.<\/p>\n\n\n\n<p>\u201cO Carnaval \u00e9 uma manifesta\u00e7\u00e3o cultural que movimenta nossa cidade de forma significativa, tanto no aspecto econ\u00f4mico quanto social. Nosso objetivo \u00e9 garantir que todos, desde os organizadores at\u00e9 o p\u00fablico, tenham uma experi\u00eancia segura e inesquec\u00edvel. Vamos fazer o melhor Carnaval que Manaus j\u00e1 teve\u201d, afirmou.<\/p>\n\n\n\n<p>Para os representantes das bandas e blocos, a parceria com a ManausCult \u00e9 essencial para superar desafios, como a burocracia e a libera\u00e7\u00e3o de autoriza\u00e7\u00f5es.<\/p>\n\n\n\n<p>\u201cEssa reuni\u00e3o mostra o comprometimento da ManausCult em ouvir as nossas necessidades. Queremos fazer um Carnaval que encha a cidade de alegria, mas tamb\u00e9m de oportunidades, sempre com essa organiza\u00e7\u00e3o\u201d, agradeceu o diretor da Banda da Bica, Roberto Carvalho.<\/p>\n\n\n\n<p><strong>Planejamento e novas propostas<\/strong><\/p>\n\n\n\n<p>A ManausCult tamb\u00e9m sinalizou a inten\u00e7\u00e3o de fortalecer os polos descentralizados de Carnaval, levando programa\u00e7\u00e3o cultural para diferentes zonas da cidade. A medida visa democratizar o acesso \u00e0 festa e promover a inclus\u00e3o social.<\/p>\n\n\n\n<p>Durante a reuni\u00e3o, a ManausCult anunciou uma novidade para a promo\u00e7\u00e3o do Carnaval 2025: a produ\u00e7\u00e3o de v\u00eddeos exclusivos com as 120 bandas e blocos de Manaus contemplados no edital, como parte da estrat\u00e9gia de divulga\u00e7\u00e3o do evento. Os v\u00eddeos ter\u00e3o o objetivo de destacar a hist\u00f3ria, as tradi\u00e7\u00f5es e os preparativos de cada grupo, refor\u00e7ando a identidade cultural local. Com o di\u00e1logo aberto e o engajamento dos envolvidos, o Carnaval 2025 de Manaus promete ser uma celebra\u00e7\u00e3o grandiosa, que valoriza a cultura local e refor\u00e7a o papel do evento como um motor de transforma\u00e7\u00e3o social e econ\u00f4mica.<\/p>\n\n\n\n<p>&#8212; &#8212; &#8212;<\/p>\n\n\n\n<p><strong>Texto <\/strong>&#8211; J\u00e9ssica Trajano \/ Manauscult<\/p>\n\n\n\n<p><strong>Foto \u2013<\/strong> Valdo Lopes \/ Semcom<strong>Dispon\u00edveis em<\/strong> \u2013 <a href=\"https:\/\/flic.kr\/s\/aHBqjBZ7aD\">https:\/\/flic.kr\/s\/aHBqjBZ7aD<\/a><\/p>\n","protected":false},"excerpt":{"rendered":"","protected":false},"author":57,"featured_media":3031,"comment_status":"closed","ping_status":"closed","sticky":false,"template":"","format":"standard","meta":{"footnotes":""},"categories":[913],"tags":[1196,9,11],"acf":[],"yoast_head":"<!-- This site is optimized with the Yoast SEO plugin v23.0 - https:\/\/yoast.com\/wordpress\/plugins\/seo\/ -->\n<title>Prefeitura e artistas discutem organiza\u00e7\u00e3o do Carnaval 2025<\/title>\n<meta name=\"description\" content=\"A Prefeitura realizou, na manh\u00e3 desta sexta-feira, 24\/1, uma reuni\u00e3o com os representantes de bandas e blocos de Manaus do Carnaval 2025.\" \/>\n<meta name=\"robots\" content=\"noindex, follow\" \/>\n<meta property=\"og:locale\" content=\"pt_BR\" \/>\n<meta property=\"og:type\" content=\"article\" \/>\n<meta property=\"og:title\" content=\"Prefeitura e artistas discutem organiza\u00e7\u00e3o do Carnaval 2025\" \/>\n<meta property=\"og:description\" content=\"A Prefeitura realizou, na manh\u00e3 desta sexta-feira, 24\/1, uma reuni\u00e3o com os representantes de bandas e blocos de Manaus do Carnaval 2025.\" \/>\n<meta property=\"og:url\" content=\"https:\/\/www.manaus.am.gov.br\/manauscult\/carnaval-2025-organizacao-manauscult\/\" \/>\n<meta property=\"og:site_name\" content=\"MANAUSCULT\" \/>\n<meta property=\"article:published_time\" content=\"2025-01-24T19:03:11+00:00\" \/>\n<meta property=\"article:modified_time\" content=\"2025-01-24T19:03:13+00:00\" \/>\n<meta property=\"og:image\" content=\"https:\/\/www.manaus.am.gov.br\/manauscult\/wp-content\/uploads\/sites\/11\/2025\/01\/Carnaval-2025_Manauscult-1.jpg\" \/>\n\t<meta property=\"og:image:width\" content=\"799\" \/>\n\t<meta property=\"og:image:height\" content=\"533\" \/>\n\t<meta property=\"og:image:type\" content=\"image\/jpeg\" \/>\n<meta name=\"author\" content=\"Thiago Fernando\" \/>\n<meta name=\"twitter:card\" content=\"summary_large_image\" \/>\n<meta name=\"twitter:label1\" content=\"Written by\" \/>\n\t<meta name=\"twitter:data1\" content=\"Thiago Fernando\" \/>\n\t<meta name=\"twitter:label2\" content=\"Est. reading time\" \/>\n\t<meta name=\"twitter:data2\" content=\"3 minutos\" \/>\n<script type=\"application\/ld+json\" class=\"yoast-schema-graph\">{\"@context\":\"https:\/\/schema.org\",\"@graph\":[{\"@type\":\"WebPage\",\"@id\":\"https:\/\/www.manaus.am.gov.br\/manauscult\/carnaval-2025-organizacao-manauscult\/\",\"url\":\"https:\/\/www.manaus.am.gov.br\/manauscult\/carnaval-2025-organizacao-manauscult\/\",\"name\":\"Prefeitura e artistas discutem organiza\u00e7\u00e3o do Carnaval 2025\",\"isPartOf\":{\"@id\":\"https:\/\/www.manaus.am.gov.br\/manauscult\/#website\"},\"primaryImageOfPage\":{\"@id\":\"https:\/\/www.manaus.am.gov.br\/manauscult\/carnaval-2025-organizacao-manauscult\/#primaryimage\"},\"image\":{\"@id\":\"https:\/\/www.manaus.am.gov.br\/manauscult\/carnaval-2025-organizacao-manauscult\/#primaryimage\"},\"thumbnailUrl\":\"https:\/\/www.manaus.am.gov.br\/manauscult\/wp-content\/uploads\/sites\/11\/2025\/01\/Carnaval-2025_Manauscult-1.jpg\",\"datePublished\":\"2025-01-24T19:03:11+00:00\",\"dateModified\":\"2025-01-24T19:03:13+00:00\",\"author\":{\"@id\":\"https:\/\/www.manaus.am.gov.br\/manauscult\/#\/schema\/person\/a5ee5376db6e21af026374b369f30882\"},\"description\":\"A Prefeitura realizou, na manh\u00e3 desta sexta-feira, 24\/1, uma reuni\u00e3o com os representantes de bandas e blocos de Manaus do Carnaval 2025.\",\"breadcrumb\":{\"@id\":\"https:\/\/www.manaus.am.gov.br\/manauscult\/carnaval-2025-organizacao-manauscult\/#breadcrumb\"},\"inLanguage\":\"pt-BR\",\"potentialAction\":[{\"@type\":\"ReadAction\",\"target\":[\"https:\/\/www.manaus.am.gov.br\/manauscult\/carnaval-2025-organizacao-manauscult\/\"]}]},{\"@type\":\"ImageObject\",\"inLanguage\":\"pt-BR\",\"@id\":\"https:\/\/www.manaus.am.gov.br\/manauscult\/carnaval-2025-organizacao-manauscult\/#primaryimage\",\"url\":\"https:\/\/www.manaus.am.gov.br\/manauscult\/wp-content\/uploads\/sites\/11\/2025\/01\/Carnaval-2025_Manauscult-1.jpg\",\"contentUrl\":\"https:\/\/www.manaus.am.gov.br\/manauscult\/wp-content\/uploads\/sites\/11\/2025\/01\/Carnaval-2025_Manauscult-1.jpg\",\"width\":799,\"height\":533,\"caption\":\"#paratodosverem - Representante de banda pousando para foto com o certificado\"},{\"@type\":\"BreadcrumbList\",\"@id\":\"https:\/\/www.manaus.am.gov.br\/manauscult\/carnaval-2025-organizacao-manauscult\/#breadcrumb\",\"itemListElement\":[{\"@type\":\"ListItem\",\"position\":1,\"name\":\"Home\",\"item\":\"https:\/\/www.manaus.am.gov.br\/manauscult\/\"},{\"@type\":\"ListItem\",\"position\":2,\"name\":\"Prefeitura e representantes de bandas e blocos discutem organiza\u00e7\u00e3o do Carnaval 2025 em reuni\u00e3o estrat\u00e9gica\"}]},{\"@type\":\"WebSite\",\"@id\":\"https:\/\/www.manaus.am.gov.br\/manauscult\/#website\",\"url\":\"https:\/\/www.manaus.am.gov.br\/manauscult\/\",\"name\":\"MANAUSCULT\",\"description\":\"Prefeitura de Manaus\",\"potentialAction\":[{\"@type\":\"SearchAction\",\"target\":{\"@type\":\"EntryPoint\",\"urlTemplate\":\"https:\/\/www.manaus.am.gov.br\/manauscult\/?s={search_term_string}\"},\"query-input\":\"required name=search_term_string\"}],\"inLanguage\":\"pt-BR\"},{\"@type\":\"Person\",\"@id\":\"https:\/\/www.manaus.am.gov.br\/manauscult\/#\/schema\/person\/a5ee5376db6e21af026374b369f30882\",\"name\":\"Thiago Fernando\",\"image\":{\"@type\":\"ImageObject\",\"inLanguage\":\"pt-BR\",\"@id\":\"https:\/\/www.manaus.am.gov.br\/manauscult\/#\/schema\/person\/image\/\",\"url\":\"https:\/\/secure.gravatar.com\/avatar\/f5aab8722444041451501c077052ac07?s=96&d=mm&r=g\",\"contentUrl\":\"https:\/\/secure.gravatar.com\/avatar\/f5aab8722444041451501c077052ac07?s=96&d=mm&r=g\",\"caption\":\"Thiago Fernando\"}}]}<\/script>\n<!-- \/ Yoast SEO plugin. -->","yoast_head_json":{"title":"Prefeitura e artistas discutem organiza\u00e7\u00e3o do Carnaval 2025","description":"A Prefeitura realizou, na manh\u00e3 desta sexta-feira, 24\/1, uma reuni\u00e3o com os representantes de bandas e blocos de Manaus do Carnaval 2025.","robots":{"index":"noindex","follow":"follow"},"og_locale":"pt_BR","og_type":"article","og_title":"Prefeitura e artistas discutem organiza\u00e7\u00e3o do Carnaval 2025","og_description":"A Prefeitura realizou, na manh\u00e3 desta sexta-feira, 24\/1, uma reuni\u00e3o com os representantes de bandas e blocos de Manaus do Carnaval 2025.","og_url":"https:\/\/www.manaus.am.gov.br\/manauscult\/carnaval-2025-organizacao-manauscult\/","og_site_name":"MANAUSCULT","article_published_time":"2025-01-24T19:03:11+00:00","article_modified_time":"2025-01-24T19:03:13+00:00","og_image":[{"width":799,"height":533,"url":"https:\/\/www.manaus.am.gov.br\/manauscult\/wp-content\/uploads\/sites\/11\/2025\/01\/Carnaval-2025_Manauscult-1.jpg","type":"image\/jpeg"}],"author":"Thiago Fernando","twitter_card":"summary_large_image","twitter_misc":{"Written by":"Thiago Fernando","Est. reading time":"3 minutos"},"schema":{"@context":"https:\/\/schema.org","@graph":[{"@type":"WebPage","@id":"https:\/\/www.manaus.am.gov.br\/manauscult\/carnaval-2025-organizacao-manauscult\/","url":"https:\/\/www.manaus.am.gov.br\/manauscult\/carnaval-2025-organizacao-manauscult\/","name":"Prefeitura e artistas discutem organiza\u00e7\u00e3o do Carnaval 2025","isPartOf":{"@id":"https:\/\/www.manaus.am.gov.br\/manauscult\/#website"},"primaryImageOfPage":{"@id":"https:\/\/www.manaus.am.gov.br\/manauscult\/carnaval-2025-organizacao-manauscult\/#primaryimage"},"image":{"@id":"https:\/\/www.manaus.am.gov.br\/manauscult\/carnaval-2025-organizacao-manauscult\/#primaryimage"},"thumbnailUrl":"https:\/\/www.manaus.am.gov.br\/manauscult\/wp-content\/uploads\/sites\/11\/2025\/01\/Carnaval-2025_Manauscult-1.jpg","datePublished":"2025-01-24T19:03:11+00:00","dateModified":"2025-01-24T19:03:13+00:00","author":{"@id":"https:\/\/www.manaus.am.gov.br\/manauscult\/#\/schema\/person\/a5ee5376db6e21af026374b369f30882"},"description":"A Prefeitura realizou, na manh\u00e3 desta sexta-feira, 24\/1, uma reuni\u00e3o com os representantes de bandas e blocos de Manaus do Carnaval 2025.","breadcrumb":{"@id":"https:\/\/www.manaus.am.gov.br\/manauscult\/carnaval-2025-organizacao-manauscult\/#breadcrumb"},"inLanguage":"pt-BR","potentialAction":[{"@type":"ReadAction","target":["https:\/\/www.manaus.am.gov.br\/manauscult\/carnaval-2025-organizacao-manauscult\/"]}]},{"@type":"ImageObject","inLanguage":"pt-BR","@id":"https:\/\/www.manaus.am.gov.br\/manauscult\/carnaval-2025-organizacao-manauscult\/#primaryimage","url":"https:\/\/www.manaus.am.gov.br\/manauscult\/wp-content\/uploads\/sites\/11\/2025\/01\/Carnaval-2025_Manauscult-1.jpg","contentUrl":"https:\/\/www.manaus.am.gov.br\/manauscult\/wp-content\/uploads\/sites\/11\/2025\/01\/Carnaval-2025_Manauscult-1.jpg","width":799,"height":533,"caption":"#paratodosverem - Representante de banda pousando para foto com o certificado"},{"@type":"BreadcrumbList","@id":"https:\/\/www.manaus.am.gov.br\/manauscult\/carnaval-2025-organizacao-manauscult\/#breadcrumb","itemListElement":[{"@type":"ListItem","position":1,"name":"Home","item":"https:\/\/www.manaus.am.gov.br\/manauscult\/"},{"@type":"ListItem","position":2,"name":"Prefeitura e representantes de bandas e blocos discutem organiza\u00e7\u00e3o do Carnaval 2025 em reuni\u00e3o estrat\u00e9gica"}]},{"@type":"WebSite","@id":"https:\/\/www.manaus.am.gov.br\/manauscult\/#website","url":"https:\/\/www.manaus.am.gov.br\/manauscult\/","name":"MANAUSCULT","description":"Prefeitura de Manaus","potentialAction":[{"@type":"SearchAction","target":{"@type":"EntryPoint","urlTemplate":"https:\/\/www.manaus.am.gov.br\/manauscult\/?s={search_term_string}"},"query-input":"required name=search_term_string"}],"inLanguage":"pt-BR"},{"@type":"Person","@id":"https:\/\/www.manaus.am.gov.br\/manauscult\/#\/schema\/person\/a5ee5376db6e21af026374b369f30882","name":"Thiago Fernando","image":{"@type":"ImageObject","inLanguage":"pt-BR","@id":"https:\/\/www.manaus.am.gov.br\/manauscult\/#\/schema\/person\/image\/","url":"https:\/\/secure.gravatar.com\/avatar\/f5aab8722444041451501c077052ac07?s=96&d=mm&r=g","contentUrl":"https:\/\/secure.gravatar.com\/avatar\/f5aab8722444041451501c077052ac07?s=96&d=mm&r=g","caption":"Thiago Fernando"}}]}},"_links":{"self":[{"href":"https:\/\/www.manaus.am.gov.br\/manauscult\/wp-json\/wp\/v2\/posts\/3030"}],"collection":[{"href":"https:\/\/www.manaus.am.gov.br\/manauscult\/wp-json\/wp\/v2\/posts"}],"about":[{"href":"https:\/\/www.manaus.am.gov.br\/manauscult\/wp-json\/wp\/v2\/types\/post"}],"author":[{"embeddable":true,"href":"https:\/\/www.manaus.am.gov.br\/manauscult\/wp-json\/wp\/v2\/users\/57"}],"replies":[{"embeddable":true,"href":"https:\/\/www.manaus.am.gov.br\/manauscult\/wp-json\/wp\/v2\/comments?post=3030"}],"version-history":[{"count":0,"href":"https:\/\/www.manaus.am.gov.br\/manauscult\/wp-json\/wp\/v2\/posts\/3030\/revisions"}],"wp:featuredmedia":[{"embeddable":true,"href":"https:\/\/www.manaus.am.gov.br\/manauscult\/wp-json\/wp\/v2\/media\/3031"}],"wp:attachment":[{"href":"https:\/\/www.manaus.am.gov.br\/manauscult\/wp-json\/wp\/v2\/media?parent=3030"}],"wp:term":[{"taxonomy":"category","embeddable":true,"href":"https:\/\/www.manaus.am.gov.br\/manauscult\/wp-json\/wp\/v2\/categories?post=3030"},{"taxonomy":"post_tag","embeddable":true,"href":"https:\/\/www.manaus.am.gov.br\/manauscult\/wp-json\/wp\/v2\/tags?post=3030"}],"curies":[{"name":"wp","href":"https:\/\/api.w.org\/{rel}","templated":true}]}}