{"id":2963,"date":"2024-12-30T15:55:43","date_gmt":"2024-12-30T19:55:43","guid":{"rendered":"https:\/\/www.manaus.am.gov.br\/manauscult\/objetos-reveillon-manaus-2025\/"},"modified":"2024-12-30T15:55:44","modified_gmt":"2024-12-30T19:55:44","slug":"objetos-reveillon-manaus-2025","status":"publish","type":"post","link":"https:\/\/www.manaus.am.gov.br\/manauscult\/objetos-reveillon-manaus-2025\/","title":{"rendered":"Confira os objetos que n\u00e3o ser\u00e3o permitidos no R\u00e9veillon Manaus 2025"},"content":{"rendered":"\n<p>A Prefeitura de Manaus informa os objetos que n\u00e3o ter\u00e3o acesso permitidos nesta segunda-feira, 30\/12, e ter\u00e7a-feira, 31\/12, no \u201cR\u00e9veillon Manaus 2025 &#8211; O Encontro da Nossa Gente\u201d. O evento, promovido pela Funda\u00e7\u00e3o Municipal de Cultura, Turismo e Eventos (ManausCult), \u00e9 uma tradi\u00e7\u00e3o na capital amazonense para celebrar o encerramento deste ano e dar as boas-vindas ao novo ano.<\/p>\n\n\n\n<p>Est\u00e3o proibidas de adentrar nos eventos as pessoas com objetos que, de alguma forma, ameacem o p\u00fablico presente, como arma de fogo ou arma branca, incluindo facas e similares; materiais cortantes ou perfurantes, como faca, canivetes, bast\u00f5es, martelos e similares; guarda-chuvas com hastes met\u00e1licas; tubos de bandeiras em material contundente; subst\u00e2ncias ou engenhos explosivos ou pirot\u00e9cnicos: fogos de artif\u00edcio, explosivos e similares; tubos em aerossol contendo quaisquer subst\u00e2ncias; garrafas, copos, pratos e quaisquer outros materiais de vidro; dardos, seringas e extintores; geleiras e capacetes.<\/p>\n\n\n\n<p>Nesta segunda-feira o \u201cR\u00e9veillon Gospel\u201d, na praia da Ponta Negra, abrir\u00e1 a programa\u00e7\u00e3o das festividades de fim de ano, com shows voltados \u00e0 f\u00e9 e \u00e0 espiritualidade. J\u00e1 na ter\u00e7a-feira, a celebra\u00e7\u00e3o da virada ser\u00e1 realizada, simultaneamente, em tr\u00eas pontos da cidade: na praia da Ponta Negra, zona Oeste; no parque Amazonino Mendes, na alameda Alphaville, nas zonas Norte e Leste; e na orla do Amarelinho, no bairro Educandos, zona Sul da cidade.<\/p>\n\n\n\n<p>&#8212; &#8212; &#8212;<\/p>\n\n\n\n<p><strong>Texto<\/strong>&#8211; Divulga\u00e7\u00e3o \/ Semcom<\/p>\n","protected":false},"excerpt":{"rendered":"","protected":false},"author":25,"featured_media":2958,"comment_status":"closed","ping_status":"closed","sticky":false,"template":"","format":"standard","meta":{"footnotes":""},"categories":[224],"tags":[9,1186,1181],"acf":[],"yoast_head":"<!-- This site is optimized with the Yoast SEO plugin v23.0 - https:\/\/yoast.com\/wordpress\/plugins\/seo\/ -->\n<title>Confira os objetos que n\u00e3o ser\u00e3o permitidos no R\u00e9veillon Manaus 2025<\/title>\n<meta name=\"description\" content=\"A Prefeitura de Manaus informa os objetos que n\u00e3o ter\u00e3o acesso permitidos nesta segunda-feira, 30\/12, e ter\u00e7a-feira, 31\/12\" \/>\n<meta name=\"robots\" content=\"noindex, follow\" \/>\n<meta property=\"og:locale\" content=\"pt_BR\" \/>\n<meta property=\"og:type\" content=\"article\" \/>\n<meta property=\"og:title\" content=\"Confira os objetos que n\u00e3o ser\u00e3o permitidos no R\u00e9veillon Manaus 2025\" \/>\n<meta property=\"og:description\" content=\"A Prefeitura de Manaus informa os objetos que n\u00e3o ter\u00e3o acesso permitidos nesta segunda-feira, 30\/12, e ter\u00e7a-feira, 31\/12\" \/>\n<meta property=\"og:url\" content=\"https:\/\/www.manaus.am.gov.br\/manauscult\/objetos-reveillon-manaus-2025\/\" \/>\n<meta property=\"og:site_name\" content=\"MANAUSCULT\" \/>\n<meta property=\"article:published_time\" content=\"2024-12-30T19:55:43+00:00\" \/>\n<meta property=\"article:modified_time\" content=\"2024-12-30T19:55:44+00:00\" \/>\n<meta property=\"og:image\" content=\"https:\/\/www.manaus.am.gov.br\/manauscult\/wp-content\/uploads\/sites\/11\/2024\/12\/BANNER-NOTA.png\" \/>\n\t<meta property=\"og:image:width\" content=\"900\" \/>\n\t<meta property=\"og:image:height\" content=\"509\" \/>\n\t<meta property=\"og:image:type\" content=\"image\/png\" \/>\n<meta name=\"author\" content=\"Maur\u00edcio Freire\" \/>\n<meta name=\"twitter:card\" content=\"summary_large_image\" \/>\n<meta name=\"twitter:label1\" content=\"Written by\" \/>\n\t<meta name=\"twitter:data1\" content=\"Maur\u00edcio Freire\" \/>\n\t<meta name=\"twitter:label2\" content=\"Est. reading time\" \/>\n\t<meta name=\"twitter:data2\" content=\"2 minutos\" \/>\n<script type=\"application\/ld+json\" class=\"yoast-schema-graph\">{\"@context\":\"https:\/\/schema.org\",\"@graph\":[{\"@type\":\"WebPage\",\"@id\":\"https:\/\/www.manaus.am.gov.br\/manauscult\/objetos-reveillon-manaus-2025\/\",\"url\":\"https:\/\/www.manaus.am.gov.br\/manauscult\/objetos-reveillon-manaus-2025\/\",\"name\":\"Confira os objetos que n\u00e3o ser\u00e3o permitidos no R\u00e9veillon Manaus 2025\",\"isPartOf\":{\"@id\":\"https:\/\/www.manaus.am.gov.br\/manauscult\/#website\"},\"primaryImageOfPage\":{\"@id\":\"https:\/\/www.manaus.am.gov.br\/manauscult\/objetos-reveillon-manaus-2025\/#primaryimage\"},\"image\":{\"@id\":\"https:\/\/www.manaus.am.gov.br\/manauscult\/objetos-reveillon-manaus-2025\/#primaryimage\"},\"thumbnailUrl\":\"https:\/\/www.manaus.am.gov.br\/manauscult\/wp-content\/uploads\/sites\/11\/2024\/12\/BANNER-NOTA.png\",\"datePublished\":\"2024-12-30T19:55:43+00:00\",\"dateModified\":\"2024-12-30T19:55:44+00:00\",\"author\":{\"@id\":\"https:\/\/www.manaus.am.gov.br\/manauscult\/#\/schema\/person\/587989a23a463cde5618e6a028977a9a\"},\"description\":\"A Prefeitura de Manaus informa os objetos que n\u00e3o ter\u00e3o acesso permitidos nesta segunda-feira, 30\/12, e ter\u00e7a-feira, 31\/12\",\"breadcrumb\":{\"@id\":\"https:\/\/www.manaus.am.gov.br\/manauscult\/objetos-reveillon-manaus-2025\/#breadcrumb\"},\"inLanguage\":\"pt-BR\",\"potentialAction\":[{\"@type\":\"ReadAction\",\"target\":[\"https:\/\/www.manaus.am.gov.br\/manauscult\/objetos-reveillon-manaus-2025\/\"]}]},{\"@type\":\"ImageObject\",\"inLanguage\":\"pt-BR\",\"@id\":\"https:\/\/www.manaus.am.gov.br\/manauscult\/objetos-reveillon-manaus-2025\/#primaryimage\",\"url\":\"https:\/\/www.manaus.am.gov.br\/manauscult\/wp-content\/uploads\/sites\/11\/2024\/12\/BANNER-NOTA.png\",\"contentUrl\":\"https:\/\/www.manaus.am.gov.br\/manauscult\/wp-content\/uploads\/sites\/11\/2024\/12\/BANNER-NOTA.png\",\"width\":900,\"height\":509},{\"@type\":\"BreadcrumbList\",\"@id\":\"https:\/\/www.manaus.am.gov.br\/manauscult\/objetos-reveillon-manaus-2025\/#breadcrumb\",\"itemListElement\":[{\"@type\":\"ListItem\",\"position\":1,\"name\":\"Home\",\"item\":\"https:\/\/www.manaus.am.gov.br\/manauscult\/\"},{\"@type\":\"ListItem\",\"position\":2,\"name\":\"Confira os objetos que n\u00e3o ser\u00e3o permitidos no R\u00e9veillon Manaus 2025\"}]},{\"@type\":\"WebSite\",\"@id\":\"https:\/\/www.manaus.am.gov.br\/manauscult\/#website\",\"url\":\"https:\/\/www.manaus.am.gov.br\/manauscult\/\",\"name\":\"MANAUSCULT\",\"description\":\"Prefeitura de Manaus\",\"potentialAction\":[{\"@type\":\"SearchAction\",\"target\":{\"@type\":\"EntryPoint\",\"urlTemplate\":\"https:\/\/www.manaus.am.gov.br\/manauscult\/?s={search_term_string}\"},\"query-input\":\"required name=search_term_string\"}],\"inLanguage\":\"pt-BR\"},{\"@type\":\"Person\",\"@id\":\"https:\/\/www.manaus.am.gov.br\/manauscult\/#\/schema\/person\/587989a23a463cde5618e6a028977a9a\",\"name\":\"Maur\u00edcio Freire\",\"image\":{\"@type\":\"ImageObject\",\"inLanguage\":\"pt-BR\",\"@id\":\"https:\/\/www.manaus.am.gov.br\/manauscult\/#\/schema\/person\/image\/\",\"url\":\"https:\/\/secure.gravatar.com\/avatar\/dc1481799a1f75c733ac3b2634cd6749?s=96&d=mm&r=g\",\"contentUrl\":\"https:\/\/secure.gravatar.com\/avatar\/dc1481799a1f75c733ac3b2634cd6749?s=96&d=mm&r=g\",\"caption\":\"Maur\u00edcio Freire\"}}]}<\/script>\n<!-- \/ Yoast SEO plugin. -->","yoast_head_json":{"title":"Confira os objetos que n\u00e3o ser\u00e3o permitidos no R\u00e9veillon Manaus 2025","description":"A Prefeitura de Manaus informa os objetos que n\u00e3o ter\u00e3o acesso permitidos nesta segunda-feira, 30\/12, e ter\u00e7a-feira, 31\/12","robots":{"index":"noindex","follow":"follow"},"og_locale":"pt_BR","og_type":"article","og_title":"Confira os objetos que n\u00e3o ser\u00e3o permitidos no R\u00e9veillon Manaus 2025","og_description":"A Prefeitura de Manaus informa os objetos que n\u00e3o ter\u00e3o acesso permitidos nesta segunda-feira, 30\/12, e ter\u00e7a-feira, 31\/12","og_url":"https:\/\/www.manaus.am.gov.br\/manauscult\/objetos-reveillon-manaus-2025\/","og_site_name":"MANAUSCULT","article_published_time":"2024-12-30T19:55:43+00:00","article_modified_time":"2024-12-30T19:55:44+00:00","og_image":[{"width":900,"height":509,"url":"https:\/\/www.manaus.am.gov.br\/manauscult\/wp-content\/uploads\/sites\/11\/2024\/12\/BANNER-NOTA.png","type":"image\/png"}],"author":"Maur\u00edcio Freire","twitter_card":"summary_large_image","twitter_misc":{"Written by":"Maur\u00edcio Freire","Est. reading time":"2 minutos"},"schema":{"@context":"https:\/\/schema.org","@graph":[{"@type":"WebPage","@id":"https:\/\/www.manaus.am.gov.br\/manauscult\/objetos-reveillon-manaus-2025\/","url":"https:\/\/www.manaus.am.gov.br\/manauscult\/objetos-reveillon-manaus-2025\/","name":"Confira os objetos que n\u00e3o ser\u00e3o permitidos no R\u00e9veillon Manaus 2025","isPartOf":{"@id":"https:\/\/www.manaus.am.gov.br\/manauscult\/#website"},"primaryImageOfPage":{"@id":"https:\/\/www.manaus.am.gov.br\/manauscult\/objetos-reveillon-manaus-2025\/#primaryimage"},"image":{"@id":"https:\/\/www.manaus.am.gov.br\/manauscult\/objetos-reveillon-manaus-2025\/#primaryimage"},"thumbnailUrl":"https:\/\/www.manaus.am.gov.br\/manauscult\/wp-content\/uploads\/sites\/11\/2024\/12\/BANNER-NOTA.png","datePublished":"2024-12-30T19:55:43+00:00","dateModified":"2024-12-30T19:55:44+00:00","author":{"@id":"https:\/\/www.manaus.am.gov.br\/manauscult\/#\/schema\/person\/587989a23a463cde5618e6a028977a9a"},"description":"A Prefeitura de Manaus informa os objetos que n\u00e3o ter\u00e3o acesso permitidos nesta segunda-feira, 30\/12, e ter\u00e7a-feira, 31\/12","breadcrumb":{"@id":"https:\/\/www.manaus.am.gov.br\/manauscult\/objetos-reveillon-manaus-2025\/#breadcrumb"},"inLanguage":"pt-BR","potentialAction":[{"@type":"ReadAction","target":["https:\/\/www.manaus.am.gov.br\/manauscult\/objetos-reveillon-manaus-2025\/"]}]},{"@type":"ImageObject","inLanguage":"pt-BR","@id":"https:\/\/www.manaus.am.gov.br\/manauscult\/objetos-reveillon-manaus-2025\/#primaryimage","url":"https:\/\/www.manaus.am.gov.br\/manauscult\/wp-content\/uploads\/sites\/11\/2024\/12\/BANNER-NOTA.png","contentUrl":"https:\/\/www.manaus.am.gov.br\/manauscult\/wp-content\/uploads\/sites\/11\/2024\/12\/BANNER-NOTA.png","width":900,"height":509},{"@type":"BreadcrumbList","@id":"https:\/\/www.manaus.am.gov.br\/manauscult\/objetos-reveillon-manaus-2025\/#breadcrumb","itemListElement":[{"@type":"ListItem","position":1,"name":"Home","item":"https:\/\/www.manaus.am.gov.br\/manauscult\/"},{"@type":"ListItem","position":2,"name":"Confira os objetos que n\u00e3o ser\u00e3o permitidos no R\u00e9veillon Manaus 2025"}]},{"@type":"WebSite","@id":"https:\/\/www.manaus.am.gov.br\/manauscult\/#website","url":"https:\/\/www.manaus.am.gov.br\/manauscult\/","name":"MANAUSCULT","description":"Prefeitura de Manaus","potentialAction":[{"@type":"SearchAction","target":{"@type":"EntryPoint","urlTemplate":"https:\/\/www.manaus.am.gov.br\/manauscult\/?s={search_term_string}"},"query-input":"required name=search_term_string"}],"inLanguage":"pt-BR"},{"@type":"Person","@id":"https:\/\/www.manaus.am.gov.br\/manauscult\/#\/schema\/person\/587989a23a463cde5618e6a028977a9a","name":"Maur\u00edcio Freire","image":{"@type":"ImageObject","inLanguage":"pt-BR","@id":"https:\/\/www.manaus.am.gov.br\/manauscult\/#\/schema\/person\/image\/","url":"https:\/\/secure.gravatar.com\/avatar\/dc1481799a1f75c733ac3b2634cd6749?s=96&d=mm&r=g","contentUrl":"https:\/\/secure.gravatar.com\/avatar\/dc1481799a1f75c733ac3b2634cd6749?s=96&d=mm&r=g","caption":"Maur\u00edcio Freire"}}]}},"_links":{"self":[{"href":"https:\/\/www.manaus.am.gov.br\/manauscult\/wp-json\/wp\/v2\/posts\/2963"}],"collection":[{"href":"https:\/\/www.manaus.am.gov.br\/manauscult\/wp-json\/wp\/v2\/posts"}],"about":[{"href":"https:\/\/www.manaus.am.gov.br\/manauscult\/wp-json\/wp\/v2\/types\/post"}],"author":[{"embeddable":true,"href":"https:\/\/www.manaus.am.gov.br\/manauscult\/wp-json\/wp\/v2\/users\/25"}],"replies":[{"embeddable":true,"href":"https:\/\/www.manaus.am.gov.br\/manauscult\/wp-json\/wp\/v2\/comments?post=2963"}],"version-history":[{"count":0,"href":"https:\/\/www.manaus.am.gov.br\/manauscult\/wp-json\/wp\/v2\/posts\/2963\/revisions"}],"wp:featuredmedia":[{"embeddable":true,"href":"https:\/\/www.manaus.am.gov.br\/manauscult\/wp-json\/wp\/v2\/media\/2958"}],"wp:attachment":[{"href":"https:\/\/www.manaus.am.gov.br\/manauscult\/wp-json\/wp\/v2\/media?parent=2963"}],"wp:term":[{"taxonomy":"category","embeddable":true,"href":"https:\/\/www.manaus.am.gov.br\/manauscult\/wp-json\/wp\/v2\/categories?post=2963"},{"taxonomy":"post_tag","embeddable":true,"href":"https:\/\/www.manaus.am.gov.br\/manauscult\/wp-json\/wp\/v2\/tags?post=2963"}],"curies":[{"name":"wp","href":"https:\/\/api.w.org\/{rel}","templated":true}]}}