{"id":2959,"date":"2024-12-29T14:35:31","date_gmt":"2024-12-29T18:35:31","guid":{"rendered":"https:\/\/www.manaus.am.gov.br\/manauscult\/reveillon-2025-manaus\/"},"modified":"2024-12-29T14:35:33","modified_gmt":"2024-12-29T18:35:33","slug":"reveillon-2025-manaus","status":"publish","type":"post","link":"https:\/\/www.manaus.am.gov.br\/manauscult\/reveillon-2025-manaus\/","title":{"rendered":"Prefeitura orienta sobre a participa\u00e7\u00e3o de menores de idade nas festas de R\u00e9veillon em Manaus"},"content":{"rendered":"\n<p>O R\u00e9veillon Manaus 2025 promete ser uma das maiores celebra\u00e7\u00f5es na capital amazonense, reunindo fam\u00edlias e amigos em uma noite de festa, alegria e seguran\u00e7a. Para garantir que o evento seja uma experi\u00eancia positiva para todos, a Prefeitura de Manaus, por meio da Funda\u00e7\u00e3o Municipal de Cultura, Turismo e Eventos (Manauscult) e do Centro de Coopera\u00e7\u00e3o da Cidade (CCC), alerta pais e respons\u00e1veis para orienta\u00e7\u00f5es espec\u00edficas referentes \u00e0 participa\u00e7\u00e3o de menores de idade nos eventos.<\/p>\n\n\n\n<p>Conforme o par\u00e1grafo \u00fanico, do Artigo 75 do Estatuto da Crian\u00e7a e do Adolescente (ECA), para crian\u00e7as menores de 10 anos, o acesso a espet\u00e1culos p\u00fablicos s\u00f3 \u00e9 permitido na companhia dos pais ou respons\u00e1veis.<\/p>\n\n\n\n<p>A prefeitura ressalta que a classifica\u00e7\u00e3o indicativa tem car\u00e1ter educativo, orientando as fam\u00edlias sobre conte\u00fados de entretenimento adequados para crian\u00e7as e adolescentes.<\/p>\n\n\n\n<p>&#8212; &#8212; &#8212;<br><strong>Texto \u2013 <\/strong>Divulga\u00e7\u00e3o \/ Semcom e Manauscult<\/p>\n","protected":false},"excerpt":{"rendered":"","protected":false},"author":68,"featured_media":2958,"comment_status":"closed","ping_status":"closed","sticky":false,"template":"","format":"standard","meta":{"footnotes":""},"categories":[224],"tags":[1183,417,11],"acf":[],"yoast_head":"<!-- This site is optimized with the Yoast SEO plugin v23.0 - https:\/\/yoast.com\/wordpress\/plugins\/seo\/ -->\n<title>Prefeitura orienta sobre a participa\u00e7\u00e3o de menores de idade nas festas de R\u00e9veillon em Manaus<\/title>\n<meta name=\"description\" content=\"O R\u00e9veillon Manaus 2025 promete ser uma das maiores celebra\u00e7\u00f5es na capital amazonense, reunindo fam\u00edlias e amigos em uma noite de festa, alegria e seguran\u00e7a.\" \/>\n<meta name=\"robots\" content=\"noindex, follow\" \/>\n<meta property=\"og:locale\" content=\"pt_BR\" \/>\n<meta property=\"og:type\" content=\"article\" \/>\n<meta property=\"og:title\" content=\"Prefeitura orienta sobre a participa\u00e7\u00e3o de menores de idade nas festas de R\u00e9veillon em Manaus\" \/>\n<meta property=\"og:description\" content=\"O R\u00e9veillon Manaus 2025 promete ser uma das maiores celebra\u00e7\u00f5es na capital amazonense, reunindo fam\u00edlias e amigos em uma noite de festa, alegria e seguran\u00e7a.\" \/>\n<meta property=\"og:url\" content=\"https:\/\/www.manaus.am.gov.br\/manauscult\/reveillon-2025-manaus\/\" \/>\n<meta property=\"og:site_name\" content=\"MANAUSCULT\" \/>\n<meta property=\"article:published_time\" content=\"2024-12-29T18:35:31+00:00\" \/>\n<meta property=\"article:modified_time\" content=\"2024-12-29T18:35:33+00:00\" \/>\n<meta property=\"og:image\" content=\"https:\/\/www.manaus.am.gov.br\/manauscult\/wp-content\/uploads\/sites\/11\/2024\/12\/BANNER-NOTA.png\" \/>\n\t<meta property=\"og:image:width\" content=\"900\" \/>\n\t<meta property=\"og:image:height\" content=\"509\" \/>\n\t<meta property=\"og:image:type\" content=\"image\/png\" \/>\n<meta name=\"author\" content=\"bvalente\" \/>\n<meta name=\"twitter:card\" content=\"summary_large_image\" \/>\n<meta name=\"twitter:label1\" content=\"Written by\" \/>\n\t<meta name=\"twitter:data1\" content=\"bvalente\" \/>\n\t<meta name=\"twitter:label2\" content=\"Est. reading time\" \/>\n\t<meta name=\"twitter:data2\" content=\"1 minuto\" \/>\n<script type=\"application\/ld+json\" class=\"yoast-schema-graph\">{\"@context\":\"https:\/\/schema.org\",\"@graph\":[{\"@type\":\"WebPage\",\"@id\":\"https:\/\/www.manaus.am.gov.br\/manauscult\/reveillon-2025-manaus\/\",\"url\":\"https:\/\/www.manaus.am.gov.br\/manauscult\/reveillon-2025-manaus\/\",\"name\":\"Prefeitura orienta sobre a participa\u00e7\u00e3o de menores de idade nas festas de R\u00e9veillon em Manaus\",\"isPartOf\":{\"@id\":\"https:\/\/www.manaus.am.gov.br\/manauscult\/#website\"},\"primaryImageOfPage\":{\"@id\":\"https:\/\/www.manaus.am.gov.br\/manauscult\/reveillon-2025-manaus\/#primaryimage\"},\"image\":{\"@id\":\"https:\/\/www.manaus.am.gov.br\/manauscult\/reveillon-2025-manaus\/#primaryimage\"},\"thumbnailUrl\":\"https:\/\/www.manaus.am.gov.br\/manauscult\/wp-content\/uploads\/sites\/11\/2024\/12\/BANNER-NOTA.png\",\"datePublished\":\"2024-12-29T18:35:31+00:00\",\"dateModified\":\"2024-12-29T18:35:33+00:00\",\"author\":{\"@id\":\"https:\/\/www.manaus.am.gov.br\/manauscult\/#\/schema\/person\/466a0e03ae4b6062809046bd560ac955\"},\"description\":\"O R\u00e9veillon Manaus 2025 promete ser uma das maiores celebra\u00e7\u00f5es na capital amazonense, reunindo fam\u00edlias e amigos em uma noite de festa, alegria e seguran\u00e7a.\",\"breadcrumb\":{\"@id\":\"https:\/\/www.manaus.am.gov.br\/manauscult\/reveillon-2025-manaus\/#breadcrumb\"},\"inLanguage\":\"pt-BR\",\"potentialAction\":[{\"@type\":\"ReadAction\",\"target\":[\"https:\/\/www.manaus.am.gov.br\/manauscult\/reveillon-2025-manaus\/\"]}]},{\"@type\":\"ImageObject\",\"inLanguage\":\"pt-BR\",\"@id\":\"https:\/\/www.manaus.am.gov.br\/manauscult\/reveillon-2025-manaus\/#primaryimage\",\"url\":\"https:\/\/www.manaus.am.gov.br\/manauscult\/wp-content\/uploads\/sites\/11\/2024\/12\/BANNER-NOTA.png\",\"contentUrl\":\"https:\/\/www.manaus.am.gov.br\/manauscult\/wp-content\/uploads\/sites\/11\/2024\/12\/BANNER-NOTA.png\",\"width\":900,\"height\":509},{\"@type\":\"BreadcrumbList\",\"@id\":\"https:\/\/www.manaus.am.gov.br\/manauscult\/reveillon-2025-manaus\/#breadcrumb\",\"itemListElement\":[{\"@type\":\"ListItem\",\"position\":1,\"name\":\"Home\",\"item\":\"https:\/\/www.manaus.am.gov.br\/manauscult\/\"},{\"@type\":\"ListItem\",\"position\":2,\"name\":\"Prefeitura orienta sobre a participa\u00e7\u00e3o de menores de idade nas festas de R\u00e9veillon em Manaus\"}]},{\"@type\":\"WebSite\",\"@id\":\"https:\/\/www.manaus.am.gov.br\/manauscult\/#website\",\"url\":\"https:\/\/www.manaus.am.gov.br\/manauscult\/\",\"name\":\"MANAUSCULT\",\"description\":\"Prefeitura de Manaus\",\"potentialAction\":[{\"@type\":\"SearchAction\",\"target\":{\"@type\":\"EntryPoint\",\"urlTemplate\":\"https:\/\/www.manaus.am.gov.br\/manauscult\/?s={search_term_string}\"},\"query-input\":\"required name=search_term_string\"}],\"inLanguage\":\"pt-BR\"},{\"@type\":\"Person\",\"@id\":\"https:\/\/www.manaus.am.gov.br\/manauscult\/#\/schema\/person\/466a0e03ae4b6062809046bd560ac955\",\"name\":\"bvalente\",\"image\":{\"@type\":\"ImageObject\",\"inLanguage\":\"pt-BR\",\"@id\":\"https:\/\/www.manaus.am.gov.br\/manauscult\/#\/schema\/person\/image\/\",\"url\":\"https:\/\/secure.gravatar.com\/avatar\/3e69bc2b014bdad41adfec3a39de07d2?s=96&d=mm&r=g\",\"contentUrl\":\"https:\/\/secure.gravatar.com\/avatar\/3e69bc2b014bdad41adfec3a39de07d2?s=96&d=mm&r=g\",\"caption\":\"bvalente\"}}]}<\/script>\n<!-- \/ Yoast SEO plugin. -->","yoast_head_json":{"title":"Prefeitura orienta sobre a participa\u00e7\u00e3o de menores de idade nas festas de R\u00e9veillon em Manaus","description":"O R\u00e9veillon Manaus 2025 promete ser uma das maiores celebra\u00e7\u00f5es na capital amazonense, reunindo fam\u00edlias e amigos em uma noite de festa, alegria e seguran\u00e7a.","robots":{"index":"noindex","follow":"follow"},"og_locale":"pt_BR","og_type":"article","og_title":"Prefeitura orienta sobre a participa\u00e7\u00e3o de menores de idade nas festas de R\u00e9veillon em Manaus","og_description":"O R\u00e9veillon Manaus 2025 promete ser uma das maiores celebra\u00e7\u00f5es na capital amazonense, reunindo fam\u00edlias e amigos em uma noite de festa, alegria e seguran\u00e7a.","og_url":"https:\/\/www.manaus.am.gov.br\/manauscult\/reveillon-2025-manaus\/","og_site_name":"MANAUSCULT","article_published_time":"2024-12-29T18:35:31+00:00","article_modified_time":"2024-12-29T18:35:33+00:00","og_image":[{"width":900,"height":509,"url":"https:\/\/www.manaus.am.gov.br\/manauscult\/wp-content\/uploads\/sites\/11\/2024\/12\/BANNER-NOTA.png","type":"image\/png"}],"author":"bvalente","twitter_card":"summary_large_image","twitter_misc":{"Written by":"bvalente","Est. reading time":"1 minuto"},"schema":{"@context":"https:\/\/schema.org","@graph":[{"@type":"WebPage","@id":"https:\/\/www.manaus.am.gov.br\/manauscult\/reveillon-2025-manaus\/","url":"https:\/\/www.manaus.am.gov.br\/manauscult\/reveillon-2025-manaus\/","name":"Prefeitura orienta sobre a participa\u00e7\u00e3o de menores de idade nas festas de R\u00e9veillon em Manaus","isPartOf":{"@id":"https:\/\/www.manaus.am.gov.br\/manauscult\/#website"},"primaryImageOfPage":{"@id":"https:\/\/www.manaus.am.gov.br\/manauscult\/reveillon-2025-manaus\/#primaryimage"},"image":{"@id":"https:\/\/www.manaus.am.gov.br\/manauscult\/reveillon-2025-manaus\/#primaryimage"},"thumbnailUrl":"https:\/\/www.manaus.am.gov.br\/manauscult\/wp-content\/uploads\/sites\/11\/2024\/12\/BANNER-NOTA.png","datePublished":"2024-12-29T18:35:31+00:00","dateModified":"2024-12-29T18:35:33+00:00","author":{"@id":"https:\/\/www.manaus.am.gov.br\/manauscult\/#\/schema\/person\/466a0e03ae4b6062809046bd560ac955"},"description":"O R\u00e9veillon Manaus 2025 promete ser uma das maiores celebra\u00e7\u00f5es na capital amazonense, reunindo fam\u00edlias e amigos em uma noite de festa, alegria e seguran\u00e7a.","breadcrumb":{"@id":"https:\/\/www.manaus.am.gov.br\/manauscult\/reveillon-2025-manaus\/#breadcrumb"},"inLanguage":"pt-BR","potentialAction":[{"@type":"ReadAction","target":["https:\/\/www.manaus.am.gov.br\/manauscult\/reveillon-2025-manaus\/"]}]},{"@type":"ImageObject","inLanguage":"pt-BR","@id":"https:\/\/www.manaus.am.gov.br\/manauscult\/reveillon-2025-manaus\/#primaryimage","url":"https:\/\/www.manaus.am.gov.br\/manauscult\/wp-content\/uploads\/sites\/11\/2024\/12\/BANNER-NOTA.png","contentUrl":"https:\/\/www.manaus.am.gov.br\/manauscult\/wp-content\/uploads\/sites\/11\/2024\/12\/BANNER-NOTA.png","width":900,"height":509},{"@type":"BreadcrumbList","@id":"https:\/\/www.manaus.am.gov.br\/manauscult\/reveillon-2025-manaus\/#breadcrumb","itemListElement":[{"@type":"ListItem","position":1,"name":"Home","item":"https:\/\/www.manaus.am.gov.br\/manauscult\/"},{"@type":"ListItem","position":2,"name":"Prefeitura orienta sobre a participa\u00e7\u00e3o de menores de idade nas festas de R\u00e9veillon em Manaus"}]},{"@type":"WebSite","@id":"https:\/\/www.manaus.am.gov.br\/manauscult\/#website","url":"https:\/\/www.manaus.am.gov.br\/manauscult\/","name":"MANAUSCULT","description":"Prefeitura de Manaus","potentialAction":[{"@type":"SearchAction","target":{"@type":"EntryPoint","urlTemplate":"https:\/\/www.manaus.am.gov.br\/manauscult\/?s={search_term_string}"},"query-input":"required name=search_term_string"}],"inLanguage":"pt-BR"},{"@type":"Person","@id":"https:\/\/www.manaus.am.gov.br\/manauscult\/#\/schema\/person\/466a0e03ae4b6062809046bd560ac955","name":"bvalente","image":{"@type":"ImageObject","inLanguage":"pt-BR","@id":"https:\/\/www.manaus.am.gov.br\/manauscult\/#\/schema\/person\/image\/","url":"https:\/\/secure.gravatar.com\/avatar\/3e69bc2b014bdad41adfec3a39de07d2?s=96&d=mm&r=g","contentUrl":"https:\/\/secure.gravatar.com\/avatar\/3e69bc2b014bdad41adfec3a39de07d2?s=96&d=mm&r=g","caption":"bvalente"}}]}},"_links":{"self":[{"href":"https:\/\/www.manaus.am.gov.br\/manauscult\/wp-json\/wp\/v2\/posts\/2959"}],"collection":[{"href":"https:\/\/www.manaus.am.gov.br\/manauscult\/wp-json\/wp\/v2\/posts"}],"about":[{"href":"https:\/\/www.manaus.am.gov.br\/manauscult\/wp-json\/wp\/v2\/types\/post"}],"author":[{"embeddable":true,"href":"https:\/\/www.manaus.am.gov.br\/manauscult\/wp-json\/wp\/v2\/users\/68"}],"replies":[{"embeddable":true,"href":"https:\/\/www.manaus.am.gov.br\/manauscult\/wp-json\/wp\/v2\/comments?post=2959"}],"version-history":[{"count":0,"href":"https:\/\/www.manaus.am.gov.br\/manauscult\/wp-json\/wp\/v2\/posts\/2959\/revisions"}],"wp:featuredmedia":[{"embeddable":true,"href":"https:\/\/www.manaus.am.gov.br\/manauscult\/wp-json\/wp\/v2\/media\/2958"}],"wp:attachment":[{"href":"https:\/\/www.manaus.am.gov.br\/manauscult\/wp-json\/wp\/v2\/media?parent=2959"}],"wp:term":[{"taxonomy":"category","embeddable":true,"href":"https:\/\/www.manaus.am.gov.br\/manauscult\/wp-json\/wp\/v2\/categories?post=2959"},{"taxonomy":"post_tag","embeddable":true,"href":"https:\/\/www.manaus.am.gov.br\/manauscult\/wp-json\/wp\/v2\/tags?post=2959"}],"curies":[{"name":"wp","href":"https:\/\/api.w.org\/{rel}","templated":true}]}}