{"id":2911,"date":"2024-12-19T16:14:07","date_gmt":"2024-12-19T20:14:07","guid":{"rendered":"https:\/\/www.manaus.am.gov.br\/manauscult\/lancamento-edital-do-carnaval-2025\/"},"modified":"2024-12-19T16:22:28","modified_gmt":"2024-12-19T20:22:28","slug":"lancamento-edital-do-carnaval-2025","status":"publish","type":"post","link":"https:\/\/www.manaus.am.gov.br\/manauscult\/lancamento-edital-do-carnaval-2025\/","title":{"rendered":"Prefeitura de Manaus lan\u00e7a edital do \u2018Carnaval 2025\u2019 para fomentar cultura e inclus\u00e3o"},"content":{"rendered":"\n<p>A <a href=\"https:\/\/www.manaus.am.gov.br\/noticia\/publicacao\/lancamento-edital-do-carnaval-2025\/\">Prefeitura de Manaus<\/a>, por meio da Funda\u00e7\u00e3o Municipal de Cultura, Turismo e Eventos (Manauscult), anunciou, nesta quinta-feira, 19\/12, o lan\u00e7amento do <a href=\"http:\/\/dom.manaus.am.gov.br\/pdf\/2024\/dezembro\/DOM%205972%2018.12.2024%20CAD%202.pdf\">edital de Chamamento P\u00fablico n\u00ba 006\/2024 do \u201cCarnaval 2025\u201d<\/a>, publicado na Edi\u00e7\u00e3o n\u00ba 5.972, do Di\u00e1rio Oficial do Munic\u00edpio (DOM), que visa fomentar a participa\u00e7\u00e3o de escolas de samba, bandas e blocos carnavalescos de toda a cidade. O edital destaca o compromisso com a democratiza\u00e7\u00e3o e a valoriza\u00e7\u00e3o da cultura popular, garantindo suporte \u00e0s comunidades que d\u00e3o vida a uma das maiores celebra\u00e7\u00f5es culturais da regi\u00e3o.<\/p>\n\n\n\n<p>Com enfoque em inclus\u00e3o e diversidade, o edital busca alcan\u00e7ar n\u00e3o apenas os grandes representantes do Carnaval, mas tamb\u00e9m incentivar grupos menores e manifesta\u00e7\u00f5es culturais dos bairros perif\u00e9ricos. A iniciativa tem como objetivo fortalecer as tradi\u00e7\u00f5es carnavalescas e levar a alegria da folia para todas as zonas da cidade, ampliando o alcance da festa e promovendo o engajamento comunit\u00e1rio.<\/p>\n\n\n\n<p>O prefeito de Manaus, David Almeida, destacou a import\u00e2ncia da a\u00e7\u00e3o para promover a cultura e atender \u00e0s demandas sociais da popula\u00e7\u00e3o. \u201cEstamos anunciando a publica\u00e7\u00e3o do nosso edital de chamamento para o fomento para o Carnaval. \u00c9 a cultura sendo prestigiada pela Prefeitura de Manaus. Bandas, blocos e escolas de samba v\u00e3o se habilitar para receber o fomento da prefeitura, e assim a prefeitura cumpre com seu compromisso de atender \u00e0s demandas sociais e culturais\u201d, afirmou.<\/p>\n\n\n\n<p>O diretor-presidente da Manauscult, Jender Lobato, refor\u00e7ou o car\u00e1ter democr\u00e1tico do edital. \u201cEsse formato de publica\u00e7\u00e3o do edital \u00e9 a forma mais democr\u00e1tica e que oportuniza todo mundo a participar. \u00c9 a Manauscult dando oportunidade para que as bandas de Carnaval, os blocos de Carnaval e as escolas de samba possam participar de uma forma democr\u00e1tica e, automaticamente, a gente possa dar publicidade e fazer com isso que o Carnaval de Manaus seja o maior Carnaval da hist\u00f3ria em 2025\u201d, enfatizou.<\/p>\n\n\n\n<p>Os interessados podem acessar o edital completo e obter mais informa\u00e7\u00f5es por meio do site oficial da Manauscult, no endere\u00e7o <a href=\"http:\/\/www.manaus.am.gov.br\/manauscult\">www.manaus.am.gov.br\/manauscult<\/a>. As inscri\u00e7\u00f5es j\u00e1 est\u00e3o abertas.<\/p>\n\n\n\n<p>Seja voc\u00ea um l\u00edder de bloco ou representante de escola de samba, a Prefeitura de Manaus convida a todos a participarem e ajudarem a construir um Carnaval 2025 vibrante, diversificado e inesquec\u00edvel.<\/p>\n\n\n\n<p>&#8212; &#8212; &#8212;<\/p>\n\n\n\n<p><strong>Texto \u2013<\/strong> D\u00e1rio Matos\/Semcom<\/p>\n\n\n\n<p><strong>Fotos \u2013 <\/strong>Juan Sullivan\/Semcom<\/p>\n\n\n\n<p><strong>Dispon\u00edveis em &#8211;<\/strong> <a href=\"https:\/\/flic.kr\/s\/aHBqjBVDLG\">https:\/\/flic.kr\/s\/aHBqjBVDLG<\/a><\/p>\n","protected":false},"excerpt":{"rendered":"","protected":false},"author":39,"featured_media":2912,"comment_status":"closed","ping_status":"closed","sticky":false,"template":"","format":"standard","meta":{"footnotes":""},"categories":[397],"tags":[1176,456,1177,9,11],"acf":[],"yoast_head":"<!-- This site is optimized with the Yoast SEO plugin v23.0 - https:\/\/yoast.com\/wordpress\/plugins\/seo\/ -->\n<title>Lan\u00e7amento do edital do \u2018Carnaval 2025\u2019<\/title>\n<meta name=\"description\" content=\"Prefeitura de Manaus, por meio da Manauscult, lan\u00e7a edital do \u2018Carnaval 2025\u2019 para fomentar cultura e inclus\u00e3o.\" \/>\n<meta name=\"robots\" content=\"noindex, follow\" \/>\n<meta property=\"og:locale\" content=\"pt_BR\" \/>\n<meta property=\"og:type\" content=\"article\" \/>\n<meta property=\"og:title\" content=\"Lan\u00e7amento do edital do \u2018Carnaval 2025\u2019\" \/>\n<meta property=\"og:description\" content=\"Prefeitura de Manaus, por meio da Manauscult, lan\u00e7a edital do \u2018Carnaval 2025\u2019 para fomentar cultura e inclus\u00e3o.\" \/>\n<meta property=\"og:url\" content=\"https:\/\/www.manaus.am.gov.br\/manauscult\/lancamento-edital-do-carnaval-2025\/\" \/>\n<meta property=\"og:site_name\" content=\"MANAUSCULT\" \/>\n<meta property=\"article:published_time\" content=\"2024-12-19T20:14:07+00:00\" \/>\n<meta property=\"article:modified_time\" content=\"2024-12-19T20:22:28+00:00\" \/>\n<meta property=\"og:image\" content=\"https:\/\/www.manaus.am.gov.br\/manauscult\/wp-content\/uploads\/sites\/11\/2024\/12\/54214076832_69c099aa0f_k.jpg\" \/>\n\t<meta property=\"og:image:width\" content=\"2048\" \/>\n\t<meta property=\"og:image:height\" content=\"1366\" \/>\n\t<meta property=\"og:image:type\" content=\"image\/jpeg\" \/>\n<meta name=\"author\" content=\"Bruna Greco\" \/>\n<meta name=\"twitter:card\" content=\"summary_large_image\" \/>\n<meta name=\"twitter:label1\" content=\"Written by\" \/>\n\t<meta name=\"twitter:data1\" content=\"Bruna Greco\" \/>\n\t<meta name=\"twitter:label2\" content=\"Est. reading time\" \/>\n\t<meta name=\"twitter:data2\" content=\"3 minutos\" \/>\n<script type=\"application\/ld+json\" class=\"yoast-schema-graph\">{\"@context\":\"https:\/\/schema.org\",\"@graph\":[{\"@type\":\"WebPage\",\"@id\":\"https:\/\/www.manaus.am.gov.br\/manauscult\/lancamento-edital-do-carnaval-2025\/\",\"url\":\"https:\/\/www.manaus.am.gov.br\/manauscult\/lancamento-edital-do-carnaval-2025\/\",\"name\":\"Lan\u00e7amento do edital do \u2018Carnaval 2025\u2019\",\"isPartOf\":{\"@id\":\"https:\/\/www.manaus.am.gov.br\/manauscult\/#website\"},\"primaryImageOfPage\":{\"@id\":\"https:\/\/www.manaus.am.gov.br\/manauscult\/lancamento-edital-do-carnaval-2025\/#primaryimage\"},\"image\":{\"@id\":\"https:\/\/www.manaus.am.gov.br\/manauscult\/lancamento-edital-do-carnaval-2025\/#primaryimage\"},\"thumbnailUrl\":\"https:\/\/www.manaus.am.gov.br\/manauscult\/wp-content\/uploads\/sites\/11\/2024\/12\/54214076832_69c099aa0f_k.jpg\",\"datePublished\":\"2024-12-19T20:14:07+00:00\",\"dateModified\":\"2024-12-19T20:22:28+00:00\",\"author\":{\"@id\":\"https:\/\/www.manaus.am.gov.br\/manauscult\/#\/schema\/person\/05d223aea2bf115f9883a6ff3683d81b\"},\"description\":\"Prefeitura de Manaus, por meio da Manauscult, lan\u00e7a edital do \u2018Carnaval 2025\u2019 para fomentar cultura e inclus\u00e3o.\",\"breadcrumb\":{\"@id\":\"https:\/\/www.manaus.am.gov.br\/manauscult\/lancamento-edital-do-carnaval-2025\/#breadcrumb\"},\"inLanguage\":\"pt-BR\",\"potentialAction\":[{\"@type\":\"ReadAction\",\"target\":[\"https:\/\/www.manaus.am.gov.br\/manauscult\/lancamento-edital-do-carnaval-2025\/\"]}]},{\"@type\":\"ImageObject\",\"inLanguage\":\"pt-BR\",\"@id\":\"https:\/\/www.manaus.am.gov.br\/manauscult\/lancamento-edital-do-carnaval-2025\/#primaryimage\",\"url\":\"https:\/\/www.manaus.am.gov.br\/manauscult\/wp-content\/uploads\/sites\/11\/2024\/12\/54214076832_69c099aa0f_k.jpg\",\"contentUrl\":\"https:\/\/www.manaus.am.gov.br\/manauscult\/wp-content\/uploads\/sites\/11\/2024\/12\/54214076832_69c099aa0f_k.jpg\",\"width\":2048,\"height\":1366,\"caption\":\"#paratodosverem - Prefeito de Manaus, David Almeida, acompanhado do diretor-presidente da Manauscult, Jender Lobato, durante lan\u00e7amento do edital do \\\"Carnaval 2025\\\"\"},{\"@type\":\"BreadcrumbList\",\"@id\":\"https:\/\/www.manaus.am.gov.br\/manauscult\/lancamento-edital-do-carnaval-2025\/#breadcrumb\",\"itemListElement\":[{\"@type\":\"ListItem\",\"position\":1,\"name\":\"Home\",\"item\":\"https:\/\/www.manaus.am.gov.br\/manauscult\/\"},{\"@type\":\"ListItem\",\"position\":2,\"name\":\"Prefeitura de Manaus lan\u00e7a edital do \u2018Carnaval 2025\u2019 para fomentar cultura e inclus\u00e3o\"}]},{\"@type\":\"WebSite\",\"@id\":\"https:\/\/www.manaus.am.gov.br\/manauscult\/#website\",\"url\":\"https:\/\/www.manaus.am.gov.br\/manauscult\/\",\"name\":\"MANAUSCULT\",\"description\":\"Prefeitura de Manaus\",\"potentialAction\":[{\"@type\":\"SearchAction\",\"target\":{\"@type\":\"EntryPoint\",\"urlTemplate\":\"https:\/\/www.manaus.am.gov.br\/manauscult\/?s={search_term_string}\"},\"query-input\":\"required name=search_term_string\"}],\"inLanguage\":\"pt-BR\"},{\"@type\":\"Person\",\"@id\":\"https:\/\/www.manaus.am.gov.br\/manauscult\/#\/schema\/person\/05d223aea2bf115f9883a6ff3683d81b\",\"name\":\"Bruna Greco\",\"image\":{\"@type\":\"ImageObject\",\"inLanguage\":\"pt-BR\",\"@id\":\"https:\/\/www.manaus.am.gov.br\/manauscult\/#\/schema\/person\/image\/\",\"url\":\"https:\/\/secure.gravatar.com\/avatar\/9c877d1a6adc2a055330e5c09a8653ce?s=96&d=mm&r=g\",\"contentUrl\":\"https:\/\/secure.gravatar.com\/avatar\/9c877d1a6adc2a055330e5c09a8653ce?s=96&d=mm&r=g\",\"caption\":\"Bruna Greco\"}}]}<\/script>\n<!-- \/ Yoast SEO plugin. -->","yoast_head_json":{"title":"Lan\u00e7amento do edital do \u2018Carnaval 2025\u2019","description":"Prefeitura de Manaus, por meio da Manauscult, lan\u00e7a edital do \u2018Carnaval 2025\u2019 para fomentar cultura e inclus\u00e3o.","robots":{"index":"noindex","follow":"follow"},"og_locale":"pt_BR","og_type":"article","og_title":"Lan\u00e7amento do edital do \u2018Carnaval 2025\u2019","og_description":"Prefeitura de Manaus, por meio da Manauscult, lan\u00e7a edital do \u2018Carnaval 2025\u2019 para fomentar cultura e inclus\u00e3o.","og_url":"https:\/\/www.manaus.am.gov.br\/manauscult\/lancamento-edital-do-carnaval-2025\/","og_site_name":"MANAUSCULT","article_published_time":"2024-12-19T20:14:07+00:00","article_modified_time":"2024-12-19T20:22:28+00:00","og_image":[{"width":2048,"height":1366,"url":"https:\/\/www.manaus.am.gov.br\/manauscult\/wp-content\/uploads\/sites\/11\/2024\/12\/54214076832_69c099aa0f_k.jpg","type":"image\/jpeg"}],"author":"Bruna Greco","twitter_card":"summary_large_image","twitter_misc":{"Written by":"Bruna Greco","Est. reading time":"3 minutos"},"schema":{"@context":"https:\/\/schema.org","@graph":[{"@type":"WebPage","@id":"https:\/\/www.manaus.am.gov.br\/manauscult\/lancamento-edital-do-carnaval-2025\/","url":"https:\/\/www.manaus.am.gov.br\/manauscult\/lancamento-edital-do-carnaval-2025\/","name":"Lan\u00e7amento do edital do \u2018Carnaval 2025\u2019","isPartOf":{"@id":"https:\/\/www.manaus.am.gov.br\/manauscult\/#website"},"primaryImageOfPage":{"@id":"https:\/\/www.manaus.am.gov.br\/manauscult\/lancamento-edital-do-carnaval-2025\/#primaryimage"},"image":{"@id":"https:\/\/www.manaus.am.gov.br\/manauscult\/lancamento-edital-do-carnaval-2025\/#primaryimage"},"thumbnailUrl":"https:\/\/www.manaus.am.gov.br\/manauscult\/wp-content\/uploads\/sites\/11\/2024\/12\/54214076832_69c099aa0f_k.jpg","datePublished":"2024-12-19T20:14:07+00:00","dateModified":"2024-12-19T20:22:28+00:00","author":{"@id":"https:\/\/www.manaus.am.gov.br\/manauscult\/#\/schema\/person\/05d223aea2bf115f9883a6ff3683d81b"},"description":"Prefeitura de Manaus, por meio da Manauscult, lan\u00e7a edital do \u2018Carnaval 2025\u2019 para fomentar cultura e inclus\u00e3o.","breadcrumb":{"@id":"https:\/\/www.manaus.am.gov.br\/manauscult\/lancamento-edital-do-carnaval-2025\/#breadcrumb"},"inLanguage":"pt-BR","potentialAction":[{"@type":"ReadAction","target":["https:\/\/www.manaus.am.gov.br\/manauscult\/lancamento-edital-do-carnaval-2025\/"]}]},{"@type":"ImageObject","inLanguage":"pt-BR","@id":"https:\/\/www.manaus.am.gov.br\/manauscult\/lancamento-edital-do-carnaval-2025\/#primaryimage","url":"https:\/\/www.manaus.am.gov.br\/manauscult\/wp-content\/uploads\/sites\/11\/2024\/12\/54214076832_69c099aa0f_k.jpg","contentUrl":"https:\/\/www.manaus.am.gov.br\/manauscult\/wp-content\/uploads\/sites\/11\/2024\/12\/54214076832_69c099aa0f_k.jpg","width":2048,"height":1366,"caption":"#paratodosverem - Prefeito de Manaus, David Almeida, acompanhado do diretor-presidente da Manauscult, Jender Lobato, durante lan\u00e7amento do edital do \"Carnaval 2025\""},{"@type":"BreadcrumbList","@id":"https:\/\/www.manaus.am.gov.br\/manauscult\/lancamento-edital-do-carnaval-2025\/#breadcrumb","itemListElement":[{"@type":"ListItem","position":1,"name":"Home","item":"https:\/\/www.manaus.am.gov.br\/manauscult\/"},{"@type":"ListItem","position":2,"name":"Prefeitura de Manaus lan\u00e7a edital do \u2018Carnaval 2025\u2019 para fomentar cultura e inclus\u00e3o"}]},{"@type":"WebSite","@id":"https:\/\/www.manaus.am.gov.br\/manauscult\/#website","url":"https:\/\/www.manaus.am.gov.br\/manauscult\/","name":"MANAUSCULT","description":"Prefeitura de Manaus","potentialAction":[{"@type":"SearchAction","target":{"@type":"EntryPoint","urlTemplate":"https:\/\/www.manaus.am.gov.br\/manauscult\/?s={search_term_string}"},"query-input":"required name=search_term_string"}],"inLanguage":"pt-BR"},{"@type":"Person","@id":"https:\/\/www.manaus.am.gov.br\/manauscult\/#\/schema\/person\/05d223aea2bf115f9883a6ff3683d81b","name":"Bruna Greco","image":{"@type":"ImageObject","inLanguage":"pt-BR","@id":"https:\/\/www.manaus.am.gov.br\/manauscult\/#\/schema\/person\/image\/","url":"https:\/\/secure.gravatar.com\/avatar\/9c877d1a6adc2a055330e5c09a8653ce?s=96&d=mm&r=g","contentUrl":"https:\/\/secure.gravatar.com\/avatar\/9c877d1a6adc2a055330e5c09a8653ce?s=96&d=mm&r=g","caption":"Bruna Greco"}}]}},"_links":{"self":[{"href":"https:\/\/www.manaus.am.gov.br\/manauscult\/wp-json\/wp\/v2\/posts\/2911"}],"collection":[{"href":"https:\/\/www.manaus.am.gov.br\/manauscult\/wp-json\/wp\/v2\/posts"}],"about":[{"href":"https:\/\/www.manaus.am.gov.br\/manauscult\/wp-json\/wp\/v2\/types\/post"}],"author":[{"embeddable":true,"href":"https:\/\/www.manaus.am.gov.br\/manauscult\/wp-json\/wp\/v2\/users\/39"}],"replies":[{"embeddable":true,"href":"https:\/\/www.manaus.am.gov.br\/manauscult\/wp-json\/wp\/v2\/comments?post=2911"}],"version-history":[{"count":2,"href":"https:\/\/www.manaus.am.gov.br\/manauscult\/wp-json\/wp\/v2\/posts\/2911\/revisions"}],"predecessor-version":[{"id":2914,"href":"https:\/\/www.manaus.am.gov.br\/manauscult\/wp-json\/wp\/v2\/posts\/2911\/revisions\/2914"}],"wp:featuredmedia":[{"embeddable":true,"href":"https:\/\/www.manaus.am.gov.br\/manauscult\/wp-json\/wp\/v2\/media\/2912"}],"wp:attachment":[{"href":"https:\/\/www.manaus.am.gov.br\/manauscult\/wp-json\/wp\/v2\/media?parent=2911"}],"wp:term":[{"taxonomy":"category","embeddable":true,"href":"https:\/\/www.manaus.am.gov.br\/manauscult\/wp-json\/wp\/v2\/categories?post=2911"},{"taxonomy":"post_tag","embeddable":true,"href":"https:\/\/www.manaus.am.gov.br\/manauscult\/wp-json\/wp\/v2\/tags?post=2911"}],"curies":[{"name":"wp","href":"https:\/\/api.w.org\/{rel}","templated":true}]}}