{"id":2827,"date":"2024-11-28T11:38:23","date_gmt":"2024-11-28T15:38:23","guid":{"rendered":"https:\/\/www.manaus.am.gov.br\/manauscult\/segundodia-flim2024\/"},"modified":"2024-11-28T11:38:24","modified_gmt":"2024-11-28T15:38:24","slug":"segundodia-flim2024","status":"publish","type":"post","link":"https:\/\/www.manaus.am.gov.br\/manauscult\/segundodia-flim2024\/","title":{"rendered":"Segundo dia do Flim 2024 tem debate sobre desafios e perspectivas da literatura amazonense"},"content":{"rendered":"\n<p>&nbsp;Com tr\u00eas mesas tem\u00e1ticas sobre a literatura amazonense, a Prefeitura de Manaus realizou, nesta quarta-feira, 27\/11, o segundo dia da 3\u00aa edi\u00e7\u00e3o do Festival Liter\u00e1rio de Manaus (Flim), no&nbsp;audit\u00f3rio do&nbsp;Parque&nbsp;Municipal&nbsp;do&nbsp;Idoso&nbsp;(PMI), bairro Nossa Senhora das Gra\u00e7as, na zona Centro-Sul da cidade. A realiza\u00e7\u00e3o do evento \u00e9 do Conselho Municipal de Cultura (Concultura) e Funda\u00e7\u00e3o Municipal de Cultura, Turismo e Eventos (Manauscult).<\/p>\n\n\n\n<p>O vice-presidente do Concultura, Carlos Guedelha, fez um balan\u00e7o positivo do segundo dia de Flim 2024, destacando a participa\u00e7\u00e3o de v\u00e1rios escritores. &#8220;Nas mesas tem\u00e1ticas, tivemos, por exemplo, o debate sobre a literatura produzida no Amazonas, seus desafios e perspectivas; uma discuss\u00e3o sobre a arte liter\u00e1ria em tempos sombrios; um bate-papo com Francisco Alves, que \u00e9 um dos nossos convidados nacionais, vindo de Roraima. E encerramos a noite com o nosso sarau literomusical, com as Enluaradas, o cantor Vitor Fran\u00e7a, a Daniele Peinado e atores do Teatro do Sesc (Tesc), e tamb\u00e9m alunos da escola S\u00e9rgio Pessoa, uma escola estadual&#8221;, encerrou Guedelha.<\/p>\n\n\n\n<p>O poeta e multiartista Francisco Alves, professor da Universidade Federal de Roraima (UFRR), disse que o evento foi muito proveitoso. &#8220;Foi maravilhoso, um di\u00e1logo potente e com um p\u00fablico muito interativo. S\u00f3 tenho a agradecer por essa \u2018nutri\u00e7\u00e3o\u2019 po\u00e9tica proporcionada pelo evento&#8221;, ressaltou Alves.<\/p>\n\n\n\n<p>Pelo segundo ano consecutivo participando do evento, a neuropsicopedagoga Marly Mendes, professora da rede p\u00fablica, acredita que o Flim se firma como o principal motivador para os escritores iniciantes, porque traz em sua din\u00e2mica os relatos de experi\u00eancias riqu\u00edssimos para quem quer engajar no mundo liter\u00e1rio. &#8220;Diria que \u00e9 uma perfeita troca de quem faz e de quem quer fazer literatura&#8221;, disse.<\/p>\n\n\n\n<p><strong>Debates<\/strong><\/p>\n\n\n\n<p>A primeira mesa tem\u00e1tica teve como tema &#8220;A literatura produzida no Amazonas: desafios e perspectivas&#8221;, tendo como convidados o professor de literatura, Cacio Jos\u00e9 Ferreira, a escritora Sandra Godinho e a poeta Ecila Mabelini, e como mediadora, a professora de literatura, Neiza Teixeira.<\/p>\n\n\n\n<p>A segunda mesa do dia teve como tem\u00e1tica &#8220;A arte liter\u00e1ria em tempos sombrios&#8221;, sendo os debatedores a professora doutora Marilene Corr\u00eaa, os escritores S\u00e9rgio Freire e Leonard Christy, com a media\u00e7\u00e3o de Renata Role. Em seguida, o bate-papo com Francisco Alves Gomes, da UFRR, e sua experi\u00eancia como poeta e multiartista, com a media\u00e7\u00e3o de&nbsp; Catarina Lemes. A terceira mesa tem\u00e1tica, &#8220;Reflex\u00f5es sobre o ensino de literatura&#8221;, teve como convidados: Val\u00e9ria Oliveira, Sonia Maria e Jan Santos, e media\u00e7\u00e3o de Juciane Cavalheiro.<\/p>\n\n\n\n<p>O momento de&nbsp; viv\u00eancias liter\u00e1rias, em seu segundo dia,&nbsp;teve como mediador o poeta Nelson Castro e os escritores convidados&nbsp;Rojjerferson Morais, V\u00edtor Gusm\u00e3o, \u00c1lvaro Smont.<\/p>\n\n\n\n<p><strong>Sarau<\/strong><\/p>\n\n\n\n<p>No sarau literomusical, &nbsp;as atra\u00e7\u00f5es foram alunos da escola estadual S\u00e9rgio Pessoa; Rayane e Camila &#8211; As Enluaradas; o cantor V\u00edtor Fran\u00e7a, al\u00e9m da esquete teatral com Danielly Peinado e equipe.<\/p>\n\n\n\n<p>O \u00faltimo dia do Flim, nesta quinta-feira, 28\/11, ter\u00e1 a escritora e ge\u00f3grafa M\u00e1rcia Kambeba, um bate-papo com os leitores e, nos debates, o tema principal ser\u00e1 o \u201cClube da Madrugada 70 anos depois\u201d. O encerramento da noite ser\u00e1 com sarau literomusical. O 3\u00ba Flim 2024 acontece no PMI, zona Centro-Sul de Manaus, das 14h \u00e0s 21h.<\/p>\n\n\n\n<p>&#8212; &#8212; &#8212;<\/p>\n\n\n\n<p><strong>Texto<\/strong> &#8211; Crist\u00f3v\u00e3o Nonato\/Concultura<\/p>\n\n\n\n<p><strong>Fotos<\/strong> \u2013 Clovis Miranda\/Semcom e Phil Limma\/Semcom<\/p>\n","protected":false},"excerpt":{"rendered":"","protected":false},"author":23,"featured_media":2828,"comment_status":"closed","ping_status":"closed","sticky":false,"template":"","format":"standard","meta":{"footnotes":""},"categories":[12],"tags":[45,1167,11,1076],"acf":[],"yoast_head":"<!-- This site is optimized with the Yoast SEO plugin v23.0 - https:\/\/yoast.com\/wordpress\/plugins\/seo\/ -->\n<title>Segundo dia do Flim 2024 tem debate sobre desafios e perspectivas da literatura amazonense<\/title>\n<meta name=\"description\" content=\"Com tr\u00eas mesas tem\u00e1ticas sobre a literatura amazonense, a Prefeitura de Manaus realizou, nesta quarta-feira, 27\/11, o segundo dia da 3\u00aa edi\u00e7\u00e3o do Festival Liter\u00e1rio de Manaus (Flim), no audit\u00f3rio do Parque Municipal do Idoso (PMI), bairro Nossa Senhora das Gra\u00e7as, na zona Centro-Sul da cidade.\" \/>\n<meta name=\"robots\" content=\"noindex, follow\" \/>\n<meta property=\"og:locale\" content=\"pt_BR\" \/>\n<meta property=\"og:type\" content=\"article\" \/>\n<meta property=\"og:title\" content=\"Segundo dia do Flim 2024 tem debate sobre desafios e perspectivas da literatura amazonense\" \/>\n<meta property=\"og:description\" content=\"Com tr\u00eas mesas tem\u00e1ticas sobre a literatura amazonense, a Prefeitura de Manaus realizou, nesta quarta-feira, 27\/11, o segundo dia da 3\u00aa edi\u00e7\u00e3o do Festival Liter\u00e1rio de Manaus (Flim), no audit\u00f3rio do Parque Municipal do Idoso (PMI), bairro Nossa Senhora das Gra\u00e7as, na zona Centro-Sul da cidade.\" \/>\n<meta property=\"og:url\" content=\"https:\/\/www.manaus.am.gov.br\/manauscult\/segundodia-flim2024\/\" \/>\n<meta property=\"og:site_name\" content=\"MANAUSCULT\" \/>\n<meta property=\"article:published_time\" content=\"2024-11-28T15:38:23+00:00\" \/>\n<meta property=\"article:modified_time\" content=\"2024-11-28T15:38:24+00:00\" \/>\n<meta property=\"og:image\" content=\"https:\/\/www.manaus.am.gov.br\/manauscult\/wp-content\/uploads\/sites\/11\/2024\/11\/54169413489_bca32a76fa_c.jpg\" \/>\n\t<meta property=\"og:image:width\" content=\"799\" \/>\n\t<meta property=\"og:image:height\" content=\"533\" \/>\n\t<meta property=\"og:image:type\" content=\"image\/jpeg\" \/>\n<meta name=\"author\" content=\"Adriana Costa\" \/>\n<meta name=\"twitter:card\" content=\"summary_large_image\" \/>\n<meta name=\"twitter:label1\" content=\"Written by\" \/>\n\t<meta name=\"twitter:data1\" content=\"Adriana Costa\" \/>\n\t<meta name=\"twitter:label2\" content=\"Est. reading time\" \/>\n\t<meta name=\"twitter:data2\" content=\"3 minutos\" \/>\n<script type=\"application\/ld+json\" class=\"yoast-schema-graph\">{\"@context\":\"https:\/\/schema.org\",\"@graph\":[{\"@type\":\"WebPage\",\"@id\":\"https:\/\/www.manaus.am.gov.br\/manauscult\/segundodia-flim2024\/\",\"url\":\"https:\/\/www.manaus.am.gov.br\/manauscult\/segundodia-flim2024\/\",\"name\":\"Segundo dia do Flim 2024 tem debate sobre desafios e perspectivas da literatura amazonense\",\"isPartOf\":{\"@id\":\"https:\/\/www.manaus.am.gov.br\/manauscult\/#website\"},\"primaryImageOfPage\":{\"@id\":\"https:\/\/www.manaus.am.gov.br\/manauscult\/segundodia-flim2024\/#primaryimage\"},\"image\":{\"@id\":\"https:\/\/www.manaus.am.gov.br\/manauscult\/segundodia-flim2024\/#primaryimage\"},\"thumbnailUrl\":\"https:\/\/www.manaus.am.gov.br\/manauscult\/wp-content\/uploads\/sites\/11\/2024\/11\/54169413489_bca32a76fa_c.jpg\",\"datePublished\":\"2024-11-28T15:38:23+00:00\",\"dateModified\":\"2024-11-28T15:38:24+00:00\",\"author\":{\"@id\":\"https:\/\/www.manaus.am.gov.br\/manauscult\/#\/schema\/person\/4e49f4e267757a06ca072ec61b2b9968\"},\"description\":\"Com tr\u00eas mesas tem\u00e1ticas sobre a literatura amazonense, a Prefeitura de Manaus realizou, nesta quarta-feira, 27\/11, o segundo dia da 3\u00aa edi\u00e7\u00e3o do Festival Liter\u00e1rio de Manaus (Flim), no audit\u00f3rio do Parque Municipal do Idoso (PMI), bairro Nossa Senhora das Gra\u00e7as, na zona Centro-Sul da cidade.\",\"breadcrumb\":{\"@id\":\"https:\/\/www.manaus.am.gov.br\/manauscult\/segundodia-flim2024\/#breadcrumb\"},\"inLanguage\":\"pt-BR\",\"potentialAction\":[{\"@type\":\"ReadAction\",\"target\":[\"https:\/\/www.manaus.am.gov.br\/manauscult\/segundodia-flim2024\/\"]}]},{\"@type\":\"ImageObject\",\"inLanguage\":\"pt-BR\",\"@id\":\"https:\/\/www.manaus.am.gov.br\/manauscult\/segundodia-flim2024\/#primaryimage\",\"url\":\"https:\/\/www.manaus.am.gov.br\/manauscult\/wp-content\/uploads\/sites\/11\/2024\/11\/54169413489_bca32a76fa_c.jpg\",\"contentUrl\":\"https:\/\/www.manaus.am.gov.br\/manauscult\/wp-content\/uploads\/sites\/11\/2024\/11\/54169413489_bca32a76fa_c.jpg\",\"width\":799,\"height\":533},{\"@type\":\"BreadcrumbList\",\"@id\":\"https:\/\/www.manaus.am.gov.br\/manauscult\/segundodia-flim2024\/#breadcrumb\",\"itemListElement\":[{\"@type\":\"ListItem\",\"position\":1,\"name\":\"Home\",\"item\":\"https:\/\/www.manaus.am.gov.br\/manauscult\/\"},{\"@type\":\"ListItem\",\"position\":2,\"name\":\"Segundo dia do Flim 2024 tem debate sobre desafios e perspectivas da literatura amazonense\"}]},{\"@type\":\"WebSite\",\"@id\":\"https:\/\/www.manaus.am.gov.br\/manauscult\/#website\",\"url\":\"https:\/\/www.manaus.am.gov.br\/manauscult\/\",\"name\":\"MANAUSCULT\",\"description\":\"Prefeitura de Manaus\",\"potentialAction\":[{\"@type\":\"SearchAction\",\"target\":{\"@type\":\"EntryPoint\",\"urlTemplate\":\"https:\/\/www.manaus.am.gov.br\/manauscult\/?s={search_term_string}\"},\"query-input\":\"required name=search_term_string\"}],\"inLanguage\":\"pt-BR\"},{\"@type\":\"Person\",\"@id\":\"https:\/\/www.manaus.am.gov.br\/manauscult\/#\/schema\/person\/4e49f4e267757a06ca072ec61b2b9968\",\"name\":\"Adriana Costa\",\"image\":{\"@type\":\"ImageObject\",\"inLanguage\":\"pt-BR\",\"@id\":\"https:\/\/www.manaus.am.gov.br\/manauscult\/#\/schema\/person\/image\/\",\"url\":\"https:\/\/secure.gravatar.com\/avatar\/576258617ef7194f718179e766d57bd4?s=96&d=mm&r=g\",\"contentUrl\":\"https:\/\/secure.gravatar.com\/avatar\/576258617ef7194f718179e766d57bd4?s=96&d=mm&r=g\",\"caption\":\"Adriana Costa\"}}]}<\/script>\n<!-- \/ Yoast SEO plugin. -->","yoast_head_json":{"title":"Segundo dia do Flim 2024 tem debate sobre desafios e perspectivas da literatura amazonense","description":"Com tr\u00eas mesas tem\u00e1ticas sobre a literatura amazonense, a Prefeitura de Manaus realizou, nesta quarta-feira, 27\/11, o segundo dia da 3\u00aa edi\u00e7\u00e3o do Festival Liter\u00e1rio de Manaus (Flim), no audit\u00f3rio do Parque Municipal do Idoso (PMI), bairro Nossa Senhora das Gra\u00e7as, na zona Centro-Sul da cidade.","robots":{"index":"noindex","follow":"follow"},"og_locale":"pt_BR","og_type":"article","og_title":"Segundo dia do Flim 2024 tem debate sobre desafios e perspectivas da literatura amazonense","og_description":"Com tr\u00eas mesas tem\u00e1ticas sobre a literatura amazonense, a Prefeitura de Manaus realizou, nesta quarta-feira, 27\/11, o segundo dia da 3\u00aa edi\u00e7\u00e3o do Festival Liter\u00e1rio de Manaus (Flim), no audit\u00f3rio do Parque Municipal do Idoso (PMI), bairro Nossa Senhora das Gra\u00e7as, na zona Centro-Sul da cidade.","og_url":"https:\/\/www.manaus.am.gov.br\/manauscult\/segundodia-flim2024\/","og_site_name":"MANAUSCULT","article_published_time":"2024-11-28T15:38:23+00:00","article_modified_time":"2024-11-28T15:38:24+00:00","og_image":[{"width":799,"height":533,"url":"https:\/\/www.manaus.am.gov.br\/manauscult\/wp-content\/uploads\/sites\/11\/2024\/11\/54169413489_bca32a76fa_c.jpg","type":"image\/jpeg"}],"author":"Adriana Costa","twitter_card":"summary_large_image","twitter_misc":{"Written by":"Adriana Costa","Est. reading time":"3 minutos"},"schema":{"@context":"https:\/\/schema.org","@graph":[{"@type":"WebPage","@id":"https:\/\/www.manaus.am.gov.br\/manauscult\/segundodia-flim2024\/","url":"https:\/\/www.manaus.am.gov.br\/manauscult\/segundodia-flim2024\/","name":"Segundo dia do Flim 2024 tem debate sobre desafios e perspectivas da literatura amazonense","isPartOf":{"@id":"https:\/\/www.manaus.am.gov.br\/manauscult\/#website"},"primaryImageOfPage":{"@id":"https:\/\/www.manaus.am.gov.br\/manauscult\/segundodia-flim2024\/#primaryimage"},"image":{"@id":"https:\/\/www.manaus.am.gov.br\/manauscult\/segundodia-flim2024\/#primaryimage"},"thumbnailUrl":"https:\/\/www.manaus.am.gov.br\/manauscult\/wp-content\/uploads\/sites\/11\/2024\/11\/54169413489_bca32a76fa_c.jpg","datePublished":"2024-11-28T15:38:23+00:00","dateModified":"2024-11-28T15:38:24+00:00","author":{"@id":"https:\/\/www.manaus.am.gov.br\/manauscult\/#\/schema\/person\/4e49f4e267757a06ca072ec61b2b9968"},"description":"Com tr\u00eas mesas tem\u00e1ticas sobre a literatura amazonense, a Prefeitura de Manaus realizou, nesta quarta-feira, 27\/11, o segundo dia da 3\u00aa edi\u00e7\u00e3o do Festival Liter\u00e1rio de Manaus (Flim), no audit\u00f3rio do Parque Municipal do Idoso (PMI), bairro Nossa Senhora das Gra\u00e7as, na zona Centro-Sul da cidade.","breadcrumb":{"@id":"https:\/\/www.manaus.am.gov.br\/manauscult\/segundodia-flim2024\/#breadcrumb"},"inLanguage":"pt-BR","potentialAction":[{"@type":"ReadAction","target":["https:\/\/www.manaus.am.gov.br\/manauscult\/segundodia-flim2024\/"]}]},{"@type":"ImageObject","inLanguage":"pt-BR","@id":"https:\/\/www.manaus.am.gov.br\/manauscult\/segundodia-flim2024\/#primaryimage","url":"https:\/\/www.manaus.am.gov.br\/manauscult\/wp-content\/uploads\/sites\/11\/2024\/11\/54169413489_bca32a76fa_c.jpg","contentUrl":"https:\/\/www.manaus.am.gov.br\/manauscult\/wp-content\/uploads\/sites\/11\/2024\/11\/54169413489_bca32a76fa_c.jpg","width":799,"height":533},{"@type":"BreadcrumbList","@id":"https:\/\/www.manaus.am.gov.br\/manauscult\/segundodia-flim2024\/#breadcrumb","itemListElement":[{"@type":"ListItem","position":1,"name":"Home","item":"https:\/\/www.manaus.am.gov.br\/manauscult\/"},{"@type":"ListItem","position":2,"name":"Segundo dia do Flim 2024 tem debate sobre desafios e perspectivas da literatura amazonense"}]},{"@type":"WebSite","@id":"https:\/\/www.manaus.am.gov.br\/manauscult\/#website","url":"https:\/\/www.manaus.am.gov.br\/manauscult\/","name":"MANAUSCULT","description":"Prefeitura de Manaus","potentialAction":[{"@type":"SearchAction","target":{"@type":"EntryPoint","urlTemplate":"https:\/\/www.manaus.am.gov.br\/manauscult\/?s={search_term_string}"},"query-input":"required name=search_term_string"}],"inLanguage":"pt-BR"},{"@type":"Person","@id":"https:\/\/www.manaus.am.gov.br\/manauscult\/#\/schema\/person\/4e49f4e267757a06ca072ec61b2b9968","name":"Adriana Costa","image":{"@type":"ImageObject","inLanguage":"pt-BR","@id":"https:\/\/www.manaus.am.gov.br\/manauscult\/#\/schema\/person\/image\/","url":"https:\/\/secure.gravatar.com\/avatar\/576258617ef7194f718179e766d57bd4?s=96&d=mm&r=g","contentUrl":"https:\/\/secure.gravatar.com\/avatar\/576258617ef7194f718179e766d57bd4?s=96&d=mm&r=g","caption":"Adriana Costa"}}]}},"_links":{"self":[{"href":"https:\/\/www.manaus.am.gov.br\/manauscult\/wp-json\/wp\/v2\/posts\/2827"}],"collection":[{"href":"https:\/\/www.manaus.am.gov.br\/manauscult\/wp-json\/wp\/v2\/posts"}],"about":[{"href":"https:\/\/www.manaus.am.gov.br\/manauscult\/wp-json\/wp\/v2\/types\/post"}],"author":[{"embeddable":true,"href":"https:\/\/www.manaus.am.gov.br\/manauscult\/wp-json\/wp\/v2\/users\/23"}],"replies":[{"embeddable":true,"href":"https:\/\/www.manaus.am.gov.br\/manauscult\/wp-json\/wp\/v2\/comments?post=2827"}],"version-history":[{"count":0,"href":"https:\/\/www.manaus.am.gov.br\/manauscult\/wp-json\/wp\/v2\/posts\/2827\/revisions"}],"wp:featuredmedia":[{"embeddable":true,"href":"https:\/\/www.manaus.am.gov.br\/manauscult\/wp-json\/wp\/v2\/media\/2828"}],"wp:attachment":[{"href":"https:\/\/www.manaus.am.gov.br\/manauscult\/wp-json\/wp\/v2\/media?parent=2827"}],"wp:term":[{"taxonomy":"category","embeddable":true,"href":"https:\/\/www.manaus.am.gov.br\/manauscult\/wp-json\/wp\/v2\/categories?post=2827"},{"taxonomy":"post_tag","embeddable":true,"href":"https:\/\/www.manaus.am.gov.br\/manauscult\/wp-json\/wp\/v2\/tags?post=2827"}],"curies":[{"name":"wp","href":"https:\/\/api.w.org\/{rel}","templated":true}]}}