{"id":2792,"date":"2024-11-04T16:48:58","date_gmt":"2024-11-04T20:48:58","guid":{"rendered":"https:\/\/www.manaus.am.gov.br\/manauscult\/prorrogacao-inscricoes-editais-pnab-manaus-ate-12-11\/"},"modified":"2024-11-04T16:48:58","modified_gmt":"2024-11-04T20:48:58","slug":"prorrogacao-inscricoes-editais-pnab-manaus-ate-12-11","status":"publish","type":"post","link":"https:\/\/www.manaus.am.gov.br\/manauscult\/prorrogacao-inscricoes-editais-pnab-manaus-ate-12-11\/","title":{"rendered":"Prefeitura prorroga novamente as inscri\u00e7\u00f5es dos editais da Pnab-Manaus at\u00e9 12 de novembro"},"content":{"rendered":"\n<p>Atendendo a in\u00fameros pedidos da classe cultural, a Prefeitura de Manaus resolveu prorrogar novamente o prazo das inscri\u00e7\u00f5es da Pol\u00edtica Nacional Aldir Blanc (Pnab) Manaus para os editais n\u00b0 005\/2024 (pr\u00eamios de Pontos de Cultura), n\u00b0 006\/2024 (Projetos Continuados de Pontos de Cultura), n\u00b0007\/2024 (Subs\u00eddios e&nbsp; Manuten\u00e7\u00e3o de Ambientes Culturais), n\u00b0 008\/2024 (\u00c1reas Perif\u00e9ricas, Ribeirinhas e Povos Tradicionais, n\u00b0 009\/2024(Festivais Culturais) e n\u00b0 010\/2024 (Mestras da Cultura), que encerraria, nesta ter\u00e7a-feira, 4\/11, para o dia 12\/11 at\u00e9 as 16h.<\/p>\n\n\n\n<p>O presidente do Fundo Municipal de Cultura (FMC), gerido pelo Conselho Municipal de Cultura (Concultura), Neilo Batista, explica que a prorroga\u00e7\u00e3o ir\u00e1 oportunizar, principalmente, os fazedores de cultura da periferia e de \u00e1reas ribeirinhas, rurais e ind\u00edgenas, que n\u00e3o conseguiram inscrever seus projetos no prazo previsto por in\u00fameros problemas, como dif\u00edcil acesso \u00e0 internet e tamb\u00e9m em decorr\u00eancia da vazante dos rios.<\/p>\n\n\n\n<p>&#8220;Quanto aos Editais 003 e 004&#8243;, LGBTQIAPN+ e Hip-Hop, os prazos encerraram hoje, dia 4 de novembro, conforme a \u00faltima prorroga\u00e7\u00e3o pleiteada pelos segmentos&#8221;, justificou.<\/p>\n\n\n\n<p>As inscri\u00e7\u00f5es devem ser feitas por meio do site do Concultura, no link: <a href=\"https:\/\/concultura.manaus.am.gov.br\/pnab-manaus\">https:\/\/concultura.manaus.am.gov.br\/pnab-manaus<\/a>. As categorias que ser\u00e3o contempladas com mais de R$ 8 milh\u00f5es, nesta etapa, s\u00e3o: Editais Mestras da Cultura; LGBTQIAPN+; HIP-HOP; Pr\u00eamios de Pontos de Cultura; Festivais Culturais; Subs\u00eddios e Manuten\u00e7\u00e3o de Ambientes Culturais; Projetos Continuados de Pontos de Cultura; \u00c1reas Perif\u00e9ricas, Ribeirinhas e Povos Tradicionais.<\/p>\n\n\n\n<p>O sistema de cotas est\u00e1 garantido para pessoas negras (pretas e pardas), ind\u00edgenas e pessoas com defici\u00eancia, seguindo a normativa do Minist\u00e9rio da Cultura (MinC) estabelecida nos editais.<\/p>\n\n\n\n<figure class=\"wp-block-image size-large\"><img loading=\"lazy\" decoding=\"async\" width=\"1024\" height=\"768\" src=\"https:\/\/www.manaus.am.gov.br\/manauscult\/wp-content\/uploads\/sites\/11\/2024\/11\/Fazedores-de-cultura-2-1024x768.jpg\" alt=\"\" class=\"wp-image-2793\" srcset=\"https:\/\/www.manaus.am.gov.br\/manauscult\/wp-content\/uploads\/sites\/11\/2024\/11\/Fazedores-de-cultura-2-1024x768.jpg 1024w, https:\/\/www.manaus.am.gov.br\/manauscult\/wp-content\/uploads\/sites\/11\/2024\/11\/Fazedores-de-cultura-2-300x225.jpg 300w, https:\/\/www.manaus.am.gov.br\/manauscult\/wp-content\/uploads\/sites\/11\/2024\/11\/Fazedores-de-cultura-2-768x576.jpg 768w, https:\/\/www.manaus.am.gov.br\/manauscult\/wp-content\/uploads\/sites\/11\/2024\/11\/Fazedores-de-cultura-2.jpg 1280w\" sizes=\"(max-width: 1024px) 100vw, 1024px\" \/><\/figure>\n\n\n\n<p>&#8212; &#8212; &#8212;<\/p>\n\n\n\n<p><strong>Texto e fotos \u2013<\/strong> Divulga\u00e7\u00e3o\/Concultura&nbsp;(em anexo)<\/p>\n","protected":false},"excerpt":{"rendered":"","protected":false},"author":39,"featured_media":2794,"comment_status":"closed","ping_status":"closed","sticky":false,"template":"","format":"standard","meta":{"footnotes":""},"categories":[1157],"tags":[45,1158,1159,11,180],"acf":[],"yoast_head":"<!-- This site is optimized with the Yoast SEO plugin v23.0 - https:\/\/yoast.com\/wordpress\/plugins\/seo\/ -->\n<title>Prorroga\u00e7\u00e3o das inscri\u00e7\u00f5es dos editais da Pnab-Manaus at\u00e9 12\/11<\/title>\n<meta name=\"description\" content=\"Prefeitura de Manaus, por meio do Concultura, prorroga novamente as inscri\u00e7\u00f5es dos editais da Pnab-Manaus at\u00e9 12 de novembro.\" \/>\n<meta name=\"robots\" content=\"noindex, follow\" \/>\n<meta property=\"og:locale\" content=\"pt_BR\" \/>\n<meta property=\"og:type\" content=\"article\" \/>\n<meta property=\"og:title\" content=\"Prorroga\u00e7\u00e3o das inscri\u00e7\u00f5es dos editais da Pnab-Manaus at\u00e9 12\/11\" \/>\n<meta property=\"og:description\" content=\"Prefeitura de Manaus, por meio do Concultura, prorroga novamente as inscri\u00e7\u00f5es dos editais da Pnab-Manaus at\u00e9 12 de novembro.\" \/>\n<meta property=\"og:url\" content=\"https:\/\/www.manaus.am.gov.br\/manauscult\/prorrogacao-inscricoes-editais-pnab-manaus-ate-12-11\/\" \/>\n<meta property=\"og:site_name\" content=\"MANAUSCULT\" \/>\n<meta property=\"article:published_time\" content=\"2024-11-04T20:48:58+00:00\" \/>\n<meta property=\"og:image\" content=\"https:\/\/www.manaus.am.gov.br\/manauscult\/wp-content\/uploads\/sites\/11\/2024\/11\/Fazedores-de-cultura-3.jpg\" \/>\n\t<meta property=\"og:image:width\" content=\"1280\" \/>\n\t<meta property=\"og:image:height\" content=\"960\" \/>\n\t<meta property=\"og:image:type\" content=\"image\/jpeg\" \/>\n<meta name=\"author\" content=\"Bruna Greco\" \/>\n<meta name=\"twitter:card\" content=\"summary_large_image\" \/>\n<meta name=\"twitter:label1\" content=\"Written by\" \/>\n\t<meta name=\"twitter:data1\" content=\"Bruna Greco\" \/>\n\t<meta name=\"twitter:label2\" content=\"Est. reading time\" \/>\n\t<meta name=\"twitter:data2\" content=\"2 minutos\" \/>\n<script type=\"application\/ld+json\" class=\"yoast-schema-graph\">{\"@context\":\"https:\/\/schema.org\",\"@graph\":[{\"@type\":\"WebPage\",\"@id\":\"https:\/\/www.manaus.am.gov.br\/manauscult\/prorrogacao-inscricoes-editais-pnab-manaus-ate-12-11\/\",\"url\":\"https:\/\/www.manaus.am.gov.br\/manauscult\/prorrogacao-inscricoes-editais-pnab-manaus-ate-12-11\/\",\"name\":\"Prorroga\u00e7\u00e3o das inscri\u00e7\u00f5es dos editais da Pnab-Manaus at\u00e9 12\/11\",\"isPartOf\":{\"@id\":\"https:\/\/www.manaus.am.gov.br\/manauscult\/#website\"},\"primaryImageOfPage\":{\"@id\":\"https:\/\/www.manaus.am.gov.br\/manauscult\/prorrogacao-inscricoes-editais-pnab-manaus-ate-12-11\/#primaryimage\"},\"image\":{\"@id\":\"https:\/\/www.manaus.am.gov.br\/manauscult\/prorrogacao-inscricoes-editais-pnab-manaus-ate-12-11\/#primaryimage\"},\"thumbnailUrl\":\"https:\/\/www.manaus.am.gov.br\/manauscult\/wp-content\/uploads\/sites\/11\/2024\/11\/Fazedores-de-cultura-3.jpg\",\"datePublished\":\"2024-11-04T20:48:58+00:00\",\"dateModified\":\"2024-11-04T20:48:58+00:00\",\"author\":{\"@id\":\"https:\/\/www.manaus.am.gov.br\/manauscult\/#\/schema\/person\/05d223aea2bf115f9883a6ff3683d81b\"},\"description\":\"Prefeitura de Manaus, por meio do Concultura, prorroga novamente as inscri\u00e7\u00f5es dos editais da Pnab-Manaus at\u00e9 12 de novembro.\",\"breadcrumb\":{\"@id\":\"https:\/\/www.manaus.am.gov.br\/manauscult\/prorrogacao-inscricoes-editais-pnab-manaus-ate-12-11\/#breadcrumb\"},\"inLanguage\":\"pt-BR\",\"potentialAction\":[{\"@type\":\"ReadAction\",\"target\":[\"https:\/\/www.manaus.am.gov.br\/manauscult\/prorrogacao-inscricoes-editais-pnab-manaus-ate-12-11\/\"]}]},{\"@type\":\"ImageObject\",\"inLanguage\":\"pt-BR\",\"@id\":\"https:\/\/www.manaus.am.gov.br\/manauscult\/prorrogacao-inscricoes-editais-pnab-manaus-ate-12-11\/#primaryimage\",\"url\":\"https:\/\/www.manaus.am.gov.br\/manauscult\/wp-content\/uploads\/sites\/11\/2024\/11\/Fazedores-de-cultura-3.jpg\",\"contentUrl\":\"https:\/\/www.manaus.am.gov.br\/manauscult\/wp-content\/uploads\/sites\/11\/2024\/11\/Fazedores-de-cultura-3.jpg\",\"width\":1280,\"height\":960,\"caption\":\"#paratodosverem - Representantes do Concultura e fazedores de cultura reunidos para tratar sobre os editais da Pnab-Manaus\"},{\"@type\":\"BreadcrumbList\",\"@id\":\"https:\/\/www.manaus.am.gov.br\/manauscult\/prorrogacao-inscricoes-editais-pnab-manaus-ate-12-11\/#breadcrumb\",\"itemListElement\":[{\"@type\":\"ListItem\",\"position\":1,\"name\":\"Home\",\"item\":\"https:\/\/www.manaus.am.gov.br\/manauscult\/\"},{\"@type\":\"ListItem\",\"position\":2,\"name\":\"Prefeitura prorroga novamente as inscri\u00e7\u00f5es dos editais da Pnab-Manaus at\u00e9 12 de novembro\"}]},{\"@type\":\"WebSite\",\"@id\":\"https:\/\/www.manaus.am.gov.br\/manauscult\/#website\",\"url\":\"https:\/\/www.manaus.am.gov.br\/manauscult\/\",\"name\":\"MANAUSCULT\",\"description\":\"Prefeitura de Manaus\",\"potentialAction\":[{\"@type\":\"SearchAction\",\"target\":{\"@type\":\"EntryPoint\",\"urlTemplate\":\"https:\/\/www.manaus.am.gov.br\/manauscult\/?s={search_term_string}\"},\"query-input\":\"required name=search_term_string\"}],\"inLanguage\":\"pt-BR\"},{\"@type\":\"Person\",\"@id\":\"https:\/\/www.manaus.am.gov.br\/manauscult\/#\/schema\/person\/05d223aea2bf115f9883a6ff3683d81b\",\"name\":\"Bruna Greco\",\"image\":{\"@type\":\"ImageObject\",\"inLanguage\":\"pt-BR\",\"@id\":\"https:\/\/www.manaus.am.gov.br\/manauscult\/#\/schema\/person\/image\/\",\"url\":\"https:\/\/secure.gravatar.com\/avatar\/9c877d1a6adc2a055330e5c09a8653ce?s=96&d=mm&r=g\",\"contentUrl\":\"https:\/\/secure.gravatar.com\/avatar\/9c877d1a6adc2a055330e5c09a8653ce?s=96&d=mm&r=g\",\"caption\":\"Bruna Greco\"}}]}<\/script>\n<!-- \/ Yoast SEO plugin. -->","yoast_head_json":{"title":"Prorroga\u00e7\u00e3o das inscri\u00e7\u00f5es dos editais da Pnab-Manaus at\u00e9 12\/11","description":"Prefeitura de Manaus, por meio do Concultura, prorroga novamente as inscri\u00e7\u00f5es dos editais da Pnab-Manaus at\u00e9 12 de novembro.","robots":{"index":"noindex","follow":"follow"},"og_locale":"pt_BR","og_type":"article","og_title":"Prorroga\u00e7\u00e3o das inscri\u00e7\u00f5es dos editais da Pnab-Manaus at\u00e9 12\/11","og_description":"Prefeitura de Manaus, por meio do Concultura, prorroga novamente as inscri\u00e7\u00f5es dos editais da Pnab-Manaus at\u00e9 12 de novembro.","og_url":"https:\/\/www.manaus.am.gov.br\/manauscult\/prorrogacao-inscricoes-editais-pnab-manaus-ate-12-11\/","og_site_name":"MANAUSCULT","article_published_time":"2024-11-04T20:48:58+00:00","og_image":[{"width":1280,"height":960,"url":"https:\/\/www.manaus.am.gov.br\/manauscult\/wp-content\/uploads\/sites\/11\/2024\/11\/Fazedores-de-cultura-3.jpg","type":"image\/jpeg"}],"author":"Bruna Greco","twitter_card":"summary_large_image","twitter_misc":{"Written by":"Bruna Greco","Est. reading time":"2 minutos"},"schema":{"@context":"https:\/\/schema.org","@graph":[{"@type":"WebPage","@id":"https:\/\/www.manaus.am.gov.br\/manauscult\/prorrogacao-inscricoes-editais-pnab-manaus-ate-12-11\/","url":"https:\/\/www.manaus.am.gov.br\/manauscult\/prorrogacao-inscricoes-editais-pnab-manaus-ate-12-11\/","name":"Prorroga\u00e7\u00e3o das inscri\u00e7\u00f5es dos editais da Pnab-Manaus at\u00e9 12\/11","isPartOf":{"@id":"https:\/\/www.manaus.am.gov.br\/manauscult\/#website"},"primaryImageOfPage":{"@id":"https:\/\/www.manaus.am.gov.br\/manauscult\/prorrogacao-inscricoes-editais-pnab-manaus-ate-12-11\/#primaryimage"},"image":{"@id":"https:\/\/www.manaus.am.gov.br\/manauscult\/prorrogacao-inscricoes-editais-pnab-manaus-ate-12-11\/#primaryimage"},"thumbnailUrl":"https:\/\/www.manaus.am.gov.br\/manauscult\/wp-content\/uploads\/sites\/11\/2024\/11\/Fazedores-de-cultura-3.jpg","datePublished":"2024-11-04T20:48:58+00:00","dateModified":"2024-11-04T20:48:58+00:00","author":{"@id":"https:\/\/www.manaus.am.gov.br\/manauscult\/#\/schema\/person\/05d223aea2bf115f9883a6ff3683d81b"},"description":"Prefeitura de Manaus, por meio do Concultura, prorroga novamente as inscri\u00e7\u00f5es dos editais da Pnab-Manaus at\u00e9 12 de novembro.","breadcrumb":{"@id":"https:\/\/www.manaus.am.gov.br\/manauscult\/prorrogacao-inscricoes-editais-pnab-manaus-ate-12-11\/#breadcrumb"},"inLanguage":"pt-BR","potentialAction":[{"@type":"ReadAction","target":["https:\/\/www.manaus.am.gov.br\/manauscult\/prorrogacao-inscricoes-editais-pnab-manaus-ate-12-11\/"]}]},{"@type":"ImageObject","inLanguage":"pt-BR","@id":"https:\/\/www.manaus.am.gov.br\/manauscult\/prorrogacao-inscricoes-editais-pnab-manaus-ate-12-11\/#primaryimage","url":"https:\/\/www.manaus.am.gov.br\/manauscult\/wp-content\/uploads\/sites\/11\/2024\/11\/Fazedores-de-cultura-3.jpg","contentUrl":"https:\/\/www.manaus.am.gov.br\/manauscult\/wp-content\/uploads\/sites\/11\/2024\/11\/Fazedores-de-cultura-3.jpg","width":1280,"height":960,"caption":"#paratodosverem - Representantes do Concultura e fazedores de cultura reunidos para tratar sobre os editais da Pnab-Manaus"},{"@type":"BreadcrumbList","@id":"https:\/\/www.manaus.am.gov.br\/manauscult\/prorrogacao-inscricoes-editais-pnab-manaus-ate-12-11\/#breadcrumb","itemListElement":[{"@type":"ListItem","position":1,"name":"Home","item":"https:\/\/www.manaus.am.gov.br\/manauscult\/"},{"@type":"ListItem","position":2,"name":"Prefeitura prorroga novamente as inscri\u00e7\u00f5es dos editais da Pnab-Manaus at\u00e9 12 de novembro"}]},{"@type":"WebSite","@id":"https:\/\/www.manaus.am.gov.br\/manauscult\/#website","url":"https:\/\/www.manaus.am.gov.br\/manauscult\/","name":"MANAUSCULT","description":"Prefeitura de Manaus","potentialAction":[{"@type":"SearchAction","target":{"@type":"EntryPoint","urlTemplate":"https:\/\/www.manaus.am.gov.br\/manauscult\/?s={search_term_string}"},"query-input":"required name=search_term_string"}],"inLanguage":"pt-BR"},{"@type":"Person","@id":"https:\/\/www.manaus.am.gov.br\/manauscult\/#\/schema\/person\/05d223aea2bf115f9883a6ff3683d81b","name":"Bruna Greco","image":{"@type":"ImageObject","inLanguage":"pt-BR","@id":"https:\/\/www.manaus.am.gov.br\/manauscult\/#\/schema\/person\/image\/","url":"https:\/\/secure.gravatar.com\/avatar\/9c877d1a6adc2a055330e5c09a8653ce?s=96&d=mm&r=g","contentUrl":"https:\/\/secure.gravatar.com\/avatar\/9c877d1a6adc2a055330e5c09a8653ce?s=96&d=mm&r=g","caption":"Bruna Greco"}}]}},"_links":{"self":[{"href":"https:\/\/www.manaus.am.gov.br\/manauscult\/wp-json\/wp\/v2\/posts\/2792"}],"collection":[{"href":"https:\/\/www.manaus.am.gov.br\/manauscult\/wp-json\/wp\/v2\/posts"}],"about":[{"href":"https:\/\/www.manaus.am.gov.br\/manauscult\/wp-json\/wp\/v2\/types\/post"}],"author":[{"embeddable":true,"href":"https:\/\/www.manaus.am.gov.br\/manauscult\/wp-json\/wp\/v2\/users\/39"}],"replies":[{"embeddable":true,"href":"https:\/\/www.manaus.am.gov.br\/manauscult\/wp-json\/wp\/v2\/comments?post=2792"}],"version-history":[{"count":1,"href":"https:\/\/www.manaus.am.gov.br\/manauscult\/wp-json\/wp\/v2\/posts\/2792\/revisions"}],"predecessor-version":[{"id":2795,"href":"https:\/\/www.manaus.am.gov.br\/manauscult\/wp-json\/wp\/v2\/posts\/2792\/revisions\/2795"}],"wp:featuredmedia":[{"embeddable":true,"href":"https:\/\/www.manaus.am.gov.br\/manauscult\/wp-json\/wp\/v2\/media\/2794"}],"wp:attachment":[{"href":"https:\/\/www.manaus.am.gov.br\/manauscult\/wp-json\/wp\/v2\/media?parent=2792"}],"wp:term":[{"taxonomy":"category","embeddable":true,"href":"https:\/\/www.manaus.am.gov.br\/manauscult\/wp-json\/wp\/v2\/categories?post=2792"},{"taxonomy":"post_tag","embeddable":true,"href":"https:\/\/www.manaus.am.gov.br\/manauscult\/wp-json\/wp\/v2\/tags?post=2792"}],"curies":[{"name":"wp","href":"https:\/\/api.w.org\/{rel}","templated":true}]}}