{"id":2771,"date":"2024-09-07T12:18:08","date_gmt":"2024-09-07T16:18:08","guid":{"rendered":"https:\/\/www.manaus.am.gov.br\/manauscult\/manaus-passo-a-paco-2024-pixote\/"},"modified":"2024-09-07T12:18:09","modified_gmt":"2024-09-07T16:18:09","slug":"manaus-passo-a-paco-2024-pixote","status":"publish","type":"post","link":"https:\/\/www.manaus.am.gov.br\/manauscult\/manaus-passo-a-paco-2024-pixote\/","title":{"rendered":"Segunda noite do Manaus Passo a Pa\u00e7o 2024 \u00e9 marcada por sucessos do grupo Pixote"},"content":{"rendered":"\n<p>Maior festival de artes integradas da regi\u00e3o Norte, promovido pela Prefeitura de Manaus, o \u201cManaus Passo a Pa\u00e7o 2024\u201d seguiu a segunda noite de festa nesta sexta-feira, 6\/9, com sua variada programa\u00e7\u00e3o. Entre as atra\u00e7\u00f5es do palco Malcher, um dos principais do festival, o grupo Pixote marcou a noite com os hits mais aclamados pelo p\u00fablico. O grupo, que \u00e9 um dos principais nomes do pagode rom\u00e2ntico no pa\u00eds, mesclou um setlist de sucessos como \u201cNem de gra\u00e7a\u201d e \u201cSaudade Arrega\u00e7a\u201d.<\/p>\n\n\n\n<p>O vocal do grupo, Douglas Fernando, o Dod\u00f4, falou da empolga\u00e7\u00e3o em se apresentar na megaestrutura montada para os shows no \u201cManaus Passo a Pa\u00e7o\u201d.<\/p>\n\n\n\n<p>\u201cPara a gente, \u00e9 a primeira vez que estamos nesse evento. J\u00e1 viemos para Manaus outras vezes, e aqui a gente tem um carinho especial pela cidade e a galera tamb\u00e9m, recebe a gente com esse carinho especial. Na hora do pagode, que o p\u00fablico fique com a gente, n\u00e3o perca nem de gra\u00e7a. A gente est\u00e1 muito feliz em poder estar fazendo parte dessa festa tamb\u00e9m com todos que est\u00e3o aqui\u201d, destacou Dod\u00f4.<\/p>\n\n\n\n<p>O p\u00fablico que passou pelo palco dan\u00e7ou e cantou muito com a apresenta\u00e7\u00e3o do grupo. A aut\u00f4noma Laila Torres estava desde o hor\u00e1rio da libera\u00e7\u00e3o dos port\u00f5es, esperando a entrada do seu \u00eddolo. O cansa\u00e7o e o calor n\u00e3o a fizeram desistir de curtir muito o show.<\/p>\n\n\n\n<p>\u201cO evento est\u00e1 10, as pessoas podem vir. Seguran\u00e7a boa, o espa\u00e7o est\u00e1 legal. Podem vir que est\u00e1 chibata. Estou nesse palco porque o Pixote era a atra\u00e7\u00e3o principal minha, quem eu mais queria ver e estou muito feliz\u201d, comentou Laila.<\/p>\n\n\n\n<p>A programa\u00e7\u00e3o do festival \u201cManaus Passo a Pa\u00e7o 2024\u201d segue at\u00e9 o s\u00e1bado, 7\/9, com shows de nomes conhecidos nacionalmente como Chit\u00e3ozinho e Xoror\u00f3, Tit\u00e3s e Wesley Safad\u00e3o, entre outras atra\u00e7\u00f5es. A entrada \u00e9 gratuita.<\/p>\n","protected":false},"excerpt":{"rendered":"","protected":false},"author":61,"featured_media":2772,"comment_status":"closed","ping_status":"closed","sticky":false,"template":"","format":"standard","meta":{"footnotes":""},"categories":[1146],"tags":[67,1150,1151,1152,11],"acf":[],"yoast_head":"<!-- This site is optimized with the Yoast SEO plugin v23.0 - https:\/\/yoast.com\/wordpress\/plugins\/seo\/ -->\n<title>Segunda noite do Manaus Passo a Pa\u00e7o 2024 \u00e9 marcada por sucessos do grupo Pixote<\/title>\n<meta name=\"description\" content=\"Maior festival de artes integradas da regi\u00e3o Norte, promovido pela Prefeitura de Manaus, o \u201cManaus Passo a Pa\u00e7o 2024\u201d seguiu a segunda noite de festa nesta sexta-feira, 6\/9, com sua variada programa\u00e7\u00e3o.\" \/>\n<meta name=\"robots\" content=\"noindex, follow\" \/>\n<meta property=\"og:locale\" content=\"pt_BR\" \/>\n<meta property=\"og:type\" content=\"article\" \/>\n<meta property=\"og:title\" content=\"Segunda noite do Manaus Passo a Pa\u00e7o 2024 \u00e9 marcada por sucessos do grupo Pixote\" \/>\n<meta property=\"og:description\" content=\"Maior festival de artes integradas da regi\u00e3o Norte, promovido pela Prefeitura de Manaus, o \u201cManaus Passo a Pa\u00e7o 2024\u201d seguiu a segunda noite de festa nesta sexta-feira, 6\/9, com sua variada programa\u00e7\u00e3o.\" \/>\n<meta property=\"og:url\" content=\"https:\/\/www.manaus.am.gov.br\/manauscult\/manaus-passo-a-paco-2024-pixote\/\" \/>\n<meta property=\"og:site_name\" content=\"MANAUSCULT\" \/>\n<meta property=\"article:published_time\" content=\"2024-09-07T16:18:08+00:00\" \/>\n<meta property=\"article:modified_time\" content=\"2024-09-07T16:18:09+00:00\" \/>\n<meta property=\"og:image\" content=\"https:\/\/www.manaus.am.gov.br\/manauscult\/wp-content\/uploads\/sites\/11\/2024\/09\/Pixote-2.jpeg\" \/>\n\t<meta property=\"og:image:width\" content=\"4160\" \/>\n\t<meta property=\"og:image:height\" content=\"2773\" \/>\n\t<meta property=\"og:image:type\" content=\"image\/jpeg\" \/>\n<meta name=\"author\" content=\"smonteiro\" \/>\n<meta name=\"twitter:card\" content=\"summary_large_image\" \/>\n<meta name=\"twitter:label1\" content=\"Written by\" \/>\n\t<meta name=\"twitter:data1\" content=\"smonteiro\" \/>\n\t<meta name=\"twitter:label2\" content=\"Est. reading time\" \/>\n\t<meta name=\"twitter:data2\" content=\"2 minutos\" \/>\n<script type=\"application\/ld+json\" class=\"yoast-schema-graph\">{\"@context\":\"https:\/\/schema.org\",\"@graph\":[{\"@type\":\"WebPage\",\"@id\":\"https:\/\/www.manaus.am.gov.br\/manauscult\/manaus-passo-a-paco-2024-pixote\/\",\"url\":\"https:\/\/www.manaus.am.gov.br\/manauscult\/manaus-passo-a-paco-2024-pixote\/\",\"name\":\"Segunda noite do Manaus Passo a Pa\u00e7o 2024 \u00e9 marcada por sucessos do grupo Pixote\",\"isPartOf\":{\"@id\":\"https:\/\/www.manaus.am.gov.br\/manauscult\/#website\"},\"primaryImageOfPage\":{\"@id\":\"https:\/\/www.manaus.am.gov.br\/manauscult\/manaus-passo-a-paco-2024-pixote\/#primaryimage\"},\"image\":{\"@id\":\"https:\/\/www.manaus.am.gov.br\/manauscult\/manaus-passo-a-paco-2024-pixote\/#primaryimage\"},\"thumbnailUrl\":\"https:\/\/www.manaus.am.gov.br\/manauscult\/wp-content\/uploads\/sites\/11\/2024\/09\/Pixote-2.jpeg\",\"datePublished\":\"2024-09-07T16:18:08+00:00\",\"dateModified\":\"2024-09-07T16:18:09+00:00\",\"author\":{\"@id\":\"https:\/\/www.manaus.am.gov.br\/manauscult\/#\/schema\/person\/ab4dcf766a54dff74e8d267f5c591961\"},\"description\":\"Maior festival de artes integradas da regi\u00e3o Norte, promovido pela Prefeitura de Manaus, o \u201cManaus Passo a Pa\u00e7o 2024\u201d seguiu a segunda noite de festa nesta sexta-feira, 6\/9, com sua variada programa\u00e7\u00e3o.\",\"breadcrumb\":{\"@id\":\"https:\/\/www.manaus.am.gov.br\/manauscult\/manaus-passo-a-paco-2024-pixote\/#breadcrumb\"},\"inLanguage\":\"pt-BR\",\"potentialAction\":[{\"@type\":\"ReadAction\",\"target\":[\"https:\/\/www.manaus.am.gov.br\/manauscult\/manaus-passo-a-paco-2024-pixote\/\"]}]},{\"@type\":\"ImageObject\",\"inLanguage\":\"pt-BR\",\"@id\":\"https:\/\/www.manaus.am.gov.br\/manauscult\/manaus-passo-a-paco-2024-pixote\/#primaryimage\",\"url\":\"https:\/\/www.manaus.am.gov.br\/manauscult\/wp-content\/uploads\/sites\/11\/2024\/09\/Pixote-2.jpeg\",\"contentUrl\":\"https:\/\/www.manaus.am.gov.br\/manauscult\/wp-content\/uploads\/sites\/11\/2024\/09\/Pixote-2.jpeg\",\"width\":4160,\"height\":2773,\"caption\":\"#paratodosverem - apresenta\u00e7\u00e3o do Grupo Pixote no Manaus Passo a Pa\u00e7o 2024\"},{\"@type\":\"BreadcrumbList\",\"@id\":\"https:\/\/www.manaus.am.gov.br\/manauscult\/manaus-passo-a-paco-2024-pixote\/#breadcrumb\",\"itemListElement\":[{\"@type\":\"ListItem\",\"position\":1,\"name\":\"Home\",\"item\":\"https:\/\/www.manaus.am.gov.br\/manauscult\/\"},{\"@type\":\"ListItem\",\"position\":2,\"name\":\"Segunda noite do Manaus Passo a Pa\u00e7o 2024 \u00e9 marcada por sucessos do grupo Pixote\"}]},{\"@type\":\"WebSite\",\"@id\":\"https:\/\/www.manaus.am.gov.br\/manauscult\/#website\",\"url\":\"https:\/\/www.manaus.am.gov.br\/manauscult\/\",\"name\":\"MANAUSCULT\",\"description\":\"Prefeitura de Manaus\",\"potentialAction\":[{\"@type\":\"SearchAction\",\"target\":{\"@type\":\"EntryPoint\",\"urlTemplate\":\"https:\/\/www.manaus.am.gov.br\/manauscult\/?s={search_term_string}\"},\"query-input\":\"required name=search_term_string\"}],\"inLanguage\":\"pt-BR\"},{\"@type\":\"Person\",\"@id\":\"https:\/\/www.manaus.am.gov.br\/manauscult\/#\/schema\/person\/ab4dcf766a54dff74e8d267f5c591961\",\"name\":\"smonteiro\",\"image\":{\"@type\":\"ImageObject\",\"inLanguage\":\"pt-BR\",\"@id\":\"https:\/\/www.manaus.am.gov.br\/manauscult\/#\/schema\/person\/image\/\",\"url\":\"https:\/\/secure.gravatar.com\/avatar\/21c8776ef61d9272c73322052e042d77?s=96&d=mm&r=g\",\"contentUrl\":\"https:\/\/secure.gravatar.com\/avatar\/21c8776ef61d9272c73322052e042d77?s=96&d=mm&r=g\",\"caption\":\"smonteiro\"}}]}<\/script>\n<!-- \/ Yoast SEO plugin. -->","yoast_head_json":{"title":"Segunda noite do Manaus Passo a Pa\u00e7o 2024 \u00e9 marcada por sucessos do grupo Pixote","description":"Maior festival de artes integradas da regi\u00e3o Norte, promovido pela Prefeitura de Manaus, o \u201cManaus Passo a Pa\u00e7o 2024\u201d seguiu a segunda noite de festa nesta sexta-feira, 6\/9, com sua variada programa\u00e7\u00e3o.","robots":{"index":"noindex","follow":"follow"},"og_locale":"pt_BR","og_type":"article","og_title":"Segunda noite do Manaus Passo a Pa\u00e7o 2024 \u00e9 marcada por sucessos do grupo Pixote","og_description":"Maior festival de artes integradas da regi\u00e3o Norte, promovido pela Prefeitura de Manaus, o \u201cManaus Passo a Pa\u00e7o 2024\u201d seguiu a segunda noite de festa nesta sexta-feira, 6\/9, com sua variada programa\u00e7\u00e3o.","og_url":"https:\/\/www.manaus.am.gov.br\/manauscult\/manaus-passo-a-paco-2024-pixote\/","og_site_name":"MANAUSCULT","article_published_time":"2024-09-07T16:18:08+00:00","article_modified_time":"2024-09-07T16:18:09+00:00","og_image":[{"width":4160,"height":2773,"url":"https:\/\/www.manaus.am.gov.br\/manauscult\/wp-content\/uploads\/sites\/11\/2024\/09\/Pixote-2.jpeg","type":"image\/jpeg"}],"author":"smonteiro","twitter_card":"summary_large_image","twitter_misc":{"Written by":"smonteiro","Est. reading time":"2 minutos"},"schema":{"@context":"https:\/\/schema.org","@graph":[{"@type":"WebPage","@id":"https:\/\/www.manaus.am.gov.br\/manauscult\/manaus-passo-a-paco-2024-pixote\/","url":"https:\/\/www.manaus.am.gov.br\/manauscult\/manaus-passo-a-paco-2024-pixote\/","name":"Segunda noite do Manaus Passo a Pa\u00e7o 2024 \u00e9 marcada por sucessos do grupo Pixote","isPartOf":{"@id":"https:\/\/www.manaus.am.gov.br\/manauscult\/#website"},"primaryImageOfPage":{"@id":"https:\/\/www.manaus.am.gov.br\/manauscult\/manaus-passo-a-paco-2024-pixote\/#primaryimage"},"image":{"@id":"https:\/\/www.manaus.am.gov.br\/manauscult\/manaus-passo-a-paco-2024-pixote\/#primaryimage"},"thumbnailUrl":"https:\/\/www.manaus.am.gov.br\/manauscult\/wp-content\/uploads\/sites\/11\/2024\/09\/Pixote-2.jpeg","datePublished":"2024-09-07T16:18:08+00:00","dateModified":"2024-09-07T16:18:09+00:00","author":{"@id":"https:\/\/www.manaus.am.gov.br\/manauscult\/#\/schema\/person\/ab4dcf766a54dff74e8d267f5c591961"},"description":"Maior festival de artes integradas da regi\u00e3o Norte, promovido pela Prefeitura de Manaus, o \u201cManaus Passo a Pa\u00e7o 2024\u201d seguiu a segunda noite de festa nesta sexta-feira, 6\/9, com sua variada programa\u00e7\u00e3o.","breadcrumb":{"@id":"https:\/\/www.manaus.am.gov.br\/manauscult\/manaus-passo-a-paco-2024-pixote\/#breadcrumb"},"inLanguage":"pt-BR","potentialAction":[{"@type":"ReadAction","target":["https:\/\/www.manaus.am.gov.br\/manauscult\/manaus-passo-a-paco-2024-pixote\/"]}]},{"@type":"ImageObject","inLanguage":"pt-BR","@id":"https:\/\/www.manaus.am.gov.br\/manauscult\/manaus-passo-a-paco-2024-pixote\/#primaryimage","url":"https:\/\/www.manaus.am.gov.br\/manauscult\/wp-content\/uploads\/sites\/11\/2024\/09\/Pixote-2.jpeg","contentUrl":"https:\/\/www.manaus.am.gov.br\/manauscult\/wp-content\/uploads\/sites\/11\/2024\/09\/Pixote-2.jpeg","width":4160,"height":2773,"caption":"#paratodosverem - apresenta\u00e7\u00e3o do Grupo Pixote no Manaus Passo a Pa\u00e7o 2024"},{"@type":"BreadcrumbList","@id":"https:\/\/www.manaus.am.gov.br\/manauscult\/manaus-passo-a-paco-2024-pixote\/#breadcrumb","itemListElement":[{"@type":"ListItem","position":1,"name":"Home","item":"https:\/\/www.manaus.am.gov.br\/manauscult\/"},{"@type":"ListItem","position":2,"name":"Segunda noite do Manaus Passo a Pa\u00e7o 2024 \u00e9 marcada por sucessos do grupo Pixote"}]},{"@type":"WebSite","@id":"https:\/\/www.manaus.am.gov.br\/manauscult\/#website","url":"https:\/\/www.manaus.am.gov.br\/manauscult\/","name":"MANAUSCULT","description":"Prefeitura de Manaus","potentialAction":[{"@type":"SearchAction","target":{"@type":"EntryPoint","urlTemplate":"https:\/\/www.manaus.am.gov.br\/manauscult\/?s={search_term_string}"},"query-input":"required name=search_term_string"}],"inLanguage":"pt-BR"},{"@type":"Person","@id":"https:\/\/www.manaus.am.gov.br\/manauscult\/#\/schema\/person\/ab4dcf766a54dff74e8d267f5c591961","name":"smonteiro","image":{"@type":"ImageObject","inLanguage":"pt-BR","@id":"https:\/\/www.manaus.am.gov.br\/manauscult\/#\/schema\/person\/image\/","url":"https:\/\/secure.gravatar.com\/avatar\/21c8776ef61d9272c73322052e042d77?s=96&d=mm&r=g","contentUrl":"https:\/\/secure.gravatar.com\/avatar\/21c8776ef61d9272c73322052e042d77?s=96&d=mm&r=g","caption":"smonteiro"}}]}},"_links":{"self":[{"href":"https:\/\/www.manaus.am.gov.br\/manauscult\/wp-json\/wp\/v2\/posts\/2771"}],"collection":[{"href":"https:\/\/www.manaus.am.gov.br\/manauscult\/wp-json\/wp\/v2\/posts"}],"about":[{"href":"https:\/\/www.manaus.am.gov.br\/manauscult\/wp-json\/wp\/v2\/types\/post"}],"author":[{"embeddable":true,"href":"https:\/\/www.manaus.am.gov.br\/manauscult\/wp-json\/wp\/v2\/users\/61"}],"replies":[{"embeddable":true,"href":"https:\/\/www.manaus.am.gov.br\/manauscult\/wp-json\/wp\/v2\/comments?post=2771"}],"version-history":[{"count":0,"href":"https:\/\/www.manaus.am.gov.br\/manauscult\/wp-json\/wp\/v2\/posts\/2771\/revisions"}],"wp:featuredmedia":[{"embeddable":true,"href":"https:\/\/www.manaus.am.gov.br\/manauscult\/wp-json\/wp\/v2\/media\/2772"}],"wp:attachment":[{"href":"https:\/\/www.manaus.am.gov.br\/manauscult\/wp-json\/wp\/v2\/media?parent=2771"}],"wp:term":[{"taxonomy":"category","embeddable":true,"href":"https:\/\/www.manaus.am.gov.br\/manauscult\/wp-json\/wp\/v2\/categories?post=2771"},{"taxonomy":"post_tag","embeddable":true,"href":"https:\/\/www.manaus.am.gov.br\/manauscult\/wp-json\/wp\/v2\/tags?post=2771"}],"curies":[{"name":"wp","href":"https:\/\/api.w.org\/{rel}","templated":true}]}}