{"id":2701,"date":"2024-06-26T17:38:28","date_gmt":"2024-06-26T21:38:28","guid":{"rendered":"https:\/\/www.manaus.am.gov.br\/manauscult\/vencedores-na-categoria-prata-do-66o-festival-folclorico-do-amazonas\/"},"modified":"2024-06-26T17:57:28","modified_gmt":"2024-06-26T21:57:28","slug":"vencedores-na-categoria-prata-do-66o-festival-folclorico-do-amazonas","status":"publish","type":"post","link":"https:\/\/www.manaus.am.gov.br\/manauscult\/vencedores-na-categoria-prata-do-66o-festival-folclorico-do-amazonas\/","title":{"rendered":"Prefeitura anuncia vencedores na Categoria Prata do 66\u00ba Festival Folcl\u00f3rico do Amazonas"},"content":{"rendered":"\n<p>A Prefeitura de Manaus, por meio da Funda\u00e7\u00e3o Municipal de Cultura, Turismo e Eventos (Manauscult), anunciou, nesta ter\u00e7a-feira, 25\/6, os vencedores da Categoria Prata, no 66\u00ba Festival Folcl\u00f3rico do Amazonas 2024. A apura\u00e7\u00e3o foi realizada no Centro Arqueol\u00f3gico de Manaus (CAM), localizado na avenida 7 de Setembro, bairro Centro, zona Sul da cidade.<\/p>\n\n\n\n<p>Os primeiros lugares de cada uma das 11 modalidades da Categoria Prata foram conquistados pelos grupos Tsunami na Ro\u00e7a (dan\u00e7a alternativa), Simetria na Ro\u00e7a (dan\u00e7a regional), Muras (povos ind\u00edgenas), Belo Horizonte (cacetinho), S\u00edria do Amazonas (dan\u00e7a internacional), Caf\u00e9 da Reden\u00e7\u00e3o (dan\u00e7a nacional), Cabras de Capit\u00e3o Rufino (dan\u00e7a nordestina), \u00c1guias de Ouro (ciranda), Bibas Boys (quadrilha c\u00f4mica), Pistoleiros na Ro\u00e7a (quadrilha de duelo), e Caipira na Ro\u00e7a da Bet\u00e2nia (quadrilha tradicional).<\/p>\n\n\n\n<p>O diretor-presidente da Manauscult, Jender Lobato, iniciou a apura\u00e7\u00e3o na presen\u00e7a do vice-presidente da pasta, Reginei Rodrigues, acompanhados dos representantes das ligas folcl\u00f3ricas: Elson Rocha, da Associa\u00e7\u00e3o Folcl\u00f3rica Cultural Boi-Bumb\u00e1 Corre Campo (AFBBCC), Bruno Eduardo, da Liga Independente dos Grupos Folcl\u00f3ricos de Manaus (LIGFM) e James Paix\u00e3o da Associa\u00e7\u00e3o Folcl\u00f3rica Cultural do Amazonas (AFCAM).<\/p>\n\n\n\n<p>Ao anunciar os vencedores da Categoria Prata no 66\u00ba Festival Folcl\u00f3rico do Amazonas, o diretor-presidente da Manauscult destacou a diversidade cultural e o talento dos grupos participantes na edi\u00e7\u00e3o deste ano.<\/p>\n\n\n\n<p>\u201cAo t\u00e9rmino desses intensos 16 dias de festival, \u00e9 com grande alegria que reconhecemos o talento e dedica\u00e7\u00e3o de todos os participantes da Categoria Prata. Cada grupo demonstrou n\u00e3o apenas habilidade art\u00edstica, mas tamb\u00e9m um profundo compromisso em promover e preservar nossa rica cultura folcl\u00f3rica. Parab\u00e9ns a todos os envolvidos por tornarem este evento t\u00e3o memor\u00e1vel e inspirador para nossa comunidade\u201d, comemorou Jender Lobato.<\/p>\n\n\n\n<figure class=\"wp-block-image size-large\"><img loading=\"lazy\" decoding=\"async\" width=\"1024\" height=\"683\" src=\"https:\/\/www.manaus.am.gov.br\/manauscult\/wp-content\/uploads\/sites\/11\/2024\/06\/53815039422_82e155b9d6_k-1024x683.jpg\" alt=\"\" class=\"wp-image-2702\" srcset=\"https:\/\/www.manaus.am.gov.br\/manauscult\/wp-content\/uploads\/sites\/11\/2024\/06\/53815039422_82e155b9d6_k-1024x683.jpg 1024w, https:\/\/www.manaus.am.gov.br\/manauscult\/wp-content\/uploads\/sites\/11\/2024\/06\/53815039422_82e155b9d6_k-300x200.jpg 300w, https:\/\/www.manaus.am.gov.br\/manauscult\/wp-content\/uploads\/sites\/11\/2024\/06\/53815039422_82e155b9d6_k-768x512.jpg 768w, https:\/\/www.manaus.am.gov.br\/manauscult\/wp-content\/uploads\/sites\/11\/2024\/06\/53815039422_82e155b9d6_k-1536x1024.jpg 1536w, https:\/\/www.manaus.am.gov.br\/manauscult\/wp-content\/uploads\/sites\/11\/2024\/06\/53815039422_82e155b9d6_k.jpg 2047w\" sizes=\"(max-width: 1024px) 100vw, 1024px\" \/><\/figure>\n\n\n\n<p><strong>Confira os resultados detalhados das apura\u00e7\u00f5es:<\/strong><\/p>\n\n\n\n<h3 class=\"wp-block-heading\">Modalidade Dan\u00e7a Alternativa<\/h3>\n\n\n\n<p>Na modalidade Dan\u00e7a Alternativa a classifica\u00e7\u00e3o final foi: 1\u00ba Tsunami na Ro\u00e7a. O grupo Tsunami na Ro\u00e7a \u00e9 o \u00fanico grupo da modalidade e sobe para a categoria Ouro.<\/p>\n\n\n\n<h3 class=\"wp-block-heading\">Modalidade Dan\u00e7a Regional<\/h3>\n\n\n\n<p>Na modalidade Dan\u00e7a Regional, a classifica\u00e7\u00e3o final foi: 1\u00ba Simetria Norte. O grupo Simetria Norte \u00e9 o \u00fanico grupo da modalidade e sobe para a categoria Ouro.<\/p>\n\n\n\n<h3 class=\"wp-block-heading\">Modalidade Povos Ind\u00edgenas<\/h3>\n\n\n\n<p>Na modalidade Povos Ind\u00edgenas, a classifica\u00e7\u00e3o final foi: 1\u00ba Muras, 2\u00ba Dos Bar\u00e9s. O grupo Muras sobe para a categoria Ouro.<\/p>\n\n\n\n<h3 class=\"wp-block-heading\">Modalidade Cacetinho<\/h3>\n\n\n\n<p>Na modalidade Cacetinho, a classifica\u00e7\u00e3o final foi: 1\u00ba Belo Horizonte, 2\u00ba Manau. O grupo Belo Horizonte sobe para a categoria Ouro.<\/p>\n\n\n\n<h3 class=\"wp-block-heading\">Modalidade Dan\u00e7a Internacional<\/h3>\n\n\n\n<p>Na modalidade Dan\u00e7a Internacional, a classifica\u00e7\u00e3o final foi: 1\u00ba S\u00edria do Amazonas, 2\u00ba Jai Oh, 3\u00ba Rancho Luso Brasileiro. O grupo S\u00edria do Amazonas sobe para a categoria Ouro.<\/p>\n\n\n\n<h3 class=\"wp-block-heading\">Modalidade Dan\u00e7a Nacional<\/h3>\n\n\n\n<p>Na modalidade Dan\u00e7a Nacional, a classifica\u00e7\u00e3o final foi: 1\u00ba Caf\u00e9 da Reden\u00e7\u00e3o, 2\u00ba Xote da Karolina, 3\u00ba Xameguinho do Xote. O grupo Caf\u00e9 da Reden\u00e7\u00e3o sobe para a categoria Ouro.<\/p>\n\n\n\n<h3 class=\"wp-block-heading\">Modalidade Dan\u00e7a Nordestina<\/h3>\n\n\n\n<p>Na modalidade Dan\u00e7a Nordestina, a classifica\u00e7\u00e3o final foi: 1\u00ba Cabras do Capit\u00e3o Rufino, 2\u00ba Pisada do Sert\u00e3o, 3\u00ba Lampi\u00e3o o Rei do Sert\u00e3o, 4\u00ba Descendentes de Lampi\u00e3o, 5\u00ba Cangaceiros de Lampi\u00e3o, 6\u00ba Cabras do Capit\u00e3o Cabeleira. Os dois primeiros colocados, Cabras do Capit\u00e3o Rufino e Pisada do Sert\u00e3o, sobem para a categoria Ouro. Cabras do Capit\u00e3o Cabeleira desce para a categoria Bronze.<\/p>\n\n\n\n<h3 class=\"wp-block-heading\">Modalidade Ciranda<\/h3>\n\n\n\n<p>Na modalidade Ciranda, a classifica\u00e7\u00e3o final foi: 1\u00ba \u00c1guias de Ouro, 2\u00ba Tradi\u00e7\u00e3o da Ciranda, 3\u00ba Explode Cora\u00e7\u00e3o, 4\u00ba S\u00e3o Sebasti\u00e3o, 5\u00ba Tradi\u00e7\u00e3o do Parque 10. Os dois primeiros colocados, \u00c1guias de Ouro e Tradi\u00e7\u00e3o da Ciranda, sobem para a categoria Ouro. Tradi\u00e7\u00e3o do Parque 10 desce para a categoria Bronze.<\/p>\n\n\n\n<h3 class=\"wp-block-heading\">Modalidade Quadrilha C\u00f4mica<\/h3>\n\n\n\n<p>Na modalidade Quadrilha C\u00f4mica, a classifica\u00e7\u00e3o final foi: 1\u00ba Biba Boys, 2\u00ba Escolinha na Ro\u00e7a, 3\u00ba Bagaceiros na Ro\u00e7a, 4\u00ba Pedro e Petrita. O grupo Biba Boys sobe para a categoria Ouro.<\/p>\n\n\n\n<h3 class=\"wp-block-heading\">Modalidade Quadrilha de Duelo<\/h3>\n\n\n\n<p>Na modalidade Quadrilha de Duelo, a classifica\u00e7\u00e3o final foi: 1\u00ba Pistoleiros na Ro\u00e7a, 2\u00ba Reis do Faroeste, 3\u00ba Anjos do Faroeste, 4\u00ba Renascer. O grupo Pistoleiros na Ro\u00e7a sobe para a categoria Ouro. O grupo Renascer desce para a categoria Bronze.<\/p>\n\n\n\n<h3 class=\"wp-block-heading\">Modalidade Quadrilha Tradicional<\/h3>\n\n\n\n<p>Na modalidade Quadrilha Tradicional de 2024, a classifica\u00e7\u00e3o final foi: 1\u00ba Caipira na Ro\u00e7a da Bet\u00e2nia, 2\u00ba Nh\u00f4 Chico Junino, 3\u00ba Olinda na Ro\u00e7a, 4\u00ba Imp\u00e9rio na Folia, 5\u00ba Revolu\u00e7\u00e3o na Ro\u00e7a, 6\u00ba Explos\u00e3o na Ro\u00e7a, 7\u00ba Meu Reino na Ro\u00e7a, 8\u00ba Festan\u00e7a na Ro\u00e7a, 9\u00ba Caipira Rastap\u00e9 na Ro\u00e7a, 10\u00ba Faz Raiva na Ro\u00e7a, 11\u00ba Rosas da Noite, 12\u00ba Alegria Caipira, 13\u00ba Brotinhos do Parque, 14\u00ba Pimentinhas na Ro\u00e7a. As tr\u00eas primeiras colocadas, Caipira na Ro\u00e7a da Bet\u00e2nia, Nh\u00f4 Chico Junino e Olinda na Ro\u00e7a, sobem para a categoria Ouro. Alegria Caipira, Brotinhos do Parque e Pimentinhas na Ro\u00e7a desceram para a categoria Bronze.<\/p>\n\n\n\n<p><strong>&#8212; &#8212; &#8212;<\/strong><\/p>\n\n\n\n<p><strong>Texto \u2013 <\/strong>Samira El kebbe\/Manauscult<\/p>\n\n\n\n<p><strong>Fotos \u2013 <\/strong>Jo\u00e3o Viana e Phil Limma\/Semcom<\/p>\n\n\n\n<p><strong>Dispon\u00edveis em &#8211; <\/strong><a href=\"https:\/\/flic.kr\/s\/aHBqjBwNki\">https:\/\/flic.kr\/s\/aHBqjBwNki<\/a><\/p>\n","protected":false},"excerpt":{"rendered":"","protected":false},"author":39,"featured_media":2703,"comment_status":"closed","ping_status":"closed","sticky":false,"template":"","format":"standard","meta":{"footnotes":""},"categories":[1139],"tags":[1040,238,9,11,1140],"acf":[],"yoast_head":"<!-- This site is optimized with the Yoast SEO plugin v23.0 - https:\/\/yoast.com\/wordpress\/plugins\/seo\/ -->\n<title>Prefeitura anuncia vencedores na Categoria Prata do 66\u00ba FFA<\/title>\n<meta name=\"description\" content=\"Prefeitura de Manaus, por meio da Manauscult, anunciou os vencedores da Categoria Prata, no 66\u00ba Festival Folcl\u00f3rico do Amazonas 2024.\" \/>\n<meta name=\"robots\" content=\"noindex, follow\" \/>\n<meta property=\"og:locale\" content=\"pt_BR\" \/>\n<meta property=\"og:type\" content=\"article\" \/>\n<meta property=\"og:title\" content=\"Prefeitura anuncia vencedores na Categoria Prata do 66\u00ba FFA\" \/>\n<meta property=\"og:description\" content=\"Prefeitura de Manaus, por meio da Manauscult, anunciou os vencedores da Categoria Prata, no 66\u00ba Festival Folcl\u00f3rico do Amazonas 2024.\" \/>\n<meta property=\"og:url\" content=\"https:\/\/www.manaus.am.gov.br\/manauscult\/vencedores-na-categoria-prata-do-66o-festival-folclorico-do-amazonas\/\" \/>\n<meta property=\"og:site_name\" content=\"MANAUSCULT\" \/>\n<meta property=\"article:published_time\" content=\"2024-06-26T21:38:28+00:00\" \/>\n<meta property=\"article:modified_time\" content=\"2024-06-26T21:57:28+00:00\" \/>\n<meta property=\"og:image\" content=\"https:\/\/www.manaus.am.gov.br\/manauscult\/wp-content\/uploads\/sites\/11\/2024\/06\/53815966826_d96b566787_k.jpg\" \/>\n\t<meta property=\"og:image:width\" content=\"2048\" \/>\n\t<meta property=\"og:image:height\" content=\"1366\" \/>\n\t<meta property=\"og:image:type\" content=\"image\/jpeg\" \/>\n<meta name=\"author\" content=\"Bruna Greco\" \/>\n<meta name=\"twitter:card\" content=\"summary_large_image\" \/>\n<meta name=\"twitter:label1\" content=\"Written by\" \/>\n\t<meta name=\"twitter:data1\" content=\"Bruna Greco\" \/>\n\t<meta name=\"twitter:label2\" content=\"Est. reading time\" \/>\n\t<meta name=\"twitter:data2\" content=\"5 minutos\" \/>\n<script type=\"application\/ld+json\" class=\"yoast-schema-graph\">{\"@context\":\"https:\/\/schema.org\",\"@graph\":[{\"@type\":\"WebPage\",\"@id\":\"https:\/\/www.manaus.am.gov.br\/manauscult\/vencedores-na-categoria-prata-do-66o-festival-folclorico-do-amazonas\/\",\"url\":\"https:\/\/www.manaus.am.gov.br\/manauscult\/vencedores-na-categoria-prata-do-66o-festival-folclorico-do-amazonas\/\",\"name\":\"Prefeitura anuncia vencedores na Categoria Prata do 66\u00ba FFA\",\"isPartOf\":{\"@id\":\"https:\/\/www.manaus.am.gov.br\/manauscult\/#website\"},\"primaryImageOfPage\":{\"@id\":\"https:\/\/www.manaus.am.gov.br\/manauscult\/vencedores-na-categoria-prata-do-66o-festival-folclorico-do-amazonas\/#primaryimage\"},\"image\":{\"@id\":\"https:\/\/www.manaus.am.gov.br\/manauscult\/vencedores-na-categoria-prata-do-66o-festival-folclorico-do-amazonas\/#primaryimage\"},\"thumbnailUrl\":\"https:\/\/www.manaus.am.gov.br\/manauscult\/wp-content\/uploads\/sites\/11\/2024\/06\/53815966826_d96b566787_k.jpg\",\"datePublished\":\"2024-06-26T21:38:28+00:00\",\"dateModified\":\"2024-06-26T21:57:28+00:00\",\"author\":{\"@id\":\"https:\/\/www.manaus.am.gov.br\/manauscult\/#\/schema\/person\/05d223aea2bf115f9883a6ff3683d81b\"},\"description\":\"Prefeitura de Manaus, por meio da Manauscult, anunciou os vencedores da Categoria Prata, no 66\u00ba Festival Folcl\u00f3rico do Amazonas 2024.\",\"breadcrumb\":{\"@id\":\"https:\/\/www.manaus.am.gov.br\/manauscult\/vencedores-na-categoria-prata-do-66o-festival-folclorico-do-amazonas\/#breadcrumb\"},\"inLanguage\":\"pt-BR\",\"potentialAction\":[{\"@type\":\"ReadAction\",\"target\":[\"https:\/\/www.manaus.am.gov.br\/manauscult\/vencedores-na-categoria-prata-do-66o-festival-folclorico-do-amazonas\/\"]}]},{\"@type\":\"ImageObject\",\"inLanguage\":\"pt-BR\",\"@id\":\"https:\/\/www.manaus.am.gov.br\/manauscult\/vencedores-na-categoria-prata-do-66o-festival-folclorico-do-amazonas\/#primaryimage\",\"url\":\"https:\/\/www.manaus.am.gov.br\/manauscult\/wp-content\/uploads\/sites\/11\/2024\/06\/53815966826_d96b566787_k.jpg\",\"contentUrl\":\"https:\/\/www.manaus.am.gov.br\/manauscult\/wp-content\/uploads\/sites\/11\/2024\/06\/53815966826_d96b566787_k.jpg\",\"width\":2048,\"height\":1366,\"caption\":\"#paratodosverem - Representantes da Manauscult e das ligas folcl\u00f3ricas durante apura\u00e7\u00e3o da Categoria Prata do 66\u00ba Festival Folcl\u00f3rico do Amazonas\"},{\"@type\":\"BreadcrumbList\",\"@id\":\"https:\/\/www.manaus.am.gov.br\/manauscult\/vencedores-na-categoria-prata-do-66o-festival-folclorico-do-amazonas\/#breadcrumb\",\"itemListElement\":[{\"@type\":\"ListItem\",\"position\":1,\"name\":\"Home\",\"item\":\"https:\/\/www.manaus.am.gov.br\/manauscult\/\"},{\"@type\":\"ListItem\",\"position\":2,\"name\":\"Prefeitura anuncia vencedores na Categoria Prata do 66\u00ba Festival Folcl\u00f3rico do Amazonas\"}]},{\"@type\":\"WebSite\",\"@id\":\"https:\/\/www.manaus.am.gov.br\/manauscult\/#website\",\"url\":\"https:\/\/www.manaus.am.gov.br\/manauscult\/\",\"name\":\"MANAUSCULT\",\"description\":\"Prefeitura de Manaus\",\"potentialAction\":[{\"@type\":\"SearchAction\",\"target\":{\"@type\":\"EntryPoint\",\"urlTemplate\":\"https:\/\/www.manaus.am.gov.br\/manauscult\/?s={search_term_string}\"},\"query-input\":\"required name=search_term_string\"}],\"inLanguage\":\"pt-BR\"},{\"@type\":\"Person\",\"@id\":\"https:\/\/www.manaus.am.gov.br\/manauscult\/#\/schema\/person\/05d223aea2bf115f9883a6ff3683d81b\",\"name\":\"Bruna Greco\",\"image\":{\"@type\":\"ImageObject\",\"inLanguage\":\"pt-BR\",\"@id\":\"https:\/\/www.manaus.am.gov.br\/manauscult\/#\/schema\/person\/image\/\",\"url\":\"https:\/\/secure.gravatar.com\/avatar\/9c877d1a6adc2a055330e5c09a8653ce?s=96&d=mm&r=g\",\"contentUrl\":\"https:\/\/secure.gravatar.com\/avatar\/9c877d1a6adc2a055330e5c09a8653ce?s=96&d=mm&r=g\",\"caption\":\"Bruna Greco\"}}]}<\/script>\n<!-- \/ Yoast SEO plugin. -->","yoast_head_json":{"title":"Prefeitura anuncia vencedores na Categoria Prata do 66\u00ba FFA","description":"Prefeitura de Manaus, por meio da Manauscult, anunciou os vencedores da Categoria Prata, no 66\u00ba Festival Folcl\u00f3rico do Amazonas 2024.","robots":{"index":"noindex","follow":"follow"},"og_locale":"pt_BR","og_type":"article","og_title":"Prefeitura anuncia vencedores na Categoria Prata do 66\u00ba FFA","og_description":"Prefeitura de Manaus, por meio da Manauscult, anunciou os vencedores da Categoria Prata, no 66\u00ba Festival Folcl\u00f3rico do Amazonas 2024.","og_url":"https:\/\/www.manaus.am.gov.br\/manauscult\/vencedores-na-categoria-prata-do-66o-festival-folclorico-do-amazonas\/","og_site_name":"MANAUSCULT","article_published_time":"2024-06-26T21:38:28+00:00","article_modified_time":"2024-06-26T21:57:28+00:00","og_image":[{"width":2048,"height":1366,"url":"https:\/\/www.manaus.am.gov.br\/manauscult\/wp-content\/uploads\/sites\/11\/2024\/06\/53815966826_d96b566787_k.jpg","type":"image\/jpeg"}],"author":"Bruna Greco","twitter_card":"summary_large_image","twitter_misc":{"Written by":"Bruna Greco","Est. reading time":"5 minutos"},"schema":{"@context":"https:\/\/schema.org","@graph":[{"@type":"WebPage","@id":"https:\/\/www.manaus.am.gov.br\/manauscult\/vencedores-na-categoria-prata-do-66o-festival-folclorico-do-amazonas\/","url":"https:\/\/www.manaus.am.gov.br\/manauscult\/vencedores-na-categoria-prata-do-66o-festival-folclorico-do-amazonas\/","name":"Prefeitura anuncia vencedores na Categoria Prata do 66\u00ba FFA","isPartOf":{"@id":"https:\/\/www.manaus.am.gov.br\/manauscult\/#website"},"primaryImageOfPage":{"@id":"https:\/\/www.manaus.am.gov.br\/manauscult\/vencedores-na-categoria-prata-do-66o-festival-folclorico-do-amazonas\/#primaryimage"},"image":{"@id":"https:\/\/www.manaus.am.gov.br\/manauscult\/vencedores-na-categoria-prata-do-66o-festival-folclorico-do-amazonas\/#primaryimage"},"thumbnailUrl":"https:\/\/www.manaus.am.gov.br\/manauscult\/wp-content\/uploads\/sites\/11\/2024\/06\/53815966826_d96b566787_k.jpg","datePublished":"2024-06-26T21:38:28+00:00","dateModified":"2024-06-26T21:57:28+00:00","author":{"@id":"https:\/\/www.manaus.am.gov.br\/manauscult\/#\/schema\/person\/05d223aea2bf115f9883a6ff3683d81b"},"description":"Prefeitura de Manaus, por meio da Manauscult, anunciou os vencedores da Categoria Prata, no 66\u00ba Festival Folcl\u00f3rico do Amazonas 2024.","breadcrumb":{"@id":"https:\/\/www.manaus.am.gov.br\/manauscult\/vencedores-na-categoria-prata-do-66o-festival-folclorico-do-amazonas\/#breadcrumb"},"inLanguage":"pt-BR","potentialAction":[{"@type":"ReadAction","target":["https:\/\/www.manaus.am.gov.br\/manauscult\/vencedores-na-categoria-prata-do-66o-festival-folclorico-do-amazonas\/"]}]},{"@type":"ImageObject","inLanguage":"pt-BR","@id":"https:\/\/www.manaus.am.gov.br\/manauscult\/vencedores-na-categoria-prata-do-66o-festival-folclorico-do-amazonas\/#primaryimage","url":"https:\/\/www.manaus.am.gov.br\/manauscult\/wp-content\/uploads\/sites\/11\/2024\/06\/53815966826_d96b566787_k.jpg","contentUrl":"https:\/\/www.manaus.am.gov.br\/manauscult\/wp-content\/uploads\/sites\/11\/2024\/06\/53815966826_d96b566787_k.jpg","width":2048,"height":1366,"caption":"#paratodosverem - Representantes da Manauscult e das ligas folcl\u00f3ricas durante apura\u00e7\u00e3o da Categoria Prata do 66\u00ba Festival Folcl\u00f3rico do Amazonas"},{"@type":"BreadcrumbList","@id":"https:\/\/www.manaus.am.gov.br\/manauscult\/vencedores-na-categoria-prata-do-66o-festival-folclorico-do-amazonas\/#breadcrumb","itemListElement":[{"@type":"ListItem","position":1,"name":"Home","item":"https:\/\/www.manaus.am.gov.br\/manauscult\/"},{"@type":"ListItem","position":2,"name":"Prefeitura anuncia vencedores na Categoria Prata do 66\u00ba Festival Folcl\u00f3rico do Amazonas"}]},{"@type":"WebSite","@id":"https:\/\/www.manaus.am.gov.br\/manauscult\/#website","url":"https:\/\/www.manaus.am.gov.br\/manauscult\/","name":"MANAUSCULT","description":"Prefeitura de Manaus","potentialAction":[{"@type":"SearchAction","target":{"@type":"EntryPoint","urlTemplate":"https:\/\/www.manaus.am.gov.br\/manauscult\/?s={search_term_string}"},"query-input":"required name=search_term_string"}],"inLanguage":"pt-BR"},{"@type":"Person","@id":"https:\/\/www.manaus.am.gov.br\/manauscult\/#\/schema\/person\/05d223aea2bf115f9883a6ff3683d81b","name":"Bruna Greco","image":{"@type":"ImageObject","inLanguage":"pt-BR","@id":"https:\/\/www.manaus.am.gov.br\/manauscult\/#\/schema\/person\/image\/","url":"https:\/\/secure.gravatar.com\/avatar\/9c877d1a6adc2a055330e5c09a8653ce?s=96&d=mm&r=g","contentUrl":"https:\/\/secure.gravatar.com\/avatar\/9c877d1a6adc2a055330e5c09a8653ce?s=96&d=mm&r=g","caption":"Bruna Greco"}}]}},"_links":{"self":[{"href":"https:\/\/www.manaus.am.gov.br\/manauscult\/wp-json\/wp\/v2\/posts\/2701"}],"collection":[{"href":"https:\/\/www.manaus.am.gov.br\/manauscult\/wp-json\/wp\/v2\/posts"}],"about":[{"href":"https:\/\/www.manaus.am.gov.br\/manauscult\/wp-json\/wp\/v2\/types\/post"}],"author":[{"embeddable":true,"href":"https:\/\/www.manaus.am.gov.br\/manauscult\/wp-json\/wp\/v2\/users\/39"}],"replies":[{"embeddable":true,"href":"https:\/\/www.manaus.am.gov.br\/manauscult\/wp-json\/wp\/v2\/comments?post=2701"}],"version-history":[{"count":7,"href":"https:\/\/www.manaus.am.gov.br\/manauscult\/wp-json\/wp\/v2\/posts\/2701\/revisions"}],"predecessor-version":[{"id":2710,"href":"https:\/\/www.manaus.am.gov.br\/manauscult\/wp-json\/wp\/v2\/posts\/2701\/revisions\/2710"}],"wp:featuredmedia":[{"embeddable":true,"href":"https:\/\/www.manaus.am.gov.br\/manauscult\/wp-json\/wp\/v2\/media\/2703"}],"wp:attachment":[{"href":"https:\/\/www.manaus.am.gov.br\/manauscult\/wp-json\/wp\/v2\/media?parent=2701"}],"wp:term":[{"taxonomy":"category","embeddable":true,"href":"https:\/\/www.manaus.am.gov.br\/manauscult\/wp-json\/wp\/v2\/categories?post=2701"},{"taxonomy":"post_tag","embeddable":true,"href":"https:\/\/www.manaus.am.gov.br\/manauscult\/wp-json\/wp\/v2\/tags?post=2701"}],"curies":[{"name":"wp","href":"https:\/\/api.w.org\/{rel}","templated":true}]}}