{"id":2646,"date":"2024-06-10T15:52:48","date_gmt":"2024-06-10T19:52:48","guid":{"rendered":"https:\/\/www.manaus.am.gov.br\/manauscult\/jender-lobato-novo-diretor-presidente-manauscult-2\/"},"modified":"2024-06-10T15:59:18","modified_gmt":"2024-06-10T19:59:18","slug":"jender-lobato-novo-diretor-presidente-manauscult-2","status":"publish","type":"post","link":"https:\/\/www.manaus.am.gov.br\/manauscult\/jender-lobato-novo-diretor-presidente-manauscult-2\/","title":{"rendered":"Prefeitura empossa Jender Lobato como novo diretor-presidente da Manauscult"},"content":{"rendered":"\n<p>A Prefeitura de Manaus realizou, nesta segunda-feira, 10\/6, a cerim\u00f4nia de posse de Jender Lobato como novo diretor-presidente da Funda\u00e7\u00e3o Municipal de Cultura, Turismo e Eventos (Manauscult). O evento aconteceu no mirante L\u00facia Almeida, localizado na avenida 7 de Setembro, Centro da capital amazonense.<\/p>\n\n\n\n<p>Presente no evento, o prefeito de Manaus, David Almeida, destacou a escolha de Jender Lobato para o posto vista a sua grande experi\u00eancia e trabalho visando o desenvolvimento do movimento cultural do Estado.<\/p>\n\n\n\n<p>\u201cO Jender tem uma experi\u00eancia j\u00e1 aprovada e comprovada, e vem se somar a todos os esfor\u00e7os da prefeitura para que possamos dotar a cidade de Manaus de grandes eventos na cultura, no turismo. E os espa\u00e7os e equipamentos p\u00fablicos que estamos entregando, certamente v\u00e3o ser bem gerenciados com toda a equipe que j\u00e1 est\u00e1 na Manauscult e agora sob o comando do Jender. N\u00f3s temos o Festival Folcl\u00f3rico do Amazonas que j\u00e1 est\u00e1 acontecendo, a grande Marcha pra Jesus, a maior de todos os tempos, j\u00e1 est\u00e1 agendada, temos o #SouManaus, o Manaus Adventure, anivers\u00e1rio da cidade de Manaus, o r\u00e9veillon, tudo para que possamos alcan\u00e7ar os melhores resultados poss\u00edveis neste setor t\u00e3o importante\u201d, afirmou Almeida.<\/p>\n\n\n\n<p>Jender de Melo Lobato assume como diretor-presidente da Manauscult. Reginei Rodrigues, que atuava interinamente como diretor-presidente, foi designado para o cargo de vice-presidente da pasta.<\/p>\n\n\n\n<p>Questionado sobre os desafios que ter\u00e1 a frente da Manauscult, o novo diretor-presidente ressaltou a import\u00e2ncia de olhar com carinho para os grandes eventos, como o #SouManaus Passo a Pa\u00e7o, e fortalecer a marca nacionalmente e internacionalmente.<\/p>\n\n\n\n<p>\u201cA miss\u00e3o \u00e9 muito satisfat\u00f3ria, a gente trabalhar com aquilo que gosta, com o que conhece, se torna um pouco mais f\u00e1cil. A gente sabe que o desafio \u00e9 grande, a exig\u00eancia do prefeito David \u00e9 muito alta, o prefeito \u00e9 um homem exigente e tem que ser, mas eu sei que a gente tem a\u00ed uma estrutura e uma equipe t\u00e9cnica na Manauscult muito boa, e eu tenho certeza absoluta que a gente vai trazer muitos frutos e fazer com que Manaus possa acolh\u00ea-los. Sabemos que essa j\u00e1 \u00e9 uma semana de muito trabalho, semana que vem j\u00e1 temos uma agenda extensa em Bras\u00edlia, e a gente precisa colocar o #SouManaus no calend\u00e1rio nacional e internacional. Al\u00e9m disso, temos que inserir Manaus na rota nacional e internacional dos grandes voos\u201d, salientou Lobato.<\/p>\n\n\n\n<p>Advogado, Jender Lobato est\u00e1 se graduando em Ci\u00eancias Cont\u00e1beis, complementando sua carreira profissional nas \u00e1reas de gest\u00e3o p\u00fablica, projetos, conv\u00eanios e presta\u00e7\u00e3o de contas em n\u00edveis federal, estadual e municipal.<\/p>\n\n\n\n<p>Reconhecido no cen\u00e1rio cultural, com sua participa\u00e7\u00e3o como gestor de um dos bumb\u00e1s do Festival Folcl\u00f3rico de Parintins, Jender tamb\u00e9m foi procurador jur\u00eddico e representante de diversas prefeituras e c\u00e2maras municipais em Manaus e Bras\u00edlia, incluindo passagens pela Funda\u00e7\u00e3o Villa-Lobos, Secretaria da Cultura, representa\u00e7\u00e3o de Manaus em Bras\u00edlia e Secretaria de Articula\u00e7\u00e3o Pol\u00edtica.<\/p>\n\n\n\n<p>&#8212; &#8212; &#8212;<\/p>\n\n\n\n<p><strong>Texto &#8211;<\/strong> Thiago Fernando\/Semcom e Samira El Kebbe\/Manauscult<\/p>\n\n\n\n<p><strong>Fotos \u2013 <\/strong>Dhyeizo Lemos\/Semcom e Antonio Pereira\/Casa Civil<\/p>\n\n\n\n<p><strong>Dispon\u00edveis em &#8211; <\/strong><a href=\"https:\/\/flic.kr\/s\/aHBqjBurt8\">https:\/\/flic.kr\/s\/aHBqjBurt8<\/a><\/p>\n","protected":false},"excerpt":{"rendered":"","protected":false},"author":39,"featured_media":2647,"comment_status":"closed","ping_status":"closed","sticky":false,"template":"","format":"standard","meta":{"footnotes":""},"categories":[1117],"tags":[67,1118,9,1119,11],"acf":[],"yoast_head":"<!-- This site is optimized with the Yoast SEO plugin v23.0 - https:\/\/yoast.com\/wordpress\/plugins\/seo\/ -->\n<title>Jender Lobato como novo diretor-presidente da Manauscult<\/title>\n<meta name=\"description\" content=\"Prefeitura de Manaus realizou, nesta segunda-feira, 10\/6, a cerim\u00f4nia de posse de Jender Lobato como novo diretor-presidente da Manauscult.\" \/>\n<meta name=\"robots\" content=\"noindex, follow\" \/>\n<meta property=\"og:locale\" content=\"pt_BR\" \/>\n<meta property=\"og:type\" content=\"article\" \/>\n<meta property=\"og:title\" content=\"Jender Lobato como novo diretor-presidente da Manauscult\" \/>\n<meta property=\"og:description\" content=\"Prefeitura de Manaus realizou, nesta segunda-feira, 10\/6, a cerim\u00f4nia de posse de Jender Lobato como novo diretor-presidente da Manauscult.\" \/>\n<meta property=\"og:url\" content=\"https:\/\/www.manaus.am.gov.br\/manauscult\/jender-lobato-novo-diretor-presidente-manauscult-2\/\" \/>\n<meta property=\"og:site_name\" content=\"MANAUSCULT\" \/>\n<meta property=\"article:published_time\" content=\"2024-06-10T19:52:48+00:00\" \/>\n<meta property=\"article:modified_time\" content=\"2024-06-10T19:59:18+00:00\" \/>\n<meta property=\"og:image\" content=\"https:\/\/www.manaus.am.gov.br\/manauscult\/wp-content\/uploads\/sites\/11\/2024\/06\/53782616563_7632367201_k.jpg\" \/>\n\t<meta property=\"og:image:width\" content=\"2048\" \/>\n\t<meta property=\"og:image:height\" content=\"1368\" \/>\n\t<meta property=\"og:image:type\" content=\"image\/jpeg\" \/>\n<meta name=\"author\" content=\"Bruna Greco\" \/>\n<meta name=\"twitter:card\" content=\"summary_large_image\" \/>\n<meta name=\"twitter:label1\" content=\"Written by\" \/>\n\t<meta name=\"twitter:data1\" content=\"Bruna Greco\" \/>\n\t<meta name=\"twitter:label2\" content=\"Est. reading time\" \/>\n\t<meta name=\"twitter:data2\" content=\"3 minutos\" \/>\n<script type=\"application\/ld+json\" class=\"yoast-schema-graph\">{\"@context\":\"https:\/\/schema.org\",\"@graph\":[{\"@type\":\"WebPage\",\"@id\":\"https:\/\/www.manaus.am.gov.br\/manauscult\/jender-lobato-novo-diretor-presidente-manauscult-2\/\",\"url\":\"https:\/\/www.manaus.am.gov.br\/manauscult\/jender-lobato-novo-diretor-presidente-manauscult-2\/\",\"name\":\"Jender Lobato como novo diretor-presidente da Manauscult\",\"isPartOf\":{\"@id\":\"https:\/\/www.manaus.am.gov.br\/manauscult\/#website\"},\"primaryImageOfPage\":{\"@id\":\"https:\/\/www.manaus.am.gov.br\/manauscult\/jender-lobato-novo-diretor-presidente-manauscult-2\/#primaryimage\"},\"image\":{\"@id\":\"https:\/\/www.manaus.am.gov.br\/manauscult\/jender-lobato-novo-diretor-presidente-manauscult-2\/#primaryimage\"},\"thumbnailUrl\":\"https:\/\/www.manaus.am.gov.br\/manauscult\/wp-content\/uploads\/sites\/11\/2024\/06\/53782616563_7632367201_k.jpg\",\"datePublished\":\"2024-06-10T19:52:48+00:00\",\"dateModified\":\"2024-06-10T19:59:18+00:00\",\"author\":{\"@id\":\"https:\/\/www.manaus.am.gov.br\/manauscult\/#\/schema\/person\/05d223aea2bf115f9883a6ff3683d81b\"},\"description\":\"Prefeitura de Manaus realizou, nesta segunda-feira, 10\/6, a cerim\u00f4nia de posse de Jender Lobato como novo diretor-presidente da Manauscult.\",\"breadcrumb\":{\"@id\":\"https:\/\/www.manaus.am.gov.br\/manauscult\/jender-lobato-novo-diretor-presidente-manauscult-2\/#breadcrumb\"},\"inLanguage\":\"pt-BR\",\"potentialAction\":[{\"@type\":\"ReadAction\",\"target\":[\"https:\/\/www.manaus.am.gov.br\/manauscult\/jender-lobato-novo-diretor-presidente-manauscult-2\/\"]}]},{\"@type\":\"ImageObject\",\"inLanguage\":\"pt-BR\",\"@id\":\"https:\/\/www.manaus.am.gov.br\/manauscult\/jender-lobato-novo-diretor-presidente-manauscult-2\/#primaryimage\",\"url\":\"https:\/\/www.manaus.am.gov.br\/manauscult\/wp-content\/uploads\/sites\/11\/2024\/06\/53782616563_7632367201_k.jpg\",\"contentUrl\":\"https:\/\/www.manaus.am.gov.br\/manauscult\/wp-content\/uploads\/sites\/11\/2024\/06\/53782616563_7632367201_k.jpg\",\"width\":2048,\"height\":1368,\"caption\":\"#paratodosverem - Prefeito de Manaus, David Almeida, e o novo diretor-presidente, Jender Lobato\"},{\"@type\":\"BreadcrumbList\",\"@id\":\"https:\/\/www.manaus.am.gov.br\/manauscult\/jender-lobato-novo-diretor-presidente-manauscult-2\/#breadcrumb\",\"itemListElement\":[{\"@type\":\"ListItem\",\"position\":1,\"name\":\"Home\",\"item\":\"https:\/\/www.manaus.am.gov.br\/manauscult\/\"},{\"@type\":\"ListItem\",\"position\":2,\"name\":\"Prefeitura empossa Jender Lobato como novo diretor-presidente da Manauscult\"}]},{\"@type\":\"WebSite\",\"@id\":\"https:\/\/www.manaus.am.gov.br\/manauscult\/#website\",\"url\":\"https:\/\/www.manaus.am.gov.br\/manauscult\/\",\"name\":\"MANAUSCULT\",\"description\":\"Prefeitura de Manaus\",\"potentialAction\":[{\"@type\":\"SearchAction\",\"target\":{\"@type\":\"EntryPoint\",\"urlTemplate\":\"https:\/\/www.manaus.am.gov.br\/manauscult\/?s={search_term_string}\"},\"query-input\":\"required name=search_term_string\"}],\"inLanguage\":\"pt-BR\"},{\"@type\":\"Person\",\"@id\":\"https:\/\/www.manaus.am.gov.br\/manauscult\/#\/schema\/person\/05d223aea2bf115f9883a6ff3683d81b\",\"name\":\"Bruna Greco\",\"image\":{\"@type\":\"ImageObject\",\"inLanguage\":\"pt-BR\",\"@id\":\"https:\/\/www.manaus.am.gov.br\/manauscult\/#\/schema\/person\/image\/\",\"url\":\"https:\/\/secure.gravatar.com\/avatar\/9c877d1a6adc2a055330e5c09a8653ce?s=96&d=mm&r=g\",\"contentUrl\":\"https:\/\/secure.gravatar.com\/avatar\/9c877d1a6adc2a055330e5c09a8653ce?s=96&d=mm&r=g\",\"caption\":\"Bruna Greco\"}}]}<\/script>\n<!-- \/ Yoast SEO plugin. -->","yoast_head_json":{"title":"Jender Lobato como novo diretor-presidente da Manauscult","description":"Prefeitura de Manaus realizou, nesta segunda-feira, 10\/6, a cerim\u00f4nia de posse de Jender Lobato como novo diretor-presidente da Manauscult.","robots":{"index":"noindex","follow":"follow"},"og_locale":"pt_BR","og_type":"article","og_title":"Jender Lobato como novo diretor-presidente da Manauscult","og_description":"Prefeitura de Manaus realizou, nesta segunda-feira, 10\/6, a cerim\u00f4nia de posse de Jender Lobato como novo diretor-presidente da Manauscult.","og_url":"https:\/\/www.manaus.am.gov.br\/manauscult\/jender-lobato-novo-diretor-presidente-manauscult-2\/","og_site_name":"MANAUSCULT","article_published_time":"2024-06-10T19:52:48+00:00","article_modified_time":"2024-06-10T19:59:18+00:00","og_image":[{"width":2048,"height":1368,"url":"https:\/\/www.manaus.am.gov.br\/manauscult\/wp-content\/uploads\/sites\/11\/2024\/06\/53782616563_7632367201_k.jpg","type":"image\/jpeg"}],"author":"Bruna Greco","twitter_card":"summary_large_image","twitter_misc":{"Written by":"Bruna Greco","Est. reading time":"3 minutos"},"schema":{"@context":"https:\/\/schema.org","@graph":[{"@type":"WebPage","@id":"https:\/\/www.manaus.am.gov.br\/manauscult\/jender-lobato-novo-diretor-presidente-manauscult-2\/","url":"https:\/\/www.manaus.am.gov.br\/manauscult\/jender-lobato-novo-diretor-presidente-manauscult-2\/","name":"Jender Lobato como novo diretor-presidente da Manauscult","isPartOf":{"@id":"https:\/\/www.manaus.am.gov.br\/manauscult\/#website"},"primaryImageOfPage":{"@id":"https:\/\/www.manaus.am.gov.br\/manauscult\/jender-lobato-novo-diretor-presidente-manauscult-2\/#primaryimage"},"image":{"@id":"https:\/\/www.manaus.am.gov.br\/manauscult\/jender-lobato-novo-diretor-presidente-manauscult-2\/#primaryimage"},"thumbnailUrl":"https:\/\/www.manaus.am.gov.br\/manauscult\/wp-content\/uploads\/sites\/11\/2024\/06\/53782616563_7632367201_k.jpg","datePublished":"2024-06-10T19:52:48+00:00","dateModified":"2024-06-10T19:59:18+00:00","author":{"@id":"https:\/\/www.manaus.am.gov.br\/manauscult\/#\/schema\/person\/05d223aea2bf115f9883a6ff3683d81b"},"description":"Prefeitura de Manaus realizou, nesta segunda-feira, 10\/6, a cerim\u00f4nia de posse de Jender Lobato como novo diretor-presidente da Manauscult.","breadcrumb":{"@id":"https:\/\/www.manaus.am.gov.br\/manauscult\/jender-lobato-novo-diretor-presidente-manauscult-2\/#breadcrumb"},"inLanguage":"pt-BR","potentialAction":[{"@type":"ReadAction","target":["https:\/\/www.manaus.am.gov.br\/manauscult\/jender-lobato-novo-diretor-presidente-manauscult-2\/"]}]},{"@type":"ImageObject","inLanguage":"pt-BR","@id":"https:\/\/www.manaus.am.gov.br\/manauscult\/jender-lobato-novo-diretor-presidente-manauscult-2\/#primaryimage","url":"https:\/\/www.manaus.am.gov.br\/manauscult\/wp-content\/uploads\/sites\/11\/2024\/06\/53782616563_7632367201_k.jpg","contentUrl":"https:\/\/www.manaus.am.gov.br\/manauscult\/wp-content\/uploads\/sites\/11\/2024\/06\/53782616563_7632367201_k.jpg","width":2048,"height":1368,"caption":"#paratodosverem - Prefeito de Manaus, David Almeida, e o novo diretor-presidente, Jender Lobato"},{"@type":"BreadcrumbList","@id":"https:\/\/www.manaus.am.gov.br\/manauscult\/jender-lobato-novo-diretor-presidente-manauscult-2\/#breadcrumb","itemListElement":[{"@type":"ListItem","position":1,"name":"Home","item":"https:\/\/www.manaus.am.gov.br\/manauscult\/"},{"@type":"ListItem","position":2,"name":"Prefeitura empossa Jender Lobato como novo diretor-presidente da Manauscult"}]},{"@type":"WebSite","@id":"https:\/\/www.manaus.am.gov.br\/manauscult\/#website","url":"https:\/\/www.manaus.am.gov.br\/manauscult\/","name":"MANAUSCULT","description":"Prefeitura de Manaus","potentialAction":[{"@type":"SearchAction","target":{"@type":"EntryPoint","urlTemplate":"https:\/\/www.manaus.am.gov.br\/manauscult\/?s={search_term_string}"},"query-input":"required name=search_term_string"}],"inLanguage":"pt-BR"},{"@type":"Person","@id":"https:\/\/www.manaus.am.gov.br\/manauscult\/#\/schema\/person\/05d223aea2bf115f9883a6ff3683d81b","name":"Bruna Greco","image":{"@type":"ImageObject","inLanguage":"pt-BR","@id":"https:\/\/www.manaus.am.gov.br\/manauscult\/#\/schema\/person\/image\/","url":"https:\/\/secure.gravatar.com\/avatar\/9c877d1a6adc2a055330e5c09a8653ce?s=96&d=mm&r=g","contentUrl":"https:\/\/secure.gravatar.com\/avatar\/9c877d1a6adc2a055330e5c09a8653ce?s=96&d=mm&r=g","caption":"Bruna Greco"}}]}},"_links":{"self":[{"href":"https:\/\/www.manaus.am.gov.br\/manauscult\/wp-json\/wp\/v2\/posts\/2646"}],"collection":[{"href":"https:\/\/www.manaus.am.gov.br\/manauscult\/wp-json\/wp\/v2\/posts"}],"about":[{"href":"https:\/\/www.manaus.am.gov.br\/manauscult\/wp-json\/wp\/v2\/types\/post"}],"author":[{"embeddable":true,"href":"https:\/\/www.manaus.am.gov.br\/manauscult\/wp-json\/wp\/v2\/users\/39"}],"replies":[{"embeddable":true,"href":"https:\/\/www.manaus.am.gov.br\/manauscult\/wp-json\/wp\/v2\/comments?post=2646"}],"version-history":[{"count":1,"href":"https:\/\/www.manaus.am.gov.br\/manauscult\/wp-json\/wp\/v2\/posts\/2646\/revisions"}],"predecessor-version":[{"id":2648,"href":"https:\/\/www.manaus.am.gov.br\/manauscult\/wp-json\/wp\/v2\/posts\/2646\/revisions\/2648"}],"wp:featuredmedia":[{"embeddable":true,"href":"https:\/\/www.manaus.am.gov.br\/manauscult\/wp-json\/wp\/v2\/media\/2647"}],"wp:attachment":[{"href":"https:\/\/www.manaus.am.gov.br\/manauscult\/wp-json\/wp\/v2\/media?parent=2646"}],"wp:term":[{"taxonomy":"category","embeddable":true,"href":"https:\/\/www.manaus.am.gov.br\/manauscult\/wp-json\/wp\/v2\/categories?post=2646"},{"taxonomy":"post_tag","embeddable":true,"href":"https:\/\/www.manaus.am.gov.br\/manauscult\/wp-json\/wp\/v2\/tags?post=2646"}],"curies":[{"name":"wp","href":"https:\/\/api.w.org\/{rel}","templated":true}]}}