{"id":2627,"date":"2024-06-08T23:24:42","date_gmt":"2024-06-09T03:24:42","guid":{"rendered":"https:\/\/www.manaus.am.gov.br\/manauscult\/abertura-do-66o-festival-folclorico-do-amazonas\/"},"modified":"2024-06-09T12:04:36","modified_gmt":"2024-06-09T16:04:36","slug":"abertura-do-66o-festival-folclorico-do-amazonas","status":"publish","type":"post","link":"https:\/\/www.manaus.am.gov.br\/manauscult\/abertura-do-66o-festival-folclorico-do-amazonas\/","title":{"rendered":"Prefeitura abre o 66\u00ba Festival Folcl\u00f3rico do Amazonas com apresenta\u00e7\u00e3o de grupos da categoria bronze"},"content":{"rendered":"\n<p>A Prefeitura de Manaus deu in\u00edcio, neste s\u00e1bado, 8\/6, a programa\u00e7\u00e3o do 66\u00b0 Festival Folcl\u00f3rico do Amazonas (FFA), que acontece no Centro Cultural dos Povos da Amaz\u00f4nia (CCPA), no bairro Distrito Industrial 1, zona Sul. O prefeito David Almeida participou da abertura do festival acompanhado do novo diretor-presidente da Funda\u00e7\u00e3o Municipal de Cultura, Eventos e Turismo (Manauscult), Jender Lobato.<\/p>\n\n\n\n<p>O chefe do Executivo afirma que \u00e9 muito importante o resgate da cultura. Ele lembrou que j\u00e1 prestigiou o festival quando era realizado em tablado de madeira no mesmo local que foi constru\u00edda a arena Povos da Amaz\u00f4nia, e por isso, na sua gest\u00e3o retornou com a realiza\u00e7\u00e3o do evento no seu local tradicional.<\/p>\n\n\n\n<p>&#8220;Hoje, n\u00f3s colocamos aqui a maior estrutura que j\u00e1 se viu nesse festival. Portanto, \u00e9 uma alegria, uma felicidade, como morador da periferia de Manaus ter participado e, agora, como prefeito poder continuar fomentando o Festival Folcl\u00f3rico do Amazonas&#8221;, declarou o prefeito.<\/p>\n\n\n\n<figure class=\"wp-block-image size-large\"><img loading=\"lazy\" decoding=\"async\" width=\"1024\" height=\"682\" src=\"https:\/\/www.manaus.am.gov.br\/manauscult\/wp-content\/uploads\/sites\/11\/2024\/06\/WhatsApp-Image-2024-06-08-at-22.35.42-1-1024x682.jpeg\" alt=\"\" class=\"wp-image-2631\" srcset=\"https:\/\/www.manaus.am.gov.br\/manauscult\/wp-content\/uploads\/sites\/11\/2024\/06\/WhatsApp-Image-2024-06-08-at-22.35.42-1-1024x682.jpeg 1024w, https:\/\/www.manaus.am.gov.br\/manauscult\/wp-content\/uploads\/sites\/11\/2024\/06\/WhatsApp-Image-2024-06-08-at-22.35.42-1-300x200.jpeg 300w, https:\/\/www.manaus.am.gov.br\/manauscult\/wp-content\/uploads\/sites\/11\/2024\/06\/WhatsApp-Image-2024-06-08-at-22.35.42-1-768x512.jpeg 768w, https:\/\/www.manaus.am.gov.br\/manauscult\/wp-content\/uploads\/sites\/11\/2024\/06\/WhatsApp-Image-2024-06-08-at-22.35.42-1-1536x1023.jpeg 1536w, https:\/\/www.manaus.am.gov.br\/manauscult\/wp-content\/uploads\/sites\/11\/2024\/06\/WhatsApp-Image-2024-06-08-at-22.35.42-1.jpeg 1600w\" sizes=\"(max-width: 1024px) 100vw, 1024px\" \/><\/figure>\n\n\n\n<p>O novo diretor-presidente da Manauscult, Jender Lobato, agradeceu o prefeito por nome\u00e1-lo para seguir com esse trabalho de desenvolver o turismo na capital e fortalecer a economia atrav\u00e9s de eventos como o Festival Folcl\u00f3rico do Amazonas.<\/p>\n\n\n\n<p>&#8220;Toda vez que a gente promove um evento, a gente desenvolve o turismo e, principalmente, a gente mexe com a economia da cidade. Toda vez que a gente faz cultura, a gente tamb\u00e9m gera emprego, gera renda, e essa \u00e9 a nossa miss\u00e3o. Nosso papel \u00e9 tentar fazer uma grande revolu\u00e7\u00e3o junto com toda essa equipe maravilhosa que a Manauscult j\u00e1 tem&#8221;, destacou.<\/p>\n\n\n\n<p>A primeira noite do festival teve apresenta\u00e7\u00f5es de seis grupos folcl\u00f3ricos da categoria Bronze, nas modalidades Quadrilha Tradicional, Quadrilha de Duelo, Dan\u00e7a Nordestina, Quadrilha C\u00f4mica e Ciranda.<\/p>\n\n\n\n<p>A turista chilena Constanza Bozo est\u00e1 conhecendo a capital amazonense e, no dia do anivers\u00e1rio, prestigiou a abertura do festival. &#8220;Eu estou gostando demais, a apresenta\u00e7\u00e3o est\u00e1 muito animada, a dan\u00e7a. Eu estou gostando demais de Manaus, \u00e9 a minha primeira vez aqui\u201d, disse a psic\u00f3loga.<\/p>\n\n\n\n<figure class=\"wp-block-image size-large\"><img loading=\"lazy\" decoding=\"async\" width=\"1024\" height=\"683\" src=\"https:\/\/www.manaus.am.gov.br\/manauscult\/wp-content\/uploads\/sites\/11\/2024\/06\/WhatsApp-Image-2024-06-08-at-22.08.52-2-1024x683.jpeg\" alt=\"\" class=\"wp-image-2629\" srcset=\"https:\/\/www.manaus.am.gov.br\/manauscult\/wp-content\/uploads\/sites\/11\/2024\/06\/WhatsApp-Image-2024-06-08-at-22.08.52-2-1024x683.jpeg 1024w, https:\/\/www.manaus.am.gov.br\/manauscult\/wp-content\/uploads\/sites\/11\/2024\/06\/WhatsApp-Image-2024-06-08-at-22.08.52-2-300x200.jpeg 300w, https:\/\/www.manaus.am.gov.br\/manauscult\/wp-content\/uploads\/sites\/11\/2024\/06\/WhatsApp-Image-2024-06-08-at-22.08.52-2-768x512.jpeg 768w, https:\/\/www.manaus.am.gov.br\/manauscult\/wp-content\/uploads\/sites\/11\/2024\/06\/WhatsApp-Image-2024-06-08-at-22.08.52-2.jpeg 1280w\" sizes=\"(max-width: 1024px) 100vw, 1024px\" \/><\/figure>\n\n\n\n<p>Para tornar o festival ainda mais bonito, este ano a administra\u00e7\u00e3o municipal aumentou o valor do fomento para os grupos folcl\u00f3ricos. As categorias Prata e Bronze receberam, ao todo, cerca de R$ 1,2 milh\u00e3o. A categoria Prata, composta por 43 grupos, recebeu R$ 18 mil por grupo, enquanto a categoria Bronze, com 58 grupos, recebeu R$ 7,5 mil por grupo. Este investimento refor\u00e7a o compromisso com a preserva\u00e7\u00e3o e valoriza\u00e7\u00e3o das tradi\u00e7\u00f5es culturais locais.<\/p>\n\n\n\n<p>Os grupos folcl\u00f3ricos da categoria Bronze v\u00e3o se apresentar at\u00e9 o dia 16\/6. No per\u00edodo de 17 a 23\/6, ser\u00e1 a vez das apresenta\u00e7\u00f5es dos grupos da categoria Prata.<\/p>\n\n\n\n<p>&#8212; &#8212; &#8212;<\/p>\n\n\n\n<p><strong>Texto <\/strong>&#8211; Geraldo Farias\/Semcom<\/p>\n\n\n\n<p><strong>Fotos &#8211;<\/strong> Phil Limma\/Semcom<\/p>\n\n\n\n<p><strong>Dispon\u00edveis em \u2013 <\/strong><a href=\"https:\/\/flic.kr\/s\/aHBqjBucDh\">https:\/\/flic.kr\/s\/aHBqjBucDh<\/a><\/p>\n","protected":false},"excerpt":{"rendered":"","protected":false},"author":39,"featured_media":2634,"comment_status":"closed","ping_status":"closed","sticky":false,"template":"","format":"standard","meta":{"footnotes":""},"categories":[12],"tags":[1040,1107,1108,1109,67,9,11],"acf":[],"yoast_head":"<!-- This site is optimized with the Yoast SEO plugin v23.0 - https:\/\/yoast.com\/wordpress\/plugins\/seo\/ -->\n<title>Abertura do 66\u00ba Festival Folcl\u00f3rico do Amazonas<\/title>\n<meta name=\"description\" content=\"Prefeitura de Manaus abre o 66\u00ba Festival Folcl\u00f3rico do Amazonas com apresenta\u00e7\u00e3o de grupos da categoria bronze.\" \/>\n<meta name=\"robots\" content=\"noindex, follow\" \/>\n<meta property=\"og:locale\" content=\"pt_BR\" \/>\n<meta property=\"og:type\" content=\"article\" \/>\n<meta property=\"og:title\" content=\"Abertura do 66\u00ba Festival Folcl\u00f3rico do Amazonas\" \/>\n<meta property=\"og:description\" content=\"Prefeitura de Manaus abre o 66\u00ba Festival Folcl\u00f3rico do Amazonas com apresenta\u00e7\u00e3o de grupos da categoria bronze.\" \/>\n<meta property=\"og:url\" content=\"https:\/\/www.manaus.am.gov.br\/manauscult\/abertura-do-66o-festival-folclorico-do-amazonas\/\" \/>\n<meta property=\"og:site_name\" content=\"MANAUSCULT\" \/>\n<meta property=\"article:published_time\" content=\"2024-06-09T03:24:42+00:00\" \/>\n<meta property=\"article:modified_time\" content=\"2024-06-09T16:04:36+00:00\" \/>\n<meta property=\"og:image\" content=\"https:\/\/www.manaus.am.gov.br\/manauscult\/wp-content\/uploads\/sites\/11\/2024\/06\/WhatsApp-Image-2024-06-08-at-22.08.51-1.jpeg\" \/>\n\t<meta property=\"og:image:width\" content=\"1280\" \/>\n\t<meta property=\"og:image:height\" content=\"854\" \/>\n\t<meta property=\"og:image:type\" content=\"image\/jpeg\" \/>\n<meta name=\"author\" content=\"Bruna Greco\" \/>\n<meta name=\"twitter:card\" content=\"summary_large_image\" \/>\n<meta name=\"twitter:label1\" content=\"Written by\" \/>\n\t<meta name=\"twitter:data1\" content=\"Bruna Greco\" \/>\n\t<meta name=\"twitter:label2\" content=\"Est. reading time\" \/>\n\t<meta name=\"twitter:data2\" content=\"4 minutos\" \/>\n<script type=\"application\/ld+json\" class=\"yoast-schema-graph\">{\"@context\":\"https:\/\/schema.org\",\"@graph\":[{\"@type\":\"WebPage\",\"@id\":\"https:\/\/www.manaus.am.gov.br\/manauscult\/abertura-do-66o-festival-folclorico-do-amazonas\/\",\"url\":\"https:\/\/www.manaus.am.gov.br\/manauscult\/abertura-do-66o-festival-folclorico-do-amazonas\/\",\"name\":\"Abertura do 66\u00ba Festival Folcl\u00f3rico do Amazonas\",\"isPartOf\":{\"@id\":\"https:\/\/www.manaus.am.gov.br\/manauscult\/#website\"},\"primaryImageOfPage\":{\"@id\":\"https:\/\/www.manaus.am.gov.br\/manauscult\/abertura-do-66o-festival-folclorico-do-amazonas\/#primaryimage\"},\"image\":{\"@id\":\"https:\/\/www.manaus.am.gov.br\/manauscult\/abertura-do-66o-festival-folclorico-do-amazonas\/#primaryimage\"},\"thumbnailUrl\":\"https:\/\/www.manaus.am.gov.br\/manauscult\/wp-content\/uploads\/sites\/11\/2024\/06\/53778521852_b348d4c659_k.jpg\",\"datePublished\":\"2024-06-09T03:24:42+00:00\",\"dateModified\":\"2024-06-09T16:04:36+00:00\",\"author\":{\"@id\":\"https:\/\/www.manaus.am.gov.br\/manauscult\/#\/schema\/person\/05d223aea2bf115f9883a6ff3683d81b\"},\"description\":\"Prefeitura de Manaus abre o 66\u00ba Festival Folcl\u00f3rico do Amazonas com apresenta\u00e7\u00e3o de grupos da categoria bronze.\",\"breadcrumb\":{\"@id\":\"https:\/\/www.manaus.am.gov.br\/manauscult\/abertura-do-66o-festival-folclorico-do-amazonas\/#breadcrumb\"},\"inLanguage\":\"pt-BR\",\"potentialAction\":[{\"@type\":\"ReadAction\",\"target\":[\"https:\/\/www.manaus.am.gov.br\/manauscult\/abertura-do-66o-festival-folclorico-do-amazonas\/\"]}]},{\"@type\":\"ImageObject\",\"inLanguage\":\"pt-BR\",\"@id\":\"https:\/\/www.manaus.am.gov.br\/manauscult\/abertura-do-66o-festival-folclorico-do-amazonas\/#primaryimage\",\"url\":\"https:\/\/www.manaus.am.gov.br\/manauscult\/wp-content\/uploads\/sites\/11\/2024\/06\/53778521852_b348d4c659_k.jpg\",\"contentUrl\":\"https:\/\/www.manaus.am.gov.br\/manauscult\/wp-content\/uploads\/sites\/11\/2024\/06\/53778521852_b348d4c659_k.jpg\",\"width\":2047,\"height\":1365,\"caption\":\"#paratodosverem - Primeira noite de apresenta\u00e7\u00f5es dos grupos da categoria Bronze do 66\u00ba Festival Folcl\u00f3rico do Amazonas\"},{\"@type\":\"BreadcrumbList\",\"@id\":\"https:\/\/www.manaus.am.gov.br\/manauscult\/abertura-do-66o-festival-folclorico-do-amazonas\/#breadcrumb\",\"itemListElement\":[{\"@type\":\"ListItem\",\"position\":1,\"name\":\"Home\",\"item\":\"https:\/\/www.manaus.am.gov.br\/manauscult\/\"},{\"@type\":\"ListItem\",\"position\":2,\"name\":\"Prefeitura abre o 66\u00ba Festival Folcl\u00f3rico do Amazonas com apresenta\u00e7\u00e3o de grupos da categoria bronze\"}]},{\"@type\":\"WebSite\",\"@id\":\"https:\/\/www.manaus.am.gov.br\/manauscult\/#website\",\"url\":\"https:\/\/www.manaus.am.gov.br\/manauscult\/\",\"name\":\"MANAUSCULT\",\"description\":\"Prefeitura de Manaus\",\"potentialAction\":[{\"@type\":\"SearchAction\",\"target\":{\"@type\":\"EntryPoint\",\"urlTemplate\":\"https:\/\/www.manaus.am.gov.br\/manauscult\/?s={search_term_string}\"},\"query-input\":\"required name=search_term_string\"}],\"inLanguage\":\"pt-BR\"},{\"@type\":\"Person\",\"@id\":\"https:\/\/www.manaus.am.gov.br\/manauscult\/#\/schema\/person\/05d223aea2bf115f9883a6ff3683d81b\",\"name\":\"Bruna Greco\",\"image\":{\"@type\":\"ImageObject\",\"inLanguage\":\"pt-BR\",\"@id\":\"https:\/\/www.manaus.am.gov.br\/manauscult\/#\/schema\/person\/image\/\",\"url\":\"https:\/\/secure.gravatar.com\/avatar\/9c877d1a6adc2a055330e5c09a8653ce?s=96&d=mm&r=g\",\"contentUrl\":\"https:\/\/secure.gravatar.com\/avatar\/9c877d1a6adc2a055330e5c09a8653ce?s=96&d=mm&r=g\",\"caption\":\"Bruna Greco\"}}]}<\/script>\n<!-- \/ Yoast SEO plugin. -->","yoast_head_json":{"title":"Abertura do 66\u00ba Festival Folcl\u00f3rico do Amazonas","description":"Prefeitura de Manaus abre o 66\u00ba Festival Folcl\u00f3rico do Amazonas com apresenta\u00e7\u00e3o de grupos da categoria bronze.","robots":{"index":"noindex","follow":"follow"},"og_locale":"pt_BR","og_type":"article","og_title":"Abertura do 66\u00ba Festival Folcl\u00f3rico do Amazonas","og_description":"Prefeitura de Manaus abre o 66\u00ba Festival Folcl\u00f3rico do Amazonas com apresenta\u00e7\u00e3o de grupos da categoria bronze.","og_url":"https:\/\/www.manaus.am.gov.br\/manauscult\/abertura-do-66o-festival-folclorico-do-amazonas\/","og_site_name":"MANAUSCULT","article_published_time":"2024-06-09T03:24:42+00:00","article_modified_time":"2024-06-09T16:04:36+00:00","og_image":[{"width":1280,"height":854,"url":"https:\/\/www.manaus.am.gov.br\/manauscult\/wp-content\/uploads\/sites\/11\/2024\/06\/WhatsApp-Image-2024-06-08-at-22.08.51-1.jpeg","type":"image\/jpeg"}],"author":"Bruna Greco","twitter_card":"summary_large_image","twitter_misc":{"Written by":"Bruna Greco","Est. reading time":"4 minutos"},"schema":{"@context":"https:\/\/schema.org","@graph":[{"@type":"WebPage","@id":"https:\/\/www.manaus.am.gov.br\/manauscult\/abertura-do-66o-festival-folclorico-do-amazonas\/","url":"https:\/\/www.manaus.am.gov.br\/manauscult\/abertura-do-66o-festival-folclorico-do-amazonas\/","name":"Abertura do 66\u00ba Festival Folcl\u00f3rico do Amazonas","isPartOf":{"@id":"https:\/\/www.manaus.am.gov.br\/manauscult\/#website"},"primaryImageOfPage":{"@id":"https:\/\/www.manaus.am.gov.br\/manauscult\/abertura-do-66o-festival-folclorico-do-amazonas\/#primaryimage"},"image":{"@id":"https:\/\/www.manaus.am.gov.br\/manauscult\/abertura-do-66o-festival-folclorico-do-amazonas\/#primaryimage"},"thumbnailUrl":"https:\/\/www.manaus.am.gov.br\/manauscult\/wp-content\/uploads\/sites\/11\/2024\/06\/53778521852_b348d4c659_k.jpg","datePublished":"2024-06-09T03:24:42+00:00","dateModified":"2024-06-09T16:04:36+00:00","author":{"@id":"https:\/\/www.manaus.am.gov.br\/manauscult\/#\/schema\/person\/05d223aea2bf115f9883a6ff3683d81b"},"description":"Prefeitura de Manaus abre o 66\u00ba Festival Folcl\u00f3rico do Amazonas com apresenta\u00e7\u00e3o de grupos da categoria bronze.","breadcrumb":{"@id":"https:\/\/www.manaus.am.gov.br\/manauscult\/abertura-do-66o-festival-folclorico-do-amazonas\/#breadcrumb"},"inLanguage":"pt-BR","potentialAction":[{"@type":"ReadAction","target":["https:\/\/www.manaus.am.gov.br\/manauscult\/abertura-do-66o-festival-folclorico-do-amazonas\/"]}]},{"@type":"ImageObject","inLanguage":"pt-BR","@id":"https:\/\/www.manaus.am.gov.br\/manauscult\/abertura-do-66o-festival-folclorico-do-amazonas\/#primaryimage","url":"https:\/\/www.manaus.am.gov.br\/manauscult\/wp-content\/uploads\/sites\/11\/2024\/06\/53778521852_b348d4c659_k.jpg","contentUrl":"https:\/\/www.manaus.am.gov.br\/manauscult\/wp-content\/uploads\/sites\/11\/2024\/06\/53778521852_b348d4c659_k.jpg","width":2047,"height":1365,"caption":"#paratodosverem - Primeira noite de apresenta\u00e7\u00f5es dos grupos da categoria Bronze do 66\u00ba Festival Folcl\u00f3rico do Amazonas"},{"@type":"BreadcrumbList","@id":"https:\/\/www.manaus.am.gov.br\/manauscult\/abertura-do-66o-festival-folclorico-do-amazonas\/#breadcrumb","itemListElement":[{"@type":"ListItem","position":1,"name":"Home","item":"https:\/\/www.manaus.am.gov.br\/manauscult\/"},{"@type":"ListItem","position":2,"name":"Prefeitura abre o 66\u00ba Festival Folcl\u00f3rico do Amazonas com apresenta\u00e7\u00e3o de grupos da categoria bronze"}]},{"@type":"WebSite","@id":"https:\/\/www.manaus.am.gov.br\/manauscult\/#website","url":"https:\/\/www.manaus.am.gov.br\/manauscult\/","name":"MANAUSCULT","description":"Prefeitura de Manaus","potentialAction":[{"@type":"SearchAction","target":{"@type":"EntryPoint","urlTemplate":"https:\/\/www.manaus.am.gov.br\/manauscult\/?s={search_term_string}"},"query-input":"required name=search_term_string"}],"inLanguage":"pt-BR"},{"@type":"Person","@id":"https:\/\/www.manaus.am.gov.br\/manauscult\/#\/schema\/person\/05d223aea2bf115f9883a6ff3683d81b","name":"Bruna Greco","image":{"@type":"ImageObject","inLanguage":"pt-BR","@id":"https:\/\/www.manaus.am.gov.br\/manauscult\/#\/schema\/person\/image\/","url":"https:\/\/secure.gravatar.com\/avatar\/9c877d1a6adc2a055330e5c09a8653ce?s=96&d=mm&r=g","contentUrl":"https:\/\/secure.gravatar.com\/avatar\/9c877d1a6adc2a055330e5c09a8653ce?s=96&d=mm&r=g","caption":"Bruna Greco"}}]}},"_links":{"self":[{"href":"https:\/\/www.manaus.am.gov.br\/manauscult\/wp-json\/wp\/v2\/posts\/2627"}],"collection":[{"href":"https:\/\/www.manaus.am.gov.br\/manauscult\/wp-json\/wp\/v2\/posts"}],"about":[{"href":"https:\/\/www.manaus.am.gov.br\/manauscult\/wp-json\/wp\/v2\/types\/post"}],"author":[{"embeddable":true,"href":"https:\/\/www.manaus.am.gov.br\/manauscult\/wp-json\/wp\/v2\/users\/39"}],"replies":[{"embeddable":true,"href":"https:\/\/www.manaus.am.gov.br\/manauscult\/wp-json\/wp\/v2\/comments?post=2627"}],"version-history":[{"count":3,"href":"https:\/\/www.manaus.am.gov.br\/manauscult\/wp-json\/wp\/v2\/posts\/2627\/revisions"}],"predecessor-version":[{"id":2635,"href":"https:\/\/www.manaus.am.gov.br\/manauscult\/wp-json\/wp\/v2\/posts\/2627\/revisions\/2635"}],"wp:featuredmedia":[{"embeddable":true,"href":"https:\/\/www.manaus.am.gov.br\/manauscult\/wp-json\/wp\/v2\/media\/2634"}],"wp:attachment":[{"href":"https:\/\/www.manaus.am.gov.br\/manauscult\/wp-json\/wp\/v2\/media?parent=2627"}],"wp:term":[{"taxonomy":"category","embeddable":true,"href":"https:\/\/www.manaus.am.gov.br\/manauscult\/wp-json\/wp\/v2\/categories?post=2627"},{"taxonomy":"post_tag","embeddable":true,"href":"https:\/\/www.manaus.am.gov.br\/manauscult\/wp-json\/wp\/v2\/tags?post=2627"}],"curies":[{"name":"wp","href":"https:\/\/api.w.org\/{rel}","templated":true}]}}