{"id":2313,"date":"2024-04-18T13:08:42","date_gmt":"2024-04-18T17:08:42","guid":{"rendered":"https:\/\/www.manaus.am.gov.br\/manauscult\/edital-para-cota-de-patrocinio-do-sou-manaus\/"},"modified":"2024-04-18T13:08:42","modified_gmt":"2024-04-18T17:08:42","slug":"edital-para-cota-de-patrocinio-do-sou-manaus","status":"publish","type":"post","link":"https:\/\/www.manaus.am.gov.br\/manauscult\/edital-para-cota-de-patrocinio-do-sou-manaus\/","title":{"rendered":"Prefeitura lan\u00e7a edital para cota de patroc\u00ednio do maior festival de artes integradas do Norte, o \u2018#SouManaus Passo a Pa\u00e7o 2024\u2019"},"content":{"rendered":"\n<p>A Prefeitura de Manaus, por meio da Funda\u00e7\u00e3o Municipal de Cultura, Turismo e Eventos (Manauscult), torna p\u00fablico o edital n\u00ba 002\/2024, que disp\u00f5e sobre a sele\u00e7\u00e3o de propostas para cota de patroc\u00ednio do maior festival de artes integradas do Norte do pa\u00eds, o \u201c#SouManaus Passo a Pa\u00e7o 2024\u201d. Os detalhes do certame e o formul\u00e1rio de inscri\u00e7\u00e3o do potencial patrocinador est\u00e3o dispon\u00edveis na Edi\u00e7\u00e3o 5804, no Di\u00e1rio Oficial do Munic\u00edpio (DOM), bem como, no portal da Manauscult, na aba \u201ceditais\u201d. O evento acontecer\u00e1 nos dias 5, 6 e 7 de setembro deste ano, no centro hist\u00f3rico.&nbsp;<\/p>\n\n\n\n<p>Os interessados dever\u00e3o protocolar sua inscri\u00e7\u00e3o at\u00e9 o dia 22\/7\/2024, improrrogavelmente, no protocolo da sede da Manauscult, localizado na&nbsp;avenida 7 de Setembro, n\u00ba 377,&nbsp;bairro Centro, zona Sul, dentro do hor\u00e1rio das 8h \u00e0s 17h, juntamente com o envio da ficha de inscri\u00e7\u00e3o (anexo I do edital), e toda documenta\u00e7\u00e3o relacionada, devidamente lacrada, envelopada e identificada.<\/p>\n\n\n\n<p>Conforme analisa o diretor-presidente da Manauscult, Reginei Rodrigues, o festival \u201c#SouManaus Passo a Pa\u00e7o\u201d traduz como o turismo e a cultura impulsionam o desenvolvimento econ\u00f4mico de Manaus, inserindo a capital no circuito dos grandes eventos a c\u00e9u aberto de todo o mundo.<\/p>\n\n\n\n<p>\u201cO lan\u00e7amento do edital para a cota de patroc\u00ednio do \u2018#SouManaus Passo a Pa\u00e7o 2024\u2019 \u00e9 uma oportunidade \u00fanica para empresas e institui\u00e7\u00f5es se envolverem no fortalecimento do turismo, da cultura e no desenvolvimento econ\u00f4mico de nossa amada Manaus. Juntos, podemos fazer deste evento um catalisador para o crescimento e a diversifica\u00e7\u00e3o de nossa economia, enquanto celebramos nossa rica heran\u00e7a cultural e atra\u00edmos visitantes de todo o mundo\u201d, explicou Rodrigues.<\/p>\n\n\n\n<figure class=\"wp-block-image size-large\"><img loading=\"lazy\" decoding=\"async\" width=\"1024\" height=\"683\" src=\"https:\/\/www.manaus.am.gov.br\/manauscult\/wp-content\/uploads\/sites\/11\/2024\/04\/53173717671_69b70c1bc6_k-1024x683.jpg\" alt=\"\" class=\"wp-image-2314\" srcset=\"https:\/\/www.manaus.am.gov.br\/manauscult\/wp-content\/uploads\/sites\/11\/2024\/04\/53173717671_69b70c1bc6_k-1024x683.jpg 1024w, https:\/\/www.manaus.am.gov.br\/manauscult\/wp-content\/uploads\/sites\/11\/2024\/04\/53173717671_69b70c1bc6_k-300x200.jpg 300w, https:\/\/www.manaus.am.gov.br\/manauscult\/wp-content\/uploads\/sites\/11\/2024\/04\/53173717671_69b70c1bc6_k-768x512.jpg 768w, https:\/\/www.manaus.am.gov.br\/manauscult\/wp-content\/uploads\/sites\/11\/2024\/04\/53173717671_69b70c1bc6_k-1536x1024.jpg 1536w, https:\/\/www.manaus.am.gov.br\/manauscult\/wp-content\/uploads\/sites\/11\/2024\/04\/53173717671_69b70c1bc6_k.jpg 2048w\" sizes=\"(max-width: 1024px) 100vw, 1024px\" \/><\/figure>\n\n\n\n<p><strong>Etapas de sele\u00e7\u00e3o<\/strong><\/p>\n\n\n\n<p>A an\u00e1lise t\u00e9cnica das propostas de patroc\u00ednio pela Administra\u00e7\u00e3o P\u00fablica&nbsp;ocorrer\u00e1 no dia 24\/7\/2024. A divulga\u00e7\u00e3o do resultado definitivo da an\u00e1lise das propostas de patroc\u00ednio, acontecer\u00e1 no dia 2\/8.<\/p>\n\n\n\n<p>O ato de inscri\u00e7\u00e3o do proponente pressup\u00f5e a aceita\u00e7\u00e3o e plena concord\u00e2ncia e compromisso de cumprimento de todos os crit\u00e9rios e condi\u00e7\u00f5es dos termos integrais do certame. \u00c9 de responsabilidade do interessado acompanhar a divulga\u00e7\u00e3o dos resultados, bem como todos os prazos e fases que comp\u00f5em o chamamento p\u00fablico.&nbsp;<\/p>\n\n\n\n<p><strong><a href=\"https:\/\/www.manaus.am.gov.br\/manauscult\/wp-content\/uploads\/sites\/11\/2024\/04\/DOM5848_EDITAL_PATROCINIO_SOUMANAUS2024.pdf\">Confira o Edital de patroc\u00ednio #SouManaus 2024<\/a> <\/strong><\/p>\n\n\n\n<p>&#8212; &#8212; &#8212;<\/p>\n\n\n\n<p><strong>Texto &#8211;<\/strong>&nbsp;Samira El kebbe \/ Manauscult&nbsp;<\/p>\n\n\n\n<p><strong>Fotos \u2013 <\/strong>Arquivo \/ Semcom<\/p>\n","protected":false},"excerpt":{"rendered":"","protected":false},"author":39,"featured_media":2315,"comment_status":"closed","ping_status":"closed","sticky":false,"template":"","format":"standard","meta":{"footnotes":""},"categories":[508],"tags":[1031,1032,1033,9,1034,11,1035],"acf":[],"yoast_head":"<!-- This site is optimized with the Yoast SEO plugin v23.0 - https:\/\/yoast.com\/wordpress\/plugins\/seo\/ -->\n<title>Prefeitura lan\u00e7a edital para cota de patroc\u00ednio do #SouManaus<\/title>\n<meta name=\"description\" content=\"Prefeitura lan\u00e7a edital para cota de patroc\u00ednio do maior festival de artes integradas do Norte, o \u2018#SouManaus Passo a Pa\u00e7o 2024\u2019.\" \/>\n<meta name=\"robots\" content=\"noindex, follow\" \/>\n<meta property=\"og:locale\" content=\"pt_BR\" \/>\n<meta property=\"og:type\" content=\"article\" \/>\n<meta property=\"og:title\" content=\"Prefeitura lan\u00e7a edital para cota de patroc\u00ednio do #SouManaus\" \/>\n<meta property=\"og:description\" content=\"Prefeitura lan\u00e7a edital para cota de patroc\u00ednio do maior festival de artes integradas do Norte, o \u2018#SouManaus Passo a Pa\u00e7o 2024\u2019.\" \/>\n<meta property=\"og:url\" content=\"https:\/\/www.manaus.am.gov.br\/manauscult\/edital-para-cota-de-patrocinio-do-sou-manaus\/\" \/>\n<meta property=\"og:site_name\" content=\"MANAUSCULT\" \/>\n<meta property=\"article:published_time\" content=\"2024-04-18T17:08:42+00:00\" \/>\n<meta property=\"og:image\" content=\"https:\/\/www.manaus.am.gov.br\/manauscult\/wp-content\/uploads\/sites\/11\/2024\/04\/SouManaus-Passo-a-Paco-2023_Primeira-noite-2.jpg\" \/>\n\t<meta property=\"og:image:width\" content=\"799\" \/>\n\t<meta property=\"og:image:height\" content=\"533\" \/>\n\t<meta property=\"og:image:type\" content=\"image\/jpeg\" \/>\n<meta name=\"author\" content=\"Bruna Greco\" \/>\n<meta name=\"twitter:card\" content=\"summary_large_image\" \/>\n<meta name=\"twitter:label1\" content=\"Written by\" \/>\n\t<meta name=\"twitter:data1\" content=\"Bruna Greco\" \/>\n\t<meta name=\"twitter:label2\" content=\"Est. reading time\" \/>\n\t<meta name=\"twitter:data2\" content=\"3 minutos\" \/>\n<script type=\"application\/ld+json\" class=\"yoast-schema-graph\">{\"@context\":\"https:\/\/schema.org\",\"@graph\":[{\"@type\":\"WebPage\",\"@id\":\"https:\/\/www.manaus.am.gov.br\/manauscult\/edital-para-cota-de-patrocinio-do-sou-manaus\/\",\"url\":\"https:\/\/www.manaus.am.gov.br\/manauscult\/edital-para-cota-de-patrocinio-do-sou-manaus\/\",\"name\":\"Prefeitura lan\u00e7a edital para cota de patroc\u00ednio do #SouManaus\",\"isPartOf\":{\"@id\":\"https:\/\/www.manaus.am.gov.br\/manauscult\/#website\"},\"primaryImageOfPage\":{\"@id\":\"https:\/\/www.manaus.am.gov.br\/manauscult\/edital-para-cota-de-patrocinio-do-sou-manaus\/#primaryimage\"},\"image\":{\"@id\":\"https:\/\/www.manaus.am.gov.br\/manauscult\/edital-para-cota-de-patrocinio-do-sou-manaus\/#primaryimage\"},\"thumbnailUrl\":\"https:\/\/www.manaus.am.gov.br\/manauscult\/wp-content\/uploads\/sites\/11\/2024\/04\/SouManaus-Passo-a-Paco-2023_Primeira-noite-2.jpg\",\"datePublished\":\"2024-04-18T17:08:42+00:00\",\"dateModified\":\"2024-04-18T17:08:42+00:00\",\"author\":{\"@id\":\"https:\/\/www.manaus.am.gov.br\/manauscult\/#\/schema\/person\/05d223aea2bf115f9883a6ff3683d81b\"},\"description\":\"Prefeitura lan\u00e7a edital para cota de patroc\u00ednio do maior festival de artes integradas do Norte, o \u2018#SouManaus Passo a Pa\u00e7o 2024\u2019.\",\"breadcrumb\":{\"@id\":\"https:\/\/www.manaus.am.gov.br\/manauscult\/edital-para-cota-de-patrocinio-do-sou-manaus\/#breadcrumb\"},\"inLanguage\":\"pt-BR\",\"potentialAction\":[{\"@type\":\"ReadAction\",\"target\":[\"https:\/\/www.manaus.am.gov.br\/manauscult\/edital-para-cota-de-patrocinio-do-sou-manaus\/\"]}]},{\"@type\":\"ImageObject\",\"inLanguage\":\"pt-BR\",\"@id\":\"https:\/\/www.manaus.am.gov.br\/manauscult\/edital-para-cota-de-patrocinio-do-sou-manaus\/#primaryimage\",\"url\":\"https:\/\/www.manaus.am.gov.br\/manauscult\/wp-content\/uploads\/sites\/11\/2024\/04\/SouManaus-Passo-a-Paco-2023_Primeira-noite-2.jpg\",\"contentUrl\":\"https:\/\/www.manaus.am.gov.br\/manauscult\/wp-content\/uploads\/sites\/11\/2024\/04\/SouManaus-Passo-a-Paco-2023_Primeira-noite-2.jpg\",\"width\":799,\"height\":533,\"caption\":\"#paratodosverem - P\u00fablico com os bra\u00e7os para cima durante show no #SouManaus Passo a Pa\u00e7o\"},{\"@type\":\"BreadcrumbList\",\"@id\":\"https:\/\/www.manaus.am.gov.br\/manauscult\/edital-para-cota-de-patrocinio-do-sou-manaus\/#breadcrumb\",\"itemListElement\":[{\"@type\":\"ListItem\",\"position\":1,\"name\":\"Home\",\"item\":\"https:\/\/www.manaus.am.gov.br\/manauscult\/\"},{\"@type\":\"ListItem\",\"position\":2,\"name\":\"Prefeitura lan\u00e7a edital para cota de patroc\u00ednio do maior festival de artes integradas do Norte, o \u2018#SouManaus Passo a Pa\u00e7o 2024\u2019\"}]},{\"@type\":\"WebSite\",\"@id\":\"https:\/\/www.manaus.am.gov.br\/manauscult\/#website\",\"url\":\"https:\/\/www.manaus.am.gov.br\/manauscult\/\",\"name\":\"MANAUSCULT\",\"description\":\"Prefeitura de Manaus\",\"potentialAction\":[{\"@type\":\"SearchAction\",\"target\":{\"@type\":\"EntryPoint\",\"urlTemplate\":\"https:\/\/www.manaus.am.gov.br\/manauscult\/?s={search_term_string}\"},\"query-input\":\"required name=search_term_string\"}],\"inLanguage\":\"pt-BR\"},{\"@type\":\"Person\",\"@id\":\"https:\/\/www.manaus.am.gov.br\/manauscult\/#\/schema\/person\/05d223aea2bf115f9883a6ff3683d81b\",\"name\":\"Bruna Greco\",\"image\":{\"@type\":\"ImageObject\",\"inLanguage\":\"pt-BR\",\"@id\":\"https:\/\/www.manaus.am.gov.br\/manauscult\/#\/schema\/person\/image\/\",\"url\":\"https:\/\/secure.gravatar.com\/avatar\/9c877d1a6adc2a055330e5c09a8653ce?s=96&d=mm&r=g\",\"contentUrl\":\"https:\/\/secure.gravatar.com\/avatar\/9c877d1a6adc2a055330e5c09a8653ce?s=96&d=mm&r=g\",\"caption\":\"Bruna Greco\"}}]}<\/script>\n<!-- \/ Yoast SEO plugin. -->","yoast_head_json":{"title":"Prefeitura lan\u00e7a edital para cota de patroc\u00ednio do #SouManaus","description":"Prefeitura lan\u00e7a edital para cota de patroc\u00ednio do maior festival de artes integradas do Norte, o \u2018#SouManaus Passo a Pa\u00e7o 2024\u2019.","robots":{"index":"noindex","follow":"follow"},"og_locale":"pt_BR","og_type":"article","og_title":"Prefeitura lan\u00e7a edital para cota de patroc\u00ednio do #SouManaus","og_description":"Prefeitura lan\u00e7a edital para cota de patroc\u00ednio do maior festival de artes integradas do Norte, o \u2018#SouManaus Passo a Pa\u00e7o 2024\u2019.","og_url":"https:\/\/www.manaus.am.gov.br\/manauscult\/edital-para-cota-de-patrocinio-do-sou-manaus\/","og_site_name":"MANAUSCULT","article_published_time":"2024-04-18T17:08:42+00:00","og_image":[{"width":799,"height":533,"url":"https:\/\/www.manaus.am.gov.br\/manauscult\/wp-content\/uploads\/sites\/11\/2024\/04\/SouManaus-Passo-a-Paco-2023_Primeira-noite-2.jpg","type":"image\/jpeg"}],"author":"Bruna Greco","twitter_card":"summary_large_image","twitter_misc":{"Written by":"Bruna Greco","Est. reading time":"3 minutos"},"schema":{"@context":"https:\/\/schema.org","@graph":[{"@type":"WebPage","@id":"https:\/\/www.manaus.am.gov.br\/manauscult\/edital-para-cota-de-patrocinio-do-sou-manaus\/","url":"https:\/\/www.manaus.am.gov.br\/manauscult\/edital-para-cota-de-patrocinio-do-sou-manaus\/","name":"Prefeitura lan\u00e7a edital para cota de patroc\u00ednio do #SouManaus","isPartOf":{"@id":"https:\/\/www.manaus.am.gov.br\/manauscult\/#website"},"primaryImageOfPage":{"@id":"https:\/\/www.manaus.am.gov.br\/manauscult\/edital-para-cota-de-patrocinio-do-sou-manaus\/#primaryimage"},"image":{"@id":"https:\/\/www.manaus.am.gov.br\/manauscult\/edital-para-cota-de-patrocinio-do-sou-manaus\/#primaryimage"},"thumbnailUrl":"https:\/\/www.manaus.am.gov.br\/manauscult\/wp-content\/uploads\/sites\/11\/2024\/04\/SouManaus-Passo-a-Paco-2023_Primeira-noite-2.jpg","datePublished":"2024-04-18T17:08:42+00:00","dateModified":"2024-04-18T17:08:42+00:00","author":{"@id":"https:\/\/www.manaus.am.gov.br\/manauscult\/#\/schema\/person\/05d223aea2bf115f9883a6ff3683d81b"},"description":"Prefeitura lan\u00e7a edital para cota de patroc\u00ednio do maior festival de artes integradas do Norte, o \u2018#SouManaus Passo a Pa\u00e7o 2024\u2019.","breadcrumb":{"@id":"https:\/\/www.manaus.am.gov.br\/manauscult\/edital-para-cota-de-patrocinio-do-sou-manaus\/#breadcrumb"},"inLanguage":"pt-BR","potentialAction":[{"@type":"ReadAction","target":["https:\/\/www.manaus.am.gov.br\/manauscult\/edital-para-cota-de-patrocinio-do-sou-manaus\/"]}]},{"@type":"ImageObject","inLanguage":"pt-BR","@id":"https:\/\/www.manaus.am.gov.br\/manauscult\/edital-para-cota-de-patrocinio-do-sou-manaus\/#primaryimage","url":"https:\/\/www.manaus.am.gov.br\/manauscult\/wp-content\/uploads\/sites\/11\/2024\/04\/SouManaus-Passo-a-Paco-2023_Primeira-noite-2.jpg","contentUrl":"https:\/\/www.manaus.am.gov.br\/manauscult\/wp-content\/uploads\/sites\/11\/2024\/04\/SouManaus-Passo-a-Paco-2023_Primeira-noite-2.jpg","width":799,"height":533,"caption":"#paratodosverem - P\u00fablico com os bra\u00e7os para cima durante show no #SouManaus Passo a Pa\u00e7o"},{"@type":"BreadcrumbList","@id":"https:\/\/www.manaus.am.gov.br\/manauscult\/edital-para-cota-de-patrocinio-do-sou-manaus\/#breadcrumb","itemListElement":[{"@type":"ListItem","position":1,"name":"Home","item":"https:\/\/www.manaus.am.gov.br\/manauscult\/"},{"@type":"ListItem","position":2,"name":"Prefeitura lan\u00e7a edital para cota de patroc\u00ednio do maior festival de artes integradas do Norte, o \u2018#SouManaus Passo a Pa\u00e7o 2024\u2019"}]},{"@type":"WebSite","@id":"https:\/\/www.manaus.am.gov.br\/manauscult\/#website","url":"https:\/\/www.manaus.am.gov.br\/manauscult\/","name":"MANAUSCULT","description":"Prefeitura de Manaus","potentialAction":[{"@type":"SearchAction","target":{"@type":"EntryPoint","urlTemplate":"https:\/\/www.manaus.am.gov.br\/manauscult\/?s={search_term_string}"},"query-input":"required name=search_term_string"}],"inLanguage":"pt-BR"},{"@type":"Person","@id":"https:\/\/www.manaus.am.gov.br\/manauscult\/#\/schema\/person\/05d223aea2bf115f9883a6ff3683d81b","name":"Bruna Greco","image":{"@type":"ImageObject","inLanguage":"pt-BR","@id":"https:\/\/www.manaus.am.gov.br\/manauscult\/#\/schema\/person\/image\/","url":"https:\/\/secure.gravatar.com\/avatar\/9c877d1a6adc2a055330e5c09a8653ce?s=96&d=mm&r=g","contentUrl":"https:\/\/secure.gravatar.com\/avatar\/9c877d1a6adc2a055330e5c09a8653ce?s=96&d=mm&r=g","caption":"Bruna Greco"}}]}},"_links":{"self":[{"href":"https:\/\/www.manaus.am.gov.br\/manauscult\/wp-json\/wp\/v2\/posts\/2313"}],"collection":[{"href":"https:\/\/www.manaus.am.gov.br\/manauscult\/wp-json\/wp\/v2\/posts"}],"about":[{"href":"https:\/\/www.manaus.am.gov.br\/manauscult\/wp-json\/wp\/v2\/types\/post"}],"author":[{"embeddable":true,"href":"https:\/\/www.manaus.am.gov.br\/manauscult\/wp-json\/wp\/v2\/users\/39"}],"replies":[{"embeddable":true,"href":"https:\/\/www.manaus.am.gov.br\/manauscult\/wp-json\/wp\/v2\/comments?post=2313"}],"version-history":[{"count":1,"href":"https:\/\/www.manaus.am.gov.br\/manauscult\/wp-json\/wp\/v2\/posts\/2313\/revisions"}],"predecessor-version":[{"id":2317,"href":"https:\/\/www.manaus.am.gov.br\/manauscult\/wp-json\/wp\/v2\/posts\/2313\/revisions\/2317"}],"wp:featuredmedia":[{"embeddable":true,"href":"https:\/\/www.manaus.am.gov.br\/manauscult\/wp-json\/wp\/v2\/media\/2315"}],"wp:attachment":[{"href":"https:\/\/www.manaus.am.gov.br\/manauscult\/wp-json\/wp\/v2\/media?parent=2313"}],"wp:term":[{"taxonomy":"category","embeddable":true,"href":"https:\/\/www.manaus.am.gov.br\/manauscult\/wp-json\/wp\/v2\/categories?post=2313"},{"taxonomy":"post_tag","embeddable":true,"href":"https:\/\/www.manaus.am.gov.br\/manauscult\/wp-json\/wp\/v2\/tags?post=2313"}],"curies":[{"name":"wp","href":"https:\/\/api.w.org\/{rel}","templated":true}]}}