{"id":2288,"date":"2024-04-16T16:29:45","date_gmt":"2024-04-16T20:29:45","guid":{"rendered":"https:\/\/www.manaus.am.gov.br\/manauscult\/prefeitura-participa-11a-edicao-wtm-latin-america-2024\/"},"modified":"2024-04-16T16:33:39","modified_gmt":"2024-04-16T20:33:39","slug":"prefeitura-participa-11a-edicao-wtm-latin-america-2024","status":"publish","type":"post","link":"https:\/\/www.manaus.am.gov.br\/manauscult\/prefeitura-participa-11a-edicao-wtm-latin-america-2024\/","title":{"rendered":"Prefeitura participa da 11\u00aa edi\u00e7\u00e3o da \u2018WTM Latin America 2024\u2019 e busca fortalecer Manaus no cen\u00e1rio tur\u00edstico\u00a0global"},"content":{"rendered":"\n<p>Com estande de Manaus, a prefeitura, por meio da Funda\u00e7\u00e3o Municipal de Cultura, Turismo e Eventos (Manauscult), participa da 11\u00aa edi\u00e7\u00e3o da \u201cWTM Latin America 2024\u201d, uma das principais feiras de neg\u00f3cios, investimentos e acesso a influenciadores e compradores qualificados da ind\u00fastria de viagens e turismo. O evento acontece at\u00e9 esta quarta-feira, 17\/4, no centro de conven\u00e7\u00f5es Expo Center Norte, em S\u00e3o Paulo.<\/p>\n\n\n\n<p>O diretor-presidente da Manauscult, Reginei Rodrigues, destaca o compromisso da gest\u00e3o municipal em promover Manaus e fomentar o turismo por meio das potencialidades da capital.<\/p>\n\n\n\n<p>\u201c\u00c9 dever da prefeitura criar estrat\u00e9gias que deem destaque a Manaus, que; por ser a capital da Amaz\u00f4nia, j\u00e1 tem um apelo internacional muito forte. Estamos investindo na infraestrutura da cidade, promovendo o turismo por meio dos nossos atrativos, eventos, al\u00e9m da hospitalidade e gastronomia que j\u00e1 s\u00e3o marcas do nosso povo\u201d, pontuou Rodrigues.<\/p>\n\n\n\n<p>A Manauscult leva \u00e0 feira os seus principais atrativos tur\u00edsticos, como o rec\u00e9m-inaugurado mirante L\u00facia Almeida, que aquece ainda mais o fluxo tur\u00edstico no centro hist\u00f3rico de Manaus e \u00e9 um marco na revitaliza\u00e7\u00e3o e ocupa\u00e7\u00e3o estrat\u00e9gica do Executivo municipal; tudo sobre seus expoentes gastron\u00f4micos, as principais iniciativas de fomento ao turismo, como o \u201cManaus Adventure 2024\u201d, o maior evento de pesca esportiva e esportes de aventura que atrai competidores a n\u00edveis nacional e internacional que desejam ter uma experi\u00eancia imersiva na Amaz\u00f4nia; al\u00e9m dos grandes eventos, a exemplo do \u201c#Sou Manaus \u2013 Passo a Pa\u00e7o 2024\u201d, o maior festival de artes integradas do Norte do pa\u00eds, que este ano promete atrair turistas de todo o mundo promovendo Manaus atrav\u00e9s das artes, empreendedorismo e incentivo \u00e0 valoriza\u00e7\u00e3o do patrim\u00f4nio hist\u00f3rico-cultural.<\/p>\n\n\n\n<p>O estande tamb\u00e9m acomoda 16 empres\u00e1rios do turismo local, que junto \u00e0 equipe t\u00e9cnica da prefeitura oferecem brindes, artesanatos regionais produzidos com sementes, bananinha frita, balas de cupua\u00e7u e castanha do Brasil e um rico material promocional da cidade.<\/p>\n\n\n\n<figure class=\"wp-block-image size-large\"><img loading=\"lazy\" decoding=\"async\" width=\"1024\" height=\"768\" src=\"https:\/\/www.manaus.am.gov.br\/manauscult\/wp-content\/uploads\/sites\/11\/2024\/04\/Estande-de-Manaus-4-1024x768.jpeg\" alt=\"\" class=\"wp-image-2291\" srcset=\"https:\/\/www.manaus.am.gov.br\/manauscult\/wp-content\/uploads\/sites\/11\/2024\/04\/Estande-de-Manaus-4-1024x768.jpeg 1024w, https:\/\/www.manaus.am.gov.br\/manauscult\/wp-content\/uploads\/sites\/11\/2024\/04\/Estande-de-Manaus-4-300x225.jpeg 300w, https:\/\/www.manaus.am.gov.br\/manauscult\/wp-content\/uploads\/sites\/11\/2024\/04\/Estande-de-Manaus-4-768x576.jpeg 768w, https:\/\/www.manaus.am.gov.br\/manauscult\/wp-content\/uploads\/sites\/11\/2024\/04\/Estande-de-Manaus-4-1536x1152.jpeg 1536w, https:\/\/www.manaus.am.gov.br\/manauscult\/wp-content\/uploads\/sites\/11\/2024\/04\/Estande-de-Manaus-4.jpeg 1600w\" sizes=\"(max-width: 1024px) 100vw, 1024px\" \/><\/figure>\n\n\n\n<p><strong>A feira<\/strong><\/p>\n\n\n\n<p>A 11\u00aa edi\u00e7\u00e3o da \u201cWTM Latin America\u201d deste ano, que ocorre de 15 a 17\/4, espera mais de 27 mil profissionais de viagem, com a tem\u00e1tica \u201cThe Future is Open. Be the Change\u201d, em tradu\u00e7\u00e3o livre: \u201cO futuro est\u00e1 aberto, seja a mudan\u00e7a\u201d.<\/p>\n\n\n\n<p>Ao todo, est\u00e3o confirmados 500 agentes em viagens a\u00e9reas e rodovi\u00e1rias de todas as regi\u00f5es do Brasil, al\u00e9m de 75 compradores oriundos de diversas partes do planeta, com destaque para a Am\u00e9rica do Sul (Argentina, Chile, Col\u00f4mbia, M\u00e9xico, Peru, Paraguai e Uruguai), a Europa (It\u00e1lia, Espanha, Fran\u00e7a, Alemanha e Portugal) e Am\u00e9rica do Norte (Estados Unidos e Canad\u00e1).<\/p>\n\n\n\n<p>&#8212; &#8212; &#8212;<\/p>\n\n\n\n<p><strong>Texto e fotos &#8211;<\/strong> Divulga\u00e7\u00e3o \/ Manauscult<\/p>\n","protected":false},"excerpt":{"rendered":"","protected":false},"author":39,"featured_media":2289,"comment_status":"closed","ping_status":"closed","sticky":false,"template":"","format":"standard","meta":{"footnotes":""},"categories":[18],"tags":[1026,1027,1028,9,11],"acf":[],"yoast_head":"<!-- This site is optimized with the Yoast SEO plugin v23.0 - https:\/\/yoast.com\/wordpress\/plugins\/seo\/ -->\n<title>Prefeitura participa da 11\u00aa edi\u00e7\u00e3o da \u2018WTM Latin America 2024\u2019<\/title>\n<meta name=\"description\" content=\"Prefeitura participa da 11\u00aa edi\u00e7\u00e3o da \u2018WTM Latin America 2024\u2019 e busca fortalecer Manaus no cen\u00e1rio tur\u00edstico global.\" \/>\n<meta name=\"robots\" content=\"noindex, follow\" \/>\n<meta property=\"og:locale\" content=\"pt_BR\" \/>\n<meta property=\"og:type\" content=\"article\" \/>\n<meta property=\"og:title\" content=\"Prefeitura participa da 11\u00aa edi\u00e7\u00e3o da \u2018WTM Latin America 2024\u2019\" \/>\n<meta property=\"og:description\" content=\"Prefeitura participa da 11\u00aa edi\u00e7\u00e3o da \u2018WTM Latin America 2024\u2019 e busca fortalecer Manaus no cen\u00e1rio tur\u00edstico global.\" \/>\n<meta property=\"og:url\" content=\"https:\/\/www.manaus.am.gov.br\/manauscult\/prefeitura-participa-11a-edicao-wtm-latin-america-2024\/\" \/>\n<meta property=\"og:site_name\" content=\"MANAUSCULT\" \/>\n<meta property=\"article:published_time\" content=\"2024-04-16T20:29:45+00:00\" \/>\n<meta property=\"article:modified_time\" content=\"2024-04-16T20:33:39+00:00\" \/>\n<meta property=\"og:image\" content=\"https:\/\/www.manaus.am.gov.br\/manauscult\/wp-content\/uploads\/sites\/11\/2024\/04\/WhatsApp-Image-2024-04-15-at-12.58.57.jpeg\" \/>\n\t<meta property=\"og:image:width\" content=\"1600\" \/>\n\t<meta property=\"og:image:height\" content=\"1200\" \/>\n\t<meta property=\"og:image:type\" content=\"image\/jpeg\" \/>\n<meta name=\"author\" content=\"Bruna Greco\" \/>\n<meta name=\"twitter:card\" content=\"summary_large_image\" \/>\n<meta name=\"twitter:label1\" content=\"Written by\" \/>\n\t<meta name=\"twitter:data1\" content=\"Bruna Greco\" \/>\n\t<meta name=\"twitter:label2\" content=\"Est. reading time\" \/>\n\t<meta name=\"twitter:data2\" content=\"3 minutos\" \/>\n<script type=\"application\/ld+json\" class=\"yoast-schema-graph\">{\"@context\":\"https:\/\/schema.org\",\"@graph\":[{\"@type\":\"WebPage\",\"@id\":\"https:\/\/www.manaus.am.gov.br\/manauscult\/prefeitura-participa-11a-edicao-wtm-latin-america-2024\/\",\"url\":\"https:\/\/www.manaus.am.gov.br\/manauscult\/prefeitura-participa-11a-edicao-wtm-latin-america-2024\/\",\"name\":\"Prefeitura participa da 11\u00aa edi\u00e7\u00e3o da \u2018WTM Latin America 2024\u2019\",\"isPartOf\":{\"@id\":\"https:\/\/www.manaus.am.gov.br\/manauscult\/#website\"},\"primaryImageOfPage\":{\"@id\":\"https:\/\/www.manaus.am.gov.br\/manauscult\/prefeitura-participa-11a-edicao-wtm-latin-america-2024\/#primaryimage\"},\"image\":{\"@id\":\"https:\/\/www.manaus.am.gov.br\/manauscult\/prefeitura-participa-11a-edicao-wtm-latin-america-2024\/#primaryimage\"},\"thumbnailUrl\":\"https:\/\/www.manaus.am.gov.br\/manauscult\/wp-content\/uploads\/sites\/11\/2024\/04\/WhatsApp-Image-2024-04-15-at-12.58.57.jpeg\",\"datePublished\":\"2024-04-16T20:29:45+00:00\",\"dateModified\":\"2024-04-16T20:33:39+00:00\",\"author\":{\"@id\":\"https:\/\/www.manaus.am.gov.br\/manauscult\/#\/schema\/person\/05d223aea2bf115f9883a6ff3683d81b\"},\"description\":\"Prefeitura participa da 11\u00aa edi\u00e7\u00e3o da \u2018WTM Latin America 2024\u2019 e busca fortalecer Manaus no cen\u00e1rio tur\u00edstico global.\",\"breadcrumb\":{\"@id\":\"https:\/\/www.manaus.am.gov.br\/manauscult\/prefeitura-participa-11a-edicao-wtm-latin-america-2024\/#breadcrumb\"},\"inLanguage\":\"pt-BR\",\"potentialAction\":[{\"@type\":\"ReadAction\",\"target\":[\"https:\/\/www.manaus.am.gov.br\/manauscult\/prefeitura-participa-11a-edicao-wtm-latin-america-2024\/\"]}]},{\"@type\":\"ImageObject\",\"inLanguage\":\"pt-BR\",\"@id\":\"https:\/\/www.manaus.am.gov.br\/manauscult\/prefeitura-participa-11a-edicao-wtm-latin-america-2024\/#primaryimage\",\"url\":\"https:\/\/www.manaus.am.gov.br\/manauscult\/wp-content\/uploads\/sites\/11\/2024\/04\/WhatsApp-Image-2024-04-15-at-12.58.57.jpeg\",\"contentUrl\":\"https:\/\/www.manaus.am.gov.br\/manauscult\/wp-content\/uploads\/sites\/11\/2024\/04\/WhatsApp-Image-2024-04-15-at-12.58.57.jpeg\",\"width\":1600,\"height\":1200,\"caption\":\"#paratodosverem - P\u00fablico diversificado visitando o estande de Manaus durante a 11\u00aa edi\u00e7\u00e3o da \u2018WTM Latin America 2024\u2019\"},{\"@type\":\"BreadcrumbList\",\"@id\":\"https:\/\/www.manaus.am.gov.br\/manauscult\/prefeitura-participa-11a-edicao-wtm-latin-america-2024\/#breadcrumb\",\"itemListElement\":[{\"@type\":\"ListItem\",\"position\":1,\"name\":\"Home\",\"item\":\"https:\/\/www.manaus.am.gov.br\/manauscult\/\"},{\"@type\":\"ListItem\",\"position\":2,\"name\":\"Prefeitura participa da 11\u00aa edi\u00e7\u00e3o da \u2018WTM Latin America 2024\u2019 e busca fortalecer Manaus no cen\u00e1rio tur\u00edstico\u00a0global\"}]},{\"@type\":\"WebSite\",\"@id\":\"https:\/\/www.manaus.am.gov.br\/manauscult\/#website\",\"url\":\"https:\/\/www.manaus.am.gov.br\/manauscult\/\",\"name\":\"MANAUSCULT\",\"description\":\"Prefeitura de Manaus\",\"potentialAction\":[{\"@type\":\"SearchAction\",\"target\":{\"@type\":\"EntryPoint\",\"urlTemplate\":\"https:\/\/www.manaus.am.gov.br\/manauscult\/?s={search_term_string}\"},\"query-input\":\"required name=search_term_string\"}],\"inLanguage\":\"pt-BR\"},{\"@type\":\"Person\",\"@id\":\"https:\/\/www.manaus.am.gov.br\/manauscult\/#\/schema\/person\/05d223aea2bf115f9883a6ff3683d81b\",\"name\":\"Bruna Greco\",\"image\":{\"@type\":\"ImageObject\",\"inLanguage\":\"pt-BR\",\"@id\":\"https:\/\/www.manaus.am.gov.br\/manauscult\/#\/schema\/person\/image\/\",\"url\":\"https:\/\/secure.gravatar.com\/avatar\/9c877d1a6adc2a055330e5c09a8653ce?s=96&d=mm&r=g\",\"contentUrl\":\"https:\/\/secure.gravatar.com\/avatar\/9c877d1a6adc2a055330e5c09a8653ce?s=96&d=mm&r=g\",\"caption\":\"Bruna Greco\"}}]}<\/script>\n<!-- \/ Yoast SEO plugin. -->","yoast_head_json":{"title":"Prefeitura participa da 11\u00aa edi\u00e7\u00e3o da \u2018WTM Latin America 2024\u2019","description":"Prefeitura participa da 11\u00aa edi\u00e7\u00e3o da \u2018WTM Latin America 2024\u2019 e busca fortalecer Manaus no cen\u00e1rio tur\u00edstico global.","robots":{"index":"noindex","follow":"follow"},"og_locale":"pt_BR","og_type":"article","og_title":"Prefeitura participa da 11\u00aa edi\u00e7\u00e3o da \u2018WTM Latin America 2024\u2019","og_description":"Prefeitura participa da 11\u00aa edi\u00e7\u00e3o da \u2018WTM Latin America 2024\u2019 e busca fortalecer Manaus no cen\u00e1rio tur\u00edstico global.","og_url":"https:\/\/www.manaus.am.gov.br\/manauscult\/prefeitura-participa-11a-edicao-wtm-latin-america-2024\/","og_site_name":"MANAUSCULT","article_published_time":"2024-04-16T20:29:45+00:00","article_modified_time":"2024-04-16T20:33:39+00:00","og_image":[{"width":1600,"height":1200,"url":"https:\/\/www.manaus.am.gov.br\/manauscult\/wp-content\/uploads\/sites\/11\/2024\/04\/WhatsApp-Image-2024-04-15-at-12.58.57.jpeg","type":"image\/jpeg"}],"author":"Bruna Greco","twitter_card":"summary_large_image","twitter_misc":{"Written by":"Bruna Greco","Est. reading time":"3 minutos"},"schema":{"@context":"https:\/\/schema.org","@graph":[{"@type":"WebPage","@id":"https:\/\/www.manaus.am.gov.br\/manauscult\/prefeitura-participa-11a-edicao-wtm-latin-america-2024\/","url":"https:\/\/www.manaus.am.gov.br\/manauscult\/prefeitura-participa-11a-edicao-wtm-latin-america-2024\/","name":"Prefeitura participa da 11\u00aa edi\u00e7\u00e3o da \u2018WTM Latin America 2024\u2019","isPartOf":{"@id":"https:\/\/www.manaus.am.gov.br\/manauscult\/#website"},"primaryImageOfPage":{"@id":"https:\/\/www.manaus.am.gov.br\/manauscult\/prefeitura-participa-11a-edicao-wtm-latin-america-2024\/#primaryimage"},"image":{"@id":"https:\/\/www.manaus.am.gov.br\/manauscult\/prefeitura-participa-11a-edicao-wtm-latin-america-2024\/#primaryimage"},"thumbnailUrl":"https:\/\/www.manaus.am.gov.br\/manauscult\/wp-content\/uploads\/sites\/11\/2024\/04\/WhatsApp-Image-2024-04-15-at-12.58.57.jpeg","datePublished":"2024-04-16T20:29:45+00:00","dateModified":"2024-04-16T20:33:39+00:00","author":{"@id":"https:\/\/www.manaus.am.gov.br\/manauscult\/#\/schema\/person\/05d223aea2bf115f9883a6ff3683d81b"},"description":"Prefeitura participa da 11\u00aa edi\u00e7\u00e3o da \u2018WTM Latin America 2024\u2019 e busca fortalecer Manaus no cen\u00e1rio tur\u00edstico global.","breadcrumb":{"@id":"https:\/\/www.manaus.am.gov.br\/manauscult\/prefeitura-participa-11a-edicao-wtm-latin-america-2024\/#breadcrumb"},"inLanguage":"pt-BR","potentialAction":[{"@type":"ReadAction","target":["https:\/\/www.manaus.am.gov.br\/manauscult\/prefeitura-participa-11a-edicao-wtm-latin-america-2024\/"]}]},{"@type":"ImageObject","inLanguage":"pt-BR","@id":"https:\/\/www.manaus.am.gov.br\/manauscult\/prefeitura-participa-11a-edicao-wtm-latin-america-2024\/#primaryimage","url":"https:\/\/www.manaus.am.gov.br\/manauscult\/wp-content\/uploads\/sites\/11\/2024\/04\/WhatsApp-Image-2024-04-15-at-12.58.57.jpeg","contentUrl":"https:\/\/www.manaus.am.gov.br\/manauscult\/wp-content\/uploads\/sites\/11\/2024\/04\/WhatsApp-Image-2024-04-15-at-12.58.57.jpeg","width":1600,"height":1200,"caption":"#paratodosverem - P\u00fablico diversificado visitando o estande de Manaus durante a 11\u00aa edi\u00e7\u00e3o da \u2018WTM Latin America 2024\u2019"},{"@type":"BreadcrumbList","@id":"https:\/\/www.manaus.am.gov.br\/manauscult\/prefeitura-participa-11a-edicao-wtm-latin-america-2024\/#breadcrumb","itemListElement":[{"@type":"ListItem","position":1,"name":"Home","item":"https:\/\/www.manaus.am.gov.br\/manauscult\/"},{"@type":"ListItem","position":2,"name":"Prefeitura participa da 11\u00aa edi\u00e7\u00e3o da \u2018WTM Latin America 2024\u2019 e busca fortalecer Manaus no cen\u00e1rio tur\u00edstico\u00a0global"}]},{"@type":"WebSite","@id":"https:\/\/www.manaus.am.gov.br\/manauscult\/#website","url":"https:\/\/www.manaus.am.gov.br\/manauscult\/","name":"MANAUSCULT","description":"Prefeitura de Manaus","potentialAction":[{"@type":"SearchAction","target":{"@type":"EntryPoint","urlTemplate":"https:\/\/www.manaus.am.gov.br\/manauscult\/?s={search_term_string}"},"query-input":"required name=search_term_string"}],"inLanguage":"pt-BR"},{"@type":"Person","@id":"https:\/\/www.manaus.am.gov.br\/manauscult\/#\/schema\/person\/05d223aea2bf115f9883a6ff3683d81b","name":"Bruna Greco","image":{"@type":"ImageObject","inLanguage":"pt-BR","@id":"https:\/\/www.manaus.am.gov.br\/manauscult\/#\/schema\/person\/image\/","url":"https:\/\/secure.gravatar.com\/avatar\/9c877d1a6adc2a055330e5c09a8653ce?s=96&d=mm&r=g","contentUrl":"https:\/\/secure.gravatar.com\/avatar\/9c877d1a6adc2a055330e5c09a8653ce?s=96&d=mm&r=g","caption":"Bruna Greco"}}]}},"_links":{"self":[{"href":"https:\/\/www.manaus.am.gov.br\/manauscult\/wp-json\/wp\/v2\/posts\/2288"}],"collection":[{"href":"https:\/\/www.manaus.am.gov.br\/manauscult\/wp-json\/wp\/v2\/posts"}],"about":[{"href":"https:\/\/www.manaus.am.gov.br\/manauscult\/wp-json\/wp\/v2\/types\/post"}],"author":[{"embeddable":true,"href":"https:\/\/www.manaus.am.gov.br\/manauscult\/wp-json\/wp\/v2\/users\/39"}],"replies":[{"embeddable":true,"href":"https:\/\/www.manaus.am.gov.br\/manauscult\/wp-json\/wp\/v2\/comments?post=2288"}],"version-history":[{"count":2,"href":"https:\/\/www.manaus.am.gov.br\/manauscult\/wp-json\/wp\/v2\/posts\/2288\/revisions"}],"predecessor-version":[{"id":2292,"href":"https:\/\/www.manaus.am.gov.br\/manauscult\/wp-json\/wp\/v2\/posts\/2288\/revisions\/2292"}],"wp:featuredmedia":[{"embeddable":true,"href":"https:\/\/www.manaus.am.gov.br\/manauscult\/wp-json\/wp\/v2\/media\/2289"}],"wp:attachment":[{"href":"https:\/\/www.manaus.am.gov.br\/manauscult\/wp-json\/wp\/v2\/media?parent=2288"}],"wp:term":[{"taxonomy":"category","embeddable":true,"href":"https:\/\/www.manaus.am.gov.br\/manauscult\/wp-json\/wp\/v2\/categories?post=2288"},{"taxonomy":"post_tag","embeddable":true,"href":"https:\/\/www.manaus.am.gov.br\/manauscult\/wp-json\/wp\/v2\/tags?post=2288"}],"curies":[{"name":"wp","href":"https:\/\/api.w.org\/{rel}","templated":true}]}}