{"id":2285,"date":"2024-04-16T12:13:23","date_gmt":"2024-04-16T16:13:23","guid":{"rendered":"https:\/\/www.manaus.am.gov.br\/manauscult\/programacao-diadolivro\/"},"modified":"2024-04-16T12:13:25","modified_gmt":"2024-04-16T16:13:25","slug":"programacao-diadolivro","status":"publish","type":"post","link":"https:\/\/www.manaus.am.gov.br\/manauscult\/programacao-diadolivro\/","title":{"rendered":"Prefeitura divulga programa\u00e7\u00e3o de incentivo \u00e0\u00a0literatura infantil na biblioteca municipal Jo\u00e3o Bosco Pantoja Evangelista"},"content":{"rendered":"\n<p>A Prefeitura de Manaus, por meio da Funda\u00e7\u00e3o Municipal de Cultura Turismo e Eventos (Manauscult), realizar\u00e1 uma programa\u00e7\u00e3o alusiva ao Dia Nacional do Livro Infantil, 18 de abril, que acontecer\u00e1 na biblioteca municipal Jo\u00e3o Bosco Pantoja Evangelista, nos dias 18\/4 e 19\/4, das 9h \u00e0s 12h, e \u00e0 tarde, das 14h \u00e0s 16h30, nos dois dias.<\/p>\n\n\n\n<p>A Manauscult programou atividades que visam despertar nas crian\u00e7as o interesse e o gosto pela leitura.&nbsp;\u201cNossos pequenos devem ser estimulados, constantemente, a partir da literatura. Esse mundo l\u00fadico dos livros proporciona a eles entrar em contato com v\u00e1rios mundos diferentes, sem que, necessariamente, tenham que viajar de fato\u201d, explicou o diretor de Cultura da Manauscult, Wallace Almeida.<\/p>\n\n\n\n<p>A comemora\u00e7\u00e3o do Dia do Livro Infantil, na biblioteca municipal Jo\u00e3o Bosco Pantoja Evangelista, ter\u00e1 na programa\u00e7\u00e3o: exposi\u00e7\u00f5es, visitas guiadas, conta\u00e7\u00e3o de hist\u00f3rias com a \u201cBruxinha Lepap\u201d, desenho, pintura, leitura, oficina de origami, gincana liter\u00e1ria, entre outras atividades que incentivem as crian\u00e7as a tomarem gosto pela literatura.<\/p>\n\n\n\n<p>A programa\u00e7\u00e3o aguarda crian\u00e7as das redes municipais e estaduais, e da comunidade no geral, com faixa et\u00e1ria definida para crian\u00e7as de 7 a 12 anos de idade.<\/p>\n\n\n\n<p><strong>Data comemorativa<\/strong><\/p>\n\n\n\n<p>O Dia Nacional do Livro Infantil \u00e9 comemorado no dia 18 de abril, institu\u00eddo pela Lei n\u00ba 10.402, de 8 de janeiro de 2002. A data exalta a import\u00e2ncia da leitura liter\u00e1ria para crian\u00e7as e celebra o escritor Monteiro Lobato, o importante autor de obras infantis que marcou gera\u00e7\u00f5es de leitores.<\/p>\n\n\n\n<p>Em Manaus, a Lei n\u00ba 1.219, de 14 de mar\u00e7o de 2008, instituiu a semana \u201cMonteiro Lobato de Literatura Infantil\u201d, anualmente comemorada de 15 a 21 de abril, com o objetivo de incentivar pe\u00e7as teatrais e leituras inspiradas nas obras infantis do autor e de outras obras que exaltam a literatura voltada \u00e0s crian\u00e7as.<\/p>\n\n\n\n<p>&#8212; &#8212; &#8212;<\/p>\n\n\n\n<p><strong>Texto e fotos<\/strong>&nbsp;&#8211; Divulga\u00e7\u00e3o \/Manauscult<\/p>\n","protected":false},"excerpt":{"rendered":"","protected":false},"author":23,"featured_media":2286,"comment_status":"closed","ping_status":"closed","sticky":false,"template":"","format":"standard","meta":{"footnotes":""},"categories":[12],"tags":[920,1023,1024,9,11,61,1025],"acf":[],"yoast_head":"<!-- This site is optimized with the Yoast SEO plugin v23.0 - https:\/\/yoast.com\/wordpress\/plugins\/seo\/ -->\n<title>Prefeitura divulga programa\u00e7\u00e3o de incentivo \u00e0 literatura infantil na biblioteca municipal Jo\u00e3o Bosco Pantoja Evangelista<\/title>\n<meta name=\"description\" content=\"A Prefeitura de Manaus, por meio da Funda\u00e7\u00e3o Municipal de Cultura Turismo e Eventos (Manauscult), realizar\u00e1 uma programa\u00e7\u00e3o alusiva ao Dia Nacional do Livro Infantil, 18 de abril, que acontecer\u00e1 na biblioteca municipal Jo\u00e3o Bosco Pantoja Evangelista, nos dias 18\/4 e 19\/4, das 9h \u00e0s 12h, e \u00e0 tarde, das 14h \u00e0s 16h30, nos dois dias.\" \/>\n<meta name=\"robots\" content=\"noindex, follow\" \/>\n<meta property=\"og:locale\" content=\"pt_BR\" \/>\n<meta property=\"og:type\" content=\"article\" \/>\n<meta property=\"og:title\" content=\"Prefeitura divulga programa\u00e7\u00e3o de incentivo \u00e0 literatura infantil na biblioteca municipal Jo\u00e3o Bosco Pantoja Evangelista\" \/>\n<meta property=\"og:description\" content=\"A Prefeitura de Manaus, por meio da Funda\u00e7\u00e3o Municipal de Cultura Turismo e Eventos (Manauscult), realizar\u00e1 uma programa\u00e7\u00e3o alusiva ao Dia Nacional do Livro Infantil, 18 de abril, que acontecer\u00e1 na biblioteca municipal Jo\u00e3o Bosco Pantoja Evangelista, nos dias 18\/4 e 19\/4, das 9h \u00e0s 12h, e \u00e0 tarde, das 14h \u00e0s 16h30, nos dois dias.\" \/>\n<meta property=\"og:url\" content=\"https:\/\/www.manaus.am.gov.br\/manauscult\/programacao-diadolivro\/\" \/>\n<meta property=\"og:site_name\" content=\"MANAUSCULT\" \/>\n<meta property=\"article:published_time\" content=\"2024-04-16T16:13:23+00:00\" \/>\n<meta property=\"article:modified_time\" content=\"2024-04-16T16:13:25+00:00\" \/>\n<meta property=\"og:image\" content=\"https:\/\/www.manaus.am.gov.br\/manauscult\/wp-content\/uploads\/sites\/11\/2024\/04\/MG_7520-1024x683.jpg\" \/>\n\t<meta property=\"og:image:width\" content=\"1024\" \/>\n\t<meta property=\"og:image:height\" content=\"683\" \/>\n\t<meta property=\"og:image:type\" content=\"image\/jpeg\" \/>\n<meta name=\"author\" content=\"Adriana Costa\" \/>\n<meta name=\"twitter:card\" content=\"summary_large_image\" \/>\n<meta name=\"twitter:label1\" content=\"Written by\" \/>\n\t<meta name=\"twitter:data1\" content=\"Adriana Costa\" \/>\n\t<meta name=\"twitter:label2\" content=\"Est. reading time\" \/>\n\t<meta name=\"twitter:data2\" content=\"2 minutos\" \/>\n<script type=\"application\/ld+json\" class=\"yoast-schema-graph\">{\"@context\":\"https:\/\/schema.org\",\"@graph\":[{\"@type\":\"WebPage\",\"@id\":\"https:\/\/www.manaus.am.gov.br\/manauscult\/programacao-diadolivro\/\",\"url\":\"https:\/\/www.manaus.am.gov.br\/manauscult\/programacao-diadolivro\/\",\"name\":\"Prefeitura divulga programa\u00e7\u00e3o de incentivo \u00e0 literatura infantil na biblioteca municipal Jo\u00e3o Bosco Pantoja Evangelista\",\"isPartOf\":{\"@id\":\"https:\/\/www.manaus.am.gov.br\/manauscult\/#website\"},\"primaryImageOfPage\":{\"@id\":\"https:\/\/www.manaus.am.gov.br\/manauscult\/programacao-diadolivro\/#primaryimage\"},\"image\":{\"@id\":\"https:\/\/www.manaus.am.gov.br\/manauscult\/programacao-diadolivro\/#primaryimage\"},\"thumbnailUrl\":\"https:\/\/www.manaus.am.gov.br\/manauscult\/wp-content\/uploads\/sites\/11\/2024\/04\/MG_7520.jpg\",\"datePublished\":\"2024-04-16T16:13:23+00:00\",\"dateModified\":\"2024-04-16T16:13:25+00:00\",\"author\":{\"@id\":\"https:\/\/www.manaus.am.gov.br\/manauscult\/#\/schema\/person\/4e49f4e267757a06ca072ec61b2b9968\"},\"description\":\"A Prefeitura de Manaus, por meio da Funda\u00e7\u00e3o Municipal de Cultura Turismo e Eventos (Manauscult), realizar\u00e1 uma programa\u00e7\u00e3o alusiva ao Dia Nacional do Livro Infantil, 18 de abril, que acontecer\u00e1 na biblioteca municipal Jo\u00e3o Bosco Pantoja Evangelista, nos dias 18\/4 e 19\/4, das 9h \u00e0s 12h, e \u00e0 tarde, das 14h \u00e0s 16h30, nos dois dias.\",\"breadcrumb\":{\"@id\":\"https:\/\/www.manaus.am.gov.br\/manauscult\/programacao-diadolivro\/#breadcrumb\"},\"inLanguage\":\"pt-BR\",\"potentialAction\":[{\"@type\":\"ReadAction\",\"target\":[\"https:\/\/www.manaus.am.gov.br\/manauscult\/programacao-diadolivro\/\"]}]},{\"@type\":\"ImageObject\",\"inLanguage\":\"pt-BR\",\"@id\":\"https:\/\/www.manaus.am.gov.br\/manauscult\/programacao-diadolivro\/#primaryimage\",\"url\":\"https:\/\/www.manaus.am.gov.br\/manauscult\/wp-content\/uploads\/sites\/11\/2024\/04\/MG_7520.jpg\",\"contentUrl\":\"https:\/\/www.manaus.am.gov.br\/manauscult\/wp-content\/uploads\/sites\/11\/2024\/04\/MG_7520.jpg\",\"width\":5184,\"height\":3456},{\"@type\":\"BreadcrumbList\",\"@id\":\"https:\/\/www.manaus.am.gov.br\/manauscult\/programacao-diadolivro\/#breadcrumb\",\"itemListElement\":[{\"@type\":\"ListItem\",\"position\":1,\"name\":\"Home\",\"item\":\"https:\/\/www.manaus.am.gov.br\/manauscult\/\"},{\"@type\":\"ListItem\",\"position\":2,\"name\":\"Prefeitura divulga programa\u00e7\u00e3o de incentivo \u00e0\u00a0literatura infantil na biblioteca municipal Jo\u00e3o Bosco Pantoja Evangelista\"}]},{\"@type\":\"WebSite\",\"@id\":\"https:\/\/www.manaus.am.gov.br\/manauscult\/#website\",\"url\":\"https:\/\/www.manaus.am.gov.br\/manauscult\/\",\"name\":\"MANAUSCULT\",\"description\":\"Prefeitura de Manaus\",\"potentialAction\":[{\"@type\":\"SearchAction\",\"target\":{\"@type\":\"EntryPoint\",\"urlTemplate\":\"https:\/\/www.manaus.am.gov.br\/manauscult\/?s={search_term_string}\"},\"query-input\":\"required name=search_term_string\"}],\"inLanguage\":\"pt-BR\"},{\"@type\":\"Person\",\"@id\":\"https:\/\/www.manaus.am.gov.br\/manauscult\/#\/schema\/person\/4e49f4e267757a06ca072ec61b2b9968\",\"name\":\"Adriana Costa\",\"image\":{\"@type\":\"ImageObject\",\"inLanguage\":\"pt-BR\",\"@id\":\"https:\/\/www.manaus.am.gov.br\/manauscult\/#\/schema\/person\/image\/\",\"url\":\"https:\/\/secure.gravatar.com\/avatar\/576258617ef7194f718179e766d57bd4?s=96&d=mm&r=g\",\"contentUrl\":\"https:\/\/secure.gravatar.com\/avatar\/576258617ef7194f718179e766d57bd4?s=96&d=mm&r=g\",\"caption\":\"Adriana Costa\"}}]}<\/script>\n<!-- \/ Yoast SEO plugin. -->","yoast_head_json":{"title":"Prefeitura divulga programa\u00e7\u00e3o de incentivo \u00e0 literatura infantil na biblioteca municipal Jo\u00e3o Bosco Pantoja Evangelista","description":"A Prefeitura de Manaus, por meio da Funda\u00e7\u00e3o Municipal de Cultura Turismo e Eventos (Manauscult), realizar\u00e1 uma programa\u00e7\u00e3o alusiva ao Dia Nacional do Livro Infantil, 18 de abril, que acontecer\u00e1 na biblioteca municipal Jo\u00e3o Bosco Pantoja Evangelista, nos dias 18\/4 e 19\/4, das 9h \u00e0s 12h, e \u00e0 tarde, das 14h \u00e0s 16h30, nos dois dias.","robots":{"index":"noindex","follow":"follow"},"og_locale":"pt_BR","og_type":"article","og_title":"Prefeitura divulga programa\u00e7\u00e3o de incentivo \u00e0 literatura infantil na biblioteca municipal Jo\u00e3o Bosco Pantoja Evangelista","og_description":"A Prefeitura de Manaus, por meio da Funda\u00e7\u00e3o Municipal de Cultura Turismo e Eventos (Manauscult), realizar\u00e1 uma programa\u00e7\u00e3o alusiva ao Dia Nacional do Livro Infantil, 18 de abril, que acontecer\u00e1 na biblioteca municipal Jo\u00e3o Bosco Pantoja Evangelista, nos dias 18\/4 e 19\/4, das 9h \u00e0s 12h, e \u00e0 tarde, das 14h \u00e0s 16h30, nos dois dias.","og_url":"https:\/\/www.manaus.am.gov.br\/manauscult\/programacao-diadolivro\/","og_site_name":"MANAUSCULT","article_published_time":"2024-04-16T16:13:23+00:00","article_modified_time":"2024-04-16T16:13:25+00:00","og_image":[{"width":1024,"height":683,"url":"https:\/\/www.manaus.am.gov.br\/manauscult\/wp-content\/uploads\/sites\/11\/2024\/04\/MG_7520-1024x683.jpg","type":"image\/jpeg"}],"author":"Adriana Costa","twitter_card":"summary_large_image","twitter_misc":{"Written by":"Adriana Costa","Est. reading time":"2 minutos"},"schema":{"@context":"https:\/\/schema.org","@graph":[{"@type":"WebPage","@id":"https:\/\/www.manaus.am.gov.br\/manauscult\/programacao-diadolivro\/","url":"https:\/\/www.manaus.am.gov.br\/manauscult\/programacao-diadolivro\/","name":"Prefeitura divulga programa\u00e7\u00e3o de incentivo \u00e0 literatura infantil na biblioteca municipal Jo\u00e3o Bosco Pantoja Evangelista","isPartOf":{"@id":"https:\/\/www.manaus.am.gov.br\/manauscult\/#website"},"primaryImageOfPage":{"@id":"https:\/\/www.manaus.am.gov.br\/manauscult\/programacao-diadolivro\/#primaryimage"},"image":{"@id":"https:\/\/www.manaus.am.gov.br\/manauscult\/programacao-diadolivro\/#primaryimage"},"thumbnailUrl":"https:\/\/www.manaus.am.gov.br\/manauscult\/wp-content\/uploads\/sites\/11\/2024\/04\/MG_7520.jpg","datePublished":"2024-04-16T16:13:23+00:00","dateModified":"2024-04-16T16:13:25+00:00","author":{"@id":"https:\/\/www.manaus.am.gov.br\/manauscult\/#\/schema\/person\/4e49f4e267757a06ca072ec61b2b9968"},"description":"A Prefeitura de Manaus, por meio da Funda\u00e7\u00e3o Municipal de Cultura Turismo e Eventos (Manauscult), realizar\u00e1 uma programa\u00e7\u00e3o alusiva ao Dia Nacional do Livro Infantil, 18 de abril, que acontecer\u00e1 na biblioteca municipal Jo\u00e3o Bosco Pantoja Evangelista, nos dias 18\/4 e 19\/4, das 9h \u00e0s 12h, e \u00e0 tarde, das 14h \u00e0s 16h30, nos dois dias.","breadcrumb":{"@id":"https:\/\/www.manaus.am.gov.br\/manauscult\/programacao-diadolivro\/#breadcrumb"},"inLanguage":"pt-BR","potentialAction":[{"@type":"ReadAction","target":["https:\/\/www.manaus.am.gov.br\/manauscult\/programacao-diadolivro\/"]}]},{"@type":"ImageObject","inLanguage":"pt-BR","@id":"https:\/\/www.manaus.am.gov.br\/manauscult\/programacao-diadolivro\/#primaryimage","url":"https:\/\/www.manaus.am.gov.br\/manauscult\/wp-content\/uploads\/sites\/11\/2024\/04\/MG_7520.jpg","contentUrl":"https:\/\/www.manaus.am.gov.br\/manauscult\/wp-content\/uploads\/sites\/11\/2024\/04\/MG_7520.jpg","width":5184,"height":3456},{"@type":"BreadcrumbList","@id":"https:\/\/www.manaus.am.gov.br\/manauscult\/programacao-diadolivro\/#breadcrumb","itemListElement":[{"@type":"ListItem","position":1,"name":"Home","item":"https:\/\/www.manaus.am.gov.br\/manauscult\/"},{"@type":"ListItem","position":2,"name":"Prefeitura divulga programa\u00e7\u00e3o de incentivo \u00e0\u00a0literatura infantil na biblioteca municipal Jo\u00e3o Bosco Pantoja Evangelista"}]},{"@type":"WebSite","@id":"https:\/\/www.manaus.am.gov.br\/manauscult\/#website","url":"https:\/\/www.manaus.am.gov.br\/manauscult\/","name":"MANAUSCULT","description":"Prefeitura de Manaus","potentialAction":[{"@type":"SearchAction","target":{"@type":"EntryPoint","urlTemplate":"https:\/\/www.manaus.am.gov.br\/manauscult\/?s={search_term_string}"},"query-input":"required name=search_term_string"}],"inLanguage":"pt-BR"},{"@type":"Person","@id":"https:\/\/www.manaus.am.gov.br\/manauscult\/#\/schema\/person\/4e49f4e267757a06ca072ec61b2b9968","name":"Adriana Costa","image":{"@type":"ImageObject","inLanguage":"pt-BR","@id":"https:\/\/www.manaus.am.gov.br\/manauscult\/#\/schema\/person\/image\/","url":"https:\/\/secure.gravatar.com\/avatar\/576258617ef7194f718179e766d57bd4?s=96&d=mm&r=g","contentUrl":"https:\/\/secure.gravatar.com\/avatar\/576258617ef7194f718179e766d57bd4?s=96&d=mm&r=g","caption":"Adriana Costa"}}]}},"_links":{"self":[{"href":"https:\/\/www.manaus.am.gov.br\/manauscult\/wp-json\/wp\/v2\/posts\/2285"}],"collection":[{"href":"https:\/\/www.manaus.am.gov.br\/manauscult\/wp-json\/wp\/v2\/posts"}],"about":[{"href":"https:\/\/www.manaus.am.gov.br\/manauscult\/wp-json\/wp\/v2\/types\/post"}],"author":[{"embeddable":true,"href":"https:\/\/www.manaus.am.gov.br\/manauscult\/wp-json\/wp\/v2\/users\/23"}],"replies":[{"embeddable":true,"href":"https:\/\/www.manaus.am.gov.br\/manauscult\/wp-json\/wp\/v2\/comments?post=2285"}],"version-history":[{"count":0,"href":"https:\/\/www.manaus.am.gov.br\/manauscult\/wp-json\/wp\/v2\/posts\/2285\/revisions"}],"wp:featuredmedia":[{"embeddable":true,"href":"https:\/\/www.manaus.am.gov.br\/manauscult\/wp-json\/wp\/v2\/media\/2286"}],"wp:attachment":[{"href":"https:\/\/www.manaus.am.gov.br\/manauscult\/wp-json\/wp\/v2\/media?parent=2285"}],"wp:term":[{"taxonomy":"category","embeddable":true,"href":"https:\/\/www.manaus.am.gov.br\/manauscult\/wp-json\/wp\/v2\/categories?post=2285"},{"taxonomy":"post_tag","embeddable":true,"href":"https:\/\/www.manaus.am.gov.br\/manauscult\/wp-json\/wp\/v2\/tags?post=2285"}],"curies":[{"name":"wp","href":"https:\/\/api.w.org\/{rel}","templated":true}]}}