{"id":2267,"date":"2024-04-11T11:29:22","date_gmt":"2024-04-11T15:29:22","guid":{"rendered":"https:\/\/www.manaus.am.gov.br\/manauscult\/atracao-internacional-eventos\/"},"modified":"2024-04-11T11:29:24","modified_gmt":"2024-04-11T15:29:24","slug":"atracao-internacional-eventos","status":"publish","type":"post","link":"https:\/\/www.manaus.am.gov.br\/manauscult\/atracao-internacional-eventos\/","title":{"rendered":"Prefeitura de Manaus anuncia cantora gospel internacional Taya Gaukrodger na 30\u00aa edi\u00e7\u00e3o da \u2018Marcha para Jesus\u2019\u00a0"},"content":{"rendered":"\n<p>O prefeito de Manaus, David Almeida, e o presidente da Ordem dos Ministros Evang\u00e9licos do Amazonas (Omeam), pastor Mois\u00e9s Castilho, divulgaram, na tarde de quarta-feira, 10\/4, a programa\u00e7\u00e3o da 30\u00aa edi\u00e7\u00e3o da \u2018Marcha para Jesus\u2019 em Manaus, marcada para o dia 10 de agosto. Com o tema: \u201cTudo \u00e9 poss\u00edvel ao que cr\u00ea\u201d, o evento contar\u00e1 com a presen\u00e7a da cantora gospel internacional Taya Gaukrodger, descoberta pela banda australiana Hillsong United.<\/p>\n\n\n\n<p>O an\u00fancio foi feito durante coletiva de imprensa realizada no mirante L\u00facia Almeida, centro hist\u00f3rico da capital, na zona sul. Taya Gaukrodger, que anteriormente assinava Taya Smith, ficou conhecida mundialmente com a can\u00e7\u00e3o Oceans (Where Feet May Fail).&nbsp;&nbsp;<\/p>\n\n\n\n<p>\u201cN\u00f3s temos a honra de convid\u00e1-los para esse evento, que acontece sempre na primeira semana de junho. Excepcionalmente neste ano, ser\u00e1 realizado no dia 10 de agosto, para que tenhamos a possibilidade de trazer a maior atra\u00e7\u00e3o gospel mundial para a cidade de Manaus. N\u00f3s estamos falando da Taya, da banda Hillsong, que vai estar se apresentando no Brasil nesse per\u00edodo\u201d, declarou o chefe do Executivo municipal.&nbsp;&nbsp;<\/p>\n\n\n\n<p>O evento conta com o apoio da Prefeitura de Manaus desde 1994. A 30\u00aa edi\u00e7\u00e3o da Marcha tem uma proje\u00e7\u00e3o de 800 mil pessoas, contando com todas as Igrejas Evang\u00e9licas, somando cerca de 10 mil congrega\u00e7\u00f5es.<\/p>\n\n\n\n<p>\u201cA expectativa \u00e9 muito grande. Estamos trabalhando para ser um evento inesquec\u00edvel na cidade. S\u00e3o 30 anos da Marcha para Jesus e n\u00f3s estamos naquela chama de alegria, de poder ter a parceria da prefeitura, do governo do Estado, por meio da Manauscult e SEC. Estamos juntos, nessa parceria, com o objetivo maior de exaltar o nome do nosso Deus\u201d, argumentou o pastor Mois\u00e9s Castilho.&nbsp;&nbsp;<\/p>\n\n\n\n<p>Na edi\u00e7\u00e3o de 30 anos, a concentra\u00e7\u00e3o oficial ser\u00e1 a partir das 12h, na pra\u00e7a da Saudade, no centro de Manaus. A sa\u00edda oficial ocorrer\u00e1 \u00e0s 15h, em caminhada ao Centro de Conven\u00e7\u00f5es (Samb\u00f3dromo), com previs\u00e3o da chegada dos fi\u00e9is \u00e0s 18h.<\/p>\n\n\n\n<p>\u201cEu quero aproveitar para convidar nossos pastores que residem nos 61 munic\u00edpios do interior para trazerem suas caravanas alegres, para que possamos celebrar, juntos, esses 30 anos da Marcha para Jesus\u201d, acrescentou Castilho.&nbsp;&nbsp;<\/p>\n\n\n\n<p>Al\u00e9m da cantora Taya, a banda Morada tamb\u00e9m foi confirmada para o evento. David Almeida ressaltou que equipes das secretarias municipais estar\u00e3o atuando durante todo o trajeto da comemora\u00e7\u00e3o, a fim de assegurar a seguran\u00e7a dos participantes.&nbsp;<\/p>\n\n\n\n<p>\u201cEm 2012, reunimos 1 milh\u00e3o de pessoas nas ruas de Manaus. A nossa meta, neste ano, \u00e9 alcan\u00e7armos novamente esse n\u00famero. Contem com o apoio da prefeitura em rela\u00e7\u00e3o \u00e0 organiza\u00e7\u00e3o do tr\u00e2nsito, transporte, seguran\u00e7a e limpeza urbana. Tenho certeza de que ser\u00e1 uma grande celebra\u00e7\u00e3o\u201d, concluiu Almeida.<\/p>\n\n\n\n<p><strong>&#8212; &#8212; \u2013<br>Texto \u2013 <\/strong>Divulga\u00e7\u00e3o \/ Semcom<br><strong>Fotos<\/strong> \u2013 Dhyeizo Lemos e Phil Limma\/Semcom<br><strong>Dispon\u00edveis em &#8211; <\/strong><a href=\"https:\/\/flic.kr\/s\/aHBqjBkZCB\">https:\/\/flic.kr\/s\/aHBqjBkZCB<\/a><\/p>\n","protected":false},"excerpt":{"rendered":"","protected":false},"author":68,"featured_media":2268,"comment_status":"closed","ping_status":"closed","sticky":false,"template":"","format":"standard","meta":{"footnotes":""},"categories":[3],"tags":[386,67,37],"acf":[],"yoast_head":"<!-- This site is optimized with the Yoast SEO plugin v23.0 - https:\/\/yoast.com\/wordpress\/plugins\/seo\/ -->\n<title>Prefeitura anuncia cantora gospel internacional Taya Gaukrodger<\/title>\n<meta name=\"description\" content=\"O prefeito de Manaus, David Almeida, e o presidente da Ordem dos Ministros Evang\u00e9licos do Amazonas (Omeam), pastor Mois\u00e9s Castilho, divulgaram, a programa\u00e7\u00e3o da 30\u00aa edi\u00e7\u00e3o da \u2018Marcha para Jesus\u2019 em Manaus,\" \/>\n<meta name=\"robots\" content=\"noindex, follow\" \/>\n<meta property=\"og:locale\" content=\"pt_BR\" \/>\n<meta property=\"og:type\" content=\"article\" \/>\n<meta property=\"og:title\" content=\"Prefeitura anuncia cantora gospel internacional Taya Gaukrodger\" \/>\n<meta property=\"og:description\" content=\"O prefeito de Manaus, David Almeida, e o presidente da Ordem dos Ministros Evang\u00e9licos do Amazonas (Omeam), pastor Mois\u00e9s Castilho, divulgaram, a programa\u00e7\u00e3o da 30\u00aa edi\u00e7\u00e3o da \u2018Marcha para Jesus\u2019 em Manaus,\" \/>\n<meta property=\"og:url\" content=\"https:\/\/www.manaus.am.gov.br\/manauscult\/atracao-internacional-eventos\/\" \/>\n<meta property=\"og:site_name\" content=\"MANAUSCULT\" \/>\n<meta property=\"article:published_time\" content=\"2024-04-11T15:29:22+00:00\" \/>\n<meta property=\"article:modified_time\" content=\"2024-04-11T15:29:24+00:00\" \/>\n<meta property=\"og:image\" content=\"https:\/\/www.manaus.am.gov.br\/manauscult\/wp-content\/uploads\/sites\/11\/2024\/04\/EVENTO-3.jpg\" \/>\n\t<meta property=\"og:image:width\" content=\"799\" \/>\n\t<meta property=\"og:image:height\" content=\"533\" \/>\n\t<meta property=\"og:image:type\" content=\"image\/jpeg\" \/>\n<meta name=\"author\" content=\"bvalente\" \/>\n<meta name=\"twitter:card\" content=\"summary_large_image\" \/>\n<meta name=\"twitter:label1\" content=\"Written by\" \/>\n\t<meta name=\"twitter:data1\" content=\"bvalente\" \/>\n\t<meta name=\"twitter:label2\" content=\"Est. reading time\" \/>\n\t<meta name=\"twitter:data2\" content=\"3 minutos\" \/>\n<script type=\"application\/ld+json\" class=\"yoast-schema-graph\">{\"@context\":\"https:\/\/schema.org\",\"@graph\":[{\"@type\":\"WebPage\",\"@id\":\"https:\/\/www.manaus.am.gov.br\/manauscult\/atracao-internacional-eventos\/\",\"url\":\"https:\/\/www.manaus.am.gov.br\/manauscult\/atracao-internacional-eventos\/\",\"name\":\"Prefeitura anuncia cantora gospel internacional Taya Gaukrodger\",\"isPartOf\":{\"@id\":\"https:\/\/www.manaus.am.gov.br\/manauscult\/#website\"},\"primaryImageOfPage\":{\"@id\":\"https:\/\/www.manaus.am.gov.br\/manauscult\/atracao-internacional-eventos\/#primaryimage\"},\"image\":{\"@id\":\"https:\/\/www.manaus.am.gov.br\/manauscult\/atracao-internacional-eventos\/#primaryimage\"},\"thumbnailUrl\":\"https:\/\/www.manaus.am.gov.br\/manauscult\/wp-content\/uploads\/sites\/11\/2024\/04\/EVENTO-3.jpg\",\"datePublished\":\"2024-04-11T15:29:22+00:00\",\"dateModified\":\"2024-04-11T15:29:24+00:00\",\"author\":{\"@id\":\"https:\/\/www.manaus.am.gov.br\/manauscult\/#\/schema\/person\/466a0e03ae4b6062809046bd560ac955\"},\"description\":\"O prefeito de Manaus, David Almeida, e o presidente da Ordem dos Ministros Evang\u00e9licos do Amazonas (Omeam), pastor Mois\u00e9s Castilho, divulgaram, a programa\u00e7\u00e3o da 30\u00aa edi\u00e7\u00e3o da \u2018Marcha para Jesus\u2019 em Manaus,\",\"breadcrumb\":{\"@id\":\"https:\/\/www.manaus.am.gov.br\/manauscult\/atracao-internacional-eventos\/#breadcrumb\"},\"inLanguage\":\"pt-BR\",\"potentialAction\":[{\"@type\":\"ReadAction\",\"target\":[\"https:\/\/www.manaus.am.gov.br\/manauscult\/atracao-internacional-eventos\/\"]}]},{\"@type\":\"ImageObject\",\"inLanguage\":\"pt-BR\",\"@id\":\"https:\/\/www.manaus.am.gov.br\/manauscult\/atracao-internacional-eventos\/#primaryimage\",\"url\":\"https:\/\/www.manaus.am.gov.br\/manauscult\/wp-content\/uploads\/sites\/11\/2024\/04\/EVENTO-3.jpg\",\"contentUrl\":\"https:\/\/www.manaus.am.gov.br\/manauscult\/wp-content\/uploads\/sites\/11\/2024\/04\/EVENTO-3.jpg\",\"width\":799,\"height\":533},{\"@type\":\"BreadcrumbList\",\"@id\":\"https:\/\/www.manaus.am.gov.br\/manauscult\/atracao-internacional-eventos\/#breadcrumb\",\"itemListElement\":[{\"@type\":\"ListItem\",\"position\":1,\"name\":\"Home\",\"item\":\"https:\/\/www.manaus.am.gov.br\/manauscult\/\"},{\"@type\":\"ListItem\",\"position\":2,\"name\":\"Prefeitura de Manaus anuncia cantora gospel internacional Taya Gaukrodger na 30\u00aa edi\u00e7\u00e3o da \u2018Marcha para Jesus\u2019\u00a0\"}]},{\"@type\":\"WebSite\",\"@id\":\"https:\/\/www.manaus.am.gov.br\/manauscult\/#website\",\"url\":\"https:\/\/www.manaus.am.gov.br\/manauscult\/\",\"name\":\"MANAUSCULT\",\"description\":\"Prefeitura de Manaus\",\"potentialAction\":[{\"@type\":\"SearchAction\",\"target\":{\"@type\":\"EntryPoint\",\"urlTemplate\":\"https:\/\/www.manaus.am.gov.br\/manauscult\/?s={search_term_string}\"},\"query-input\":\"required name=search_term_string\"}],\"inLanguage\":\"pt-BR\"},{\"@type\":\"Person\",\"@id\":\"https:\/\/www.manaus.am.gov.br\/manauscult\/#\/schema\/person\/466a0e03ae4b6062809046bd560ac955\",\"name\":\"bvalente\",\"image\":{\"@type\":\"ImageObject\",\"inLanguage\":\"pt-BR\",\"@id\":\"https:\/\/www.manaus.am.gov.br\/manauscult\/#\/schema\/person\/image\/\",\"url\":\"https:\/\/secure.gravatar.com\/avatar\/3e69bc2b014bdad41adfec3a39de07d2?s=96&d=mm&r=g\",\"contentUrl\":\"https:\/\/secure.gravatar.com\/avatar\/3e69bc2b014bdad41adfec3a39de07d2?s=96&d=mm&r=g\",\"caption\":\"bvalente\"}}]}<\/script>\n<!-- \/ Yoast SEO plugin. -->","yoast_head_json":{"title":"Prefeitura anuncia cantora gospel internacional Taya Gaukrodger","description":"O prefeito de Manaus, David Almeida, e o presidente da Ordem dos Ministros Evang\u00e9licos do Amazonas (Omeam), pastor Mois\u00e9s Castilho, divulgaram, a programa\u00e7\u00e3o da 30\u00aa edi\u00e7\u00e3o da \u2018Marcha para Jesus\u2019 em Manaus,","robots":{"index":"noindex","follow":"follow"},"og_locale":"pt_BR","og_type":"article","og_title":"Prefeitura anuncia cantora gospel internacional Taya Gaukrodger","og_description":"O prefeito de Manaus, David Almeida, e o presidente da Ordem dos Ministros Evang\u00e9licos do Amazonas (Omeam), pastor Mois\u00e9s Castilho, divulgaram, a programa\u00e7\u00e3o da 30\u00aa edi\u00e7\u00e3o da \u2018Marcha para Jesus\u2019 em Manaus,","og_url":"https:\/\/www.manaus.am.gov.br\/manauscult\/atracao-internacional-eventos\/","og_site_name":"MANAUSCULT","article_published_time":"2024-04-11T15:29:22+00:00","article_modified_time":"2024-04-11T15:29:24+00:00","og_image":[{"width":799,"height":533,"url":"https:\/\/www.manaus.am.gov.br\/manauscult\/wp-content\/uploads\/sites\/11\/2024\/04\/EVENTO-3.jpg","type":"image\/jpeg"}],"author":"bvalente","twitter_card":"summary_large_image","twitter_misc":{"Written by":"bvalente","Est. reading time":"3 minutos"},"schema":{"@context":"https:\/\/schema.org","@graph":[{"@type":"WebPage","@id":"https:\/\/www.manaus.am.gov.br\/manauscult\/atracao-internacional-eventos\/","url":"https:\/\/www.manaus.am.gov.br\/manauscult\/atracao-internacional-eventos\/","name":"Prefeitura anuncia cantora gospel internacional Taya Gaukrodger","isPartOf":{"@id":"https:\/\/www.manaus.am.gov.br\/manauscult\/#website"},"primaryImageOfPage":{"@id":"https:\/\/www.manaus.am.gov.br\/manauscult\/atracao-internacional-eventos\/#primaryimage"},"image":{"@id":"https:\/\/www.manaus.am.gov.br\/manauscult\/atracao-internacional-eventos\/#primaryimage"},"thumbnailUrl":"https:\/\/www.manaus.am.gov.br\/manauscult\/wp-content\/uploads\/sites\/11\/2024\/04\/EVENTO-3.jpg","datePublished":"2024-04-11T15:29:22+00:00","dateModified":"2024-04-11T15:29:24+00:00","author":{"@id":"https:\/\/www.manaus.am.gov.br\/manauscult\/#\/schema\/person\/466a0e03ae4b6062809046bd560ac955"},"description":"O prefeito de Manaus, David Almeida, e o presidente da Ordem dos Ministros Evang\u00e9licos do Amazonas (Omeam), pastor Mois\u00e9s Castilho, divulgaram, a programa\u00e7\u00e3o da 30\u00aa edi\u00e7\u00e3o da \u2018Marcha para Jesus\u2019 em Manaus,","breadcrumb":{"@id":"https:\/\/www.manaus.am.gov.br\/manauscult\/atracao-internacional-eventos\/#breadcrumb"},"inLanguage":"pt-BR","potentialAction":[{"@type":"ReadAction","target":["https:\/\/www.manaus.am.gov.br\/manauscult\/atracao-internacional-eventos\/"]}]},{"@type":"ImageObject","inLanguage":"pt-BR","@id":"https:\/\/www.manaus.am.gov.br\/manauscult\/atracao-internacional-eventos\/#primaryimage","url":"https:\/\/www.manaus.am.gov.br\/manauscult\/wp-content\/uploads\/sites\/11\/2024\/04\/EVENTO-3.jpg","contentUrl":"https:\/\/www.manaus.am.gov.br\/manauscult\/wp-content\/uploads\/sites\/11\/2024\/04\/EVENTO-3.jpg","width":799,"height":533},{"@type":"BreadcrumbList","@id":"https:\/\/www.manaus.am.gov.br\/manauscult\/atracao-internacional-eventos\/#breadcrumb","itemListElement":[{"@type":"ListItem","position":1,"name":"Home","item":"https:\/\/www.manaus.am.gov.br\/manauscult\/"},{"@type":"ListItem","position":2,"name":"Prefeitura de Manaus anuncia cantora gospel internacional Taya Gaukrodger na 30\u00aa edi\u00e7\u00e3o da \u2018Marcha para Jesus\u2019\u00a0"}]},{"@type":"WebSite","@id":"https:\/\/www.manaus.am.gov.br\/manauscult\/#website","url":"https:\/\/www.manaus.am.gov.br\/manauscult\/","name":"MANAUSCULT","description":"Prefeitura de Manaus","potentialAction":[{"@type":"SearchAction","target":{"@type":"EntryPoint","urlTemplate":"https:\/\/www.manaus.am.gov.br\/manauscult\/?s={search_term_string}"},"query-input":"required name=search_term_string"}],"inLanguage":"pt-BR"},{"@type":"Person","@id":"https:\/\/www.manaus.am.gov.br\/manauscult\/#\/schema\/person\/466a0e03ae4b6062809046bd560ac955","name":"bvalente","image":{"@type":"ImageObject","inLanguage":"pt-BR","@id":"https:\/\/www.manaus.am.gov.br\/manauscult\/#\/schema\/person\/image\/","url":"https:\/\/secure.gravatar.com\/avatar\/3e69bc2b014bdad41adfec3a39de07d2?s=96&d=mm&r=g","contentUrl":"https:\/\/secure.gravatar.com\/avatar\/3e69bc2b014bdad41adfec3a39de07d2?s=96&d=mm&r=g","caption":"bvalente"}}]}},"_links":{"self":[{"href":"https:\/\/www.manaus.am.gov.br\/manauscult\/wp-json\/wp\/v2\/posts\/2267"}],"collection":[{"href":"https:\/\/www.manaus.am.gov.br\/manauscult\/wp-json\/wp\/v2\/posts"}],"about":[{"href":"https:\/\/www.manaus.am.gov.br\/manauscult\/wp-json\/wp\/v2\/types\/post"}],"author":[{"embeddable":true,"href":"https:\/\/www.manaus.am.gov.br\/manauscult\/wp-json\/wp\/v2\/users\/68"}],"replies":[{"embeddable":true,"href":"https:\/\/www.manaus.am.gov.br\/manauscult\/wp-json\/wp\/v2\/comments?post=2267"}],"version-history":[{"count":0,"href":"https:\/\/www.manaus.am.gov.br\/manauscult\/wp-json\/wp\/v2\/posts\/2267\/revisions"}],"wp:featuredmedia":[{"embeddable":true,"href":"https:\/\/www.manaus.am.gov.br\/manauscult\/wp-json\/wp\/v2\/media\/2268"}],"wp:attachment":[{"href":"https:\/\/www.manaus.am.gov.br\/manauscult\/wp-json\/wp\/v2\/media?parent=2267"}],"wp:term":[{"taxonomy":"category","embeddable":true,"href":"https:\/\/www.manaus.am.gov.br\/manauscult\/wp-json\/wp\/v2\/categories?post=2267"},{"taxonomy":"post_tag","embeddable":true,"href":"https:\/\/www.manaus.am.gov.br\/manauscult\/wp-json\/wp\/v2\/tags?post=2267"}],"curies":[{"name":"wp","href":"https:\/\/api.w.org\/{rel}","templated":true}]}}