{"id":2255,"date":"2024-04-05T17:15:28","date_gmt":"2024-04-05T21:15:28","guid":{"rendered":"https:\/\/www.manaus.am.gov.br\/manauscult\/lancamento-oficial-sou-manaus\/"},"modified":"2024-04-05T17:15:28","modified_gmt":"2024-04-05T21:15:28","slug":"lancamento-oficial-sou-manaus","status":"publish","type":"post","link":"https:\/\/www.manaus.am.gov.br\/manauscult\/lancamento-oficial-sou-manaus\/","title":{"rendered":"Prefeito anuncia primeira atra\u00e7\u00e3o nacional e lan\u00e7amento oficial do \u201c#Sou Manaus 2024\u201d para os pr\u00f3ximos dias"},"content":{"rendered":"\n<p>O prefeito de Manaus, David Almeida, surpreendeu o p\u00fablico durante a inaugura\u00e7\u00e3o do mirante L\u00facia Almeida, na noite da quinta-feira, 4\/4, ao anunciar a banda Tit\u00e3s como a primeira atra\u00e7\u00e3o nacional do \u201c#Sou Manaus 2024\u201d, o maior festival de artes integradas do Norte do Brasil e o lan\u00e7amento oficial do evento, previsto para os pr\u00f3ximos dias.<\/p>\n\n\n<div class=\"wp-block-image\">\n<figure class=\"aligncenter size-full is-resized\"><img loading=\"lazy\" decoding=\"async\" width=\"800\" height=\"500\" src=\"https:\/\/www.manaus.am.gov.br\/manauscult\/wp-content\/uploads\/sites\/11\/2024\/04\/Sou-Manaus-2024-1.png\" alt=\"\" class=\"wp-image-2257\" style=\"width:462px;height:auto\" srcset=\"https:\/\/www.manaus.am.gov.br\/manauscult\/wp-content\/uploads\/sites\/11\/2024\/04\/Sou-Manaus-2024-1.png 800w, https:\/\/www.manaus.am.gov.br\/manauscult\/wp-content\/uploads\/sites\/11\/2024\/04\/Sou-Manaus-2024-1-300x188.png 300w, https:\/\/www.manaus.am.gov.br\/manauscult\/wp-content\/uploads\/sites\/11\/2024\/04\/Sou-Manaus-2024-1-768x480.png 768w\" sizes=\"(max-width: 800px) 100vw, 800px\" \/><\/figure><\/div>\n\n\n<p>O \u201c#Sou Manaus\u201d \u00e9 o festival que re\u00fane todos os segmentos culturais, art\u00edsticos, em tr\u00eas dias de programa\u00e7\u00e3o que atende aos mais diversos p\u00fablicos, inclusive o gospel, que integra a programa\u00e7\u00e3o desde a edi\u00e7\u00e3o 2022.<\/p>\n\n\n\n<p>O diretor-presidente da Funda\u00e7\u00e3o Municipal de Cultura, Turismo e Eventos (Manauscult), Reginei Rodrigues, garante que a edi\u00e7\u00e3o de 2024 trar\u00e1 muitas inova\u00e7\u00f5es e promessa de manter o n\u00edvel alcan\u00e7ado nos anos anteriores.<\/p>\n\n\n\n<p>\u201cO \u2018#Sou Manaus 2024\u2019 vai contar com nove espa\u00e7os e muitas outras interven\u00e7\u00f5es art\u00edsticas espalhadas pelo centro hist\u00f3rico de Manaus. Nosso compromisso \u00e9 movimentar o Centro, superar o quantitativo de postos de trabalho gerados nas edi\u00e7\u00f5es passadas, impulsionar a parte gastron\u00f4mica, fomentar a cultura e os fazedores de cultura local e promover atra\u00e7\u00f5es que coloquem o festival na rota dos principais eventos do pa\u00eds\u201d, afirma Rodrigues.<\/p>\n\n\n<div class=\"wp-block-image\">\n<figure class=\"aligncenter size-full is-resized\"><img loading=\"lazy\" decoding=\"async\" width=\"820\" height=\"546\" src=\"https:\/\/www.manaus.am.gov.br\/manauscult\/wp-content\/uploads\/sites\/11\/2024\/04\/Sou-Manaus-2024-2.jpg\" alt=\"\" class=\"wp-image-2256\" style=\"width:492px;height:auto\" srcset=\"https:\/\/www.manaus.am.gov.br\/manauscult\/wp-content\/uploads\/sites\/11\/2024\/04\/Sou-Manaus-2024-2.jpg 820w, https:\/\/www.manaus.am.gov.br\/manauscult\/wp-content\/uploads\/sites\/11\/2024\/04\/Sou-Manaus-2024-2-300x200.jpg 300w, https:\/\/www.manaus.am.gov.br\/manauscult\/wp-content\/uploads\/sites\/11\/2024\/04\/Sou-Manaus-2024-2-768x511.jpg 768w\" sizes=\"(max-width: 820px) 100vw, 820px\" \/><\/figure><\/div>\n\n\n<p><strong>Turismo<\/strong><\/p>\n\n\n\n<p>A vice-presidente da Manauscult, Oreni Braga, trata o evento como uma \u201cferramenta\u201d para impulsionar e promover Manaus e fomentar diretamente o fluxo tur\u00edstico na capital da Amaz\u00f4nia, explicando que o \u201c#Sou Manaus\u201d possibilita visibilidade internacional e inje\u00e7\u00e3o no turismo.<\/p>\n\n\n\n<p>\u201cO \u2018#Sou Manaus\u2019 \u00e9 um evento que est\u00e1 ganhando repercuss\u00e3o regional, nacional e internacional, sobretudo com o trabalho de divulga\u00e7\u00e3o que a Prefeitura de Manaus, por interm\u00e9dio da Manauscult, vem realizando nas feiras nacionais e nas m\u00eddias internacionais. Para o turismo, isso representa aumento de fluxo, inser\u00e7\u00e3o da capital da Amaz\u00f4nia nos roteiros de grandes eventos, e o mais importante: o impacto econ\u00f4mico e social, vez que envolve um n\u00famero expressivo de trabalhadores, cerca de 10 mil pessoas que s\u00e3o beneficiadas diretamente fazendo circular o dinheiro em todas as camadas sociais\u201d, destaca Braga.<\/p>\n\n\n\n<p><strong>O evento<\/strong><\/p>\n\n\n\n<p>O \u201c#Sou Manaus\u201d \u00e9 realizado anualmente. Em 2024, acontecer\u00e1 nos dias 5, 6 e 7 de setembro, no centro hist\u00f3rico de Manaus, contando com feira de gastronomia, artes integradas, exposi\u00e7\u00f5es, artesanato, atra\u00e7\u00f5es locais, nacionais e internacionais, em uma a\u00e7\u00e3o realizada pela Manauscult, em parceria com as demais secretarias e funda\u00e7\u00f5es municipais.<\/p>\n\n\n\n<p>&#8212; &#8212; &#8212;<\/p>\n\n\n\n<p><strong>Texto<\/strong> &#8211; Divulga\u00e7\u00e3o \/ Manauscult<\/p>\n\n\n\n<p><strong>Fotos<\/strong> &#8211; Divulga\u00e7\u00e3o \/ Semcom<\/p>\n","protected":false},"excerpt":{"rendered":"","protected":false},"author":61,"featured_media":2258,"comment_status":"closed","ping_status":"closed","sticky":false,"template":"","format":"standard","meta":{"footnotes":""},"categories":[508],"tags":[1014,1015,16,11,1016],"acf":[],"yoast_head":"<!-- This site is optimized with the Yoast SEO plugin v23.0 - https:\/\/yoast.com\/wordpress\/plugins\/seo\/ -->\n<title>Prefeito anuncia primeira atra\u00e7\u00e3o nacional e lan\u00e7amento oficial do \u201c#Sou Manaus 2024\u201d<\/title>\n<meta name=\"description\" content=\"O prefeito de Manaus, David Almeida, anunciou a banda Tit\u00e3s como a primeira atra\u00e7\u00e3o nacional do \u201c#Sou Manaus 2024\u201d.\" \/>\n<meta name=\"robots\" content=\"noindex, follow\" \/>\n<meta property=\"og:locale\" content=\"pt_BR\" \/>\n<meta property=\"og:type\" content=\"article\" \/>\n<meta property=\"og:title\" content=\"Prefeito anuncia primeira atra\u00e7\u00e3o nacional e lan\u00e7amento oficial do \u201c#Sou Manaus 2024\u201d\" \/>\n<meta property=\"og:description\" content=\"O prefeito de Manaus, David Almeida, anunciou a banda Tit\u00e3s como a primeira atra\u00e7\u00e3o nacional do \u201c#Sou Manaus 2024\u201d.\" \/>\n<meta property=\"og:url\" content=\"https:\/\/www.manaus.am.gov.br\/manauscult\/lancamento-oficial-sou-manaus\/\" \/>\n<meta property=\"og:site_name\" content=\"MANAUSCULT\" \/>\n<meta property=\"article:published_time\" content=\"2024-04-05T21:15:28+00:00\" \/>\n<meta property=\"og:image\" content=\"https:\/\/www.manaus.am.gov.br\/manauscult\/wp-content\/uploads\/sites\/11\/2024\/04\/Sou-Manaus-2024-4-1024x683.jpg\" \/>\n\t<meta property=\"og:image:width\" content=\"1024\" \/>\n\t<meta property=\"og:image:height\" content=\"683\" \/>\n\t<meta property=\"og:image:type\" content=\"image\/jpeg\" \/>\n<meta name=\"author\" content=\"smonteiro\" \/>\n<meta name=\"twitter:card\" content=\"summary_large_image\" \/>\n<meta name=\"twitter:label1\" content=\"Written by\" \/>\n\t<meta name=\"twitter:data1\" content=\"smonteiro\" \/>\n\t<meta name=\"twitter:label2\" content=\"Est. reading time\" \/>\n\t<meta name=\"twitter:data2\" content=\"3 minutos\" \/>\n<script type=\"application\/ld+json\" class=\"yoast-schema-graph\">{\"@context\":\"https:\/\/schema.org\",\"@graph\":[{\"@type\":\"WebPage\",\"@id\":\"https:\/\/www.manaus.am.gov.br\/manauscult\/lancamento-oficial-sou-manaus\/\",\"url\":\"https:\/\/www.manaus.am.gov.br\/manauscult\/lancamento-oficial-sou-manaus\/\",\"name\":\"Prefeito anuncia primeira atra\u00e7\u00e3o nacional e lan\u00e7amento oficial do \u201c#Sou Manaus 2024\u201d\",\"isPartOf\":{\"@id\":\"https:\/\/www.manaus.am.gov.br\/manauscult\/#website\"},\"primaryImageOfPage\":{\"@id\":\"https:\/\/www.manaus.am.gov.br\/manauscult\/lancamento-oficial-sou-manaus\/#primaryimage\"},\"image\":{\"@id\":\"https:\/\/www.manaus.am.gov.br\/manauscult\/lancamento-oficial-sou-manaus\/#primaryimage\"},\"thumbnailUrl\":\"https:\/\/www.manaus.am.gov.br\/manauscult\/wp-content\/uploads\/sites\/11\/2024\/04\/Sou-Manaus-2024-4.jpg\",\"datePublished\":\"2024-04-05T21:15:28+00:00\",\"dateModified\":\"2024-04-05T21:15:28+00:00\",\"author\":{\"@id\":\"https:\/\/www.manaus.am.gov.br\/manauscult\/#\/schema\/person\/ab4dcf766a54dff74e8d267f5c591961\"},\"description\":\"O prefeito de Manaus, David Almeida, anunciou a banda Tit\u00e3s como a primeira atra\u00e7\u00e3o nacional do \u201c#Sou Manaus 2024\u201d.\",\"breadcrumb\":{\"@id\":\"https:\/\/www.manaus.am.gov.br\/manauscult\/lancamento-oficial-sou-manaus\/#breadcrumb\"},\"inLanguage\":\"pt-BR\",\"potentialAction\":[{\"@type\":\"ReadAction\",\"target\":[\"https:\/\/www.manaus.am.gov.br\/manauscult\/lancamento-oficial-sou-manaus\/\"]}]},{\"@type\":\"ImageObject\",\"inLanguage\":\"pt-BR\",\"@id\":\"https:\/\/www.manaus.am.gov.br\/manauscult\/lancamento-oficial-sou-manaus\/#primaryimage\",\"url\":\"https:\/\/www.manaus.am.gov.br\/manauscult\/wp-content\/uploads\/sites\/11\/2024\/04\/Sou-Manaus-2024-4.jpg\",\"contentUrl\":\"https:\/\/www.manaus.am.gov.br\/manauscult\/wp-content\/uploads\/sites\/11\/2024\/04\/Sou-Manaus-2024-4.jpg\",\"width\":3000,\"height\":2000,\"caption\":\"#paratodosverem - imagem geral do palco principal do #Sou Manaus 2023\"},{\"@type\":\"BreadcrumbList\",\"@id\":\"https:\/\/www.manaus.am.gov.br\/manauscult\/lancamento-oficial-sou-manaus\/#breadcrumb\",\"itemListElement\":[{\"@type\":\"ListItem\",\"position\":1,\"name\":\"Home\",\"item\":\"https:\/\/www.manaus.am.gov.br\/manauscult\/\"},{\"@type\":\"ListItem\",\"position\":2,\"name\":\"Prefeito anuncia primeira atra\u00e7\u00e3o nacional e lan\u00e7amento oficial do \u201c#Sou Manaus 2024\u201d para os pr\u00f3ximos dias\"}]},{\"@type\":\"WebSite\",\"@id\":\"https:\/\/www.manaus.am.gov.br\/manauscult\/#website\",\"url\":\"https:\/\/www.manaus.am.gov.br\/manauscult\/\",\"name\":\"MANAUSCULT\",\"description\":\"Prefeitura de Manaus\",\"potentialAction\":[{\"@type\":\"SearchAction\",\"target\":{\"@type\":\"EntryPoint\",\"urlTemplate\":\"https:\/\/www.manaus.am.gov.br\/manauscult\/?s={search_term_string}\"},\"query-input\":\"required name=search_term_string\"}],\"inLanguage\":\"pt-BR\"},{\"@type\":\"Person\",\"@id\":\"https:\/\/www.manaus.am.gov.br\/manauscult\/#\/schema\/person\/ab4dcf766a54dff74e8d267f5c591961\",\"name\":\"smonteiro\",\"image\":{\"@type\":\"ImageObject\",\"inLanguage\":\"pt-BR\",\"@id\":\"https:\/\/www.manaus.am.gov.br\/manauscult\/#\/schema\/person\/image\/\",\"url\":\"https:\/\/secure.gravatar.com\/avatar\/21c8776ef61d9272c73322052e042d77?s=96&d=mm&r=g\",\"contentUrl\":\"https:\/\/secure.gravatar.com\/avatar\/21c8776ef61d9272c73322052e042d77?s=96&d=mm&r=g\",\"caption\":\"smonteiro\"}}]}<\/script>\n<!-- \/ Yoast SEO plugin. -->","yoast_head_json":{"title":"Prefeito anuncia primeira atra\u00e7\u00e3o nacional e lan\u00e7amento oficial do \u201c#Sou Manaus 2024\u201d","description":"O prefeito de Manaus, David Almeida, anunciou a banda Tit\u00e3s como a primeira atra\u00e7\u00e3o nacional do \u201c#Sou Manaus 2024\u201d.","robots":{"index":"noindex","follow":"follow"},"og_locale":"pt_BR","og_type":"article","og_title":"Prefeito anuncia primeira atra\u00e7\u00e3o nacional e lan\u00e7amento oficial do \u201c#Sou Manaus 2024\u201d","og_description":"O prefeito de Manaus, David Almeida, anunciou a banda Tit\u00e3s como a primeira atra\u00e7\u00e3o nacional do \u201c#Sou Manaus 2024\u201d.","og_url":"https:\/\/www.manaus.am.gov.br\/manauscult\/lancamento-oficial-sou-manaus\/","og_site_name":"MANAUSCULT","article_published_time":"2024-04-05T21:15:28+00:00","og_image":[{"width":1024,"height":683,"url":"https:\/\/www.manaus.am.gov.br\/manauscult\/wp-content\/uploads\/sites\/11\/2024\/04\/Sou-Manaus-2024-4-1024x683.jpg","type":"image\/jpeg"}],"author":"smonteiro","twitter_card":"summary_large_image","twitter_misc":{"Written by":"smonteiro","Est. reading time":"3 minutos"},"schema":{"@context":"https:\/\/schema.org","@graph":[{"@type":"WebPage","@id":"https:\/\/www.manaus.am.gov.br\/manauscult\/lancamento-oficial-sou-manaus\/","url":"https:\/\/www.manaus.am.gov.br\/manauscult\/lancamento-oficial-sou-manaus\/","name":"Prefeito anuncia primeira atra\u00e7\u00e3o nacional e lan\u00e7amento oficial do \u201c#Sou Manaus 2024\u201d","isPartOf":{"@id":"https:\/\/www.manaus.am.gov.br\/manauscult\/#website"},"primaryImageOfPage":{"@id":"https:\/\/www.manaus.am.gov.br\/manauscult\/lancamento-oficial-sou-manaus\/#primaryimage"},"image":{"@id":"https:\/\/www.manaus.am.gov.br\/manauscult\/lancamento-oficial-sou-manaus\/#primaryimage"},"thumbnailUrl":"https:\/\/www.manaus.am.gov.br\/manauscult\/wp-content\/uploads\/sites\/11\/2024\/04\/Sou-Manaus-2024-4.jpg","datePublished":"2024-04-05T21:15:28+00:00","dateModified":"2024-04-05T21:15:28+00:00","author":{"@id":"https:\/\/www.manaus.am.gov.br\/manauscult\/#\/schema\/person\/ab4dcf766a54dff74e8d267f5c591961"},"description":"O prefeito de Manaus, David Almeida, anunciou a banda Tit\u00e3s como a primeira atra\u00e7\u00e3o nacional do \u201c#Sou Manaus 2024\u201d.","breadcrumb":{"@id":"https:\/\/www.manaus.am.gov.br\/manauscult\/lancamento-oficial-sou-manaus\/#breadcrumb"},"inLanguage":"pt-BR","potentialAction":[{"@type":"ReadAction","target":["https:\/\/www.manaus.am.gov.br\/manauscult\/lancamento-oficial-sou-manaus\/"]}]},{"@type":"ImageObject","inLanguage":"pt-BR","@id":"https:\/\/www.manaus.am.gov.br\/manauscult\/lancamento-oficial-sou-manaus\/#primaryimage","url":"https:\/\/www.manaus.am.gov.br\/manauscult\/wp-content\/uploads\/sites\/11\/2024\/04\/Sou-Manaus-2024-4.jpg","contentUrl":"https:\/\/www.manaus.am.gov.br\/manauscult\/wp-content\/uploads\/sites\/11\/2024\/04\/Sou-Manaus-2024-4.jpg","width":3000,"height":2000,"caption":"#paratodosverem - imagem geral do palco principal do #Sou Manaus 2023"},{"@type":"BreadcrumbList","@id":"https:\/\/www.manaus.am.gov.br\/manauscult\/lancamento-oficial-sou-manaus\/#breadcrumb","itemListElement":[{"@type":"ListItem","position":1,"name":"Home","item":"https:\/\/www.manaus.am.gov.br\/manauscult\/"},{"@type":"ListItem","position":2,"name":"Prefeito anuncia primeira atra\u00e7\u00e3o nacional e lan\u00e7amento oficial do \u201c#Sou Manaus 2024\u201d para os pr\u00f3ximos dias"}]},{"@type":"WebSite","@id":"https:\/\/www.manaus.am.gov.br\/manauscult\/#website","url":"https:\/\/www.manaus.am.gov.br\/manauscult\/","name":"MANAUSCULT","description":"Prefeitura de Manaus","potentialAction":[{"@type":"SearchAction","target":{"@type":"EntryPoint","urlTemplate":"https:\/\/www.manaus.am.gov.br\/manauscult\/?s={search_term_string}"},"query-input":"required name=search_term_string"}],"inLanguage":"pt-BR"},{"@type":"Person","@id":"https:\/\/www.manaus.am.gov.br\/manauscult\/#\/schema\/person\/ab4dcf766a54dff74e8d267f5c591961","name":"smonteiro","image":{"@type":"ImageObject","inLanguage":"pt-BR","@id":"https:\/\/www.manaus.am.gov.br\/manauscult\/#\/schema\/person\/image\/","url":"https:\/\/secure.gravatar.com\/avatar\/21c8776ef61d9272c73322052e042d77?s=96&d=mm&r=g","contentUrl":"https:\/\/secure.gravatar.com\/avatar\/21c8776ef61d9272c73322052e042d77?s=96&d=mm&r=g","caption":"smonteiro"}}]}},"_links":{"self":[{"href":"https:\/\/www.manaus.am.gov.br\/manauscult\/wp-json\/wp\/v2\/posts\/2255"}],"collection":[{"href":"https:\/\/www.manaus.am.gov.br\/manauscult\/wp-json\/wp\/v2\/posts"}],"about":[{"href":"https:\/\/www.manaus.am.gov.br\/manauscult\/wp-json\/wp\/v2\/types\/post"}],"author":[{"embeddable":true,"href":"https:\/\/www.manaus.am.gov.br\/manauscult\/wp-json\/wp\/v2\/users\/61"}],"replies":[{"embeddable":true,"href":"https:\/\/www.manaus.am.gov.br\/manauscult\/wp-json\/wp\/v2\/comments?post=2255"}],"version-history":[{"count":1,"href":"https:\/\/www.manaus.am.gov.br\/manauscult\/wp-json\/wp\/v2\/posts\/2255\/revisions"}],"predecessor-version":[{"id":2259,"href":"https:\/\/www.manaus.am.gov.br\/manauscult\/wp-json\/wp\/v2\/posts\/2255\/revisions\/2259"}],"wp:featuredmedia":[{"embeddable":true,"href":"https:\/\/www.manaus.am.gov.br\/manauscult\/wp-json\/wp\/v2\/media\/2258"}],"wp:attachment":[{"href":"https:\/\/www.manaus.am.gov.br\/manauscult\/wp-json\/wp\/v2\/media?parent=2255"}],"wp:term":[{"taxonomy":"category","embeddable":true,"href":"https:\/\/www.manaus.am.gov.br\/manauscult\/wp-json\/wp\/v2\/categories?post=2255"},{"taxonomy":"post_tag","embeddable":true,"href":"https:\/\/www.manaus.am.gov.br\/manauscult\/wp-json\/wp\/v2\/tags?post=2255"}],"curies":[{"name":"wp","href":"https:\/\/api.w.org\/{rel}","templated":true}]}}