{"id":2177,"date":"2024-03-13T18:57:39","date_gmt":"2024-03-13T22:57:39","guid":{"rendered":"https:\/\/www.manaus.am.gov.br\/manauscult\/prefeitura-de-manaus-da-posse-aos-novos-membros-do-concultura-para-o-bienio-2024-2026\/"},"modified":"2024-03-13T18:58:45","modified_gmt":"2024-03-13T22:58:45","slug":"prefeitura-posse-membros-concultura","status":"publish","type":"post","link":"https:\/\/www.manaus.am.gov.br\/manauscult\/prefeitura-posse-membros-concultura\/","title":{"rendered":"Prefeitura de Manaus d\u00e1 posse aos novos membros do Concultura para o bi\u00eanio 2024-2026"},"content":{"rendered":"\n<p>O Prefeito de Manaus, David Almeida, deu posse aos 16 novos conselheiros do Conselho Municipal de Cultura (Concultura), nesta quarta-feira, 13\/3, no Pal\u00e1cio Rio Branco, Centro Hist\u00f3rico da cidade. Os novos membros do conselho para o bi\u00eanio 2024-2026 s\u00e3o representantes da sociedade civil dos oito segmentos art\u00edsticos e oito do poder p\u00fablico.<\/p>\n\n\n\n<p>O sal\u00e3o nobre do Pal\u00e1cio Rio Branco, sede do Concultura, recebeu artistas e fazedores de cultura, al\u00e9m dos titulares da Secretaria de Estado de Cultura e Economia Criativa (Sec), Marcos Apolo, representantes de \u00f3rg\u00e3os municipais e demais convidados. O decreto de posse foi publicado no Di\u00e1rio Oficial do Munic\u00edpio (DOM), do dia 12\/3.<\/p>\n\n\n\n<p>Durante a cerim\u00f4nia, o prefeito David Almeida ressaltou a import\u00e2ncia do Conselho e reafirmou o compromisso de sua gest\u00e3o com a cultura.<\/p>\n\n\n\n<p>\u201cNo in\u00edcio do meu mandato fui muito questionado a respeito da cultura, pois pensaram que a minha religi\u00e3o atrapalharia os incentivos municipais para esta \u00e1rea. Hoje participei da cerim\u00f4nia de posse dos Conselheiros Municipais de Cultura. Estou muito honrado em conhecer pessoalmente os escolhidos para debater e fomentar pol\u00edticas p\u00fablicas que beneficiar\u00e3o a cena cultural manauara. Democratizar a cultura \u00e9 nosso compromisso\u201d, afirmou o prefeito.<\/p>\n\n\n\n<p>Ele destacou o trabalho do conselho na formula\u00e7\u00e3o do Plano Municipal de Cultura, que fechou o CPF da Cultura (Conselho, Plano e Fundo de Cultura), e de a\u00e7\u00f5es de alcance popular nas periferias e ribeirinhas com trabalhos como a busca ativa.<\/p>\n\n\n\n<p>O presidente do Concultura, Neilo Batista, relembrou os avan\u00e7os do Concultura na gest\u00e3o do prefeito David Almeida que colocou Manaus no Sistema Nacional de Cultura (SNC); entregou o plano municipal de cultura, tirando Manaus de um atraso de mais de 20 anos. \u201cEsta gest\u00e3o levou a cultura com gera\u00e7\u00e3o de saberes e renda a lugares onde antes n\u00e3o chegava\u201d, disse.<\/p>\n\n\n\n<p>Neilo anunciou que o novo conselho vai analisar a proposta de cria\u00e7\u00e3o de tr\u00eas novas cadeiras, representando os segmentos culturais de Circo, Cultura Urbana e Cultura Ind\u00edgena.<\/p>\n\n\n\n<p>O secret\u00e1rio da SEC, Marcos Apolo, analisou como um momento importante para a cultura, a proximidade e parceria entre as pol\u00edticas culturais dos entes estadual e municipais. Ele fez o convite para uma reuni\u00e3o conjunta entre o Conselho Estadual da Cultura (Conec) e o Concultura, j\u00e1 no pr\u00f3ximo m\u00eas para maior entrosamento e benef\u00edcio da sociedade e a economia criativa.<\/p>\n\n\n\n<p><strong>Conselho<\/strong><\/p>\n\n\n\n<p>A primeira reuni\u00e3o ordin\u00e1ria do Concultura aconteceu logo depois da cerim\u00f4nia de posse, onde foram apresentados os planos e pautas priorit\u00e1rias para as pr\u00f3ximas reuni\u00f5es.<\/p>\n\n\n\n<p>A Prefeitura tem o Concultura como gestor do Fundo Municipal de Cultura, e \u00e9 um \u00f3rg\u00e3o deliberativo, normativo e consultivo, no \u00e2mbito das atividades culturais e art\u00edsticas exercidas no munic\u00edpio. O Conselho \u00e9 formado pela sociedade civil, com representantes de oito segmentos art\u00edsticos eleitos por seus pares, artistas e fazedores de cultura de M\u00fasica, Audiovisual, Literatura, Dan\u00e7a, Cultura Popular, Cultura \u00c9tnica, Artes Visuais, Teatro e Circo, no \u00faltimo dia 20 de fevereiro, e oito representantes do poder p\u00fablico, nomeados pelo chefe do Executivo.<\/p>\n\n\n\n<p>Os novos conselheiros eleitos para o bi\u00eanio 2024-2026 s\u00e3o: Marcivana Sater\u00e9-Maw\u00e9 e suplente Domingos S\u00e1vio (Cultura \u00c9tnica); Bosquinho Poeta e suplente Thiago Roney (Literatura); Loren Luni\u00e9re e suplente Jackson Colares (M\u00fasica); Dominique Jaci e suplente Paulo Ricardo (Audiovisual); Maycon Jonas Cardoso&nbsp; e suplente Jos\u00e9 Neto (Cultura Popular); Avelino Astro e suplente Michell Melo (Artes Visuais); Daniely Peinado e suplente Valderes Souza (Teatro e Circo);&nbsp; e Alcides Janu\u00e1rio e suplente Francis Baiardi (Dan\u00e7a).<\/p>\n\n\n\n<p>&#8212; &#8212; &#8212;<\/p>\n\n\n\n<p><strong>Texto<\/strong> \u2013 Crist\u00f3v\u00e3o Nonato \/ Concultura<\/p>\n\n\n\n<p><strong>Fotos<\/strong> \u2013 Dhyeizo Lemos \/ Semcom<\/p>\n","protected":false},"excerpt":{"rendered":"","protected":false},"author":61,"featured_media":2178,"comment_status":"closed","ping_status":"closed","sticky":false,"template":"","format":"standard","meta":{"footnotes":""},"categories":[848],"tags":[982,850,67,102,11],"acf":[],"yoast_head":"<!-- This site is optimized with the Yoast SEO plugin v23.0 - https:\/\/yoast.com\/wordpress\/plugins\/seo\/ -->\n<title>Prefeitura de Manaus d\u00e1 posse aos novos membros do Concultura<\/title>\n<meta name=\"description\" content=\"O Prefeito de Manaus, David Almeida, deu posse aos 16 novos conselheiros do Conselho Municipal de Cultura nesta quarta-feira, 13\/3.\" \/>\n<meta name=\"robots\" content=\"noindex, follow\" \/>\n<meta property=\"og:locale\" content=\"pt_BR\" \/>\n<meta property=\"og:type\" content=\"article\" \/>\n<meta property=\"og:title\" content=\"Prefeitura de Manaus d\u00e1 posse aos novos membros do Concultura\" \/>\n<meta property=\"og:description\" content=\"O Prefeito de Manaus, David Almeida, deu posse aos 16 novos conselheiros do Conselho Municipal de Cultura nesta quarta-feira, 13\/3.\" \/>\n<meta property=\"og:url\" content=\"https:\/\/www.manaus.am.gov.br\/manauscult\/prefeitura-posse-membros-concultura\/\" \/>\n<meta property=\"og:site_name\" content=\"MANAUSCULT\" \/>\n<meta property=\"article:published_time\" content=\"2024-03-13T22:57:39+00:00\" \/>\n<meta property=\"article:modified_time\" content=\"2024-03-13T22:58:45+00:00\" \/>\n<meta property=\"og:image\" content=\"https:\/\/www.manaus.am.gov.br\/manauscult\/wp-content\/uploads\/sites\/11\/2024\/03\/Posse-Concultura-1.jpeg\" \/>\n\t<meta property=\"og:image:width\" content=\"2688\" \/>\n\t<meta property=\"og:image:height\" content=\"1792\" \/>\n\t<meta property=\"og:image:type\" content=\"image\/jpeg\" \/>\n<meta name=\"author\" content=\"smonteiro\" \/>\n<meta name=\"twitter:card\" content=\"summary_large_image\" \/>\n<meta name=\"twitter:label1\" content=\"Written by\" \/>\n\t<meta name=\"twitter:data1\" content=\"smonteiro\" \/>\n\t<meta name=\"twitter:label2\" content=\"Est. reading time\" \/>\n\t<meta name=\"twitter:data2\" content=\"4 minutos\" \/>\n<script type=\"application\/ld+json\" class=\"yoast-schema-graph\">{\"@context\":\"https:\/\/schema.org\",\"@graph\":[{\"@type\":\"WebPage\",\"@id\":\"https:\/\/www.manaus.am.gov.br\/manauscult\/prefeitura-posse-membros-concultura\/\",\"url\":\"https:\/\/www.manaus.am.gov.br\/manauscult\/prefeitura-posse-membros-concultura\/\",\"name\":\"Prefeitura de Manaus d\u00e1 posse aos novos membros do Concultura\",\"isPartOf\":{\"@id\":\"https:\/\/www.manaus.am.gov.br\/manauscult\/#website\"},\"primaryImageOfPage\":{\"@id\":\"https:\/\/www.manaus.am.gov.br\/manauscult\/prefeitura-posse-membros-concultura\/#primaryimage\"},\"image\":{\"@id\":\"https:\/\/www.manaus.am.gov.br\/manauscult\/prefeitura-posse-membros-concultura\/#primaryimage\"},\"thumbnailUrl\":\"https:\/\/www.manaus.am.gov.br\/manauscult\/wp-content\/uploads\/sites\/11\/2024\/03\/Posse-Concultura-1.jpeg\",\"datePublished\":\"2024-03-13T22:57:39+00:00\",\"dateModified\":\"2024-03-13T22:58:45+00:00\",\"author\":{\"@id\":\"https:\/\/www.manaus.am.gov.br\/manauscult\/#\/schema\/person\/ab4dcf766a54dff74e8d267f5c591961\"},\"description\":\"O Prefeito de Manaus, David Almeida, deu posse aos 16 novos conselheiros do Conselho Municipal de Cultura nesta quarta-feira, 13\/3.\",\"breadcrumb\":{\"@id\":\"https:\/\/www.manaus.am.gov.br\/manauscult\/prefeitura-posse-membros-concultura\/#breadcrumb\"},\"inLanguage\":\"pt-BR\",\"potentialAction\":[{\"@type\":\"ReadAction\",\"target\":[\"https:\/\/www.manaus.am.gov.br\/manauscult\/prefeitura-posse-membros-concultura\/\"]}]},{\"@type\":\"ImageObject\",\"inLanguage\":\"pt-BR\",\"@id\":\"https:\/\/www.manaus.am.gov.br\/manauscult\/prefeitura-posse-membros-concultura\/#primaryimage\",\"url\":\"https:\/\/www.manaus.am.gov.br\/manauscult\/wp-content\/uploads\/sites\/11\/2024\/03\/Posse-Concultura-1.jpeg\",\"contentUrl\":\"https:\/\/www.manaus.am.gov.br\/manauscult\/wp-content\/uploads\/sites\/11\/2024\/03\/Posse-Concultura-1.jpeg\",\"width\":2688,\"height\":1792,\"caption\":\"#paratodosverem - imagem geral da posse dos novos membros do Concultura\"},{\"@type\":\"BreadcrumbList\",\"@id\":\"https:\/\/www.manaus.am.gov.br\/manauscult\/prefeitura-posse-membros-concultura\/#breadcrumb\",\"itemListElement\":[{\"@type\":\"ListItem\",\"position\":1,\"name\":\"Home\",\"item\":\"https:\/\/www.manaus.am.gov.br\/manauscult\/\"},{\"@type\":\"ListItem\",\"position\":2,\"name\":\"Prefeitura de Manaus d\u00e1 posse aos novos membros do Concultura para o bi\u00eanio 2024-2026\"}]},{\"@type\":\"WebSite\",\"@id\":\"https:\/\/www.manaus.am.gov.br\/manauscult\/#website\",\"url\":\"https:\/\/www.manaus.am.gov.br\/manauscult\/\",\"name\":\"MANAUSCULT\",\"description\":\"Prefeitura de Manaus\",\"potentialAction\":[{\"@type\":\"SearchAction\",\"target\":{\"@type\":\"EntryPoint\",\"urlTemplate\":\"https:\/\/www.manaus.am.gov.br\/manauscult\/?s={search_term_string}\"},\"query-input\":\"required name=search_term_string\"}],\"inLanguage\":\"pt-BR\"},{\"@type\":\"Person\",\"@id\":\"https:\/\/www.manaus.am.gov.br\/manauscult\/#\/schema\/person\/ab4dcf766a54dff74e8d267f5c591961\",\"name\":\"smonteiro\",\"image\":{\"@type\":\"ImageObject\",\"inLanguage\":\"pt-BR\",\"@id\":\"https:\/\/www.manaus.am.gov.br\/manauscult\/#\/schema\/person\/image\/\",\"url\":\"https:\/\/secure.gravatar.com\/avatar\/21c8776ef61d9272c73322052e042d77?s=96&d=mm&r=g\",\"contentUrl\":\"https:\/\/secure.gravatar.com\/avatar\/21c8776ef61d9272c73322052e042d77?s=96&d=mm&r=g\",\"caption\":\"smonteiro\"}}]}<\/script>\n<!-- \/ Yoast SEO plugin. -->","yoast_head_json":{"title":"Prefeitura de Manaus d\u00e1 posse aos novos membros do Concultura","description":"O Prefeito de Manaus, David Almeida, deu posse aos 16 novos conselheiros do Conselho Municipal de Cultura nesta quarta-feira, 13\/3.","robots":{"index":"noindex","follow":"follow"},"og_locale":"pt_BR","og_type":"article","og_title":"Prefeitura de Manaus d\u00e1 posse aos novos membros do Concultura","og_description":"O Prefeito de Manaus, David Almeida, deu posse aos 16 novos conselheiros do Conselho Municipal de Cultura nesta quarta-feira, 13\/3.","og_url":"https:\/\/www.manaus.am.gov.br\/manauscult\/prefeitura-posse-membros-concultura\/","og_site_name":"MANAUSCULT","article_published_time":"2024-03-13T22:57:39+00:00","article_modified_time":"2024-03-13T22:58:45+00:00","og_image":[{"width":2688,"height":1792,"url":"https:\/\/www.manaus.am.gov.br\/manauscult\/wp-content\/uploads\/sites\/11\/2024\/03\/Posse-Concultura-1.jpeg","type":"image\/jpeg"}],"author":"smonteiro","twitter_card":"summary_large_image","twitter_misc":{"Written by":"smonteiro","Est. reading time":"4 minutos"},"schema":{"@context":"https:\/\/schema.org","@graph":[{"@type":"WebPage","@id":"https:\/\/www.manaus.am.gov.br\/manauscult\/prefeitura-posse-membros-concultura\/","url":"https:\/\/www.manaus.am.gov.br\/manauscult\/prefeitura-posse-membros-concultura\/","name":"Prefeitura de Manaus d\u00e1 posse aos novos membros do Concultura","isPartOf":{"@id":"https:\/\/www.manaus.am.gov.br\/manauscult\/#website"},"primaryImageOfPage":{"@id":"https:\/\/www.manaus.am.gov.br\/manauscult\/prefeitura-posse-membros-concultura\/#primaryimage"},"image":{"@id":"https:\/\/www.manaus.am.gov.br\/manauscult\/prefeitura-posse-membros-concultura\/#primaryimage"},"thumbnailUrl":"https:\/\/www.manaus.am.gov.br\/manauscult\/wp-content\/uploads\/sites\/11\/2024\/03\/Posse-Concultura-1.jpeg","datePublished":"2024-03-13T22:57:39+00:00","dateModified":"2024-03-13T22:58:45+00:00","author":{"@id":"https:\/\/www.manaus.am.gov.br\/manauscult\/#\/schema\/person\/ab4dcf766a54dff74e8d267f5c591961"},"description":"O Prefeito de Manaus, David Almeida, deu posse aos 16 novos conselheiros do Conselho Municipal de Cultura nesta quarta-feira, 13\/3.","breadcrumb":{"@id":"https:\/\/www.manaus.am.gov.br\/manauscult\/prefeitura-posse-membros-concultura\/#breadcrumb"},"inLanguage":"pt-BR","potentialAction":[{"@type":"ReadAction","target":["https:\/\/www.manaus.am.gov.br\/manauscult\/prefeitura-posse-membros-concultura\/"]}]},{"@type":"ImageObject","inLanguage":"pt-BR","@id":"https:\/\/www.manaus.am.gov.br\/manauscult\/prefeitura-posse-membros-concultura\/#primaryimage","url":"https:\/\/www.manaus.am.gov.br\/manauscult\/wp-content\/uploads\/sites\/11\/2024\/03\/Posse-Concultura-1.jpeg","contentUrl":"https:\/\/www.manaus.am.gov.br\/manauscult\/wp-content\/uploads\/sites\/11\/2024\/03\/Posse-Concultura-1.jpeg","width":2688,"height":1792,"caption":"#paratodosverem - imagem geral da posse dos novos membros do Concultura"},{"@type":"BreadcrumbList","@id":"https:\/\/www.manaus.am.gov.br\/manauscult\/prefeitura-posse-membros-concultura\/#breadcrumb","itemListElement":[{"@type":"ListItem","position":1,"name":"Home","item":"https:\/\/www.manaus.am.gov.br\/manauscult\/"},{"@type":"ListItem","position":2,"name":"Prefeitura de Manaus d\u00e1 posse aos novos membros do Concultura para o bi\u00eanio 2024-2026"}]},{"@type":"WebSite","@id":"https:\/\/www.manaus.am.gov.br\/manauscult\/#website","url":"https:\/\/www.manaus.am.gov.br\/manauscult\/","name":"MANAUSCULT","description":"Prefeitura de Manaus","potentialAction":[{"@type":"SearchAction","target":{"@type":"EntryPoint","urlTemplate":"https:\/\/www.manaus.am.gov.br\/manauscult\/?s={search_term_string}"},"query-input":"required name=search_term_string"}],"inLanguage":"pt-BR"},{"@type":"Person","@id":"https:\/\/www.manaus.am.gov.br\/manauscult\/#\/schema\/person\/ab4dcf766a54dff74e8d267f5c591961","name":"smonteiro","image":{"@type":"ImageObject","inLanguage":"pt-BR","@id":"https:\/\/www.manaus.am.gov.br\/manauscult\/#\/schema\/person\/image\/","url":"https:\/\/secure.gravatar.com\/avatar\/21c8776ef61d9272c73322052e042d77?s=96&d=mm&r=g","contentUrl":"https:\/\/secure.gravatar.com\/avatar\/21c8776ef61d9272c73322052e042d77?s=96&d=mm&r=g","caption":"smonteiro"}}]}},"_links":{"self":[{"href":"https:\/\/www.manaus.am.gov.br\/manauscult\/wp-json\/wp\/v2\/posts\/2177"}],"collection":[{"href":"https:\/\/www.manaus.am.gov.br\/manauscult\/wp-json\/wp\/v2\/posts"}],"about":[{"href":"https:\/\/www.manaus.am.gov.br\/manauscult\/wp-json\/wp\/v2\/types\/post"}],"author":[{"embeddable":true,"href":"https:\/\/www.manaus.am.gov.br\/manauscult\/wp-json\/wp\/v2\/users\/61"}],"replies":[{"embeddable":true,"href":"https:\/\/www.manaus.am.gov.br\/manauscult\/wp-json\/wp\/v2\/comments?post=2177"}],"version-history":[{"count":1,"href":"https:\/\/www.manaus.am.gov.br\/manauscult\/wp-json\/wp\/v2\/posts\/2177\/revisions"}],"predecessor-version":[{"id":2179,"href":"https:\/\/www.manaus.am.gov.br\/manauscult\/wp-json\/wp\/v2\/posts\/2177\/revisions\/2179"}],"wp:featuredmedia":[{"embeddable":true,"href":"https:\/\/www.manaus.am.gov.br\/manauscult\/wp-json\/wp\/v2\/media\/2178"}],"wp:attachment":[{"href":"https:\/\/www.manaus.am.gov.br\/manauscult\/wp-json\/wp\/v2\/media?parent=2177"}],"wp:term":[{"taxonomy":"category","embeddable":true,"href":"https:\/\/www.manaus.am.gov.br\/manauscult\/wp-json\/wp\/v2\/categories?post=2177"},{"taxonomy":"post_tag","embeddable":true,"href":"https:\/\/www.manaus.am.gov.br\/manauscult\/wp-json\/wp\/v2\/tags?post=2177"}],"curies":[{"name":"wp","href":"https:\/\/api.w.org\/{rel}","templated":true}]}}