{"id":2137,"date":"2024-02-21T09:01:56","date_gmt":"2024-02-21T13:01:56","guid":{"rendered":"https:\/\/www.manaus.am.gov.br\/manauscult\/concultura-resultado-conselheiros\/"},"modified":"2024-02-21T09:01:57","modified_gmt":"2024-02-21T13:01:57","slug":"concultura-resultado-conselheiros","status":"publish","type":"post","link":"https:\/\/www.manaus.am.gov.br\/manauscult\/concultura-resultado-conselheiros\/","title":{"rendered":"Prefeitura divulga o resultado da elei\u00e7\u00e3o dos novos conselheiros do Concultura do bi\u00eanio 2024-2026"},"content":{"rendered":"\n<p>A Prefeitura de Manaus, por meio do Conselho Municipal de Cultura e apoio da Funda\u00e7\u00e3o Municipal de Cultura, Turismo e Eventos (Manauscult), divulga a lista dos oito conselheiros eleitos representantes dos oito segmentos art\u00edsticos da sociedade civil &#8211; bi\u00eanio 2024-2026,&nbsp; ap\u00f3s a elei\u00e7\u00e3o, nesta ter\u00e7a-feira, 20\/2, no Pal\u00e1cio Rio Branco, s\/n\u00ba, pra\u00e7a Dom Pedro II, avenida 7 de Setembro, Centro.<\/p>\n\n\n\n<p>Os novos conselheiros eleitos para o bi\u00eanio&nbsp; 2024-2026 s\u00e3o: Cultura \u00c9tnica, com 46 votos, Marcivana Sater\u00e9-Maw\u00e9, e suplente Domingos S\u00e1vio, com 20 votos; em Literatura, Bosquinho Poeta, com 50 votos, e suplente Thiago Roney, com 25 votos; M\u00fasica, Loren Luniere (11 votos) e suplente Jackson Colares (5); Audiovisual, Andreas Dominique (22) e suplente Paulo Ricardo (16); em Cultura Popular, Maycon Jonas Cardoso (158) e suplente Jos\u00e9 Neto (61); Artes Visuais, Avelino Astro (17), e suplente Michell Melo (11); Teatro e Circo, Daniely Peinado (80) e suplente Valderes Souza (64);&nbsp; e segmento de Dan\u00e7a, Alcides Janu\u00e1rio (187) e suplente Francis Baiardi (55).&nbsp;<\/p>\n\n\n\n<p>A Comiss\u00e3o Eleitoral do Concultura divulgou o resultado, ap\u00f3s a apura\u00e7\u00e3o dos votos, \u00e0s 20h30, no sal\u00e3o superior do Pal\u00e1cio Rio Branco, com as presen\u00e7as dos candidatos. O prefeito David Almeida dar\u00e1 posse aos novos conselheiros no dia 1\u00ba<\/p>\n\n\n\n<p>&nbsp;de mar\u00e7o.<\/p>\n\n\n\n<p>Para o presidente do Concultura, Neilo Batista, a atua\u00e7\u00e3o dos conselheiros, na gest\u00e3o do prefeito David Almeida, passou por uma relev\u00e2ncia in\u00e9dita, que levou a elabora\u00e7\u00e3o do primeiro Plano Municipal de Cultura, gest\u00e3o do Fundo Municipal de Cultura, de forma participativa, levando cultura, emprego e renda \u00e0s periferias. &#8220;O processo sucess\u00f3rio do Conselho se d\u00e1 hoje, de forma organizada, com participa\u00e7\u00e3o ativa dos artistas e, sendo transparente, com ampla divulga\u00e7\u00e3o e a presen\u00e7a da imprensa&#8221;, afirmou.<\/p>\n\n\n\n<p>A presid\u00eancia da Comiss\u00e3o Eleitoral \u00e9 do vice-presidente Carlos Guedelha, que anunciou os vencedores do certame. Ele agradeceu a atua\u00e7\u00e3o dos mes\u00e1rios e auxiliares que realizaram a recep\u00e7\u00e3o, orienta\u00e7\u00e3o aos candidatos e eleitores, com o devido conforto e no menor tempo poss\u00edvel.&nbsp;<\/p>\n\n\n\n<p>O decano dos artistas presentes, que fez quest\u00e3o de participar do pleito, foi o dramaturgo e diretor de teatro Wagner Melo, 82 anos, com mais de 60 anos de atua\u00e7\u00e3o nos palcos amazonenses. &#8220;Eu me arrepio de falar sobre isso, eu nunca sonhei, nunca pensei que ia presenciar isso, a uni\u00e3o da classe. O mais importante foi ver os artistas de todas as \u00e1reas se respeitando. Essa elei\u00e7\u00e3o \u00e9 importante, porque mostra uma mobiliza\u00e7\u00e3o in\u00e9dita da classe\u201d, ressaltou Melo.<\/p>\n\n\n\n<p>Os n\u00fameros de inscri\u00e7\u00f5es deferidas para os oito segmentos art\u00edsticos (cultura popular, cultura \u00e9tnica, teatro e circo, literatura, artes visuais, audiovisual, dan\u00e7a e m\u00fasica) bateram recorde de inscritos, de 1.408 eleitores e 39 candidatos. O Conselho \u00e9 parit\u00e1rio, composto tamb\u00e9m por oito vagas preenchidas pelas secretarias municipais, representantes do poder p\u00fablico.&nbsp;<\/p>\n\n\n\n<p>Os candidatos por segmento: artes visuais (6), audiovisual (5) cultura \u00e9tnica (6), cultura popular (6), dan\u00e7a (3), literatura (5), m\u00fasica (4) e teatro e circo (4).<\/p>\n\n\n\n<p>\u2014 \u2014 \u2014<\/p>\n\n\n\n<p><strong>Texto<\/strong> \u2013 Crist\u00f3v\u00e3o Nonato\/Concultura<\/p>\n\n\n\n<p><strong>Fotos<\/strong> \u2013 Phil Limma\/Semcom<\/p>\n\n\n\n<p><strong>Dispon\u00edveis em<\/strong> \u2013 <a href=\"https:\/\/flic.kr\/s\/aHBqjBeNHS\">https:\/\/flic.kr\/s\/aHBqjBeNHS<\/a><\/p>\n","protected":false},"excerpt":{"rendered":"","protected":false},"author":23,"featured_media":2138,"comment_status":"closed","ping_status":"closed","sticky":false,"template":"","format":"standard","meta":{"footnotes":""},"categories":[966],"tags":[45,9,967,11,147],"acf":[],"yoast_head":"<!-- This site is optimized with the Yoast SEO plugin v23.0 - https:\/\/yoast.com\/wordpress\/plugins\/seo\/ -->\n<title>Prefeitura divulga o resultado da elei\u00e7\u00e3o dos novos conselheiros do Concultura do bi\u00eanio 2024-2026<\/title>\n<meta name=\"description\" content=\"A Prefeitura de Manaus, por meio do Conselho Municipal de Cultura e apoio da Funda\u00e7\u00e3o Municipal de Cultura, Turismo e Eventos (Manauscult), divulga a lista dos oito conselheiros eleitos representantes dos oito segmentos art\u00edsticos da sociedade civil - bi\u00eanio 2024-2026, ap\u00f3s a elei\u00e7\u00e3o, nesta ter\u00e7a-feira, 20\/2, no Pal\u00e1cio Rio Branco, s\/n\u00ba, pra\u00e7a Dom Pedro II, avenida 7 de Setembro, Centro.\" \/>\n<meta name=\"robots\" content=\"noindex, follow\" \/>\n<meta property=\"og:locale\" content=\"pt_BR\" \/>\n<meta property=\"og:type\" content=\"article\" \/>\n<meta property=\"og:title\" content=\"Prefeitura divulga o resultado da elei\u00e7\u00e3o dos novos conselheiros do Concultura do bi\u00eanio 2024-2026\" \/>\n<meta property=\"og:description\" content=\"A Prefeitura de Manaus, por meio do Conselho Municipal de Cultura e apoio da Funda\u00e7\u00e3o Municipal de Cultura, Turismo e Eventos (Manauscult), divulga a lista dos oito conselheiros eleitos representantes dos oito segmentos art\u00edsticos da sociedade civil - bi\u00eanio 2024-2026, ap\u00f3s a elei\u00e7\u00e3o, nesta ter\u00e7a-feira, 20\/2, no Pal\u00e1cio Rio Branco, s\/n\u00ba, pra\u00e7a Dom Pedro II, avenida 7 de Setembro, Centro.\" \/>\n<meta property=\"og:url\" content=\"https:\/\/www.manaus.am.gov.br\/manauscult\/concultura-resultado-conselheiros\/\" \/>\n<meta property=\"og:site_name\" content=\"MANAUSCULT\" \/>\n<meta property=\"article:published_time\" content=\"2024-02-21T13:01:56+00:00\" \/>\n<meta property=\"article:modified_time\" content=\"2024-02-21T13:01:57+00:00\" \/>\n<meta property=\"og:image\" content=\"https:\/\/www.manaus.am.gov.br\/manauscult\/wp-content\/uploads\/sites\/11\/2024\/02\/53541235381_dffba7a5f0_c.jpg\" \/>\n\t<meta property=\"og:image:width\" content=\"799\" \/>\n\t<meta property=\"og:image:height\" content=\"533\" \/>\n\t<meta property=\"og:image:type\" content=\"image\/jpeg\" \/>\n<meta name=\"author\" content=\"Adriana Costa\" \/>\n<meta name=\"twitter:card\" content=\"summary_large_image\" \/>\n<meta name=\"twitter:label1\" content=\"Written by\" \/>\n\t<meta name=\"twitter:data1\" content=\"Adriana Costa\" \/>\n\t<meta name=\"twitter:label2\" content=\"Est. reading time\" \/>\n\t<meta name=\"twitter:data2\" content=\"3 minutos\" \/>\n<script type=\"application\/ld+json\" class=\"yoast-schema-graph\">{\"@context\":\"https:\/\/schema.org\",\"@graph\":[{\"@type\":\"WebPage\",\"@id\":\"https:\/\/www.manaus.am.gov.br\/manauscult\/concultura-resultado-conselheiros\/\",\"url\":\"https:\/\/www.manaus.am.gov.br\/manauscult\/concultura-resultado-conselheiros\/\",\"name\":\"Prefeitura divulga o resultado da elei\u00e7\u00e3o dos novos conselheiros do Concultura do bi\u00eanio 2024-2026\",\"isPartOf\":{\"@id\":\"https:\/\/www.manaus.am.gov.br\/manauscult\/#website\"},\"primaryImageOfPage\":{\"@id\":\"https:\/\/www.manaus.am.gov.br\/manauscult\/concultura-resultado-conselheiros\/#primaryimage\"},\"image\":{\"@id\":\"https:\/\/www.manaus.am.gov.br\/manauscult\/concultura-resultado-conselheiros\/#primaryimage\"},\"thumbnailUrl\":\"https:\/\/www.manaus.am.gov.br\/manauscult\/wp-content\/uploads\/sites\/11\/2024\/02\/53541235381_dffba7a5f0_c.jpg\",\"datePublished\":\"2024-02-21T13:01:56+00:00\",\"dateModified\":\"2024-02-21T13:01:57+00:00\",\"author\":{\"@id\":\"https:\/\/www.manaus.am.gov.br\/manauscult\/#\/schema\/person\/4e49f4e267757a06ca072ec61b2b9968\"},\"description\":\"A Prefeitura de Manaus, por meio do Conselho Municipal de Cultura e apoio da Funda\u00e7\u00e3o Municipal de Cultura, Turismo e Eventos (Manauscult), divulga a lista dos oito conselheiros eleitos representantes dos oito segmentos art\u00edsticos da sociedade civil - bi\u00eanio 2024-2026, ap\u00f3s a elei\u00e7\u00e3o, nesta ter\u00e7a-feira, 20\/2, no Pal\u00e1cio Rio Branco, s\/n\u00ba, pra\u00e7a Dom Pedro II, avenida 7 de Setembro, Centro.\",\"breadcrumb\":{\"@id\":\"https:\/\/www.manaus.am.gov.br\/manauscult\/concultura-resultado-conselheiros\/#breadcrumb\"},\"inLanguage\":\"pt-BR\",\"potentialAction\":[{\"@type\":\"ReadAction\",\"target\":[\"https:\/\/www.manaus.am.gov.br\/manauscult\/concultura-resultado-conselheiros\/\"]}]},{\"@type\":\"ImageObject\",\"inLanguage\":\"pt-BR\",\"@id\":\"https:\/\/www.manaus.am.gov.br\/manauscult\/concultura-resultado-conselheiros\/#primaryimage\",\"url\":\"https:\/\/www.manaus.am.gov.br\/manauscult\/wp-content\/uploads\/sites\/11\/2024\/02\/53541235381_dffba7a5f0_c.jpg\",\"contentUrl\":\"https:\/\/www.manaus.am.gov.br\/manauscult\/wp-content\/uploads\/sites\/11\/2024\/02\/53541235381_dffba7a5f0_c.jpg\",\"width\":799,\"height\":533},{\"@type\":\"BreadcrumbList\",\"@id\":\"https:\/\/www.manaus.am.gov.br\/manauscult\/concultura-resultado-conselheiros\/#breadcrumb\",\"itemListElement\":[{\"@type\":\"ListItem\",\"position\":1,\"name\":\"Home\",\"item\":\"https:\/\/www.manaus.am.gov.br\/manauscult\/\"},{\"@type\":\"ListItem\",\"position\":2,\"name\":\"Prefeitura divulga o resultado da elei\u00e7\u00e3o dos novos conselheiros do Concultura do bi\u00eanio 2024-2026\"}]},{\"@type\":\"WebSite\",\"@id\":\"https:\/\/www.manaus.am.gov.br\/manauscult\/#website\",\"url\":\"https:\/\/www.manaus.am.gov.br\/manauscult\/\",\"name\":\"MANAUSCULT\",\"description\":\"Prefeitura de Manaus\",\"potentialAction\":[{\"@type\":\"SearchAction\",\"target\":{\"@type\":\"EntryPoint\",\"urlTemplate\":\"https:\/\/www.manaus.am.gov.br\/manauscult\/?s={search_term_string}\"},\"query-input\":\"required name=search_term_string\"}],\"inLanguage\":\"pt-BR\"},{\"@type\":\"Person\",\"@id\":\"https:\/\/www.manaus.am.gov.br\/manauscult\/#\/schema\/person\/4e49f4e267757a06ca072ec61b2b9968\",\"name\":\"Adriana Costa\",\"image\":{\"@type\":\"ImageObject\",\"inLanguage\":\"pt-BR\",\"@id\":\"https:\/\/www.manaus.am.gov.br\/manauscult\/#\/schema\/person\/image\/\",\"url\":\"https:\/\/secure.gravatar.com\/avatar\/576258617ef7194f718179e766d57bd4?s=96&d=mm&r=g\",\"contentUrl\":\"https:\/\/secure.gravatar.com\/avatar\/576258617ef7194f718179e766d57bd4?s=96&d=mm&r=g\",\"caption\":\"Adriana Costa\"}}]}<\/script>\n<!-- \/ Yoast SEO plugin. -->","yoast_head_json":{"title":"Prefeitura divulga o resultado da elei\u00e7\u00e3o dos novos conselheiros do Concultura do bi\u00eanio 2024-2026","description":"A Prefeitura de Manaus, por meio do Conselho Municipal de Cultura e apoio da Funda\u00e7\u00e3o Municipal de Cultura, Turismo e Eventos (Manauscult), divulga a lista dos oito conselheiros eleitos representantes dos oito segmentos art\u00edsticos da sociedade civil - bi\u00eanio 2024-2026, ap\u00f3s a elei\u00e7\u00e3o, nesta ter\u00e7a-feira, 20\/2, no Pal\u00e1cio Rio Branco, s\/n\u00ba, pra\u00e7a Dom Pedro II, avenida 7 de Setembro, Centro.","robots":{"index":"noindex","follow":"follow"},"og_locale":"pt_BR","og_type":"article","og_title":"Prefeitura divulga o resultado da elei\u00e7\u00e3o dos novos conselheiros do Concultura do bi\u00eanio 2024-2026","og_description":"A Prefeitura de Manaus, por meio do Conselho Municipal de Cultura e apoio da Funda\u00e7\u00e3o Municipal de Cultura, Turismo e Eventos (Manauscult), divulga a lista dos oito conselheiros eleitos representantes dos oito segmentos art\u00edsticos da sociedade civil - bi\u00eanio 2024-2026, ap\u00f3s a elei\u00e7\u00e3o, nesta ter\u00e7a-feira, 20\/2, no Pal\u00e1cio Rio Branco, s\/n\u00ba, pra\u00e7a Dom Pedro II, avenida 7 de Setembro, Centro.","og_url":"https:\/\/www.manaus.am.gov.br\/manauscult\/concultura-resultado-conselheiros\/","og_site_name":"MANAUSCULT","article_published_time":"2024-02-21T13:01:56+00:00","article_modified_time":"2024-02-21T13:01:57+00:00","og_image":[{"width":799,"height":533,"url":"https:\/\/www.manaus.am.gov.br\/manauscult\/wp-content\/uploads\/sites\/11\/2024\/02\/53541235381_dffba7a5f0_c.jpg","type":"image\/jpeg"}],"author":"Adriana Costa","twitter_card":"summary_large_image","twitter_misc":{"Written by":"Adriana Costa","Est. reading time":"3 minutos"},"schema":{"@context":"https:\/\/schema.org","@graph":[{"@type":"WebPage","@id":"https:\/\/www.manaus.am.gov.br\/manauscult\/concultura-resultado-conselheiros\/","url":"https:\/\/www.manaus.am.gov.br\/manauscult\/concultura-resultado-conselheiros\/","name":"Prefeitura divulga o resultado da elei\u00e7\u00e3o dos novos conselheiros do Concultura do bi\u00eanio 2024-2026","isPartOf":{"@id":"https:\/\/www.manaus.am.gov.br\/manauscult\/#website"},"primaryImageOfPage":{"@id":"https:\/\/www.manaus.am.gov.br\/manauscult\/concultura-resultado-conselheiros\/#primaryimage"},"image":{"@id":"https:\/\/www.manaus.am.gov.br\/manauscult\/concultura-resultado-conselheiros\/#primaryimage"},"thumbnailUrl":"https:\/\/www.manaus.am.gov.br\/manauscult\/wp-content\/uploads\/sites\/11\/2024\/02\/53541235381_dffba7a5f0_c.jpg","datePublished":"2024-02-21T13:01:56+00:00","dateModified":"2024-02-21T13:01:57+00:00","author":{"@id":"https:\/\/www.manaus.am.gov.br\/manauscult\/#\/schema\/person\/4e49f4e267757a06ca072ec61b2b9968"},"description":"A Prefeitura de Manaus, por meio do Conselho Municipal de Cultura e apoio da Funda\u00e7\u00e3o Municipal de Cultura, Turismo e Eventos (Manauscult), divulga a lista dos oito conselheiros eleitos representantes dos oito segmentos art\u00edsticos da sociedade civil - bi\u00eanio 2024-2026, ap\u00f3s a elei\u00e7\u00e3o, nesta ter\u00e7a-feira, 20\/2, no Pal\u00e1cio Rio Branco, s\/n\u00ba, pra\u00e7a Dom Pedro II, avenida 7 de Setembro, Centro.","breadcrumb":{"@id":"https:\/\/www.manaus.am.gov.br\/manauscult\/concultura-resultado-conselheiros\/#breadcrumb"},"inLanguage":"pt-BR","potentialAction":[{"@type":"ReadAction","target":["https:\/\/www.manaus.am.gov.br\/manauscult\/concultura-resultado-conselheiros\/"]}]},{"@type":"ImageObject","inLanguage":"pt-BR","@id":"https:\/\/www.manaus.am.gov.br\/manauscult\/concultura-resultado-conselheiros\/#primaryimage","url":"https:\/\/www.manaus.am.gov.br\/manauscult\/wp-content\/uploads\/sites\/11\/2024\/02\/53541235381_dffba7a5f0_c.jpg","contentUrl":"https:\/\/www.manaus.am.gov.br\/manauscult\/wp-content\/uploads\/sites\/11\/2024\/02\/53541235381_dffba7a5f0_c.jpg","width":799,"height":533},{"@type":"BreadcrumbList","@id":"https:\/\/www.manaus.am.gov.br\/manauscult\/concultura-resultado-conselheiros\/#breadcrumb","itemListElement":[{"@type":"ListItem","position":1,"name":"Home","item":"https:\/\/www.manaus.am.gov.br\/manauscult\/"},{"@type":"ListItem","position":2,"name":"Prefeitura divulga o resultado da elei\u00e7\u00e3o dos novos conselheiros do Concultura do bi\u00eanio 2024-2026"}]},{"@type":"WebSite","@id":"https:\/\/www.manaus.am.gov.br\/manauscult\/#website","url":"https:\/\/www.manaus.am.gov.br\/manauscult\/","name":"MANAUSCULT","description":"Prefeitura de Manaus","potentialAction":[{"@type":"SearchAction","target":{"@type":"EntryPoint","urlTemplate":"https:\/\/www.manaus.am.gov.br\/manauscult\/?s={search_term_string}"},"query-input":"required name=search_term_string"}],"inLanguage":"pt-BR"},{"@type":"Person","@id":"https:\/\/www.manaus.am.gov.br\/manauscult\/#\/schema\/person\/4e49f4e267757a06ca072ec61b2b9968","name":"Adriana Costa","image":{"@type":"ImageObject","inLanguage":"pt-BR","@id":"https:\/\/www.manaus.am.gov.br\/manauscult\/#\/schema\/person\/image\/","url":"https:\/\/secure.gravatar.com\/avatar\/576258617ef7194f718179e766d57bd4?s=96&d=mm&r=g","contentUrl":"https:\/\/secure.gravatar.com\/avatar\/576258617ef7194f718179e766d57bd4?s=96&d=mm&r=g","caption":"Adriana Costa"}}]}},"_links":{"self":[{"href":"https:\/\/www.manaus.am.gov.br\/manauscult\/wp-json\/wp\/v2\/posts\/2137"}],"collection":[{"href":"https:\/\/www.manaus.am.gov.br\/manauscult\/wp-json\/wp\/v2\/posts"}],"about":[{"href":"https:\/\/www.manaus.am.gov.br\/manauscult\/wp-json\/wp\/v2\/types\/post"}],"author":[{"embeddable":true,"href":"https:\/\/www.manaus.am.gov.br\/manauscult\/wp-json\/wp\/v2\/users\/23"}],"replies":[{"embeddable":true,"href":"https:\/\/www.manaus.am.gov.br\/manauscult\/wp-json\/wp\/v2\/comments?post=2137"}],"version-history":[{"count":0,"href":"https:\/\/www.manaus.am.gov.br\/manauscult\/wp-json\/wp\/v2\/posts\/2137\/revisions"}],"wp:featuredmedia":[{"embeddable":true,"href":"https:\/\/www.manaus.am.gov.br\/manauscult\/wp-json\/wp\/v2\/media\/2138"}],"wp:attachment":[{"href":"https:\/\/www.manaus.am.gov.br\/manauscult\/wp-json\/wp\/v2\/media?parent=2137"}],"wp:term":[{"taxonomy":"category","embeddable":true,"href":"https:\/\/www.manaus.am.gov.br\/manauscult\/wp-json\/wp\/v2\/categories?post=2137"},{"taxonomy":"post_tag","embeddable":true,"href":"https:\/\/www.manaus.am.gov.br\/manauscult\/wp-json\/wp\/v2\/tags?post=2137"}],"curies":[{"name":"wp","href":"https:\/\/api.w.org\/{rel}","templated":true}]}}