{"id":2089,"date":"2024-01-19T10:22:18","date_gmt":"2024-01-19T14:22:18","guid":{"rendered":"https:\/\/www.manaus.am.gov.br\/manauscult\/prefeitura-de-manaus-promove-acao-de-cidadania-e-apoia-os-festejos-de-sao-sebastiao-no-puraquequara\/"},"modified":"2024-01-19T10:31:41","modified_gmt":"2024-01-19T14:31:41","slug":"prefeitura-de-manaus-promove-acao-de-cidadania-e-apoia-os-festejos-de-sao-sebastiao-no-puraquequara","status":"publish","type":"post","link":"https:\/\/www.manaus.am.gov.br\/manauscult\/prefeitura-de-manaus-promove-acao-de-cidadania-e-apoia-os-festejos-de-sao-sebastiao-no-puraquequara\/","title":{"rendered":"Prefeitura de Manaus promove a\u00e7\u00e3o de cidadania e apoia os festejos de S\u00e3o Sebasti\u00e3o no Puraquequara"},"content":{"rendered":"\n<p>Neste s\u00e1bado, 20\/1, al\u00e9m da a\u00e7\u00e3o do programa \u201cManaus Mais Cidad\u00e3\u201d, que a Prefeitura de Manaus realizar\u00e1, das 8h30 \u00e0s 14h, na escola municipal S\u00e3o Sebasti\u00e3o, na rua Boa Vista, na Vila do Puraquequara, no bairro Puraquequara, zona Leste, a Funda\u00e7\u00e3o Municipal de Cultura, Turismo e Eventos (Manauscult) tamb\u00e9m apoiar\u00e1 os festejos de S\u00e3o Sebasti\u00e3o na comunidade, que completa 112 anos.<\/p>\n\n\n\n<p>A prefeitura entrar\u00e1 com apoio total de estrutura ao evento, como destaca o diretor-presidente da Manauscult, Reginei Rodrigues. \u201cOs festejos s\u00e3o uma tradi\u00e7\u00e3o centen\u00e1ria da comunidade do Puraquequara e a prefeitura tem esse compromisso, de dar suporte a eventos dessa natureza, eventos que s\u00e3o marcas registradas na cultura dessa comunidade, carregada de hist\u00f3ria e tradi\u00e7\u00e3o\u201d, afirmou.<\/p>\n\n\n\n<p><strong>Tradi\u00e7\u00e3o<\/strong><\/p>\n\n\n\n<p>As festividades tiveram in\u00edcio em 20 de janeiro de 1918, quando um fervoroso devoto do santo, o senhor Abel Henrique, organizou a primeira festa em homenagem a S\u00e3o Sebasti\u00e3o, reunindo moradores da Vila do Puraquequara, que caminharam por horas ao longo das margens do rio.<\/p>\n\n\n\n<p>Neste ano, os festejos come\u00e7aram no dia 12\/1, com a levantada do mastro, ato em que um tronco de madeira, depois de retirado da mata, \u00e9 descascado e limpo, ornamentado com frutas, e fincado no ch\u00e3o em frente \u00e0 Sede Social S\u00e3o Sebasti\u00e3o, seguindo a tradi\u00e7\u00e3o com nove noites de novena at\u00e9 este s\u00e1bado, 20.<\/p>\n\n\n\n<p>A prociss\u00e3o ter\u00e1 in\u00edcio \u00e0s 16h e sair\u00e1 da Sede Social S\u00e3o Sebasti\u00e3o, localizada na rua de mesmo nome, percorrendo as ruas Santa Maria, ruas 3 e 4, rua Santa Luzia, retornando \u00e0 sede social da comunidade. Na capela existente no local, \u00e0s 17h, ser\u00e1 celebrada a missa; \u00e0s 18h acontece a derrubada do mastro; \u00e0s 19h, a \u00faltima novena dos festejos; e finalizando com a festa dan\u00e7ante marcada para come\u00e7ar \u00e0s 20h.<\/p>\n\n\n\n<p>A moradora da localidade, Nazar\u00e9 dos Santos Sampaio, de 55 anos, conta que desde crian\u00e7a participa dos festejos com seus pais, mostrando a forte tradi\u00e7\u00e3o do evento na vida dos moradores da Vila de Puraquequara.<\/p>\n\n\n\n<p>\u201cAqui no Puraquequara, n\u00f3s temos muita f\u00e9 em S\u00e3o Sebasti\u00e3o, porque ele \u00e9 muito milagroso. Quem precisa de S\u00e3o Sebasti\u00e3o e pede com f\u00e9, se estiver doente, necessitando de alguma coisa, voc\u00ea consegue. Muita gente j\u00e1 esteve em leito de morte e se levantou por meio das b\u00ean\u00e7\u00e3os de S\u00e3o Sebasti\u00e3o, que intercedeu junto a Jesus, e Ele nos deu a sa\u00fade\u201d, conta a comunit\u00e1ria, que ainda agradece, emocionada, o apoio da gest\u00e3o \u00e0 festa, relatando que \u00e9 a primeira vez que o evento recebe um forte suporte. \u201cEu agrade\u00e7o essa ajuda ao nosso festejo, muito obrigada mesmo. Que Deus aben\u00e7oe a todos\u201d, disse.<\/p>\n\n\n\n<p><strong>Programa\u00e7\u00e3o<\/strong><\/p>\n\n\n\n<p>At\u00e9 as 14h, os moradores do Puraquequara e adjac\u00eancias ter\u00e3o acesso aos servi\u00e7os oferecidos gratuitamente pela prefeitura, no \u201cManaus Mais Cidad\u00e3\u201d, a\u00e7\u00e3o coordenada pela Secretaria Municipal da Mulher, Assist\u00eancia Social e Cidadania (Semasc), que re\u00fane todos os \u00f3rg\u00e3os da estrutura municipal e institui\u00e7\u00f5es parceiras, para facilitar o acesso de pessoas que residem em \u00e1reas de vulnerabilidade social da cidade.&nbsp;&nbsp;<\/p>\n\n\n\n<p>&#8212; &#8212; &#8212;<\/p>\n\n\n\n<p><strong>Texto<\/strong> &#8211; Oliveira Junior \/ Manauscult<\/p>\n\n\n\n<p><strong>Foto<\/strong> \u2013 Arquivo \/ Semcom<\/p>\n","protected":false},"excerpt":{"rendered":"","protected":false},"author":39,"featured_media":2090,"comment_status":"closed","ping_status":"closed","sticky":false,"template":"","format":"standard","meta":{"footnotes":""},"categories":[280],"tags":[788,936,937,276,9,11,872],"acf":[],"yoast_head":"<!-- This site is optimized with the Yoast SEO plugin v23.0 - https:\/\/yoast.com\/wordpress\/plugins\/seo\/ -->\n<title>Prefeitura apoia os festejos de S\u00e3o Sebasti\u00e3o no Puraquequara<\/title>\n<meta name=\"description\" content=\"Prefeitura de Manaus promove a\u00e7\u00e3o de cidadania e apoia os festejos de S\u00e3o Sebasti\u00e3o no bairro Puraquequara.\" \/>\n<meta name=\"robots\" content=\"noindex, follow\" \/>\n<meta property=\"og:locale\" content=\"pt_BR\" \/>\n<meta property=\"og:type\" content=\"article\" \/>\n<meta property=\"og:title\" content=\"Prefeitura apoia os festejos de S\u00e3o Sebasti\u00e3o no Puraquequara\" \/>\n<meta property=\"og:description\" content=\"Prefeitura de Manaus promove a\u00e7\u00e3o de cidadania e apoia os festejos de S\u00e3o Sebasti\u00e3o no bairro Puraquequara.\" \/>\n<meta property=\"og:url\" content=\"https:\/\/www.manaus.am.gov.br\/manauscult\/prefeitura-de-manaus-promove-acao-de-cidadania-e-apoia-os-festejos-de-sao-sebastiao-no-puraquequara\/\" \/>\n<meta property=\"og:site_name\" content=\"MANAUSCULT\" \/>\n<meta property=\"article:published_time\" content=\"2024-01-19T14:22:18+00:00\" \/>\n<meta property=\"article:modified_time\" content=\"2024-01-19T14:31:41+00:00\" \/>\n<meta property=\"og:image\" content=\"https:\/\/www.manaus.am.gov.br\/manauscult\/wp-content\/uploads\/sites\/11\/2024\/01\/51626141348_a783ffbbab_k.jpg\" \/>\n\t<meta property=\"og:image:width\" content=\"2048\" \/>\n\t<meta property=\"og:image:height\" content=\"1365\" \/>\n\t<meta property=\"og:image:type\" content=\"image\/jpeg\" \/>\n<meta name=\"author\" content=\"Bruna Greco\" \/>\n<meta name=\"twitter:card\" content=\"summary_large_image\" \/>\n<meta name=\"twitter:label1\" content=\"Written by\" \/>\n\t<meta name=\"twitter:data1\" content=\"Bruna Greco\" \/>\n\t<meta name=\"twitter:label2\" content=\"Est. reading time\" \/>\n\t<meta name=\"twitter:data2\" content=\"3 minutos\" \/>\n<script type=\"application\/ld+json\" class=\"yoast-schema-graph\">{\"@context\":\"https:\/\/schema.org\",\"@graph\":[{\"@type\":\"WebPage\",\"@id\":\"https:\/\/www.manaus.am.gov.br\/manauscult\/prefeitura-de-manaus-promove-acao-de-cidadania-e-apoia-os-festejos-de-sao-sebastiao-no-puraquequara\/\",\"url\":\"https:\/\/www.manaus.am.gov.br\/manauscult\/prefeitura-de-manaus-promove-acao-de-cidadania-e-apoia-os-festejos-de-sao-sebastiao-no-puraquequara\/\",\"name\":\"Prefeitura apoia os festejos de S\u00e3o Sebasti\u00e3o no Puraquequara\",\"isPartOf\":{\"@id\":\"https:\/\/www.manaus.am.gov.br\/manauscult\/#website\"},\"primaryImageOfPage\":{\"@id\":\"https:\/\/www.manaus.am.gov.br\/manauscult\/prefeitura-de-manaus-promove-acao-de-cidadania-e-apoia-os-festejos-de-sao-sebastiao-no-puraquequara\/#primaryimage\"},\"image\":{\"@id\":\"https:\/\/www.manaus.am.gov.br\/manauscult\/prefeitura-de-manaus-promove-acao-de-cidadania-e-apoia-os-festejos-de-sao-sebastiao-no-puraquequara\/#primaryimage\"},\"thumbnailUrl\":\"https:\/\/www.manaus.am.gov.br\/manauscult\/wp-content\/uploads\/sites\/11\/2024\/01\/51626141348_a783ffbbab_k.jpg\",\"datePublished\":\"2024-01-19T14:22:18+00:00\",\"dateModified\":\"2024-01-19T14:31:41+00:00\",\"author\":{\"@id\":\"https:\/\/www.manaus.am.gov.br\/manauscult\/#\/schema\/person\/05d223aea2bf115f9883a6ff3683d81b\"},\"description\":\"Prefeitura de Manaus promove a\u00e7\u00e3o de cidadania e apoia os festejos de S\u00e3o Sebasti\u00e3o no bairro Puraquequara.\",\"breadcrumb\":{\"@id\":\"https:\/\/www.manaus.am.gov.br\/manauscult\/prefeitura-de-manaus-promove-acao-de-cidadania-e-apoia-os-festejos-de-sao-sebastiao-no-puraquequara\/#breadcrumb\"},\"inLanguage\":\"pt-BR\",\"potentialAction\":[{\"@type\":\"ReadAction\",\"target\":[\"https:\/\/www.manaus.am.gov.br\/manauscult\/prefeitura-de-manaus-promove-acao-de-cidadania-e-apoia-os-festejos-de-sao-sebastiao-no-puraquequara\/\"]}]},{\"@type\":\"ImageObject\",\"inLanguage\":\"pt-BR\",\"@id\":\"https:\/\/www.manaus.am.gov.br\/manauscult\/prefeitura-de-manaus-promove-acao-de-cidadania-e-apoia-os-festejos-de-sao-sebastiao-no-puraquequara\/#primaryimage\",\"url\":\"https:\/\/www.manaus.am.gov.br\/manauscult\/wp-content\/uploads\/sites\/11\/2024\/01\/51626141348_a783ffbbab_k.jpg\",\"contentUrl\":\"https:\/\/www.manaus.am.gov.br\/manauscult\/wp-content\/uploads\/sites\/11\/2024\/01\/51626141348_a783ffbbab_k.jpg\",\"width\":2048,\"height\":1365,\"caption\":\"#paratodosverem - Grande p\u00fablico reunido em comemora\u00e7\u00e3o em frente a palco durante evento\"},{\"@type\":\"BreadcrumbList\",\"@id\":\"https:\/\/www.manaus.am.gov.br\/manauscult\/prefeitura-de-manaus-promove-acao-de-cidadania-e-apoia-os-festejos-de-sao-sebastiao-no-puraquequara\/#breadcrumb\",\"itemListElement\":[{\"@type\":\"ListItem\",\"position\":1,\"name\":\"Home\",\"item\":\"https:\/\/www.manaus.am.gov.br\/manauscult\/\"},{\"@type\":\"ListItem\",\"position\":2,\"name\":\"Prefeitura de Manaus promove a\u00e7\u00e3o de cidadania e apoia os festejos de S\u00e3o Sebasti\u00e3o no Puraquequara\"}]},{\"@type\":\"WebSite\",\"@id\":\"https:\/\/www.manaus.am.gov.br\/manauscult\/#website\",\"url\":\"https:\/\/www.manaus.am.gov.br\/manauscult\/\",\"name\":\"MANAUSCULT\",\"description\":\"Prefeitura de Manaus\",\"potentialAction\":[{\"@type\":\"SearchAction\",\"target\":{\"@type\":\"EntryPoint\",\"urlTemplate\":\"https:\/\/www.manaus.am.gov.br\/manauscult\/?s={search_term_string}\"},\"query-input\":\"required name=search_term_string\"}],\"inLanguage\":\"pt-BR\"},{\"@type\":\"Person\",\"@id\":\"https:\/\/www.manaus.am.gov.br\/manauscult\/#\/schema\/person\/05d223aea2bf115f9883a6ff3683d81b\",\"name\":\"Bruna Greco\",\"image\":{\"@type\":\"ImageObject\",\"inLanguage\":\"pt-BR\",\"@id\":\"https:\/\/www.manaus.am.gov.br\/manauscult\/#\/schema\/person\/image\/\",\"url\":\"https:\/\/secure.gravatar.com\/avatar\/9c877d1a6adc2a055330e5c09a8653ce?s=96&d=mm&r=g\",\"contentUrl\":\"https:\/\/secure.gravatar.com\/avatar\/9c877d1a6adc2a055330e5c09a8653ce?s=96&d=mm&r=g\",\"caption\":\"Bruna Greco\"}}]}<\/script>\n<!-- \/ Yoast SEO plugin. -->","yoast_head_json":{"title":"Prefeitura apoia os festejos de S\u00e3o Sebasti\u00e3o no Puraquequara","description":"Prefeitura de Manaus promove a\u00e7\u00e3o de cidadania e apoia os festejos de S\u00e3o Sebasti\u00e3o no bairro Puraquequara.","robots":{"index":"noindex","follow":"follow"},"og_locale":"pt_BR","og_type":"article","og_title":"Prefeitura apoia os festejos de S\u00e3o Sebasti\u00e3o no Puraquequara","og_description":"Prefeitura de Manaus promove a\u00e7\u00e3o de cidadania e apoia os festejos de S\u00e3o Sebasti\u00e3o no bairro Puraquequara.","og_url":"https:\/\/www.manaus.am.gov.br\/manauscult\/prefeitura-de-manaus-promove-acao-de-cidadania-e-apoia-os-festejos-de-sao-sebastiao-no-puraquequara\/","og_site_name":"MANAUSCULT","article_published_time":"2024-01-19T14:22:18+00:00","article_modified_time":"2024-01-19T14:31:41+00:00","og_image":[{"width":2048,"height":1365,"url":"https:\/\/www.manaus.am.gov.br\/manauscult\/wp-content\/uploads\/sites\/11\/2024\/01\/51626141348_a783ffbbab_k.jpg","type":"image\/jpeg"}],"author":"Bruna Greco","twitter_card":"summary_large_image","twitter_misc":{"Written by":"Bruna Greco","Est. reading time":"3 minutos"},"schema":{"@context":"https:\/\/schema.org","@graph":[{"@type":"WebPage","@id":"https:\/\/www.manaus.am.gov.br\/manauscult\/prefeitura-de-manaus-promove-acao-de-cidadania-e-apoia-os-festejos-de-sao-sebastiao-no-puraquequara\/","url":"https:\/\/www.manaus.am.gov.br\/manauscult\/prefeitura-de-manaus-promove-acao-de-cidadania-e-apoia-os-festejos-de-sao-sebastiao-no-puraquequara\/","name":"Prefeitura apoia os festejos de S\u00e3o Sebasti\u00e3o no Puraquequara","isPartOf":{"@id":"https:\/\/www.manaus.am.gov.br\/manauscult\/#website"},"primaryImageOfPage":{"@id":"https:\/\/www.manaus.am.gov.br\/manauscult\/prefeitura-de-manaus-promove-acao-de-cidadania-e-apoia-os-festejos-de-sao-sebastiao-no-puraquequara\/#primaryimage"},"image":{"@id":"https:\/\/www.manaus.am.gov.br\/manauscult\/prefeitura-de-manaus-promove-acao-de-cidadania-e-apoia-os-festejos-de-sao-sebastiao-no-puraquequara\/#primaryimage"},"thumbnailUrl":"https:\/\/www.manaus.am.gov.br\/manauscult\/wp-content\/uploads\/sites\/11\/2024\/01\/51626141348_a783ffbbab_k.jpg","datePublished":"2024-01-19T14:22:18+00:00","dateModified":"2024-01-19T14:31:41+00:00","author":{"@id":"https:\/\/www.manaus.am.gov.br\/manauscult\/#\/schema\/person\/05d223aea2bf115f9883a6ff3683d81b"},"description":"Prefeitura de Manaus promove a\u00e7\u00e3o de cidadania e apoia os festejos de S\u00e3o Sebasti\u00e3o no bairro Puraquequara.","breadcrumb":{"@id":"https:\/\/www.manaus.am.gov.br\/manauscult\/prefeitura-de-manaus-promove-acao-de-cidadania-e-apoia-os-festejos-de-sao-sebastiao-no-puraquequara\/#breadcrumb"},"inLanguage":"pt-BR","potentialAction":[{"@type":"ReadAction","target":["https:\/\/www.manaus.am.gov.br\/manauscult\/prefeitura-de-manaus-promove-acao-de-cidadania-e-apoia-os-festejos-de-sao-sebastiao-no-puraquequara\/"]}]},{"@type":"ImageObject","inLanguage":"pt-BR","@id":"https:\/\/www.manaus.am.gov.br\/manauscult\/prefeitura-de-manaus-promove-acao-de-cidadania-e-apoia-os-festejos-de-sao-sebastiao-no-puraquequara\/#primaryimage","url":"https:\/\/www.manaus.am.gov.br\/manauscult\/wp-content\/uploads\/sites\/11\/2024\/01\/51626141348_a783ffbbab_k.jpg","contentUrl":"https:\/\/www.manaus.am.gov.br\/manauscult\/wp-content\/uploads\/sites\/11\/2024\/01\/51626141348_a783ffbbab_k.jpg","width":2048,"height":1365,"caption":"#paratodosverem - Grande p\u00fablico reunido em comemora\u00e7\u00e3o em frente a palco durante evento"},{"@type":"BreadcrumbList","@id":"https:\/\/www.manaus.am.gov.br\/manauscult\/prefeitura-de-manaus-promove-acao-de-cidadania-e-apoia-os-festejos-de-sao-sebastiao-no-puraquequara\/#breadcrumb","itemListElement":[{"@type":"ListItem","position":1,"name":"Home","item":"https:\/\/www.manaus.am.gov.br\/manauscult\/"},{"@type":"ListItem","position":2,"name":"Prefeitura de Manaus promove a\u00e7\u00e3o de cidadania e apoia os festejos de S\u00e3o Sebasti\u00e3o no Puraquequara"}]},{"@type":"WebSite","@id":"https:\/\/www.manaus.am.gov.br\/manauscult\/#website","url":"https:\/\/www.manaus.am.gov.br\/manauscult\/","name":"MANAUSCULT","description":"Prefeitura de Manaus","potentialAction":[{"@type":"SearchAction","target":{"@type":"EntryPoint","urlTemplate":"https:\/\/www.manaus.am.gov.br\/manauscult\/?s={search_term_string}"},"query-input":"required name=search_term_string"}],"inLanguage":"pt-BR"},{"@type":"Person","@id":"https:\/\/www.manaus.am.gov.br\/manauscult\/#\/schema\/person\/05d223aea2bf115f9883a6ff3683d81b","name":"Bruna Greco","image":{"@type":"ImageObject","inLanguage":"pt-BR","@id":"https:\/\/www.manaus.am.gov.br\/manauscult\/#\/schema\/person\/image\/","url":"https:\/\/secure.gravatar.com\/avatar\/9c877d1a6adc2a055330e5c09a8653ce?s=96&d=mm&r=g","contentUrl":"https:\/\/secure.gravatar.com\/avatar\/9c877d1a6adc2a055330e5c09a8653ce?s=96&d=mm&r=g","caption":"Bruna Greco"}}]}},"_links":{"self":[{"href":"https:\/\/www.manaus.am.gov.br\/manauscult\/wp-json\/wp\/v2\/posts\/2089"}],"collection":[{"href":"https:\/\/www.manaus.am.gov.br\/manauscult\/wp-json\/wp\/v2\/posts"}],"about":[{"href":"https:\/\/www.manaus.am.gov.br\/manauscult\/wp-json\/wp\/v2\/types\/post"}],"author":[{"embeddable":true,"href":"https:\/\/www.manaus.am.gov.br\/manauscult\/wp-json\/wp\/v2\/users\/39"}],"replies":[{"embeddable":true,"href":"https:\/\/www.manaus.am.gov.br\/manauscult\/wp-json\/wp\/v2\/comments?post=2089"}],"version-history":[{"count":1,"href":"https:\/\/www.manaus.am.gov.br\/manauscult\/wp-json\/wp\/v2\/posts\/2089\/revisions"}],"predecessor-version":[{"id":2091,"href":"https:\/\/www.manaus.am.gov.br\/manauscult\/wp-json\/wp\/v2\/posts\/2089\/revisions\/2091"}],"wp:featuredmedia":[{"embeddable":true,"href":"https:\/\/www.manaus.am.gov.br\/manauscult\/wp-json\/wp\/v2\/media\/2090"}],"wp:attachment":[{"href":"https:\/\/www.manaus.am.gov.br\/manauscult\/wp-json\/wp\/v2\/media?parent=2089"}],"wp:term":[{"taxonomy":"category","embeddable":true,"href":"https:\/\/www.manaus.am.gov.br\/manauscult\/wp-json\/wp\/v2\/categories?post=2089"},{"taxonomy":"post_tag","embeddable":true,"href":"https:\/\/www.manaus.am.gov.br\/manauscult\/wp-json\/wp\/v2\/tags?post=2089"}],"curies":[{"name":"wp","href":"https:\/\/api.w.org\/{rel}","templated":true}]}}