{"id":2075,"date":"2023-05-02T00:28:41","date_gmt":"2023-05-02T04:28:41","guid":{"rendered":"https:\/\/www.manaus.am.gov.br\/manauscult\/publico-casa-de-praia\/"},"modified":"2023-05-02T00:28:41","modified_gmt":"2023-05-02T04:28:41","slug":"publico-casa-de-praia","status":"publish","type":"post","link":"https:\/\/www.manaus.am.gov.br\/manauscult\/publico-casa-de-praia\/","title":{"rendered":"P\u00fablico se encanta com Casa de Praia e se emociona com shows"},"content":{"rendered":"\n<p>Inaugurada pela Prefeitura de Manaus, a Casa de Praia Zezinho Corr\u00eaa, localizada no complexo tur\u00edstico Ponta Negra, zona Oeste da capital amazonense, j\u00e1 caiu nas gra\u00e7as da popula\u00e7\u00e3o manauara. O espa\u00e7o recebeu, nesta segunda-feira, 1\u00ba\/5, mais de 30 mil pessoas, dentro do local e no seu entorno, que curtiram a abertura oficial e a festa em comemora\u00e7\u00e3o ao &#8216;Dia do Trabalhador&#8217;.<\/p>\n\n\n\n<p>Para o prefeito de Manaus, David Almeida, o reconhecimento da popula\u00e7\u00e3o \u00e9 o melhor presente para qualquer gestor p\u00fablico, uma vez que a obra de recupera\u00e7\u00e3o hist\u00f3rica do local teve como objetivo entregar uma nova op\u00e7\u00e3o de lazer para a cidade.<\/p>\n\n\n\n<p>\u201cFico muito feliz de ver a popula\u00e7\u00e3o comparecendo \u00e0 essa grande festa. Esse espa\u00e7o estava abandonado h\u00e1 27 anos. Aqui j\u00e1 foi a principal casa de festa da cidade e hoje, fizemos esse resgate. Tenho certeza que esse espa\u00e7o ser\u00e1 um centro gastron\u00f4mico e cultural, e ir\u00e1 fomentar o empreendedorismo e a economia da nossa cidade\u201d, afirmou Almeida.<\/p>\n\n\n\n<p>A Casa de Praia Zezinho Corr\u00eaa tem o projeto assinado pelo Instituto Municipal de Planejamento Urbano (Implurb) e o respons\u00e1vel pela obra e gest\u00e3o \u00e9 a Secretaria Municipal de Trabalho, Empreendedorismo e Inova\u00e7\u00e3o (Semtepi).<\/p>\n\n\n\n<p>A festa de inaugura\u00e7\u00e3o foi coordenada pela Funda\u00e7\u00e3o Municipal de Cultura, Turismo e Eventos (Manauscult). O diretor-presidente do \u00f3rg\u00e3o, Osvaldo Cardoso, destacou a import\u00e2ncia do novo espa\u00e7o para a cena cultural da cidade.<\/p>\n\n\n\n<p>\u201cPlanejamos com muito carinho essa festa linda. A partir de agora esse espa\u00e7o, que estava abandonado, passar\u00e1 a fomentar o empreendedorismo e o turismo, al\u00e9m de movimentar, tamb\u00e9m, a cadeia cultural e produtiva da cidade\u201d, afirmou Cardoso.<\/p>\n\n\n\n<p>Embalados pelos sucessos apresentados pelo cantor Frejat, que cantou os principais hits do &#8216;Bar\u00e3o Vermelho&#8217; e de sua carreira solo, e pelo cover do Renato Russo, Nath\u00e3 Mariani, que trouxe ao palco as eternas poesias do Legi\u00e3o Urbana, o p\u00fablico aprovou a abertura do local.<\/p>\n\n\n<div class=\"wp-block-image\">\n<figure class=\"aligncenter size-full\"><img loading=\"lazy\" decoding=\"async\" width=\"799\" height=\"533\" src=\"https:\/\/www.manaus.am.gov.br\/manauscult\/wp-content\/uploads\/sites\/11\/2024\/01\/52863697693_6c07d24f9c_c.jpg\" alt=\"\" class=\"wp-image-2077\" srcset=\"https:\/\/www.manaus.am.gov.br\/manauscult\/wp-content\/uploads\/sites\/11\/2024\/01\/52863697693_6c07d24f9c_c.jpg 799w, https:\/\/www.manaus.am.gov.br\/manauscult\/wp-content\/uploads\/sites\/11\/2024\/01\/52863697693_6c07d24f9c_c-300x200.jpg 300w, https:\/\/www.manaus.am.gov.br\/manauscult\/wp-content\/uploads\/sites\/11\/2024\/01\/52863697693_6c07d24f9c_c-768x512.jpg 768w\" sizes=\"(max-width: 799px) 100vw, 799px\" \/><\/figure><\/div>\n\n\n<p>O comerciante Gustavo Lima, 43 anos, disse que se alegrou ao ver a beleza da Casa de Praia. Ele afirmou se lembrar de como era o local em seu auge, na d\u00e9cada de 1990.<\/p>\n\n\n\n<p>\u201cAchei o espa\u00e7o muito atrativo, ainda mais que eu cheguei a frequentar antes de fechar. Era muito triste vir \u00e0 Ponta Negra e ver esse complexo abandonado, destru\u00eddo. Agora n\u00e3o, a realidade mudou e tenho que parabenizar o prefeito David Almeida pela iniciativa. Vim ontem e voltei hoje para essa festa. Tenho certeza que vai virar um local onde frequentarei com os meus amigos&#8221;, afirmou Lima.<\/p>\n\n\n<div class=\"wp-block-image\">\n<figure class=\"aligncenter size-full\"><img loading=\"lazy\" decoding=\"async\" width=\"799\" height=\"533\" src=\"https:\/\/www.manaus.am.gov.br\/manauscult\/wp-content\/uploads\/sites\/11\/2024\/01\/52863523565_0cbb0a0f19_c.jpg\" alt=\"\" class=\"wp-image-2076\" srcset=\"https:\/\/www.manaus.am.gov.br\/manauscult\/wp-content\/uploads\/sites\/11\/2024\/01\/52863523565_0cbb0a0f19_c.jpg 799w, https:\/\/www.manaus.am.gov.br\/manauscult\/wp-content\/uploads\/sites\/11\/2024\/01\/52863523565_0cbb0a0f19_c-300x200.jpg 300w, https:\/\/www.manaus.am.gov.br\/manauscult\/wp-content\/uploads\/sites\/11\/2024\/01\/52863523565_0cbb0a0f19_c-768x512.jpg 768w\" sizes=\"(max-width: 799px) 100vw, 799px\" \/><\/figure><\/div>\n\n\n<p>J\u00e1 a professora Rosalina Mora destacou que acredita que a Casa de Praia Zezinho Corr\u00eaa ir\u00e1 se tornar um espa\u00e7o de grandes eventos, como o desta noite. Al\u00e9m de ter curtido a apresenta\u00e7\u00e3o de Frejat, ela conseguiu pegar de recorda\u00e7\u00e3o a palheta usado pelo cantor.<\/p>\n\n\n\n<p>&#8220;A reforma est\u00e1 excelente. Eu frequentava aqui antigamente e vim para o show dos Engenheiros do Hawaii. O prefeito est\u00e1 de parab\u00e9ns e sem d\u00favidas vou voltar aqui outras vezes, ainda mais porque espero que a prefeitura traga mais shows e espet\u00e1culos para gente&#8221;, disse.<\/p>\n\n\n\n<h2 class=\"wp-block-heading\">Festa sem ocorr\u00eancias<\/h2>\n\n\n\n<p>O esquema de seguran\u00e7a montado pela Prefeitura de Manaus com 26 c\u00e2meras e mais de 120 agentes de seguran\u00e7a posicionados de forma estrat\u00e9gica garantiram a seguran\u00e7a do espa\u00e7o que volta \u00e0 cena do turismo na capital amazonense. De acordo com o Centro de Coopera\u00e7\u00e3o da Cidade (CCC), n\u00e3o foi registrada nenhuma ocorr\u00eancia de furto ou roubo e apenas a equipe de tr\u00e2nsito realizou uma remo\u00e7\u00e3o de ve\u00edculo estacionado em local irregular.<\/p>\n\n\n\n<p>O Comit\u00ea de Grandes Eventos, que al\u00e9m do CCC reuniu os principais servi\u00e7os do munic\u00edpio e de seguran\u00e7a do Estado no complexo tur\u00edstico Ponta Negra atuou desde \u00e0s 14h para garantir a seguran\u00e7a das mais de 30 mil pessoas que prestigiaram o evento de forma rotativa.<\/p>\n\n\n\n<p>&#8212; &#8212; &#8212;<\/p>\n\n\n\n<p><strong>Texto<\/strong> \u2013 Thiago Fernando \/ Semcom , Jamyly Macedo \/ CCC e Emanuelle Baires \/ Manauscult<br><strong>Fotos<\/strong> \u2013 Cl\u00f3vis Miranda \/ Semcom<\/p>\n","protected":false},"excerpt":{"rendered":"","protected":false},"author":25,"featured_media":2078,"comment_status":"closed","ping_status":"closed","sticky":false,"template":"","format":"standard","meta":{"footnotes":""},"categories":[785],"tags":[931,67,10],"acf":[],"yoast_head":"<!-- This site is optimized with the Yoast SEO plugin v23.0 - https:\/\/yoast.com\/wordpress\/plugins\/seo\/ -->\n<title>P\u00fablico se encanta com Casa de Praia e se emociona com shows<\/title>\n<meta name=\"description\" content=\"Inaugurada pela Prefeitura de Manaus, a Casa de Praia Zezinho Corr\u00eaa, localizada no complexo tur\u00edstico Ponta Negra, zona Oeste da capital amazonense,\" \/>\n<meta name=\"robots\" content=\"noindex, follow\" \/>\n<meta property=\"og:locale\" content=\"pt_BR\" \/>\n<meta property=\"og:type\" content=\"article\" \/>\n<meta property=\"og:title\" content=\"P\u00fablico se encanta com Casa de Praia e se emociona com shows\" \/>\n<meta property=\"og:description\" content=\"Inaugurada pela Prefeitura de Manaus, a Casa de Praia Zezinho Corr\u00eaa, localizada no complexo tur\u00edstico Ponta Negra, zona Oeste da capital amazonense,\" \/>\n<meta property=\"og:url\" content=\"https:\/\/www.manaus.am.gov.br\/manauscult\/publico-casa-de-praia\/\" \/>\n<meta property=\"og:site_name\" content=\"MANAUSCULT\" \/>\n<meta property=\"article:published_time\" content=\"2023-05-02T04:28:41+00:00\" \/>\n<meta property=\"og:image\" content=\"https:\/\/www.manaus.am.gov.br\/manauscult\/wp-content\/uploads\/sites\/11\/2024\/01\/52862679602_cef1434c05_c.jpg\" \/>\n\t<meta property=\"og:image:width\" content=\"799\" \/>\n\t<meta property=\"og:image:height\" content=\"533\" \/>\n\t<meta property=\"og:image:type\" content=\"image\/jpeg\" \/>\n<meta name=\"author\" content=\"Maur\u00edcio Freire\" \/>\n<meta name=\"twitter:card\" content=\"summary_large_image\" \/>\n<meta name=\"twitter:label1\" content=\"Written by\" \/>\n\t<meta name=\"twitter:data1\" content=\"Maur\u00edcio Freire\" \/>\n\t<meta name=\"twitter:label2\" content=\"Est. reading time\" \/>\n\t<meta name=\"twitter:data2\" content=\"4 minutos\" \/>\n<script type=\"application\/ld+json\" class=\"yoast-schema-graph\">{\"@context\":\"https:\/\/schema.org\",\"@graph\":[{\"@type\":\"WebPage\",\"@id\":\"https:\/\/www.manaus.am.gov.br\/manauscult\/publico-casa-de-praia\/\",\"url\":\"https:\/\/www.manaus.am.gov.br\/manauscult\/publico-casa-de-praia\/\",\"name\":\"P\u00fablico se encanta com Casa de Praia e se emociona com shows\",\"isPartOf\":{\"@id\":\"https:\/\/www.manaus.am.gov.br\/manauscult\/#website\"},\"primaryImageOfPage\":{\"@id\":\"https:\/\/www.manaus.am.gov.br\/manauscult\/publico-casa-de-praia\/#primaryimage\"},\"image\":{\"@id\":\"https:\/\/www.manaus.am.gov.br\/manauscult\/publico-casa-de-praia\/#primaryimage\"},\"thumbnailUrl\":\"https:\/\/www.manaus.am.gov.br\/manauscult\/wp-content\/uploads\/sites\/11\/2024\/01\/52862679602_cef1434c05_c.jpg\",\"datePublished\":\"2023-05-02T04:28:41+00:00\",\"dateModified\":\"2023-05-02T04:28:41+00:00\",\"author\":{\"@id\":\"https:\/\/www.manaus.am.gov.br\/manauscult\/#\/schema\/person\/587989a23a463cde5618e6a028977a9a\"},\"description\":\"Inaugurada pela Prefeitura de Manaus, a Casa de Praia Zezinho Corr\u00eaa, localizada no complexo tur\u00edstico Ponta Negra, zona Oeste da capital amazonense,\",\"breadcrumb\":{\"@id\":\"https:\/\/www.manaus.am.gov.br\/manauscult\/publico-casa-de-praia\/#breadcrumb\"},\"inLanguage\":\"pt-BR\",\"potentialAction\":[{\"@type\":\"ReadAction\",\"target\":[\"https:\/\/www.manaus.am.gov.br\/manauscult\/publico-casa-de-praia\/\"]}]},{\"@type\":\"ImageObject\",\"inLanguage\":\"pt-BR\",\"@id\":\"https:\/\/www.manaus.am.gov.br\/manauscult\/publico-casa-de-praia\/#primaryimage\",\"url\":\"https:\/\/www.manaus.am.gov.br\/manauscult\/wp-content\/uploads\/sites\/11\/2024\/01\/52862679602_cef1434c05_c.jpg\",\"contentUrl\":\"https:\/\/www.manaus.am.gov.br\/manauscult\/wp-content\/uploads\/sites\/11\/2024\/01\/52862679602_cef1434c05_c.jpg\",\"width\":799,\"height\":533},{\"@type\":\"BreadcrumbList\",\"@id\":\"https:\/\/www.manaus.am.gov.br\/manauscult\/publico-casa-de-praia\/#breadcrumb\",\"itemListElement\":[{\"@type\":\"ListItem\",\"position\":1,\"name\":\"Home\",\"item\":\"https:\/\/www.manaus.am.gov.br\/manauscult\/\"},{\"@type\":\"ListItem\",\"position\":2,\"name\":\"P\u00fablico se encanta com Casa de Praia e se emociona com shows\"}]},{\"@type\":\"WebSite\",\"@id\":\"https:\/\/www.manaus.am.gov.br\/manauscult\/#website\",\"url\":\"https:\/\/www.manaus.am.gov.br\/manauscult\/\",\"name\":\"MANAUSCULT\",\"description\":\"Prefeitura de Manaus\",\"potentialAction\":[{\"@type\":\"SearchAction\",\"target\":{\"@type\":\"EntryPoint\",\"urlTemplate\":\"https:\/\/www.manaus.am.gov.br\/manauscult\/?s={search_term_string}\"},\"query-input\":\"required name=search_term_string\"}],\"inLanguage\":\"pt-BR\"},{\"@type\":\"Person\",\"@id\":\"https:\/\/www.manaus.am.gov.br\/manauscult\/#\/schema\/person\/587989a23a463cde5618e6a028977a9a\",\"name\":\"Maur\u00edcio Freire\",\"image\":{\"@type\":\"ImageObject\",\"inLanguage\":\"pt-BR\",\"@id\":\"https:\/\/www.manaus.am.gov.br\/manauscult\/#\/schema\/person\/image\/\",\"url\":\"https:\/\/secure.gravatar.com\/avatar\/dc1481799a1f75c733ac3b2634cd6749?s=96&d=mm&r=g\",\"contentUrl\":\"https:\/\/secure.gravatar.com\/avatar\/dc1481799a1f75c733ac3b2634cd6749?s=96&d=mm&r=g\",\"caption\":\"Maur\u00edcio Freire\"}}]}<\/script>\n<!-- \/ Yoast SEO plugin. -->","yoast_head_json":{"title":"P\u00fablico se encanta com Casa de Praia e se emociona com shows","description":"Inaugurada pela Prefeitura de Manaus, a Casa de Praia Zezinho Corr\u00eaa, localizada no complexo tur\u00edstico Ponta Negra, zona Oeste da capital amazonense,","robots":{"index":"noindex","follow":"follow"},"og_locale":"pt_BR","og_type":"article","og_title":"P\u00fablico se encanta com Casa de Praia e se emociona com shows","og_description":"Inaugurada pela Prefeitura de Manaus, a Casa de Praia Zezinho Corr\u00eaa, localizada no complexo tur\u00edstico Ponta Negra, zona Oeste da capital amazonense,","og_url":"https:\/\/www.manaus.am.gov.br\/manauscult\/publico-casa-de-praia\/","og_site_name":"MANAUSCULT","article_published_time":"2023-05-02T04:28:41+00:00","og_image":[{"width":799,"height":533,"url":"https:\/\/www.manaus.am.gov.br\/manauscult\/wp-content\/uploads\/sites\/11\/2024\/01\/52862679602_cef1434c05_c.jpg","type":"image\/jpeg"}],"author":"Maur\u00edcio Freire","twitter_card":"summary_large_image","twitter_misc":{"Written by":"Maur\u00edcio Freire","Est. reading time":"4 minutos"},"schema":{"@context":"https:\/\/schema.org","@graph":[{"@type":"WebPage","@id":"https:\/\/www.manaus.am.gov.br\/manauscult\/publico-casa-de-praia\/","url":"https:\/\/www.manaus.am.gov.br\/manauscult\/publico-casa-de-praia\/","name":"P\u00fablico se encanta com Casa de Praia e se emociona com shows","isPartOf":{"@id":"https:\/\/www.manaus.am.gov.br\/manauscult\/#website"},"primaryImageOfPage":{"@id":"https:\/\/www.manaus.am.gov.br\/manauscult\/publico-casa-de-praia\/#primaryimage"},"image":{"@id":"https:\/\/www.manaus.am.gov.br\/manauscult\/publico-casa-de-praia\/#primaryimage"},"thumbnailUrl":"https:\/\/www.manaus.am.gov.br\/manauscult\/wp-content\/uploads\/sites\/11\/2024\/01\/52862679602_cef1434c05_c.jpg","datePublished":"2023-05-02T04:28:41+00:00","dateModified":"2023-05-02T04:28:41+00:00","author":{"@id":"https:\/\/www.manaus.am.gov.br\/manauscult\/#\/schema\/person\/587989a23a463cde5618e6a028977a9a"},"description":"Inaugurada pela Prefeitura de Manaus, a Casa de Praia Zezinho Corr\u00eaa, localizada no complexo tur\u00edstico Ponta Negra, zona Oeste da capital amazonense,","breadcrumb":{"@id":"https:\/\/www.manaus.am.gov.br\/manauscult\/publico-casa-de-praia\/#breadcrumb"},"inLanguage":"pt-BR","potentialAction":[{"@type":"ReadAction","target":["https:\/\/www.manaus.am.gov.br\/manauscult\/publico-casa-de-praia\/"]}]},{"@type":"ImageObject","inLanguage":"pt-BR","@id":"https:\/\/www.manaus.am.gov.br\/manauscult\/publico-casa-de-praia\/#primaryimage","url":"https:\/\/www.manaus.am.gov.br\/manauscult\/wp-content\/uploads\/sites\/11\/2024\/01\/52862679602_cef1434c05_c.jpg","contentUrl":"https:\/\/www.manaus.am.gov.br\/manauscult\/wp-content\/uploads\/sites\/11\/2024\/01\/52862679602_cef1434c05_c.jpg","width":799,"height":533},{"@type":"BreadcrumbList","@id":"https:\/\/www.manaus.am.gov.br\/manauscult\/publico-casa-de-praia\/#breadcrumb","itemListElement":[{"@type":"ListItem","position":1,"name":"Home","item":"https:\/\/www.manaus.am.gov.br\/manauscult\/"},{"@type":"ListItem","position":2,"name":"P\u00fablico se encanta com Casa de Praia e se emociona com shows"}]},{"@type":"WebSite","@id":"https:\/\/www.manaus.am.gov.br\/manauscult\/#website","url":"https:\/\/www.manaus.am.gov.br\/manauscult\/","name":"MANAUSCULT","description":"Prefeitura de Manaus","potentialAction":[{"@type":"SearchAction","target":{"@type":"EntryPoint","urlTemplate":"https:\/\/www.manaus.am.gov.br\/manauscult\/?s={search_term_string}"},"query-input":"required name=search_term_string"}],"inLanguage":"pt-BR"},{"@type":"Person","@id":"https:\/\/www.manaus.am.gov.br\/manauscult\/#\/schema\/person\/587989a23a463cde5618e6a028977a9a","name":"Maur\u00edcio Freire","image":{"@type":"ImageObject","inLanguage":"pt-BR","@id":"https:\/\/www.manaus.am.gov.br\/manauscult\/#\/schema\/person\/image\/","url":"https:\/\/secure.gravatar.com\/avatar\/dc1481799a1f75c733ac3b2634cd6749?s=96&d=mm&r=g","contentUrl":"https:\/\/secure.gravatar.com\/avatar\/dc1481799a1f75c733ac3b2634cd6749?s=96&d=mm&r=g","caption":"Maur\u00edcio Freire"}}]}},"_links":{"self":[{"href":"https:\/\/www.manaus.am.gov.br\/manauscult\/wp-json\/wp\/v2\/posts\/2075"}],"collection":[{"href":"https:\/\/www.manaus.am.gov.br\/manauscult\/wp-json\/wp\/v2\/posts"}],"about":[{"href":"https:\/\/www.manaus.am.gov.br\/manauscult\/wp-json\/wp\/v2\/types\/post"}],"author":[{"embeddable":true,"href":"https:\/\/www.manaus.am.gov.br\/manauscult\/wp-json\/wp\/v2\/users\/25"}],"replies":[{"embeddable":true,"href":"https:\/\/www.manaus.am.gov.br\/manauscult\/wp-json\/wp\/v2\/comments?post=2075"}],"version-history":[{"count":1,"href":"https:\/\/www.manaus.am.gov.br\/manauscult\/wp-json\/wp\/v2\/posts\/2075\/revisions"}],"predecessor-version":[{"id":2079,"href":"https:\/\/www.manaus.am.gov.br\/manauscult\/wp-json\/wp\/v2\/posts\/2075\/revisions\/2079"}],"wp:featuredmedia":[{"embeddable":true,"href":"https:\/\/www.manaus.am.gov.br\/manauscult\/wp-json\/wp\/v2\/media\/2078"}],"wp:attachment":[{"href":"https:\/\/www.manaus.am.gov.br\/manauscult\/wp-json\/wp\/v2\/media?parent=2075"}],"wp:term":[{"taxonomy":"category","embeddable":true,"href":"https:\/\/www.manaus.am.gov.br\/manauscult\/wp-json\/wp\/v2\/categories?post=2075"},{"taxonomy":"post_tag","embeddable":true,"href":"https:\/\/www.manaus.am.gov.br\/manauscult\/wp-json\/wp\/v2\/tags?post=2075"}],"curies":[{"name":"wp","href":"https:\/\/api.w.org\/{rel}","templated":true}]}}