{"id":2071,"date":"2023-09-16T15:59:55","date_gmt":"2023-09-16T19:59:55","guid":{"rendered":"https:\/\/www.manaus.am.gov.br\/manauscult\/diversidade-tour-nosso-centro\/"},"modified":"2024-01-16T11:08:09","modified_gmt":"2024-01-16T15:08:09","slug":"diversidade-tour-nosso-centro","status":"publish","type":"post","link":"https:\/\/www.manaus.am.gov.br\/manauscult\/diversidade-tour-nosso-centro\/","title":{"rendered":"Diversidade de p\u00fablico marca novo tour do &#8216;Vivendo o Nosso Centro&#8217;, da prefeitura"},"content":{"rendered":"\n<p>Em uma manh\u00e3 com clima mais ameno e certo tom buc\u00f3lico da luz natural, dezenas de pessoas se reuniram neste s\u00e1bado, 16\/9, em torno das edifica\u00e7\u00f5es, mem\u00f3rias, arquitetura e ancestralidade presentes na \u00e1rea central da cidade para um novo mergulho na visita t\u00e9cnica da Prefeitura de Manaus dentro do programa &#8220;Nosso Centro&#8221;, com a educa\u00e7\u00e3o patrimonial &#8220;Vivendo o Nosso Centro&#8221;.<\/p>\n\n\n\n<p>No p\u00fablico visitante que se inscreveu para fazer o tour estava o paulista Diogo Luis Esteves, que mora h\u00e1 19 anos na capital, tem bacharelado em m\u00fasica e se apresentava na \u201cOrquestra Amazonas Filarm\u00f4nica\u201d, onde ficou uma d\u00e9cada. Hoje, ele cursa Arquitetura e tamb\u00e9m atua na \u00e1rea de alimenta\u00e7\u00e3o.<\/p>\n\n\n\n<p>&#8220;O programa &#8216;Vivendo Nosso Centro&#8217; \u00e9 muito interessante. Eu que gosto de andar pelo Centro, nestes 19 anos que estou aqui, de conhecer outros lugares, \u00e9 incr\u00edvel o &#8216;Nosso Centro&#8217; estar dando este outro sentido para a cidade, para o centro hist\u00f3rico. E isso \u00e9 bom tanto para os turistas de fora quanto para os turistas internos&#8221;, comentou o m\u00fasico e futuro arquiteto.<\/p>\n\n\n\n<p>Formada em designer gr\u00e1fico e concluindo Arquitetura e Urbanismo, Thais Vieira \u00e9 natural de Itacoatiara, mas hoje mora em Manaus. Para ela, o programa trouxe uma vis\u00e3o importante que vai contribuir para o seu trabalho de conclus\u00e3o de curso em rela\u00e7\u00e3o ao patrim\u00f4nio da capital. \u201cNa pr\u00e1tica, pude ver o quanto isso \u00e9 muito bonito, al\u00e9m de intang\u00edvel. \u00c9 uma coisa que realmente a gente s\u00f3 consegue sentir visitando os locais, n\u00e3o s\u00f3 na teoria. E a revitaliza\u00e7\u00e3o vai permitir trazer a popula\u00e7\u00e3o de volta para esta \u00e1rea, resgatando o contexto hist\u00f3rico e cultural dessa preserva\u00e7\u00e3o\u201d, disse.<\/p>\n\n\n\n<p>O tour realizado neste s\u00e1bado reuniu mais de 30 pessoas no roteiro patrimonial, hist\u00f3rico, arquitet\u00f4nico e cultural, al\u00e9m de acompanharem como andam as obras do &#8220;Nosso Centro&#8221;, lan\u00e7adas pelo prefeito David Almeida, que ser\u00e3o entregues em dezembro deste ano. A chuva mudou parcialmente a configura\u00e7\u00e3o inicial da visita, mas n\u00e3o prejudicou as apresenta\u00e7\u00f5es.<\/p>\n\n\n\n<p>O circuito passa por edifica\u00e7\u00f5es, bens tombados, pra\u00e7as e ruas, em um tour montado por t\u00e9cnicos do Instituto Municipal de Planejamento Urbano (Implurb), com apoio da Funda\u00e7\u00e3o Municipal de Cultura, Turismo e Eventos (Manauscult), da Secretaria Municipal do Trabalho, Empreendedorismo e Inova\u00e7\u00e3o (Semtepi), e da Comiss\u00e3o T\u00e9cnica para Implementa\u00e7\u00e3o e Revitaliza\u00e7\u00e3o do centro hist\u00f3rico de Manaus.<\/p>\n\n\n\n<p>A participa\u00e7\u00e3o \u00e9 feita mediante inscri\u00e7\u00e3o pr\u00e9via, para grupos de at\u00e9 25 pessoas, para realizar o tour patrimonial, cultural e educativo em espa\u00e7os da capital. As visitas v\u00e3o ocorrer at\u00e9 novembro, sempre aos s\u00e1bados, com ponto de encontro na pra\u00e7a Dom Pedro 2\u00b0.<\/p>\n\n\n\n<h2 class=\"wp-block-heading\">Multidisciplinar<\/h2>\n\n\n\n<p>O acad\u00eamico do curso de Medicina Veterin\u00e1ria, Giuseppe Pinheiro, nascido em Borba, aproveitou o s\u00e1bado buc\u00f3lico para aprender mais sobre a cidade, da qual ainda n\u00e3o conhece tantos detalhes e hist\u00f3ria. \u201cEstou achando bastante interessante, porque me permite sair dessa bolha que \u00e9 basicamente a \u00e1rea de sa\u00fade, para aprender mais sobre a cultura, as edifica\u00e7\u00f5es e o patrim\u00f4nio. E ainda tem o contexto com a ancestralidade e a fauna, a paisagem natural com a interfer\u00eancia do homem, da sociedade. \u00c9 uma experi\u00eancia muito boa, de verdade, \u00e9 bom sair da bolha\u201d, comentou o universit\u00e1rio.<\/p>\n\n\n\n<p>Respons\u00e1vel por uma parte do tour cultural e de ancestralidade do roteiro, o diretor do Museu da Cidade de Manaus (Muma), Leonardo Novellino, afirmou que o \u201cVivendo o Nosso Centro\u201d \u00e9 um grande encontro promovido pela prefeitura, recebendo os mun\u00edcipes, os habitantes e visitantes da cidade para estudar, reconhecer e se apropriar do que de fato \u00e9 de todos.<\/p>\n\n\n\n<p>&#8220;Essa \u00e1rea \u00e9 maravilhosa, o marco zero da cidade, que inclui a pra\u00e7a Dom Pedro 2\u00b0, o museu da Cidade de Manaus e os novos queridinhos, os novos atrativos tur\u00edsticos. E o futuro casar\u00e3o Thiago de Mello, o mirante L\u00facia Almeida, o largo de S\u00e3o Vicente e as ruas hist\u00f3ricas v\u00e3o se somar ao conjunto. S\u00e3o encontros festivos de muita educa\u00e7\u00e3o patrimonial. E est\u00e3o todos convidados para os pr\u00f3ximos&#8221;, disse Novelino.<\/p>\n\n\n\n<h2 class=\"wp-block-heading\">Inscri\u00e7\u00f5es<\/h2>\n\n\n\n<p>Para os interessados em participar do programa, a equipe da Ger\u00eancia de Patrim\u00f4nio Hist\u00f3rico (GPH) faz a divulga\u00e7\u00e3o do link para as inscri\u00e7\u00f5es 10 dias antes de cada s\u00e1bado. O pr\u00f3ximo link, para a visita do dia 30\/9, ser\u00e1 divulgado no Instagram do Implurb no dia 20 de setembro, \u00e0s 12h.<\/p>\n\n\n\n<p>O diretor de Planejamento Urbano do Implurb, arquiteto e urbanista Pedro Paulo Cordeiro, participa do tour guiado, mostrando a import\u00e2ncia do programa, as interven\u00e7\u00f5es que est\u00e3o sendo realizadas e os eixos do trabalho, com foco em atrair mais vida, mais neg\u00f3cios e mais hist\u00f3ria para o territ\u00f3rio.<\/p>\n\n\n\n<p>\u201cUm desses eixos se encaixa exatamente nas visitas. \u00c9 necess\u00e1rio se conhecer o Centro, a hist\u00f3ria, o que que ocorreu aqui nessa \u00e1rea e as interven\u00e7\u00f5es que est\u00e3o sendo realizadas para, l\u00f3gico, vivenciar o espa\u00e7o, ter este pertencimento. Por isso, o nome do programa &#8216;Nosso Centro&#8217;, porque ele \u00e9 uma constru\u00e7\u00e3o coletiva, \u00e9 de todos\u201d, afirmou.<\/p>\n\n\n\n<p>O arquiteto lembrou que, a partir de dezembro, Manaus j\u00e1 come\u00e7a a vivenciar a revitaliza\u00e7\u00e3o com o conjunto de obras sendo entregues, al\u00e9m de poder admirar o potencial natural \u00e0s margens do rio Negro. \u201cO programa visa promover essa intera\u00e7\u00e3o entre a paisagem natural e o que pode ser constru\u00eddo\u201d.<\/p>\n\n\n\n<h2 class=\"wp-block-heading\">Obras<\/h2>\n\n\n\n<p>A prefeitura realiza, atualmente, tr\u00eas obras urban\u00edsticas no Centro, que est\u00e3o previstas para serem inauguradas em dezembro deste ano: mirante L\u00facia Almeida, casar\u00e3o Thiago de Mello e largo de S\u00e3o Vicente. O circuito passa pelos pontos de obras, mas antes, seu in\u00edcio acontece na pra\u00e7a Dom Pedro 2\u00b0, seguindo para o Muma, no pa\u00e7o da Liberdade, e rua Bernardo Ramos. O grupo passa pelas primeiras interven\u00e7\u00f5es do \u201cNosso Centro\u201d, com uma passagem pela travessa Carolina. O circuito finaliza com uma ida ao Pal\u00e1cio Rio Branco.<\/p>\n\n\n\n<p>Em todos os pontos \u00e9 feita contextualiza\u00e7\u00e3o hist\u00f3rica e arquitet\u00f4nica com \u00eanfase nos estilos e tipologias e, no caso das interven\u00e7\u00f5es em curso pela prefeitura, a \u00eanfase ser\u00e1 no tipo de constru\u00e7\u00e3o e adapta\u00e7\u00e3o ao novo uso.<\/p>\n\n\n\n<h2 class=\"wp-block-heading\">Territ\u00f3rio<\/h2>\n\n\n\n<p>A revitaliza\u00e7\u00e3o, requalifica\u00e7\u00e3o e regenera\u00e7\u00e3o do centro hist\u00f3rico de Manaus tem como foco o melhor aproveitamento da regi\u00e3o central, local que guarda valorosa riqueza cultural e patrimonial. O \u201cNosso Centro\u201d visa o resgate econ\u00f4mico da \u00e1rea, envolvendo a\u00e7\u00f5es de economia, turismo, hist\u00f3ria, empreendedorismo, cultura, arte e habita\u00e7\u00e3o.<\/p>\n\n\n\n<h2 class=\"wp-block-heading\">Pr\u00f3ximas datas (sempre aos s\u00e1bados)<\/h2>\n\n\n\n<p>30 de setembro<\/p>\n\n\n\n<p>14 de outubro<\/p>\n\n\n\n<p>28 de outubro<\/p>\n\n\n\n<p>11 de novembro<\/p>\n\n\n\n<p>25 de novembro<\/p>\n\n\n\n<p>&#8212; &#8212; &#8212;<\/p>\n\n\n\n<p><strong>Texto &#8211;<\/strong>\u00a0Cl\u00e1udia do Valle \/\u00a0Implurb<br><strong>Fotos &#8211;<\/strong>\u00a0Phill Limma\/ Semcom<br><strong>Dispon\u00edveis em<\/strong> &#8211; <a href=\"https:\/\/flic.kr\/s\/aHBqjAUW5J\" target=\"_blank\" rel=\"noreferrer noopener\">https:\/\/flic.kr\/s\/aHBqjAUW5J<\/a><\/p>\n","protected":false},"excerpt":{"rendered":"","protected":false},"author":25,"featured_media":2072,"comment_status":"closed","ping_status":"closed","sticky":false,"template":"","format":"standard","meta":{"footnotes":""},"categories":[793],"tags":[928,379,380,929,930],"acf":[],"yoast_head":"<!-- This site is optimized with the Yoast SEO plugin v23.0 - https:\/\/yoast.com\/wordpress\/plugins\/seo\/ -->\n<title>Diversidade de p\u00fablico marca novo tour do &#039;Vivendo o Nosso Centro&#039;, da prefeitura<\/title>\n<meta name=\"robots\" content=\"noindex, follow\" \/>\n<meta property=\"og:locale\" content=\"pt_BR\" \/>\n<meta property=\"og:type\" content=\"article\" \/>\n<meta property=\"og:title\" content=\"Diversidade de p\u00fablico marca novo tour do &#039;Vivendo o Nosso Centro&#039;, da prefeitura\" \/>\n<meta property=\"og:url\" content=\"https:\/\/www.manaus.am.gov.br\/manauscult\/diversidade-tour-nosso-centro\/\" \/>\n<meta property=\"og:site_name\" content=\"MANAUSCULT\" \/>\n<meta property=\"article:published_time\" content=\"2023-09-16T19:59:55+00:00\" \/>\n<meta property=\"article:modified_time\" content=\"2024-01-16T15:08:09+00:00\" \/>\n<meta property=\"og:image\" content=\"https:\/\/www.manaus.am.gov.br\/manauscult\/wp-content\/uploads\/sites\/11\/2024\/01\/53191984145_402a66feeb_c.jpg\" \/>\n\t<meta property=\"og:image:width\" content=\"799\" \/>\n\t<meta property=\"og:image:height\" content=\"533\" \/>\n\t<meta property=\"og:image:type\" content=\"image\/jpeg\" \/>\n<meta name=\"author\" content=\"Maur\u00edcio Freire\" \/>\n<meta name=\"twitter:card\" content=\"summary_large_image\" \/>\n<meta name=\"twitter:label1\" content=\"Written by\" \/>\n\t<meta name=\"twitter:data1\" content=\"Maur\u00edcio Freire\" \/>\n\t<meta name=\"twitter:label2\" content=\"Est. reading time\" \/>\n\t<meta name=\"twitter:data2\" content=\"6 minutos\" \/>\n<script type=\"application\/ld+json\" class=\"yoast-schema-graph\">{\"@context\":\"https:\/\/schema.org\",\"@graph\":[{\"@type\":\"WebPage\",\"@id\":\"https:\/\/www.manaus.am.gov.br\/manauscult\/diversidade-tour-nosso-centro\/\",\"url\":\"https:\/\/www.manaus.am.gov.br\/manauscult\/diversidade-tour-nosso-centro\/\",\"name\":\"Diversidade de p\u00fablico marca novo tour do 'Vivendo o Nosso Centro', da prefeitura\",\"isPartOf\":{\"@id\":\"https:\/\/www.manaus.am.gov.br\/manauscult\/#website\"},\"primaryImageOfPage\":{\"@id\":\"https:\/\/www.manaus.am.gov.br\/manauscult\/diversidade-tour-nosso-centro\/#primaryimage\"},\"image\":{\"@id\":\"https:\/\/www.manaus.am.gov.br\/manauscult\/diversidade-tour-nosso-centro\/#primaryimage\"},\"thumbnailUrl\":\"https:\/\/www.manaus.am.gov.br\/manauscult\/wp-content\/uploads\/sites\/11\/2024\/01\/53191984145_402a66feeb_c.jpg\",\"datePublished\":\"2023-09-16T19:59:55+00:00\",\"dateModified\":\"2024-01-16T15:08:09+00:00\",\"author\":{\"@id\":\"https:\/\/www.manaus.am.gov.br\/manauscult\/#\/schema\/person\/587989a23a463cde5618e6a028977a9a\"},\"breadcrumb\":{\"@id\":\"https:\/\/www.manaus.am.gov.br\/manauscult\/diversidade-tour-nosso-centro\/#breadcrumb\"},\"inLanguage\":\"pt-BR\",\"potentialAction\":[{\"@type\":\"ReadAction\",\"target\":[\"https:\/\/www.manaus.am.gov.br\/manauscult\/diversidade-tour-nosso-centro\/\"]}]},{\"@type\":\"ImageObject\",\"inLanguage\":\"pt-BR\",\"@id\":\"https:\/\/www.manaus.am.gov.br\/manauscult\/diversidade-tour-nosso-centro\/#primaryimage\",\"url\":\"https:\/\/www.manaus.am.gov.br\/manauscult\/wp-content\/uploads\/sites\/11\/2024\/01\/53191984145_402a66feeb_c.jpg\",\"contentUrl\":\"https:\/\/www.manaus.am.gov.br\/manauscult\/wp-content\/uploads\/sites\/11\/2024\/01\/53191984145_402a66feeb_c.jpg\",\"width\":799,\"height\":533},{\"@type\":\"BreadcrumbList\",\"@id\":\"https:\/\/www.manaus.am.gov.br\/manauscult\/diversidade-tour-nosso-centro\/#breadcrumb\",\"itemListElement\":[{\"@type\":\"ListItem\",\"position\":1,\"name\":\"Home\",\"item\":\"https:\/\/www.manaus.am.gov.br\/manauscult\/\"},{\"@type\":\"ListItem\",\"position\":2,\"name\":\"Diversidade de p\u00fablico marca novo tour do &#8216;Vivendo o Nosso Centro&#8217;, da prefeitura\"}]},{\"@type\":\"WebSite\",\"@id\":\"https:\/\/www.manaus.am.gov.br\/manauscult\/#website\",\"url\":\"https:\/\/www.manaus.am.gov.br\/manauscult\/\",\"name\":\"MANAUSCULT\",\"description\":\"Prefeitura de Manaus\",\"potentialAction\":[{\"@type\":\"SearchAction\",\"target\":{\"@type\":\"EntryPoint\",\"urlTemplate\":\"https:\/\/www.manaus.am.gov.br\/manauscult\/?s={search_term_string}\"},\"query-input\":\"required name=search_term_string\"}],\"inLanguage\":\"pt-BR\"},{\"@type\":\"Person\",\"@id\":\"https:\/\/www.manaus.am.gov.br\/manauscult\/#\/schema\/person\/587989a23a463cde5618e6a028977a9a\",\"name\":\"Maur\u00edcio Freire\",\"image\":{\"@type\":\"ImageObject\",\"inLanguage\":\"pt-BR\",\"@id\":\"https:\/\/www.manaus.am.gov.br\/manauscult\/#\/schema\/person\/image\/\",\"url\":\"https:\/\/secure.gravatar.com\/avatar\/dc1481799a1f75c733ac3b2634cd6749?s=96&d=mm&r=g\",\"contentUrl\":\"https:\/\/secure.gravatar.com\/avatar\/dc1481799a1f75c733ac3b2634cd6749?s=96&d=mm&r=g\",\"caption\":\"Maur\u00edcio Freire\"}}]}<\/script>\n<!-- \/ Yoast SEO plugin. -->","yoast_head_json":{"title":"Diversidade de p\u00fablico marca novo tour do 'Vivendo o Nosso Centro', da prefeitura","robots":{"index":"noindex","follow":"follow"},"og_locale":"pt_BR","og_type":"article","og_title":"Diversidade de p\u00fablico marca novo tour do 'Vivendo o Nosso Centro', da prefeitura","og_url":"https:\/\/www.manaus.am.gov.br\/manauscult\/diversidade-tour-nosso-centro\/","og_site_name":"MANAUSCULT","article_published_time":"2023-09-16T19:59:55+00:00","article_modified_time":"2024-01-16T15:08:09+00:00","og_image":[{"width":799,"height":533,"url":"https:\/\/www.manaus.am.gov.br\/manauscult\/wp-content\/uploads\/sites\/11\/2024\/01\/53191984145_402a66feeb_c.jpg","type":"image\/jpeg"}],"author":"Maur\u00edcio Freire","twitter_card":"summary_large_image","twitter_misc":{"Written by":"Maur\u00edcio Freire","Est. reading time":"6 minutos"},"schema":{"@context":"https:\/\/schema.org","@graph":[{"@type":"WebPage","@id":"https:\/\/www.manaus.am.gov.br\/manauscult\/diversidade-tour-nosso-centro\/","url":"https:\/\/www.manaus.am.gov.br\/manauscult\/diversidade-tour-nosso-centro\/","name":"Diversidade de p\u00fablico marca novo tour do 'Vivendo o Nosso Centro', da prefeitura","isPartOf":{"@id":"https:\/\/www.manaus.am.gov.br\/manauscult\/#website"},"primaryImageOfPage":{"@id":"https:\/\/www.manaus.am.gov.br\/manauscult\/diversidade-tour-nosso-centro\/#primaryimage"},"image":{"@id":"https:\/\/www.manaus.am.gov.br\/manauscult\/diversidade-tour-nosso-centro\/#primaryimage"},"thumbnailUrl":"https:\/\/www.manaus.am.gov.br\/manauscult\/wp-content\/uploads\/sites\/11\/2024\/01\/53191984145_402a66feeb_c.jpg","datePublished":"2023-09-16T19:59:55+00:00","dateModified":"2024-01-16T15:08:09+00:00","author":{"@id":"https:\/\/www.manaus.am.gov.br\/manauscult\/#\/schema\/person\/587989a23a463cde5618e6a028977a9a"},"breadcrumb":{"@id":"https:\/\/www.manaus.am.gov.br\/manauscult\/diversidade-tour-nosso-centro\/#breadcrumb"},"inLanguage":"pt-BR","potentialAction":[{"@type":"ReadAction","target":["https:\/\/www.manaus.am.gov.br\/manauscult\/diversidade-tour-nosso-centro\/"]}]},{"@type":"ImageObject","inLanguage":"pt-BR","@id":"https:\/\/www.manaus.am.gov.br\/manauscult\/diversidade-tour-nosso-centro\/#primaryimage","url":"https:\/\/www.manaus.am.gov.br\/manauscult\/wp-content\/uploads\/sites\/11\/2024\/01\/53191984145_402a66feeb_c.jpg","contentUrl":"https:\/\/www.manaus.am.gov.br\/manauscult\/wp-content\/uploads\/sites\/11\/2024\/01\/53191984145_402a66feeb_c.jpg","width":799,"height":533},{"@type":"BreadcrumbList","@id":"https:\/\/www.manaus.am.gov.br\/manauscult\/diversidade-tour-nosso-centro\/#breadcrumb","itemListElement":[{"@type":"ListItem","position":1,"name":"Home","item":"https:\/\/www.manaus.am.gov.br\/manauscult\/"},{"@type":"ListItem","position":2,"name":"Diversidade de p\u00fablico marca novo tour do &#8216;Vivendo o Nosso Centro&#8217;, da prefeitura"}]},{"@type":"WebSite","@id":"https:\/\/www.manaus.am.gov.br\/manauscult\/#website","url":"https:\/\/www.manaus.am.gov.br\/manauscult\/","name":"MANAUSCULT","description":"Prefeitura de Manaus","potentialAction":[{"@type":"SearchAction","target":{"@type":"EntryPoint","urlTemplate":"https:\/\/www.manaus.am.gov.br\/manauscult\/?s={search_term_string}"},"query-input":"required name=search_term_string"}],"inLanguage":"pt-BR"},{"@type":"Person","@id":"https:\/\/www.manaus.am.gov.br\/manauscult\/#\/schema\/person\/587989a23a463cde5618e6a028977a9a","name":"Maur\u00edcio Freire","image":{"@type":"ImageObject","inLanguage":"pt-BR","@id":"https:\/\/www.manaus.am.gov.br\/manauscult\/#\/schema\/person\/image\/","url":"https:\/\/secure.gravatar.com\/avatar\/dc1481799a1f75c733ac3b2634cd6749?s=96&d=mm&r=g","contentUrl":"https:\/\/secure.gravatar.com\/avatar\/dc1481799a1f75c733ac3b2634cd6749?s=96&d=mm&r=g","caption":"Maur\u00edcio Freire"}}]}},"_links":{"self":[{"href":"https:\/\/www.manaus.am.gov.br\/manauscult\/wp-json\/wp\/v2\/posts\/2071"}],"collection":[{"href":"https:\/\/www.manaus.am.gov.br\/manauscult\/wp-json\/wp\/v2\/posts"}],"about":[{"href":"https:\/\/www.manaus.am.gov.br\/manauscult\/wp-json\/wp\/v2\/types\/post"}],"author":[{"embeddable":true,"href":"https:\/\/www.manaus.am.gov.br\/manauscult\/wp-json\/wp\/v2\/users\/25"}],"replies":[{"embeddable":true,"href":"https:\/\/www.manaus.am.gov.br\/manauscult\/wp-json\/wp\/v2\/comments?post=2071"}],"version-history":[{"count":0,"href":"https:\/\/www.manaus.am.gov.br\/manauscult\/wp-json\/wp\/v2\/posts\/2071\/revisions"}],"wp:featuredmedia":[{"embeddable":true,"href":"https:\/\/www.manaus.am.gov.br\/manauscult\/wp-json\/wp\/v2\/media\/2072"}],"wp:attachment":[{"href":"https:\/\/www.manaus.am.gov.br\/manauscult\/wp-json\/wp\/v2\/media?parent=2071"}],"wp:term":[{"taxonomy":"category","embeddable":true,"href":"https:\/\/www.manaus.am.gov.br\/manauscult\/wp-json\/wp\/v2\/categories?post=2071"},{"taxonomy":"post_tag","embeddable":true,"href":"https:\/\/www.manaus.am.gov.br\/manauscult\/wp-json\/wp\/v2\/tags?post=2071"}],"curies":[{"name":"wp","href":"https:\/\/api.w.org\/{rel}","templated":true}]}}