{"id":2067,"date":"2023-12-28T22:16:40","date_gmt":"2023-12-29T02:16:40","guid":{"rendered":"https:\/\/www.manaus.am.gov.br\/manauscult\/prefeito-david-almeida-reune-o-trade-turistico-para-apresentar-o-mirante-lucia-almeida-e-projetos-para-o-centro-historico\/"},"modified":"2024-01-16T10:49:57","modified_gmt":"2024-01-16T14:49:57","slug":"prefeito-david-almeida-reune-o-trade-turistico-para-apresentar-o-mirante-lucia-almeida-e-projetos-para-o-centro-historico","status":"publish","type":"post","link":"https:\/\/www.manaus.am.gov.br\/manauscult\/prefeito-david-almeida-reune-o-trade-turistico-para-apresentar-o-mirante-lucia-almeida-e-projetos-para-o-centro-historico\/","title":{"rendered":"Prefeito David Almeida re\u00fane o trade tur\u00edstico para apresentar o mirante L\u00facia Almeida e projetos para o Centro Hist\u00f3rico"},"content":{"rendered":"\n<p>O prefeito David Almeida reuniu, no final da tarde desta quinta-feira, 28\/12, empres\u00e1rios do trade tur\u00edstico de Manaus para apresentar o mirante L\u00facia Almeida e os projetos da administra\u00e7\u00e3o municipal para reabilitar o centro hist\u00f3rico da capital amazonense. A reuni\u00e3o aconteceu no terceiro andar do mirante, localizado na avenida Sete de Setembro, pr\u00f3ximo \u00e0 base da Marinha, na Ilha de S\u00e3o Vicente, no cora\u00e7\u00e3o do Centro da cidade. O mirante deve ser entregue no dia 17 de fevereiro do pr\u00f3ximo ano.<\/p>\n\n\n\n<p>Na ocasi\u00e3o o chefe do Executivo municipal ressaltou a necessidade de transformar a experi\u00eancia tur\u00edstica em Manaus, especialmente no porto, a partir da cria\u00e7\u00e3o de um ambiente mais agrad\u00e1vel e atraente. A ideia, segundo ele, \u00e9 proporcionar aos turistas uma impress\u00e3o positiva da cidade, oferecendo atra\u00e7\u00f5es culturais, artesanato e gastronomia.<\/p>\n\n\n\n<p>\u201cNosso objetivo \u00e9 proporcionar aos turistas uma impress\u00e3o positiva da cidade, oferecendo atra\u00e7\u00f5es culturais, artesanato e gastronomia. Toda essa estrutura que estamos construindo vai oferecer vistas panor\u00e2micas do rio e da floresta, um ponto, no centro da cidade, para contemplar o p\u00f4r do sol, entre outros atrativos. Teremos aqui o primeiro skyglass (plataforma de vidro e a\u00e7o) de Manaus, que dever\u00e1 demorar um pouco mais de tempo para ficar pronto porque \u00e9 um projeto muito mais complexo\u201d, explicou o prefeito.<\/p>\n\n\n\n<p>Segundo ele, o mirante L\u00facia Almeida \u00e9 uma das grandes entregas que a prefeitura far\u00e1 para a cidade. \u201cAinda temos uma outra concep\u00e7\u00e3o como essa, l\u00e1 no Encontro das \u00c1guas, uma obra do (Oscar) Niemeyer, que j\u00e1 licitamos, demos a ordem de servi\u00e7o. S\u00e3o obras que permitir\u00e3o \u00e0s pessoas que visitam Manaus, os turistas, contemplar nossas belezas naturais em locais adequados\u201d, disse.<\/p>\n\n\n\n<p>O projeto do mirante \u00e9 do Instituto Municipal de Planejamento Urbano (Implurb) e o de Turismo foi elaborado pela Funda\u00e7\u00e3o Municipal de Cultura, Turismo e Eventos (Manauscult), com objetivo de promover tamb\u00e9m, solu\u00e7\u00f5es urban\u00edsticas e desenvolver opera\u00e7\u00f5es para fomento a neg\u00f3cios em diferentes segmentos do turismo, como ressaltou o diretor de turismo da Manauscult, Evil\u00e1sio Nascimento.<\/p>\n\n\n\n<p>\u201cEsse complexo que ser\u00e1 entregue para Manaus, vai abrir espa\u00e7o para todo o trade tur\u00edstico, n\u00e3o s\u00f3 na \u00e1rea de gastronomia, mas para os agentes de viagens, porque a cidade passar\u00e1 a ter um turismo receptivo adequado, conferindo a Manaus a identifica\u00e7\u00e3o tur\u00edstica que precisa. Nosso projeto, a partir desse mirante e de todos os outros equipamentos que constam na plataforma de governo do prefeito David Almeida, para o turismo e a cultura, permitir\u00e3o uma uni\u00e3o de esfor\u00e7os com todas as pessoas que fazem turismo na capital\u201d, apontou o diretor.<\/p>\n\n\n\n<p><strong>Estrutura<\/strong><\/p>\n\n\n\n<p>O mirante, que conta com uma \u00e1rea de mais de 5 mil metros quadrados, faz parte do programa \u201cNosso Centro\u201d, que visa o resgate econ\u00f4mico da \u00e1rea, envolvendo a\u00e7\u00f5es de economia, turismo, hist\u00f3ria, empreendedorismo, cultura, arte e habita\u00e7\u00e3o.<\/p>\n\n\n\n<p>Ao apresentar o projeto, David Almeida destacou o p\u00eder tur\u00edstico que ser\u00e1 montado no mirante a partir dos meses de mar\u00e7o e abril de 2024, quando o rio Negro estiver cheio, permitindo que o turista, visitante e morador da cidade desembarque na Ilha de S\u00e3o Vicente e j\u00e1 passe a vivenciar uma parte da hist\u00f3ria de Manaus.<\/p>\n\n\n\n<p>\u201cAqui n\u00f3s vamos ter um p\u00eder, com uma concep\u00e7\u00e3o moderna, iluminado, que dar\u00e1 acesso a um local onde ser\u00e1 poss\u00edvel encontrar variadas op\u00e7\u00f5es gastron\u00f4micas, bem no cora\u00e7\u00e3o de Manaus. Sem contar que estaremos contribuindo para dar aos turistas que chegam nos navios de cruzeiro, uma impress\u00e3o positiva, uma realidade muito diferente do que acontece nas atuais condi\u00e7\u00f5es de desembarque na cidade\u201d, destacou.<\/p>\n\n\n\n<p>&#8212; &#8212; &#8212;<\/p>\n\n\n\n<p><strong>Texto<\/strong> \u2013 Divulga\u00e7\u00e3o \/ Semcom<\/p>\n\n\n\n<p><strong>Fotos <\/strong>\u2013 Valdo Le\u00e3o \/ Semcom<\/p>\n","protected":false},"excerpt":{"rendered":"","protected":false},"author":61,"featured_media":2068,"comment_status":"closed","ping_status":"closed","sticky":false,"template":"","format":"standard","meta":{"footnotes":""},"categories":[18],"tags":[67,380,11,103],"acf":[],"yoast_head":"<!-- This site is optimized with the Yoast SEO plugin v23.0 - https:\/\/yoast.com\/wordpress\/plugins\/seo\/ -->\n<title>Prefeito David Almeida re\u00fane o trade tur\u00edstico<\/title>\n<meta name=\"description\" content=\"O prefeito David Almeida reuniu, nesta quinta-feira, 28\/12, empres\u00e1rios do trade tur\u00edstico de Manaus para apresentar o mirante L\u00facia Almeida\" \/>\n<meta name=\"robots\" content=\"noindex, follow\" \/>\n<meta property=\"og:locale\" content=\"pt_BR\" \/>\n<meta property=\"og:type\" content=\"article\" \/>\n<meta property=\"og:title\" content=\"Prefeito David Almeida re\u00fane o trade tur\u00edstico\" \/>\n<meta property=\"og:description\" content=\"O prefeito David Almeida reuniu, nesta quinta-feira, 28\/12, empres\u00e1rios do trade tur\u00edstico de Manaus para apresentar o mirante L\u00facia Almeida\" \/>\n<meta property=\"og:url\" content=\"https:\/\/www.manaus.am.gov.br\/manauscult\/prefeito-david-almeida-reune-o-trade-turistico-para-apresentar-o-mirante-lucia-almeida-e-projetos-para-o-centro-historico\/\" \/>\n<meta property=\"og:site_name\" content=\"MANAUSCULT\" \/>\n<meta property=\"article:published_time\" content=\"2023-12-29T02:16:40+00:00\" \/>\n<meta property=\"article:modified_time\" content=\"2024-01-16T14:49:57+00:00\" \/>\n<meta property=\"og:image\" content=\"https:\/\/www.manaus.am.gov.br\/manauscult\/wp-content\/uploads\/sites\/11\/2024\/01\/Apresentacao-Mirante-2.jpg\" \/>\n\t<meta property=\"og:image:width\" content=\"692\" \/>\n\t<meta property=\"og:image:height\" content=\"472\" \/>\n\t<meta property=\"og:image:type\" content=\"image\/jpeg\" \/>\n<meta name=\"author\" content=\"smonteiro\" \/>\n<meta name=\"twitter:card\" content=\"summary_large_image\" \/>\n<meta name=\"twitter:label1\" content=\"Written by\" \/>\n\t<meta name=\"twitter:data1\" content=\"smonteiro\" \/>\n\t<meta name=\"twitter:label2\" content=\"Est. reading time\" \/>\n\t<meta name=\"twitter:data2\" content=\"4 minutos\" \/>\n<script type=\"application\/ld+json\" class=\"yoast-schema-graph\">{\"@context\":\"https:\/\/schema.org\",\"@graph\":[{\"@type\":\"WebPage\",\"@id\":\"https:\/\/www.manaus.am.gov.br\/manauscult\/prefeito-david-almeida-reune-o-trade-turistico-para-apresentar-o-mirante-lucia-almeida-e-projetos-para-o-centro-historico\/\",\"url\":\"https:\/\/www.manaus.am.gov.br\/manauscult\/prefeito-david-almeida-reune-o-trade-turistico-para-apresentar-o-mirante-lucia-almeida-e-projetos-para-o-centro-historico\/\",\"name\":\"Prefeito David Almeida re\u00fane o trade tur\u00edstico\",\"isPartOf\":{\"@id\":\"https:\/\/www.manaus.am.gov.br\/manauscult\/#website\"},\"primaryImageOfPage\":{\"@id\":\"https:\/\/www.manaus.am.gov.br\/manauscult\/prefeito-david-almeida-reune-o-trade-turistico-para-apresentar-o-mirante-lucia-almeida-e-projetos-para-o-centro-historico\/#primaryimage\"},\"image\":{\"@id\":\"https:\/\/www.manaus.am.gov.br\/manauscult\/prefeito-david-almeida-reune-o-trade-turistico-para-apresentar-o-mirante-lucia-almeida-e-projetos-para-o-centro-historico\/#primaryimage\"},\"thumbnailUrl\":\"https:\/\/www.manaus.am.gov.br\/manauscult\/wp-content\/uploads\/sites\/11\/2024\/01\/Apresentacao-Mirante-2.jpg\",\"datePublished\":\"2023-12-29T02:16:40+00:00\",\"dateModified\":\"2024-01-16T14:49:57+00:00\",\"author\":{\"@id\":\"https:\/\/www.manaus.am.gov.br\/manauscult\/#\/schema\/person\/ab4dcf766a54dff74e8d267f5c591961\"},\"description\":\"O prefeito David Almeida reuniu, nesta quinta-feira, 28\/12, empres\u00e1rios do trade tur\u00edstico de Manaus para apresentar o mirante L\u00facia Almeida\",\"breadcrumb\":{\"@id\":\"https:\/\/www.manaus.am.gov.br\/manauscult\/prefeito-david-almeida-reune-o-trade-turistico-para-apresentar-o-mirante-lucia-almeida-e-projetos-para-o-centro-historico\/#breadcrumb\"},\"inLanguage\":\"pt-BR\",\"potentialAction\":[{\"@type\":\"ReadAction\",\"target\":[\"https:\/\/www.manaus.am.gov.br\/manauscult\/prefeito-david-almeida-reune-o-trade-turistico-para-apresentar-o-mirante-lucia-almeida-e-projetos-para-o-centro-historico\/\"]}]},{\"@type\":\"ImageObject\",\"inLanguage\":\"pt-BR\",\"@id\":\"https:\/\/www.manaus.am.gov.br\/manauscult\/prefeito-david-almeida-reune-o-trade-turistico-para-apresentar-o-mirante-lucia-almeida-e-projetos-para-o-centro-historico\/#primaryimage\",\"url\":\"https:\/\/www.manaus.am.gov.br\/manauscult\/wp-content\/uploads\/sites\/11\/2024\/01\/Apresentacao-Mirante-2.jpg\",\"contentUrl\":\"https:\/\/www.manaus.am.gov.br\/manauscult\/wp-content\/uploads\/sites\/11\/2024\/01\/Apresentacao-Mirante-2.jpg\",\"width\":692,\"height\":472,\"caption\":\"#paratodosverem - Prefeito David Almeida apresenta o projeto do mirante L\u00facia Almeida para empres\u00e1rios\"},{\"@type\":\"BreadcrumbList\",\"@id\":\"https:\/\/www.manaus.am.gov.br\/manauscult\/prefeito-david-almeida-reune-o-trade-turistico-para-apresentar-o-mirante-lucia-almeida-e-projetos-para-o-centro-historico\/#breadcrumb\",\"itemListElement\":[{\"@type\":\"ListItem\",\"position\":1,\"name\":\"Home\",\"item\":\"https:\/\/www.manaus.am.gov.br\/manauscult\/\"},{\"@type\":\"ListItem\",\"position\":2,\"name\":\"Prefeito David Almeida re\u00fane o trade tur\u00edstico para apresentar o mirante L\u00facia Almeida e projetos para o Centro Hist\u00f3rico\"}]},{\"@type\":\"WebSite\",\"@id\":\"https:\/\/www.manaus.am.gov.br\/manauscult\/#website\",\"url\":\"https:\/\/www.manaus.am.gov.br\/manauscult\/\",\"name\":\"MANAUSCULT\",\"description\":\"Prefeitura de Manaus\",\"potentialAction\":[{\"@type\":\"SearchAction\",\"target\":{\"@type\":\"EntryPoint\",\"urlTemplate\":\"https:\/\/www.manaus.am.gov.br\/manauscult\/?s={search_term_string}\"},\"query-input\":\"required name=search_term_string\"}],\"inLanguage\":\"pt-BR\"},{\"@type\":\"Person\",\"@id\":\"https:\/\/www.manaus.am.gov.br\/manauscult\/#\/schema\/person\/ab4dcf766a54dff74e8d267f5c591961\",\"name\":\"smonteiro\",\"image\":{\"@type\":\"ImageObject\",\"inLanguage\":\"pt-BR\",\"@id\":\"https:\/\/www.manaus.am.gov.br\/manauscult\/#\/schema\/person\/image\/\",\"url\":\"https:\/\/secure.gravatar.com\/avatar\/21c8776ef61d9272c73322052e042d77?s=96&d=mm&r=g\",\"contentUrl\":\"https:\/\/secure.gravatar.com\/avatar\/21c8776ef61d9272c73322052e042d77?s=96&d=mm&r=g\",\"caption\":\"smonteiro\"}}]}<\/script>\n<!-- \/ Yoast SEO plugin. -->","yoast_head_json":{"title":"Prefeito David Almeida re\u00fane o trade tur\u00edstico","description":"O prefeito David Almeida reuniu, nesta quinta-feira, 28\/12, empres\u00e1rios do trade tur\u00edstico de Manaus para apresentar o mirante L\u00facia Almeida","robots":{"index":"noindex","follow":"follow"},"og_locale":"pt_BR","og_type":"article","og_title":"Prefeito David Almeida re\u00fane o trade tur\u00edstico","og_description":"O prefeito David Almeida reuniu, nesta quinta-feira, 28\/12, empres\u00e1rios do trade tur\u00edstico de Manaus para apresentar o mirante L\u00facia Almeida","og_url":"https:\/\/www.manaus.am.gov.br\/manauscult\/prefeito-david-almeida-reune-o-trade-turistico-para-apresentar-o-mirante-lucia-almeida-e-projetos-para-o-centro-historico\/","og_site_name":"MANAUSCULT","article_published_time":"2023-12-29T02:16:40+00:00","article_modified_time":"2024-01-16T14:49:57+00:00","og_image":[{"width":692,"height":472,"url":"https:\/\/www.manaus.am.gov.br\/manauscult\/wp-content\/uploads\/sites\/11\/2024\/01\/Apresentacao-Mirante-2.jpg","type":"image\/jpeg"}],"author":"smonteiro","twitter_card":"summary_large_image","twitter_misc":{"Written by":"smonteiro","Est. reading time":"4 minutos"},"schema":{"@context":"https:\/\/schema.org","@graph":[{"@type":"WebPage","@id":"https:\/\/www.manaus.am.gov.br\/manauscult\/prefeito-david-almeida-reune-o-trade-turistico-para-apresentar-o-mirante-lucia-almeida-e-projetos-para-o-centro-historico\/","url":"https:\/\/www.manaus.am.gov.br\/manauscult\/prefeito-david-almeida-reune-o-trade-turistico-para-apresentar-o-mirante-lucia-almeida-e-projetos-para-o-centro-historico\/","name":"Prefeito David Almeida re\u00fane o trade tur\u00edstico","isPartOf":{"@id":"https:\/\/www.manaus.am.gov.br\/manauscult\/#website"},"primaryImageOfPage":{"@id":"https:\/\/www.manaus.am.gov.br\/manauscult\/prefeito-david-almeida-reune-o-trade-turistico-para-apresentar-o-mirante-lucia-almeida-e-projetos-para-o-centro-historico\/#primaryimage"},"image":{"@id":"https:\/\/www.manaus.am.gov.br\/manauscult\/prefeito-david-almeida-reune-o-trade-turistico-para-apresentar-o-mirante-lucia-almeida-e-projetos-para-o-centro-historico\/#primaryimage"},"thumbnailUrl":"https:\/\/www.manaus.am.gov.br\/manauscult\/wp-content\/uploads\/sites\/11\/2024\/01\/Apresentacao-Mirante-2.jpg","datePublished":"2023-12-29T02:16:40+00:00","dateModified":"2024-01-16T14:49:57+00:00","author":{"@id":"https:\/\/www.manaus.am.gov.br\/manauscult\/#\/schema\/person\/ab4dcf766a54dff74e8d267f5c591961"},"description":"O prefeito David Almeida reuniu, nesta quinta-feira, 28\/12, empres\u00e1rios do trade tur\u00edstico de Manaus para apresentar o mirante L\u00facia Almeida","breadcrumb":{"@id":"https:\/\/www.manaus.am.gov.br\/manauscult\/prefeito-david-almeida-reune-o-trade-turistico-para-apresentar-o-mirante-lucia-almeida-e-projetos-para-o-centro-historico\/#breadcrumb"},"inLanguage":"pt-BR","potentialAction":[{"@type":"ReadAction","target":["https:\/\/www.manaus.am.gov.br\/manauscult\/prefeito-david-almeida-reune-o-trade-turistico-para-apresentar-o-mirante-lucia-almeida-e-projetos-para-o-centro-historico\/"]}]},{"@type":"ImageObject","inLanguage":"pt-BR","@id":"https:\/\/www.manaus.am.gov.br\/manauscult\/prefeito-david-almeida-reune-o-trade-turistico-para-apresentar-o-mirante-lucia-almeida-e-projetos-para-o-centro-historico\/#primaryimage","url":"https:\/\/www.manaus.am.gov.br\/manauscult\/wp-content\/uploads\/sites\/11\/2024\/01\/Apresentacao-Mirante-2.jpg","contentUrl":"https:\/\/www.manaus.am.gov.br\/manauscult\/wp-content\/uploads\/sites\/11\/2024\/01\/Apresentacao-Mirante-2.jpg","width":692,"height":472,"caption":"#paratodosverem - Prefeito David Almeida apresenta o projeto do mirante L\u00facia Almeida para empres\u00e1rios"},{"@type":"BreadcrumbList","@id":"https:\/\/www.manaus.am.gov.br\/manauscult\/prefeito-david-almeida-reune-o-trade-turistico-para-apresentar-o-mirante-lucia-almeida-e-projetos-para-o-centro-historico\/#breadcrumb","itemListElement":[{"@type":"ListItem","position":1,"name":"Home","item":"https:\/\/www.manaus.am.gov.br\/manauscult\/"},{"@type":"ListItem","position":2,"name":"Prefeito David Almeida re\u00fane o trade tur\u00edstico para apresentar o mirante L\u00facia Almeida e projetos para o Centro Hist\u00f3rico"}]},{"@type":"WebSite","@id":"https:\/\/www.manaus.am.gov.br\/manauscult\/#website","url":"https:\/\/www.manaus.am.gov.br\/manauscult\/","name":"MANAUSCULT","description":"Prefeitura de Manaus","potentialAction":[{"@type":"SearchAction","target":{"@type":"EntryPoint","urlTemplate":"https:\/\/www.manaus.am.gov.br\/manauscult\/?s={search_term_string}"},"query-input":"required name=search_term_string"}],"inLanguage":"pt-BR"},{"@type":"Person","@id":"https:\/\/www.manaus.am.gov.br\/manauscult\/#\/schema\/person\/ab4dcf766a54dff74e8d267f5c591961","name":"smonteiro","image":{"@type":"ImageObject","inLanguage":"pt-BR","@id":"https:\/\/www.manaus.am.gov.br\/manauscult\/#\/schema\/person\/image\/","url":"https:\/\/secure.gravatar.com\/avatar\/21c8776ef61d9272c73322052e042d77?s=96&d=mm&r=g","contentUrl":"https:\/\/secure.gravatar.com\/avatar\/21c8776ef61d9272c73322052e042d77?s=96&d=mm&r=g","caption":"smonteiro"}}]}},"_links":{"self":[{"href":"https:\/\/www.manaus.am.gov.br\/manauscult\/wp-json\/wp\/v2\/posts\/2067"}],"collection":[{"href":"https:\/\/www.manaus.am.gov.br\/manauscult\/wp-json\/wp\/v2\/posts"}],"about":[{"href":"https:\/\/www.manaus.am.gov.br\/manauscult\/wp-json\/wp\/v2\/types\/post"}],"author":[{"embeddable":true,"href":"https:\/\/www.manaus.am.gov.br\/manauscult\/wp-json\/wp\/v2\/users\/61"}],"replies":[{"embeddable":true,"href":"https:\/\/www.manaus.am.gov.br\/manauscult\/wp-json\/wp\/v2\/comments?post=2067"}],"version-history":[{"count":0,"href":"https:\/\/www.manaus.am.gov.br\/manauscult\/wp-json\/wp\/v2\/posts\/2067\/revisions"}],"wp:featuredmedia":[{"embeddable":true,"href":"https:\/\/www.manaus.am.gov.br\/manauscult\/wp-json\/wp\/v2\/media\/2068"}],"wp:attachment":[{"href":"https:\/\/www.manaus.am.gov.br\/manauscult\/wp-json\/wp\/v2\/media?parent=2067"}],"wp:term":[{"taxonomy":"category","embeddable":true,"href":"https:\/\/www.manaus.am.gov.br\/manauscult\/wp-json\/wp\/v2\/categories?post=2067"},{"taxonomy":"post_tag","embeddable":true,"href":"https:\/\/www.manaus.am.gov.br\/manauscult\/wp-json\/wp\/v2\/tags?post=2067"}],"curies":[{"name":"wp","href":"https:\/\/api.w.org\/{rel}","templated":true}]}}