{"id":2049,"date":"2024-01-12T20:28:04","date_gmt":"2024-01-13T00:28:04","guid":{"rendered":"https:\/\/www.manaus.am.gov.br\/manauscult\/prefeitura-comemora-os-57-anos-da-biblioteca-municipal-joao-bosco-pantoja-evangelista\/"},"modified":"2024-01-12T20:28:04","modified_gmt":"2024-01-13T00:28:04","slug":"prefeitura-comemora-os-57-anos-da-biblioteca-municipal-joao-bosco-pantoja-evangelista","status":"publish","type":"post","link":"https:\/\/www.manaus.am.gov.br\/manauscult\/prefeitura-comemora-os-57-anos-da-biblioteca-municipal-joao-bosco-pantoja-evangelista\/","title":{"rendered":"Prefeitura comemora os 57 anos da Biblioteca Municipal Jo\u00e3o Bosco Pantoja Evangelista"},"content":{"rendered":"\n<p>No m\u00eas em que a Biblioteca Municipal Jo\u00e3o Bosco Pantoja Evangelista completa 57 anos, a Prefeitura de Manaus, por meio da Funda\u00e7\u00e3o Municipal de Cultura, Turismo e Eventos (Manauscult), que administra o espa\u00e7o, refor\u00e7a o compromisso de entregar os melhores servi\u00e7os aos usu\u00e1rios.<\/p>\n\n\n\n<p>O diretor de Cultura da Manauscult, Wallace Almeida, destaca a import\u00e2ncia da biblioteca como meio para disseminar e preservar a mem\u00f3ria da cultura amazonense, reafirmando o objetivo da gest\u00e3o municipal no fomento e difus\u00e3o cultural.<\/p>\n\n\n\n<p>\u201cA Biblioteca Jo\u00e3o Bosco Pantoja Evangelista \u00e9 um equipamento cultural muito importante para nossa cidade, pois seu acervo abriga grandes autores que fortalecem nosso patrim\u00f4nio hist\u00f3rico. Assim como seu pr\u00e9dio, uma joia da arquitetura no centro hist\u00f3rico e sua conserva\u00e7\u00e3o para o uso pleno de suas instala\u00e7\u00f5es, refor\u00e7a ainda mais o compromisso da prefeitura em valorizar e difundir a cultura dentro dos nossos espa\u00e7os culturais p\u00fablicos\u201d, ressalta.<\/p>\n\n\n\n<p><strong>Servi\u00e7os<\/strong><\/p>\n\n\n\n<p>A biblioteca Municipal Jo\u00e3o Bosco Pantoja Evangelista \u00e9 um espa\u00e7o que abriga obras de grandes autores da cultura regional e pinturas de grandes expoentes da cultura manauara, al\u00e9m de contar com um acervo de aproximadamente 35 mil exemplares, entre obras gerais e de tem\u00e1tica amaz\u00f4nica, al\u00e9m de disponibilizar salas climatizadas para leitura, estudo e pesquisa, al\u00e9m de computadores e tablets com conex\u00e3o \u00e0 internet, servi\u00e7o de empr\u00e9stimo domiciliar e pesquisas para levantamento bibliogr\u00e1fico.<\/p>\n\n\n\n<p>Silene Batista, diretora do equipamento municipal, chama aten\u00e7\u00e3o para o espa\u00e7o \u201ckids\u201d da biblioteca, que oferece ampla variedade de livros e atividades destinadas ao p\u00fablico infantil.<\/p>\n\n\n<div class=\"wp-block-image\">\n<figure class=\"aligncenter size-full\"><img loading=\"lazy\" decoding=\"async\" width=\"800\" height=\"533\" src=\"https:\/\/www.manaus.am.gov.br\/manauscult\/wp-content\/uploads\/sites\/11\/2024\/01\/Biblioteca-Joao-Bosco-Pantoja-Evangelista-3.jpg\" alt=\"\" class=\"wp-image-2052\" srcset=\"https:\/\/www.manaus.am.gov.br\/manauscult\/wp-content\/uploads\/sites\/11\/2024\/01\/Biblioteca-Joao-Bosco-Pantoja-Evangelista-3.jpg 800w, https:\/\/www.manaus.am.gov.br\/manauscult\/wp-content\/uploads\/sites\/11\/2024\/01\/Biblioteca-Joao-Bosco-Pantoja-Evangelista-3-300x200.jpg 300w, https:\/\/www.manaus.am.gov.br\/manauscult\/wp-content\/uploads\/sites\/11\/2024\/01\/Biblioteca-Joao-Bosco-Pantoja-Evangelista-3-768x512.jpg 768w\" sizes=\"(max-width: 800px) 100vw, 800px\" \/><figcaption class=\"wp-element-caption\">Espa\u00e7o &#8220;kids&#8221;<\/figcaption><\/figure><\/div>\n\n\n<p>\u201cO espa\u00e7o kids da biblioteca \u00e9 um ambiente projetado para crian\u00e7as, visando promover o interesse pela leitura. Esse espa\u00e7o \u00e9 equipado com livros infantis, jogos educativos e atividades interativas, proporcionando um ambiente acolhedor e estimulante para o desenvolvimento das habilidades de leitura nas crian\u00e7as\u201d, explica.<\/p>\n\n\n\n<p>Para ter acesso aos servi\u00e7os da biblioteca e retirar obras por empr\u00e9stimo \u00e9 necess\u00e1rio fazer cadastro com apresenta\u00e7\u00e3o de documento de identidade com foto e comprovante de resid\u00eancia. As crian\u00e7as devem estar acompanhadas pelos pais ou respons\u00e1veis enquanto estiverem no local.<\/p>\n\n\n\n<p>A biblioteca Municipal Jo\u00e3o Bosco Pantoja est\u00e1 localizada na esquina da Rua Monsenhor Coutinho, em frente \u00e0 Pra\u00e7a do Congresso, e funciona de segunda a sexta-feira das 9 \u00e0s 17 horas.<\/p>\n\n\n\n<p>&#8212; &#8212; &#8212;<\/p>\n\n\n\n<p><strong>Texto &#8211; <\/strong>Oliveira Junior \/ Manauscult<\/p>\n\n\n\n<p><strong>Fotos<\/strong> &#8211; Divulga\u00e7\u00e3o \/ Semcom<\/p>\n","protected":false},"excerpt":{"rendered":"","protected":false},"author":61,"featured_media":2050,"comment_status":"closed","ping_status":"closed","sticky":false,"template":"","format":"standard","meta":{"footnotes":""},"categories":[12],"tags":[919,920,921,9,11],"acf":[],"yoast_head":"<!-- This site is optimized with the Yoast SEO plugin v23.0 - https:\/\/yoast.com\/wordpress\/plugins\/seo\/ -->\n<title>Prefeitura comemora os 57 anos da Biblioteca Jo\u00e3o Bosco Pantoja<\/title>\n<meta name=\"description\" content=\"A Biblioteca Jo\u00e3o Bosco Pantoja Evangelista completa 57 anos e a Prefeitura refor\u00e7a o compromisso de entregar os melhores servi\u00e7os.\" \/>\n<meta name=\"robots\" content=\"noindex, follow\" \/>\n<meta property=\"og:locale\" content=\"pt_BR\" \/>\n<meta property=\"og:type\" content=\"article\" \/>\n<meta property=\"og:title\" content=\"Prefeitura comemora os 57 anos da Biblioteca Jo\u00e3o Bosco Pantoja\" \/>\n<meta property=\"og:description\" content=\"A Biblioteca Jo\u00e3o Bosco Pantoja Evangelista completa 57 anos e a Prefeitura refor\u00e7a o compromisso de entregar os melhores servi\u00e7os.\" \/>\n<meta property=\"og:url\" content=\"https:\/\/www.manaus.am.gov.br\/manauscult\/prefeitura-comemora-os-57-anos-da-biblioteca-municipal-joao-bosco-pantoja-evangelista\/\" \/>\n<meta property=\"og:site_name\" content=\"MANAUSCULT\" \/>\n<meta property=\"article:published_time\" content=\"2024-01-13T00:28:04+00:00\" \/>\n<meta property=\"og:image\" content=\"https:\/\/www.manaus.am.gov.br\/manauscult\/wp-content\/uploads\/sites\/11\/2024\/01\/Biblioteca-Joao-Bosco-Pantoja-Evangelista-1.jpg\" \/>\n\t<meta property=\"og:image:width\" content=\"800\" \/>\n\t<meta property=\"og:image:height\" content=\"533\" \/>\n\t<meta property=\"og:image:type\" content=\"image\/jpeg\" \/>\n<meta name=\"author\" content=\"smonteiro\" \/>\n<meta name=\"twitter:card\" content=\"summary_large_image\" \/>\n<meta name=\"twitter:label1\" content=\"Written by\" \/>\n\t<meta name=\"twitter:data1\" content=\"smonteiro\" \/>\n\t<meta name=\"twitter:label2\" content=\"Est. reading time\" \/>\n\t<meta name=\"twitter:data2\" content=\"3 minutos\" \/>\n<script type=\"application\/ld+json\" class=\"yoast-schema-graph\">{\"@context\":\"https:\/\/schema.org\",\"@graph\":[{\"@type\":\"WebPage\",\"@id\":\"https:\/\/www.manaus.am.gov.br\/manauscult\/prefeitura-comemora-os-57-anos-da-biblioteca-municipal-joao-bosco-pantoja-evangelista\/\",\"url\":\"https:\/\/www.manaus.am.gov.br\/manauscult\/prefeitura-comemora-os-57-anos-da-biblioteca-municipal-joao-bosco-pantoja-evangelista\/\",\"name\":\"Prefeitura comemora os 57 anos da Biblioteca Jo\u00e3o Bosco Pantoja\",\"isPartOf\":{\"@id\":\"https:\/\/www.manaus.am.gov.br\/manauscult\/#website\"},\"primaryImageOfPage\":{\"@id\":\"https:\/\/www.manaus.am.gov.br\/manauscult\/prefeitura-comemora-os-57-anos-da-biblioteca-municipal-joao-bosco-pantoja-evangelista\/#primaryimage\"},\"image\":{\"@id\":\"https:\/\/www.manaus.am.gov.br\/manauscult\/prefeitura-comemora-os-57-anos-da-biblioteca-municipal-joao-bosco-pantoja-evangelista\/#primaryimage\"},\"thumbnailUrl\":\"https:\/\/www.manaus.am.gov.br\/manauscult\/wp-content\/uploads\/sites\/11\/2024\/01\/Biblioteca-Joao-Bosco-Pantoja-Evangelista-1.jpg\",\"datePublished\":\"2024-01-13T00:28:04+00:00\",\"dateModified\":\"2024-01-13T00:28:04+00:00\",\"author\":{\"@id\":\"https:\/\/www.manaus.am.gov.br\/manauscult\/#\/schema\/person\/ab4dcf766a54dff74e8d267f5c591961\"},\"description\":\"A Biblioteca Jo\u00e3o Bosco Pantoja Evangelista completa 57 anos e a Prefeitura refor\u00e7a o compromisso de entregar os melhores servi\u00e7os.\",\"breadcrumb\":{\"@id\":\"https:\/\/www.manaus.am.gov.br\/manauscult\/prefeitura-comemora-os-57-anos-da-biblioteca-municipal-joao-bosco-pantoja-evangelista\/#breadcrumb\"},\"inLanguage\":\"pt-BR\",\"potentialAction\":[{\"@type\":\"ReadAction\",\"target\":[\"https:\/\/www.manaus.am.gov.br\/manauscult\/prefeitura-comemora-os-57-anos-da-biblioteca-municipal-joao-bosco-pantoja-evangelista\/\"]}]},{\"@type\":\"ImageObject\",\"inLanguage\":\"pt-BR\",\"@id\":\"https:\/\/www.manaus.am.gov.br\/manauscult\/prefeitura-comemora-os-57-anos-da-biblioteca-municipal-joao-bosco-pantoja-evangelista\/#primaryimage\",\"url\":\"https:\/\/www.manaus.am.gov.br\/manauscult\/wp-content\/uploads\/sites\/11\/2024\/01\/Biblioteca-Joao-Bosco-Pantoja-Evangelista-1.jpg\",\"contentUrl\":\"https:\/\/www.manaus.am.gov.br\/manauscult\/wp-content\/uploads\/sites\/11\/2024\/01\/Biblioteca-Joao-Bosco-Pantoja-Evangelista-1.jpg\",\"width\":800,\"height\":533,\"caption\":\"#paratodosverem - fachada do pr\u00e9dio onde funciona a Biblioteca Jo\u00e3o Bosco Pantoja Evangelista\"},{\"@type\":\"BreadcrumbList\",\"@id\":\"https:\/\/www.manaus.am.gov.br\/manauscult\/prefeitura-comemora-os-57-anos-da-biblioteca-municipal-joao-bosco-pantoja-evangelista\/#breadcrumb\",\"itemListElement\":[{\"@type\":\"ListItem\",\"position\":1,\"name\":\"Home\",\"item\":\"https:\/\/www.manaus.am.gov.br\/manauscult\/\"},{\"@type\":\"ListItem\",\"position\":2,\"name\":\"Prefeitura comemora os 57 anos da Biblioteca Municipal Jo\u00e3o Bosco Pantoja Evangelista\"}]},{\"@type\":\"WebSite\",\"@id\":\"https:\/\/www.manaus.am.gov.br\/manauscult\/#website\",\"url\":\"https:\/\/www.manaus.am.gov.br\/manauscult\/\",\"name\":\"MANAUSCULT\",\"description\":\"Prefeitura de Manaus\",\"potentialAction\":[{\"@type\":\"SearchAction\",\"target\":{\"@type\":\"EntryPoint\",\"urlTemplate\":\"https:\/\/www.manaus.am.gov.br\/manauscult\/?s={search_term_string}\"},\"query-input\":\"required name=search_term_string\"}],\"inLanguage\":\"pt-BR\"},{\"@type\":\"Person\",\"@id\":\"https:\/\/www.manaus.am.gov.br\/manauscult\/#\/schema\/person\/ab4dcf766a54dff74e8d267f5c591961\",\"name\":\"smonteiro\",\"image\":{\"@type\":\"ImageObject\",\"inLanguage\":\"pt-BR\",\"@id\":\"https:\/\/www.manaus.am.gov.br\/manauscult\/#\/schema\/person\/image\/\",\"url\":\"https:\/\/secure.gravatar.com\/avatar\/21c8776ef61d9272c73322052e042d77?s=96&d=mm&r=g\",\"contentUrl\":\"https:\/\/secure.gravatar.com\/avatar\/21c8776ef61d9272c73322052e042d77?s=96&d=mm&r=g\",\"caption\":\"smonteiro\"}}]}<\/script>\n<!-- \/ Yoast SEO plugin. -->","yoast_head_json":{"title":"Prefeitura comemora os 57 anos da Biblioteca Jo\u00e3o Bosco Pantoja","description":"A Biblioteca Jo\u00e3o Bosco Pantoja Evangelista completa 57 anos e a Prefeitura refor\u00e7a o compromisso de entregar os melhores servi\u00e7os.","robots":{"index":"noindex","follow":"follow"},"og_locale":"pt_BR","og_type":"article","og_title":"Prefeitura comemora os 57 anos da Biblioteca Jo\u00e3o Bosco Pantoja","og_description":"A Biblioteca Jo\u00e3o Bosco Pantoja Evangelista completa 57 anos e a Prefeitura refor\u00e7a o compromisso de entregar os melhores servi\u00e7os.","og_url":"https:\/\/www.manaus.am.gov.br\/manauscult\/prefeitura-comemora-os-57-anos-da-biblioteca-municipal-joao-bosco-pantoja-evangelista\/","og_site_name":"MANAUSCULT","article_published_time":"2024-01-13T00:28:04+00:00","og_image":[{"width":800,"height":533,"url":"https:\/\/www.manaus.am.gov.br\/manauscult\/wp-content\/uploads\/sites\/11\/2024\/01\/Biblioteca-Joao-Bosco-Pantoja-Evangelista-1.jpg","type":"image\/jpeg"}],"author":"smonteiro","twitter_card":"summary_large_image","twitter_misc":{"Written by":"smonteiro","Est. reading time":"3 minutos"},"schema":{"@context":"https:\/\/schema.org","@graph":[{"@type":"WebPage","@id":"https:\/\/www.manaus.am.gov.br\/manauscult\/prefeitura-comemora-os-57-anos-da-biblioteca-municipal-joao-bosco-pantoja-evangelista\/","url":"https:\/\/www.manaus.am.gov.br\/manauscult\/prefeitura-comemora-os-57-anos-da-biblioteca-municipal-joao-bosco-pantoja-evangelista\/","name":"Prefeitura comemora os 57 anos da Biblioteca Jo\u00e3o Bosco Pantoja","isPartOf":{"@id":"https:\/\/www.manaus.am.gov.br\/manauscult\/#website"},"primaryImageOfPage":{"@id":"https:\/\/www.manaus.am.gov.br\/manauscult\/prefeitura-comemora-os-57-anos-da-biblioteca-municipal-joao-bosco-pantoja-evangelista\/#primaryimage"},"image":{"@id":"https:\/\/www.manaus.am.gov.br\/manauscult\/prefeitura-comemora-os-57-anos-da-biblioteca-municipal-joao-bosco-pantoja-evangelista\/#primaryimage"},"thumbnailUrl":"https:\/\/www.manaus.am.gov.br\/manauscult\/wp-content\/uploads\/sites\/11\/2024\/01\/Biblioteca-Joao-Bosco-Pantoja-Evangelista-1.jpg","datePublished":"2024-01-13T00:28:04+00:00","dateModified":"2024-01-13T00:28:04+00:00","author":{"@id":"https:\/\/www.manaus.am.gov.br\/manauscult\/#\/schema\/person\/ab4dcf766a54dff74e8d267f5c591961"},"description":"A Biblioteca Jo\u00e3o Bosco Pantoja Evangelista completa 57 anos e a Prefeitura refor\u00e7a o compromisso de entregar os melhores servi\u00e7os.","breadcrumb":{"@id":"https:\/\/www.manaus.am.gov.br\/manauscult\/prefeitura-comemora-os-57-anos-da-biblioteca-municipal-joao-bosco-pantoja-evangelista\/#breadcrumb"},"inLanguage":"pt-BR","potentialAction":[{"@type":"ReadAction","target":["https:\/\/www.manaus.am.gov.br\/manauscult\/prefeitura-comemora-os-57-anos-da-biblioteca-municipal-joao-bosco-pantoja-evangelista\/"]}]},{"@type":"ImageObject","inLanguage":"pt-BR","@id":"https:\/\/www.manaus.am.gov.br\/manauscult\/prefeitura-comemora-os-57-anos-da-biblioteca-municipal-joao-bosco-pantoja-evangelista\/#primaryimage","url":"https:\/\/www.manaus.am.gov.br\/manauscult\/wp-content\/uploads\/sites\/11\/2024\/01\/Biblioteca-Joao-Bosco-Pantoja-Evangelista-1.jpg","contentUrl":"https:\/\/www.manaus.am.gov.br\/manauscult\/wp-content\/uploads\/sites\/11\/2024\/01\/Biblioteca-Joao-Bosco-Pantoja-Evangelista-1.jpg","width":800,"height":533,"caption":"#paratodosverem - fachada do pr\u00e9dio onde funciona a Biblioteca Jo\u00e3o Bosco Pantoja Evangelista"},{"@type":"BreadcrumbList","@id":"https:\/\/www.manaus.am.gov.br\/manauscult\/prefeitura-comemora-os-57-anos-da-biblioteca-municipal-joao-bosco-pantoja-evangelista\/#breadcrumb","itemListElement":[{"@type":"ListItem","position":1,"name":"Home","item":"https:\/\/www.manaus.am.gov.br\/manauscult\/"},{"@type":"ListItem","position":2,"name":"Prefeitura comemora os 57 anos da Biblioteca Municipal Jo\u00e3o Bosco Pantoja Evangelista"}]},{"@type":"WebSite","@id":"https:\/\/www.manaus.am.gov.br\/manauscult\/#website","url":"https:\/\/www.manaus.am.gov.br\/manauscult\/","name":"MANAUSCULT","description":"Prefeitura de Manaus","potentialAction":[{"@type":"SearchAction","target":{"@type":"EntryPoint","urlTemplate":"https:\/\/www.manaus.am.gov.br\/manauscult\/?s={search_term_string}"},"query-input":"required name=search_term_string"}],"inLanguage":"pt-BR"},{"@type":"Person","@id":"https:\/\/www.manaus.am.gov.br\/manauscult\/#\/schema\/person\/ab4dcf766a54dff74e8d267f5c591961","name":"smonteiro","image":{"@type":"ImageObject","inLanguage":"pt-BR","@id":"https:\/\/www.manaus.am.gov.br\/manauscult\/#\/schema\/person\/image\/","url":"https:\/\/secure.gravatar.com\/avatar\/21c8776ef61d9272c73322052e042d77?s=96&d=mm&r=g","contentUrl":"https:\/\/secure.gravatar.com\/avatar\/21c8776ef61d9272c73322052e042d77?s=96&d=mm&r=g","caption":"smonteiro"}}]}},"_links":{"self":[{"href":"https:\/\/www.manaus.am.gov.br\/manauscult\/wp-json\/wp\/v2\/posts\/2049"}],"collection":[{"href":"https:\/\/www.manaus.am.gov.br\/manauscult\/wp-json\/wp\/v2\/posts"}],"about":[{"href":"https:\/\/www.manaus.am.gov.br\/manauscult\/wp-json\/wp\/v2\/types\/post"}],"author":[{"embeddable":true,"href":"https:\/\/www.manaus.am.gov.br\/manauscult\/wp-json\/wp\/v2\/users\/61"}],"replies":[{"embeddable":true,"href":"https:\/\/www.manaus.am.gov.br\/manauscult\/wp-json\/wp\/v2\/comments?post=2049"}],"version-history":[{"count":1,"href":"https:\/\/www.manaus.am.gov.br\/manauscult\/wp-json\/wp\/v2\/posts\/2049\/revisions"}],"predecessor-version":[{"id":2054,"href":"https:\/\/www.manaus.am.gov.br\/manauscult\/wp-json\/wp\/v2\/posts\/2049\/revisions\/2054"}],"wp:featuredmedia":[{"embeddable":true,"href":"https:\/\/www.manaus.am.gov.br\/manauscult\/wp-json\/wp\/v2\/media\/2050"}],"wp:attachment":[{"href":"https:\/\/www.manaus.am.gov.br\/manauscult\/wp-json\/wp\/v2\/media?parent=2049"}],"wp:term":[{"taxonomy":"category","embeddable":true,"href":"https:\/\/www.manaus.am.gov.br\/manauscult\/wp-json\/wp\/v2\/categories?post=2049"},{"taxonomy":"post_tag","embeddable":true,"href":"https:\/\/www.manaus.am.gov.br\/manauscult\/wp-json\/wp\/v2\/tags?post=2049"}],"curies":[{"name":"wp","href":"https:\/\/api.w.org\/{rel}","templated":true}]}}