{"id":2041,"date":"2024-01-07T10:55:09","date_gmt":"2024-01-07T14:55:09","guid":{"rendered":"https:\/\/www.manaus.am.gov.br\/manauscult\/kamelia-recebe-a-chave-da-cidade-e-abre-oficialmente-o-carnaval-de-manaus-2024\/"},"modified":"2024-01-08T10:25:58","modified_gmt":"2024-01-08T14:25:58","slug":"kamelia-recebe-a-chave-da-cidade-e-abre-oficialmente-o-carnaval-de-manaus-2024","status":"publish","type":"post","link":"https:\/\/www.manaus.am.gov.br\/manauscult\/kamelia-recebe-a-chave-da-cidade-e-abre-oficialmente-o-carnaval-de-manaus-2024\/","title":{"rendered":"Kam\u00e9lia recebe a \u2018chave da cidade\u2019 e abre oficialmente o Carnaval de Manaus 2024\u00a0"},"content":{"rendered":"\n<p>A emblem\u00e1tica boneca Kam\u00e9lia desembarcou em Manaus, na noite desse s\u00e1bado, 6\/1, e, ainda no aeroporto internacional Eduardo Gomes, recebeu a \u201cchave da cidade\u201d, dando in\u00edcio oficial \u00e0s festividades carnavalescas na cidade. Com apoio da Prefeitura de Manaus, por meio da Funda\u00e7\u00e3o Municipal de Cultura, Turismo e Eventos (Manauscult), foi realizada uma carreata at\u00e9 o Ol\u00edmpico Clube, localizado no bairro Presidente Vargas, zona Sul, onde aconteceu o \u201cBaile de Chegada\u201d.&nbsp;<\/p>\n\n\n\n<p>O diretor-presidente da Manauscult, Reginei Rodrigues, ressaltou a import\u00e2ncia da personagem para a cultura da cidade.&nbsp;<\/p>\n\n\n\n<p>\u201cA Kam\u00e9lia \u00e9 tradi\u00e7\u00e3o, ela abre as festas carnavalescas de Manaus h\u00e1 mais de 80 anos e recebe a chave da cidade, simbolizando a abertura oficial do Carnaval em Manaus\u201d, pontuou.&nbsp;<\/p>\n\n\n\n<p>A tradi\u00e7\u00e3o de chegada da Boneca Kam\u00e9lia \u00e9 regulamentada pela Lei n. 1722\/13, de autoria do ent\u00e3o vereador Arlindo J\u00fanior, e reconhecida como Patrim\u00f4nio Cultural Imaterial do Estado do Amazonas desde 2015 e \u00e9 celebrada como parte integrante da hist\u00f3ria cultural de Manaus.&nbsp;<\/p>\n\n\n\n<p><strong>Bandas e Blocos de Rua&nbsp;<\/strong><\/p>\n\n\n\n<p>Durante a chegada da boneca Kam\u00e9lia, o diretor-presidente da Manauscult, Reginei Rodrigues, refor\u00e7ou o apoio da Prefeitura de Manaus para a realiza\u00e7\u00e3o dos festejos carnavalescos na cidade, lembrando que o Edital de Chamamento P\u00fablico para Bandas e Blocos de Carnaval de rua j\u00e1 foi lan\u00e7ado e que o prazo encerra no dia 12\/1.&nbsp;<\/p>\n\n\n\n<p>\u201cA Prefeitura de Manaus tem feito sua parte no apoio \u00e0 cultura popular e festejos tradicionais da cidade, o Carnaval \u00e9 mais uma delas. J\u00e1 lan\u00e7amos e publicamos o resultado do Edital de apoio \u00e0s Escolas de Samba do Grupo Especial e categorias A e B, assim como est\u00e1 em vigor o edital para bandas e blocos de rua, que vai atender aproximadamente 110 contemplados\u201d, explicou.&nbsp;<\/p>\n\n\n\n<p>O prazo para apresenta\u00e7\u00e3o das propostas encerra no dia 12\/1, por meio do link&nbsp;<a href=\"https:\/\/www.manaus.am.gov.br\/manauscult\/chamamento-publico-para-apoio-a-bandas-e-blocos-de-rua-para-o-carnaval-2024\/\" target=\"_blank\" rel=\"noreferrer noopener\">https:\/\/www.manaus.am.gov.br\/manauscult\/chamamento-publico-para-apoio-a-bandas-e-blocos-de-rua-para-o-carnaval-2024\/<\/a>&nbsp;<\/p>\n\n\n\n<p>&#8212; &#8212; &#8212;&nbsp;<\/p>\n\n\n\n<p><strong>Texto &#8211;<\/strong>&nbsp;Cadu Castro \/ Manauscult&nbsp;<\/p>\n\n\n\n<p><strong>Fotos &#8211;<\/strong>&nbsp;Jo\u00e3o Viana \/ Semcom&nbsp;<\/p>\n","protected":false},"excerpt":{"rendered":"","protected":false},"author":57,"featured_media":2042,"comment_status":"closed","ping_status":"closed","sticky":false,"template":"","format":"standard","meta":{"footnotes":""},"categories":[913],"tags":[914,916,917,918,910,9],"acf":[],"yoast_head":"<!-- This site is optimized with the Yoast SEO plugin v23.0 - https:\/\/yoast.com\/wordpress\/plugins\/seo\/ -->\n<title>Kam\u00e9lia recebe a \u2018chave da cidade\u2019 e abre oficialmente o Carnaval\u00a0<\/title>\n<meta name=\"description\" content=\"A emblem\u00e1tica boneca Kam\u00e9lia desembarcou em Manaus e recebeu a \u201cchave da cidade\u201d, dando in\u00edcio oficial \u00e0s festividades carnavalescas na cidade\" \/>\n<meta name=\"robots\" content=\"noindex, follow\" \/>\n<meta property=\"og:locale\" content=\"pt_BR\" \/>\n<meta property=\"og:type\" content=\"article\" \/>\n<meta property=\"og:title\" content=\"Kam\u00e9lia recebe a \u2018chave da cidade\u2019 e abre oficialmente o Carnaval\u00a0\" \/>\n<meta property=\"og:description\" content=\"A emblem\u00e1tica boneca Kam\u00e9lia desembarcou em Manaus e recebeu a \u201cchave da cidade\u201d, dando in\u00edcio oficial \u00e0s festividades carnavalescas na cidade\" \/>\n<meta property=\"og:url\" content=\"https:\/\/www.manaus.am.gov.br\/manauscult\/kamelia-recebe-a-chave-da-cidade-e-abre-oficialmente-o-carnaval-de-manaus-2024\/\" \/>\n<meta property=\"og:site_name\" content=\"MANAUSCULT\" \/>\n<meta property=\"article:published_time\" content=\"2024-01-07T14:55:09+00:00\" \/>\n<meta property=\"article:modified_time\" content=\"2024-01-08T14:25:58+00:00\" \/>\n<meta property=\"og:image\" content=\"https:\/\/www.manaus.am.gov.br\/manauscult\/wp-content\/uploads\/sites\/11\/2024\/01\/53447677318_19d054eea8_c.jpg\" \/>\n\t<meta property=\"og:image:width\" content=\"799\" \/>\n\t<meta property=\"og:image:height\" content=\"533\" \/>\n\t<meta property=\"og:image:type\" content=\"image\/jpeg\" \/>\n<meta name=\"author\" content=\"Thiago Fernando\" \/>\n<meta name=\"twitter:card\" content=\"summary_large_image\" \/>\n<meta name=\"twitter:label1\" content=\"Written by\" \/>\n\t<meta name=\"twitter:data1\" content=\"Thiago Fernando\" \/>\n\t<meta name=\"twitter:label2\" content=\"Est. reading time\" \/>\n\t<meta name=\"twitter:data2\" content=\"2 minutos\" \/>\n<script type=\"application\/ld+json\" class=\"yoast-schema-graph\">{\"@context\":\"https:\/\/schema.org\",\"@graph\":[{\"@type\":\"WebPage\",\"@id\":\"https:\/\/www.manaus.am.gov.br\/manauscult\/kamelia-recebe-a-chave-da-cidade-e-abre-oficialmente-o-carnaval-de-manaus-2024\/\",\"url\":\"https:\/\/www.manaus.am.gov.br\/manauscult\/kamelia-recebe-a-chave-da-cidade-e-abre-oficialmente-o-carnaval-de-manaus-2024\/\",\"name\":\"Kam\u00e9lia recebe a \u2018chave da cidade\u2019 e abre oficialmente o Carnaval\u00a0\",\"isPartOf\":{\"@id\":\"https:\/\/www.manaus.am.gov.br\/manauscult\/#website\"},\"primaryImageOfPage\":{\"@id\":\"https:\/\/www.manaus.am.gov.br\/manauscult\/kamelia-recebe-a-chave-da-cidade-e-abre-oficialmente-o-carnaval-de-manaus-2024\/#primaryimage\"},\"image\":{\"@id\":\"https:\/\/www.manaus.am.gov.br\/manauscult\/kamelia-recebe-a-chave-da-cidade-e-abre-oficialmente-o-carnaval-de-manaus-2024\/#primaryimage\"},\"thumbnailUrl\":\"https:\/\/www.manaus.am.gov.br\/manauscult\/wp-content\/uploads\/sites\/11\/2024\/01\/53447677318_19d054eea8_c.jpg\",\"datePublished\":\"2024-01-07T14:55:09+00:00\",\"dateModified\":\"2024-01-08T14:25:58+00:00\",\"author\":{\"@id\":\"https:\/\/www.manaus.am.gov.br\/manauscult\/#\/schema\/person\/a5ee5376db6e21af026374b369f30882\"},\"description\":\"A emblem\u00e1tica boneca Kam\u00e9lia desembarcou em Manaus e recebeu a \u201cchave da cidade\u201d, dando in\u00edcio oficial \u00e0s festividades carnavalescas na cidade\",\"breadcrumb\":{\"@id\":\"https:\/\/www.manaus.am.gov.br\/manauscult\/kamelia-recebe-a-chave-da-cidade-e-abre-oficialmente-o-carnaval-de-manaus-2024\/#breadcrumb\"},\"inLanguage\":\"pt-BR\",\"potentialAction\":[{\"@type\":\"ReadAction\",\"target\":[\"https:\/\/www.manaus.am.gov.br\/manauscult\/kamelia-recebe-a-chave-da-cidade-e-abre-oficialmente-o-carnaval-de-manaus-2024\/\"]}]},{\"@type\":\"ImageObject\",\"inLanguage\":\"pt-BR\",\"@id\":\"https:\/\/www.manaus.am.gov.br\/manauscult\/kamelia-recebe-a-chave-da-cidade-e-abre-oficialmente-o-carnaval-de-manaus-2024\/#primaryimage\",\"url\":\"https:\/\/www.manaus.am.gov.br\/manauscult\/wp-content\/uploads\/sites\/11\/2024\/01\/53447677318_19d054eea8_c.jpg\",\"contentUrl\":\"https:\/\/www.manaus.am.gov.br\/manauscult\/wp-content\/uploads\/sites\/11\/2024\/01\/53447677318_19d054eea8_c.jpg\",\"width\":799,\"height\":533,\"caption\":\"#paratodosverem - Secret\u00e1rio Rodinei Rodrigues entregando a 'chave da cidade' para Kam\u00e9lia no aeroporto\"},{\"@type\":\"BreadcrumbList\",\"@id\":\"https:\/\/www.manaus.am.gov.br\/manauscult\/kamelia-recebe-a-chave-da-cidade-e-abre-oficialmente-o-carnaval-de-manaus-2024\/#breadcrumb\",\"itemListElement\":[{\"@type\":\"ListItem\",\"position\":1,\"name\":\"Home\",\"item\":\"https:\/\/www.manaus.am.gov.br\/manauscult\/\"},{\"@type\":\"ListItem\",\"position\":2,\"name\":\"Kam\u00e9lia recebe a \u2018chave da cidade\u2019 e abre oficialmente o Carnaval de Manaus 2024\u00a0\"}]},{\"@type\":\"WebSite\",\"@id\":\"https:\/\/www.manaus.am.gov.br\/manauscult\/#website\",\"url\":\"https:\/\/www.manaus.am.gov.br\/manauscult\/\",\"name\":\"MANAUSCULT\",\"description\":\"Prefeitura de Manaus\",\"potentialAction\":[{\"@type\":\"SearchAction\",\"target\":{\"@type\":\"EntryPoint\",\"urlTemplate\":\"https:\/\/www.manaus.am.gov.br\/manauscult\/?s={search_term_string}\"},\"query-input\":\"required name=search_term_string\"}],\"inLanguage\":\"pt-BR\"},{\"@type\":\"Person\",\"@id\":\"https:\/\/www.manaus.am.gov.br\/manauscult\/#\/schema\/person\/a5ee5376db6e21af026374b369f30882\",\"name\":\"Thiago Fernando\",\"image\":{\"@type\":\"ImageObject\",\"inLanguage\":\"pt-BR\",\"@id\":\"https:\/\/www.manaus.am.gov.br\/manauscult\/#\/schema\/person\/image\/\",\"url\":\"https:\/\/secure.gravatar.com\/avatar\/f5aab8722444041451501c077052ac07?s=96&d=mm&r=g\",\"contentUrl\":\"https:\/\/secure.gravatar.com\/avatar\/f5aab8722444041451501c077052ac07?s=96&d=mm&r=g\",\"caption\":\"Thiago Fernando\"}}]}<\/script>\n<!-- \/ Yoast SEO plugin. -->","yoast_head_json":{"title":"Kam\u00e9lia recebe a \u2018chave da cidade\u2019 e abre oficialmente o Carnaval\u00a0","description":"A emblem\u00e1tica boneca Kam\u00e9lia desembarcou em Manaus e recebeu a \u201cchave da cidade\u201d, dando in\u00edcio oficial \u00e0s festividades carnavalescas na cidade","robots":{"index":"noindex","follow":"follow"},"og_locale":"pt_BR","og_type":"article","og_title":"Kam\u00e9lia recebe a \u2018chave da cidade\u2019 e abre oficialmente o Carnaval\u00a0","og_description":"A emblem\u00e1tica boneca Kam\u00e9lia desembarcou em Manaus e recebeu a \u201cchave da cidade\u201d, dando in\u00edcio oficial \u00e0s festividades carnavalescas na cidade","og_url":"https:\/\/www.manaus.am.gov.br\/manauscult\/kamelia-recebe-a-chave-da-cidade-e-abre-oficialmente-o-carnaval-de-manaus-2024\/","og_site_name":"MANAUSCULT","article_published_time":"2024-01-07T14:55:09+00:00","article_modified_time":"2024-01-08T14:25:58+00:00","og_image":[{"width":799,"height":533,"url":"https:\/\/www.manaus.am.gov.br\/manauscult\/wp-content\/uploads\/sites\/11\/2024\/01\/53447677318_19d054eea8_c.jpg","type":"image\/jpeg"}],"author":"Thiago Fernando","twitter_card":"summary_large_image","twitter_misc":{"Written by":"Thiago Fernando","Est. reading time":"2 minutos"},"schema":{"@context":"https:\/\/schema.org","@graph":[{"@type":"WebPage","@id":"https:\/\/www.manaus.am.gov.br\/manauscult\/kamelia-recebe-a-chave-da-cidade-e-abre-oficialmente-o-carnaval-de-manaus-2024\/","url":"https:\/\/www.manaus.am.gov.br\/manauscult\/kamelia-recebe-a-chave-da-cidade-e-abre-oficialmente-o-carnaval-de-manaus-2024\/","name":"Kam\u00e9lia recebe a \u2018chave da cidade\u2019 e abre oficialmente o Carnaval\u00a0","isPartOf":{"@id":"https:\/\/www.manaus.am.gov.br\/manauscult\/#website"},"primaryImageOfPage":{"@id":"https:\/\/www.manaus.am.gov.br\/manauscult\/kamelia-recebe-a-chave-da-cidade-e-abre-oficialmente-o-carnaval-de-manaus-2024\/#primaryimage"},"image":{"@id":"https:\/\/www.manaus.am.gov.br\/manauscult\/kamelia-recebe-a-chave-da-cidade-e-abre-oficialmente-o-carnaval-de-manaus-2024\/#primaryimage"},"thumbnailUrl":"https:\/\/www.manaus.am.gov.br\/manauscult\/wp-content\/uploads\/sites\/11\/2024\/01\/53447677318_19d054eea8_c.jpg","datePublished":"2024-01-07T14:55:09+00:00","dateModified":"2024-01-08T14:25:58+00:00","author":{"@id":"https:\/\/www.manaus.am.gov.br\/manauscult\/#\/schema\/person\/a5ee5376db6e21af026374b369f30882"},"description":"A emblem\u00e1tica boneca Kam\u00e9lia desembarcou em Manaus e recebeu a \u201cchave da cidade\u201d, dando in\u00edcio oficial \u00e0s festividades carnavalescas na cidade","breadcrumb":{"@id":"https:\/\/www.manaus.am.gov.br\/manauscult\/kamelia-recebe-a-chave-da-cidade-e-abre-oficialmente-o-carnaval-de-manaus-2024\/#breadcrumb"},"inLanguage":"pt-BR","potentialAction":[{"@type":"ReadAction","target":["https:\/\/www.manaus.am.gov.br\/manauscult\/kamelia-recebe-a-chave-da-cidade-e-abre-oficialmente-o-carnaval-de-manaus-2024\/"]}]},{"@type":"ImageObject","inLanguage":"pt-BR","@id":"https:\/\/www.manaus.am.gov.br\/manauscult\/kamelia-recebe-a-chave-da-cidade-e-abre-oficialmente-o-carnaval-de-manaus-2024\/#primaryimage","url":"https:\/\/www.manaus.am.gov.br\/manauscult\/wp-content\/uploads\/sites\/11\/2024\/01\/53447677318_19d054eea8_c.jpg","contentUrl":"https:\/\/www.manaus.am.gov.br\/manauscult\/wp-content\/uploads\/sites\/11\/2024\/01\/53447677318_19d054eea8_c.jpg","width":799,"height":533,"caption":"#paratodosverem - Secret\u00e1rio Rodinei Rodrigues entregando a 'chave da cidade' para Kam\u00e9lia no aeroporto"},{"@type":"BreadcrumbList","@id":"https:\/\/www.manaus.am.gov.br\/manauscult\/kamelia-recebe-a-chave-da-cidade-e-abre-oficialmente-o-carnaval-de-manaus-2024\/#breadcrumb","itemListElement":[{"@type":"ListItem","position":1,"name":"Home","item":"https:\/\/www.manaus.am.gov.br\/manauscult\/"},{"@type":"ListItem","position":2,"name":"Kam\u00e9lia recebe a \u2018chave da cidade\u2019 e abre oficialmente o Carnaval de Manaus 2024\u00a0"}]},{"@type":"WebSite","@id":"https:\/\/www.manaus.am.gov.br\/manauscult\/#website","url":"https:\/\/www.manaus.am.gov.br\/manauscult\/","name":"MANAUSCULT","description":"Prefeitura de Manaus","potentialAction":[{"@type":"SearchAction","target":{"@type":"EntryPoint","urlTemplate":"https:\/\/www.manaus.am.gov.br\/manauscult\/?s={search_term_string}"},"query-input":"required name=search_term_string"}],"inLanguage":"pt-BR"},{"@type":"Person","@id":"https:\/\/www.manaus.am.gov.br\/manauscult\/#\/schema\/person\/a5ee5376db6e21af026374b369f30882","name":"Thiago Fernando","image":{"@type":"ImageObject","inLanguage":"pt-BR","@id":"https:\/\/www.manaus.am.gov.br\/manauscult\/#\/schema\/person\/image\/","url":"https:\/\/secure.gravatar.com\/avatar\/f5aab8722444041451501c077052ac07?s=96&d=mm&r=g","contentUrl":"https:\/\/secure.gravatar.com\/avatar\/f5aab8722444041451501c077052ac07?s=96&d=mm&r=g","caption":"Thiago Fernando"}}]}},"_links":{"self":[{"href":"https:\/\/www.manaus.am.gov.br\/manauscult\/wp-json\/wp\/v2\/posts\/2041"}],"collection":[{"href":"https:\/\/www.manaus.am.gov.br\/manauscult\/wp-json\/wp\/v2\/posts"}],"about":[{"href":"https:\/\/www.manaus.am.gov.br\/manauscult\/wp-json\/wp\/v2\/types\/post"}],"author":[{"embeddable":true,"href":"https:\/\/www.manaus.am.gov.br\/manauscult\/wp-json\/wp\/v2\/users\/57"}],"replies":[{"embeddable":true,"href":"https:\/\/www.manaus.am.gov.br\/manauscult\/wp-json\/wp\/v2\/comments?post=2041"}],"version-history":[{"count":1,"href":"https:\/\/www.manaus.am.gov.br\/manauscult\/wp-json\/wp\/v2\/posts\/2041\/revisions"}],"predecessor-version":[{"id":2043,"href":"https:\/\/www.manaus.am.gov.br\/manauscult\/wp-json\/wp\/v2\/posts\/2041\/revisions\/2043"}],"wp:featuredmedia":[{"embeddable":true,"href":"https:\/\/www.manaus.am.gov.br\/manauscult\/wp-json\/wp\/v2\/media\/2042"}],"wp:attachment":[{"href":"https:\/\/www.manaus.am.gov.br\/manauscult\/wp-json\/wp\/v2\/media?parent=2041"}],"wp:term":[{"taxonomy":"category","embeddable":true,"href":"https:\/\/www.manaus.am.gov.br\/manauscult\/wp-json\/wp\/v2\/categories?post=2041"},{"taxonomy":"post_tag","embeddable":true,"href":"https:\/\/www.manaus.am.gov.br\/manauscult\/wp-json\/wp\/v2\/tags?post=2041"}],"curies":[{"name":"wp","href":"https:\/\/api.w.org\/{rel}","templated":true}]}}