{"id":2021,"date":"2024-01-01T03:18:23","date_gmt":"2024-01-01T07:18:23","guid":{"rendered":"https:\/\/www.manaus.am.gov.br\/manauscult\/o-maior-reveillon-de-todos-celebra-chegada-de-2024-com-grandes-atracoes-e-espetaculo-de-drones-na-ponta-negra\/"},"modified":"2024-01-01T03:18:26","modified_gmt":"2024-01-01T07:18:26","slug":"o-maior-reveillon-de-todos-celebra-chegada-de-2024-com-grandes-atracoes-e-espetaculo-de-drones-na-ponta-negra","status":"publish","type":"post","link":"https:\/\/www.manaus.am.gov.br\/manauscult\/o-maior-reveillon-de-todos-celebra-chegada-de-2024-com-grandes-atracoes-e-espetaculo-de-drones-na-ponta-negra\/","title":{"rendered":"\u201cO Maior R\u00e9veillon de Todos\u201d celebra chegada de 2024 com grandes atra\u00e7\u00f5es e espet\u00e1culo de drones na Ponta Negra"},"content":{"rendered":"\n<p>\u201cO Maior R\u00e9veillon de Todos\u201d, realizado pela Prefeitura de Manaus, foi um sucesso de p\u00fablico no complexo tur\u00edstico Ponta Negra, na zona Oeste da cidade, na virada de ano no domingo, 31\/12, para a segunda-feira, 1\u00b0 de janeiro. As grandes atra\u00e7\u00f5es musicais nacionais e locais atra\u00edram uma multid\u00e3o ansiosa para ver Dorgival Dantas, Joelma e Kevin o Cris.<\/p>\n\n\n\n<p>A tradicional queima de fogos emocionou a todos e o in\u00e9dito espet\u00e1culo de drones causou grande euforia ap\u00f3s a chegada de 2024. O prefeito David Almeida ressaltou que Manaus merece receber grandes eventos como este ap\u00f3s anos de dificuldades.<\/p>\n\n\n\n<p>&#8220;A gente investe em todos os setores da cidade de Manaus e a cultura \u00e9 um dos setores que n\u00f3s temos investido. At\u00e9 porque n\u00f3s sofremos muito com a pandemia e n\u00f3s viramos a chave, resgatamos a autoestima da popula\u00e7\u00e3o, da nossa cidade. Manaus merece grandes eventos, merece grandes espet\u00e1culos, e \u00e9 o que n\u00f3s estamos fazendo e entregando para a popula\u00e7\u00e3o&#8221;, disse o prefeito, desejando um ano de conquistas, realiza\u00e7\u00f5es e b\u00ean\u00e7\u00e3os aos manauaras.<\/p>\n\n\n\n<p>A popula\u00e7\u00e3o que tomou as areias da praia da Ponta Negra estava ansiosa pelos shows, principalmente o de Joelma, a rainha paraense que botou o pa\u00eds todo para \u201ctomar o tacac\u00e1\u201d.<\/p>\n\n\n\n<p>&#8220;Primeira vez que eu estou aqui no R\u00e9veillon de Manaus. Estou achando muito legal, pois vou ver a rainha (Joelma). \u00c9 uma divers\u00e3o muito legal&#8221;, disse Renato Teixeira, auxiliar de cozinha.<\/p>\n\n\n\n<p>Joice Santos estava desde cedo guardando seu lugar o mais pr\u00f3ximo do palco para ver Joelma, mas, antes, curtir Dorgival Dantas tamb\u00e9m.<\/p>\n\n\n\n<p>&#8220;A expectativa para o show da Joelma \u00e9 imensa. N\u00e3o \u00e9 \u00e0 toa que a gente est\u00e1 aqui desde as 4h e para o pr\u00f3ximo ano eu espero muita sa\u00fade, muita paz. Que o ano de 2024 venha a ser um ano de realiza\u00e7\u00f5es, de metas&#8221;, desejou a auxiliar de produ\u00e7\u00e3o.<\/p>\n\n\n\n<p>A programa\u00e7\u00e3o musical do R\u00e9veillon na Ponta Negra iniciou com artistas locais. Uendel Pinheiro agradeceu pela estrutura oferecida pela Prefeitura de Manaus.<\/p>\n\n\n\n<p>&#8220;\u00c9 sempre uma honra estar em um evento grandioso que nos d\u00e1, para artistas locais, estrutura, sonoriza\u00e7\u00e3o, ilumina\u00e7\u00e3o, todo o aparato que artistas nacionais t\u00eam, a gente acaba tendo igualzinho&#8221;, declarou.<\/p>\n\n\n\n<p>Dorgival Dantas foi a primeira atra\u00e7\u00e3o nacional a subir no palco e tamb\u00e9m a \u00faltima de 2023, antes da virada. Ap\u00f3s sua apresenta\u00e7\u00e3o foi a vez do prefeito realizar a contagem regressiva para a chegada de 2024 e iniciar a tradicional queima de fogos de Manaus.<\/p>\n\n\n\n<p>J\u00e1 em 2024, o primeiro show veio dos c\u00e9us, com o in\u00e9dito espet\u00e1culo de drones na virada de ano da capital. Os drones formaram imagens que desejaram Paz, Feliz Ano-Novo e trouxeram figuras que representam a nossa terra, como o boto e a ponte Rio Negro.<\/p>\n\n\n\n<p>Joelma, com o show mais esperado, realizou a primeira apresenta\u00e7\u00e3o de 2024. A artista disse que foi incr\u00edvel passar a virada de ano com os manauaras, que sempre a recebem muito bem.<\/p>\n\n\n\n<p>&#8220;\u00c9 incr\u00edvel passar essa virada aqui com voc\u00eas. Eu \u2018t\u00f4\u2019 muito, muito feliz e muito grata a Deus e a todos. Eu ando por aqui h\u00e1 anos. Eu sempre sou recebida assim com muito amor e carinho. Isso n\u00e3o tem pre\u00e7o&#8221;, disse a artista, desejando muita alegria e coisas especiais para o povo de Manaus.<\/p>\n\n\n\n<p>O funkeiro carioca Kevin o Cris fechou as apresenta\u00e7\u00f5es de artistas nacionais do R\u00e9veillon. Ele contou que j\u00e1 esteve no maior #SouManaus, realizado em 2023, e agora voltou para o &#8220;Maior R\u00e9veillon de Todos&#8221;.<\/p>\n\n\n\n<p>&#8220;Estivemos no Sou Manaus, hoje no Maior R\u00e9veillon de Todos os Tempos. \u2018T\u00f4\u2019 muito feliz de estar presente levando o funk que \u00e9 o ritmo que contagia onde quer que a gente ande nesse Brasilz\u00e3o&#8221;.<\/p>\n\n\n\n<p>\u201cO Maior R\u00e9veillon de Todos\u201d contou com grande esquema operacional e de seguran\u00e7a, coordenado pelo Centro de Coopera\u00e7\u00e3o da Cidade (CCC), em conjunto com a Funda\u00e7\u00e3o Municipal de Cultura, Turismo e Eventos (Manauscult) e a Secretaria de Seguran\u00e7a P\u00fablica e Defesa Social (Semseg). Cerca de 2 mil profissionais atuaram no evento de forma direta.<\/p>\n\n\n\n<p>&#8212; &#8212; &#8212;<\/p>\n\n\n\n<p><strong>Texto<\/strong> &#8211; Geraldo Farias \/ Semcom<\/p>\n\n\n\n<p><strong>Fotos<\/strong> &#8211; Cl\u00f3vis Miranda \/ Semcom e Ant\u00f4nio Pereira \/ Casa Civil<\/p>\n","protected":false},"excerpt":{"rendered":"","protected":false},"author":61,"featured_media":2022,"comment_status":"closed","ping_status":"closed","sticky":false,"template":"","format":"standard","meta":{"footnotes":""},"categories":[889],"tags":[67,9,11,890],"acf":[],"yoast_head":"<!-- This site is optimized with the Yoast SEO plugin v23.0 - https:\/\/yoast.com\/wordpress\/plugins\/seo\/ -->\n<title>\u201cO Maior R\u00e9veillon de Todos\u201d celebra chegada de 2024<\/title>\n<meta name=\"description\" content=\"\u201cO Maior R\u00e9veillon de Todos\u201d, realizado pela Prefeitura de Manaus, foi um sucesso de p\u00fablico no complexo tur\u00edstico Ponta Negra.\" \/>\n<meta name=\"robots\" content=\"noindex, follow\" \/>\n<meta property=\"og:locale\" content=\"pt_BR\" \/>\n<meta property=\"og:type\" content=\"article\" \/>\n<meta property=\"og:title\" content=\"\u201cO Maior R\u00e9veillon de Todos\u201d celebra chegada de 2024\" \/>\n<meta property=\"og:description\" content=\"\u201cO Maior R\u00e9veillon de Todos\u201d, realizado pela Prefeitura de Manaus, foi um sucesso de p\u00fablico no complexo tur\u00edstico Ponta Negra.\" \/>\n<meta property=\"og:url\" content=\"https:\/\/www.manaus.am.gov.br\/manauscult\/o-maior-reveillon-de-todos-celebra-chegada-de-2024-com-grandes-atracoes-e-espetaculo-de-drones-na-ponta-negra\/\" \/>\n<meta property=\"og:site_name\" content=\"MANAUSCULT\" \/>\n<meta property=\"article:published_time\" content=\"2024-01-01T07:18:23+00:00\" \/>\n<meta property=\"article:modified_time\" content=\"2024-01-01T07:18:26+00:00\" \/>\n<meta property=\"og:image\" content=\"https:\/\/www.manaus.am.gov.br\/manauscult\/wp-content\/uploads\/sites\/11\/2024\/01\/Reveillon-Ponta-Negra-1.jpg\" \/>\n\t<meta property=\"og:image:width\" content=\"799\" \/>\n\t<meta property=\"og:image:height\" content=\"533\" \/>\n\t<meta property=\"og:image:type\" content=\"image\/jpeg\" \/>\n<meta name=\"author\" content=\"smonteiro\" \/>\n<meta name=\"twitter:card\" content=\"summary_large_image\" \/>\n<meta name=\"twitter:label1\" content=\"Written by\" \/>\n\t<meta name=\"twitter:data1\" content=\"smonteiro\" \/>\n\t<meta name=\"twitter:label2\" content=\"Est. reading time\" \/>\n\t<meta name=\"twitter:data2\" content=\"4 minutos\" \/>\n<script type=\"application\/ld+json\" class=\"yoast-schema-graph\">{\"@context\":\"https:\/\/schema.org\",\"@graph\":[{\"@type\":\"WebPage\",\"@id\":\"https:\/\/www.manaus.am.gov.br\/manauscult\/o-maior-reveillon-de-todos-celebra-chegada-de-2024-com-grandes-atracoes-e-espetaculo-de-drones-na-ponta-negra\/\",\"url\":\"https:\/\/www.manaus.am.gov.br\/manauscult\/o-maior-reveillon-de-todos-celebra-chegada-de-2024-com-grandes-atracoes-e-espetaculo-de-drones-na-ponta-negra\/\",\"name\":\"\u201cO Maior R\u00e9veillon de Todos\u201d celebra chegada de 2024\",\"isPartOf\":{\"@id\":\"https:\/\/www.manaus.am.gov.br\/manauscult\/#website\"},\"primaryImageOfPage\":{\"@id\":\"https:\/\/www.manaus.am.gov.br\/manauscult\/o-maior-reveillon-de-todos-celebra-chegada-de-2024-com-grandes-atracoes-e-espetaculo-de-drones-na-ponta-negra\/#primaryimage\"},\"image\":{\"@id\":\"https:\/\/www.manaus.am.gov.br\/manauscult\/o-maior-reveillon-de-todos-celebra-chegada-de-2024-com-grandes-atracoes-e-espetaculo-de-drones-na-ponta-negra\/#primaryimage\"},\"thumbnailUrl\":\"https:\/\/www.manaus.am.gov.br\/manauscult\/wp-content\/uploads\/sites\/11\/2024\/01\/Reveillon-Ponta-Negra-1.jpg\",\"datePublished\":\"2024-01-01T07:18:23+00:00\",\"dateModified\":\"2024-01-01T07:18:26+00:00\",\"author\":{\"@id\":\"https:\/\/www.manaus.am.gov.br\/manauscult\/#\/schema\/person\/ab4dcf766a54dff74e8d267f5c591961\"},\"description\":\"\u201cO Maior R\u00e9veillon de Todos\u201d, realizado pela Prefeitura de Manaus, foi um sucesso de p\u00fablico no complexo tur\u00edstico Ponta Negra.\",\"breadcrumb\":{\"@id\":\"https:\/\/www.manaus.am.gov.br\/manauscult\/o-maior-reveillon-de-todos-celebra-chegada-de-2024-com-grandes-atracoes-e-espetaculo-de-drones-na-ponta-negra\/#breadcrumb\"},\"inLanguage\":\"pt-BR\",\"potentialAction\":[{\"@type\":\"ReadAction\",\"target\":[\"https:\/\/www.manaus.am.gov.br\/manauscult\/o-maior-reveillon-de-todos-celebra-chegada-de-2024-com-grandes-atracoes-e-espetaculo-de-drones-na-ponta-negra\/\"]}]},{\"@type\":\"ImageObject\",\"inLanguage\":\"pt-BR\",\"@id\":\"https:\/\/www.manaus.am.gov.br\/manauscult\/o-maior-reveillon-de-todos-celebra-chegada-de-2024-com-grandes-atracoes-e-espetaculo-de-drones-na-ponta-negra\/#primaryimage\",\"url\":\"https:\/\/www.manaus.am.gov.br\/manauscult\/wp-content\/uploads\/sites\/11\/2024\/01\/Reveillon-Ponta-Negra-1.jpg\",\"contentUrl\":\"https:\/\/www.manaus.am.gov.br\/manauscult\/wp-content\/uploads\/sites\/11\/2024\/01\/Reveillon-Ponta-Negra-1.jpg\",\"width\":799,\"height\":533,\"caption\":\"#paratodosverem - queima de fogos na passagem do ano, na Ponta Negra\"},{\"@type\":\"BreadcrumbList\",\"@id\":\"https:\/\/www.manaus.am.gov.br\/manauscult\/o-maior-reveillon-de-todos-celebra-chegada-de-2024-com-grandes-atracoes-e-espetaculo-de-drones-na-ponta-negra\/#breadcrumb\",\"itemListElement\":[{\"@type\":\"ListItem\",\"position\":1,\"name\":\"Home\",\"item\":\"https:\/\/www.manaus.am.gov.br\/manauscult\/\"},{\"@type\":\"ListItem\",\"position\":2,\"name\":\"\u201cO Maior R\u00e9veillon de Todos\u201d celebra chegada de 2024 com grandes atra\u00e7\u00f5es e espet\u00e1culo de drones na Ponta Negra\"}]},{\"@type\":\"WebSite\",\"@id\":\"https:\/\/www.manaus.am.gov.br\/manauscult\/#website\",\"url\":\"https:\/\/www.manaus.am.gov.br\/manauscult\/\",\"name\":\"MANAUSCULT\",\"description\":\"Prefeitura de Manaus\",\"potentialAction\":[{\"@type\":\"SearchAction\",\"target\":{\"@type\":\"EntryPoint\",\"urlTemplate\":\"https:\/\/www.manaus.am.gov.br\/manauscult\/?s={search_term_string}\"},\"query-input\":\"required name=search_term_string\"}],\"inLanguage\":\"pt-BR\"},{\"@type\":\"Person\",\"@id\":\"https:\/\/www.manaus.am.gov.br\/manauscult\/#\/schema\/person\/ab4dcf766a54dff74e8d267f5c591961\",\"name\":\"smonteiro\",\"image\":{\"@type\":\"ImageObject\",\"inLanguage\":\"pt-BR\",\"@id\":\"https:\/\/www.manaus.am.gov.br\/manauscult\/#\/schema\/person\/image\/\",\"url\":\"https:\/\/secure.gravatar.com\/avatar\/21c8776ef61d9272c73322052e042d77?s=96&d=mm&r=g\",\"contentUrl\":\"https:\/\/secure.gravatar.com\/avatar\/21c8776ef61d9272c73322052e042d77?s=96&d=mm&r=g\",\"caption\":\"smonteiro\"}}]}<\/script>\n<!-- \/ Yoast SEO plugin. -->","yoast_head_json":{"title":"\u201cO Maior R\u00e9veillon de Todos\u201d celebra chegada de 2024","description":"\u201cO Maior R\u00e9veillon de Todos\u201d, realizado pela Prefeitura de Manaus, foi um sucesso de p\u00fablico no complexo tur\u00edstico Ponta Negra.","robots":{"index":"noindex","follow":"follow"},"og_locale":"pt_BR","og_type":"article","og_title":"\u201cO Maior R\u00e9veillon de Todos\u201d celebra chegada de 2024","og_description":"\u201cO Maior R\u00e9veillon de Todos\u201d, realizado pela Prefeitura de Manaus, foi um sucesso de p\u00fablico no complexo tur\u00edstico Ponta Negra.","og_url":"https:\/\/www.manaus.am.gov.br\/manauscult\/o-maior-reveillon-de-todos-celebra-chegada-de-2024-com-grandes-atracoes-e-espetaculo-de-drones-na-ponta-negra\/","og_site_name":"MANAUSCULT","article_published_time":"2024-01-01T07:18:23+00:00","article_modified_time":"2024-01-01T07:18:26+00:00","og_image":[{"width":799,"height":533,"url":"https:\/\/www.manaus.am.gov.br\/manauscult\/wp-content\/uploads\/sites\/11\/2024\/01\/Reveillon-Ponta-Negra-1.jpg","type":"image\/jpeg"}],"author":"smonteiro","twitter_card":"summary_large_image","twitter_misc":{"Written by":"smonteiro","Est. reading time":"4 minutos"},"schema":{"@context":"https:\/\/schema.org","@graph":[{"@type":"WebPage","@id":"https:\/\/www.manaus.am.gov.br\/manauscult\/o-maior-reveillon-de-todos-celebra-chegada-de-2024-com-grandes-atracoes-e-espetaculo-de-drones-na-ponta-negra\/","url":"https:\/\/www.manaus.am.gov.br\/manauscult\/o-maior-reveillon-de-todos-celebra-chegada-de-2024-com-grandes-atracoes-e-espetaculo-de-drones-na-ponta-negra\/","name":"\u201cO Maior R\u00e9veillon de Todos\u201d celebra chegada de 2024","isPartOf":{"@id":"https:\/\/www.manaus.am.gov.br\/manauscult\/#website"},"primaryImageOfPage":{"@id":"https:\/\/www.manaus.am.gov.br\/manauscult\/o-maior-reveillon-de-todos-celebra-chegada-de-2024-com-grandes-atracoes-e-espetaculo-de-drones-na-ponta-negra\/#primaryimage"},"image":{"@id":"https:\/\/www.manaus.am.gov.br\/manauscult\/o-maior-reveillon-de-todos-celebra-chegada-de-2024-com-grandes-atracoes-e-espetaculo-de-drones-na-ponta-negra\/#primaryimage"},"thumbnailUrl":"https:\/\/www.manaus.am.gov.br\/manauscult\/wp-content\/uploads\/sites\/11\/2024\/01\/Reveillon-Ponta-Negra-1.jpg","datePublished":"2024-01-01T07:18:23+00:00","dateModified":"2024-01-01T07:18:26+00:00","author":{"@id":"https:\/\/www.manaus.am.gov.br\/manauscult\/#\/schema\/person\/ab4dcf766a54dff74e8d267f5c591961"},"description":"\u201cO Maior R\u00e9veillon de Todos\u201d, realizado pela Prefeitura de Manaus, foi um sucesso de p\u00fablico no complexo tur\u00edstico Ponta Negra.","breadcrumb":{"@id":"https:\/\/www.manaus.am.gov.br\/manauscult\/o-maior-reveillon-de-todos-celebra-chegada-de-2024-com-grandes-atracoes-e-espetaculo-de-drones-na-ponta-negra\/#breadcrumb"},"inLanguage":"pt-BR","potentialAction":[{"@type":"ReadAction","target":["https:\/\/www.manaus.am.gov.br\/manauscult\/o-maior-reveillon-de-todos-celebra-chegada-de-2024-com-grandes-atracoes-e-espetaculo-de-drones-na-ponta-negra\/"]}]},{"@type":"ImageObject","inLanguage":"pt-BR","@id":"https:\/\/www.manaus.am.gov.br\/manauscult\/o-maior-reveillon-de-todos-celebra-chegada-de-2024-com-grandes-atracoes-e-espetaculo-de-drones-na-ponta-negra\/#primaryimage","url":"https:\/\/www.manaus.am.gov.br\/manauscult\/wp-content\/uploads\/sites\/11\/2024\/01\/Reveillon-Ponta-Negra-1.jpg","contentUrl":"https:\/\/www.manaus.am.gov.br\/manauscult\/wp-content\/uploads\/sites\/11\/2024\/01\/Reveillon-Ponta-Negra-1.jpg","width":799,"height":533,"caption":"#paratodosverem - queima de fogos na passagem do ano, na Ponta Negra"},{"@type":"BreadcrumbList","@id":"https:\/\/www.manaus.am.gov.br\/manauscult\/o-maior-reveillon-de-todos-celebra-chegada-de-2024-com-grandes-atracoes-e-espetaculo-de-drones-na-ponta-negra\/#breadcrumb","itemListElement":[{"@type":"ListItem","position":1,"name":"Home","item":"https:\/\/www.manaus.am.gov.br\/manauscult\/"},{"@type":"ListItem","position":2,"name":"\u201cO Maior R\u00e9veillon de Todos\u201d celebra chegada de 2024 com grandes atra\u00e7\u00f5es e espet\u00e1culo de drones na Ponta Negra"}]},{"@type":"WebSite","@id":"https:\/\/www.manaus.am.gov.br\/manauscult\/#website","url":"https:\/\/www.manaus.am.gov.br\/manauscult\/","name":"MANAUSCULT","description":"Prefeitura de Manaus","potentialAction":[{"@type":"SearchAction","target":{"@type":"EntryPoint","urlTemplate":"https:\/\/www.manaus.am.gov.br\/manauscult\/?s={search_term_string}"},"query-input":"required name=search_term_string"}],"inLanguage":"pt-BR"},{"@type":"Person","@id":"https:\/\/www.manaus.am.gov.br\/manauscult\/#\/schema\/person\/ab4dcf766a54dff74e8d267f5c591961","name":"smonteiro","image":{"@type":"ImageObject","inLanguage":"pt-BR","@id":"https:\/\/www.manaus.am.gov.br\/manauscult\/#\/schema\/person\/image\/","url":"https:\/\/secure.gravatar.com\/avatar\/21c8776ef61d9272c73322052e042d77?s=96&d=mm&r=g","contentUrl":"https:\/\/secure.gravatar.com\/avatar\/21c8776ef61d9272c73322052e042d77?s=96&d=mm&r=g","caption":"smonteiro"}}]}},"_links":{"self":[{"href":"https:\/\/www.manaus.am.gov.br\/manauscult\/wp-json\/wp\/v2\/posts\/2021"}],"collection":[{"href":"https:\/\/www.manaus.am.gov.br\/manauscult\/wp-json\/wp\/v2\/posts"}],"about":[{"href":"https:\/\/www.manaus.am.gov.br\/manauscult\/wp-json\/wp\/v2\/types\/post"}],"author":[{"embeddable":true,"href":"https:\/\/www.manaus.am.gov.br\/manauscult\/wp-json\/wp\/v2\/users\/61"}],"replies":[{"embeddable":true,"href":"https:\/\/www.manaus.am.gov.br\/manauscult\/wp-json\/wp\/v2\/comments?post=2021"}],"version-history":[{"count":0,"href":"https:\/\/www.manaus.am.gov.br\/manauscult\/wp-json\/wp\/v2\/posts\/2021\/revisions"}],"wp:featuredmedia":[{"embeddable":true,"href":"https:\/\/www.manaus.am.gov.br\/manauscult\/wp-json\/wp\/v2\/media\/2022"}],"wp:attachment":[{"href":"https:\/\/www.manaus.am.gov.br\/manauscult\/wp-json\/wp\/v2\/media?parent=2021"}],"wp:term":[{"taxonomy":"category","embeddable":true,"href":"https:\/\/www.manaus.am.gov.br\/manauscult\/wp-json\/wp\/v2\/categories?post=2021"},{"taxonomy":"post_tag","embeddable":true,"href":"https:\/\/www.manaus.am.gov.br\/manauscult\/wp-json\/wp\/v2\/tags?post=2021"}],"curies":[{"name":"wp","href":"https:\/\/api.w.org\/{rel}","templated":true}]}}