{"id":1997,"date":"2023-12-31T00:16:29","date_gmt":"2023-12-31T04:16:29","guid":{"rendered":"https:\/\/www.manaus.am.gov.br\/manauscult\/prefeito-david-almeida-participa-da-abertura-do-reveillon-gospel-na-praia-da-ponta-negra\/"},"modified":"2023-12-31T01:19:06","modified_gmt":"2023-12-31T05:19:06","slug":"prefeito-david-almeida-participa-da-abertura-do-reveillon-gospel-na-praia-da-ponta-negra","status":"publish","type":"post","link":"https:\/\/www.manaus.am.gov.br\/manauscult\/prefeito-david-almeida-participa-da-abertura-do-reveillon-gospel-na-praia-da-ponta-negra\/","title":{"rendered":"Prefeito David Almeida participa da abertura do R\u00e9veillon Gospel na praia da Ponta Negra"},"content":{"rendered":"\n<p>O prefeito de Manaus, David Almeida, marcou presen\u00e7a na abertura do R\u00e9veillon Gospel 2024, intitulado &#8220;O Maior de Todos&#8221;, que teve seu in\u00edcio neste s\u00e1bado, 30\/12, na praia da Ponta Negra.<\/p>\n\n\n\n<p>Promovido pela Prefeitura de Manaus, o evento foi especialmente direcionado ao p\u00fablico crist\u00e3o, contando com apresenta\u00e7\u00f5es nacionais das renomadas cantoras Cassiane e Fernanda Brum, proporcionando uma celebra\u00e7\u00e3o de f\u00e9 embalada por m\u00fasica de louvor e adora\u00e7\u00e3o.<\/p>\n\n\n\n<p>Durante a programa\u00e7\u00e3o, o chefe do Executivo ressaltou a import\u00e2ncia do evento em uma cidade onde cerca de 40% da popula\u00e7\u00e3o se identifica como evang\u00e9lica.<\/p>\n\n\n\n<p>\u201cN\u00f3s vivemos em uma democracia representativa e dentro da representa\u00e7\u00e3o tem a propor\u00e7\u00e3o. Quase 40% desta cidade \u00e9 evang\u00e9lica. Ent\u00e3o, se justifica a realiza\u00e7\u00e3o deste evento, em fun\u00e7\u00e3o dessa proporcionalidade. Antes, s\u00f3 existia o R\u00e9veillon normal da cidade, e n\u00f3s implementamos essa celebra\u00e7\u00e3o gospel desde o ano passado. E tem sido um sucesso. Tenho certeza que acertamos nessa programa\u00e7\u00e3o&#8221;, enfatizou Almeida, destacando o sucesso do evento implementado no ano passado e sua confian\u00e7a na programa\u00e7\u00e3o deste ano.<\/p>\n\n\n\n<figure class=\"wp-block-image size-large\"><img loading=\"lazy\" decoding=\"async\" width=\"1024\" height=\"683\" src=\"https:\/\/www.manaus.am.gov.br\/manauscult\/wp-content\/uploads\/sites\/11\/2023\/12\/prefeito_2-1024x683.jpg\" alt=\"\" class=\"wp-image-1998\" srcset=\"https:\/\/www.manaus.am.gov.br\/manauscult\/wp-content\/uploads\/sites\/11\/2023\/12\/prefeito_2-1024x683.jpg 1024w, https:\/\/www.manaus.am.gov.br\/manauscult\/wp-content\/uploads\/sites\/11\/2023\/12\/prefeito_2-300x200.jpg 300w, https:\/\/www.manaus.am.gov.br\/manauscult\/wp-content\/uploads\/sites\/11\/2023\/12\/prefeito_2-768x512.jpg 768w, https:\/\/www.manaus.am.gov.br\/manauscult\/wp-content\/uploads\/sites\/11\/2023\/12\/prefeito_2.jpg 1116w\" sizes=\"(max-width: 1024px) 100vw, 1024px\" \/><\/figure>\n\n\n\n<p>Com participa\u00e7\u00f5es memor\u00e1veis, dois \u00edcones da m\u00fasica gospel brasileira, Cassiane e Fernanda Brum, encantaram o p\u00fablico presente na Ponta Negra.<\/p>\n\n\n\n<p>Cassiane, reconhecida nacionalmente desde sua juventude e consagrada pelo \u00e1lbum &#8220;Sem Palavras&#8221;, consolidou-se como uma das principais vozes do cen\u00e1rio evang\u00e9lico. Por sua vez, Fernanda Brum, carioca renomada que se tornou um nome de destaque nos anos 90, emocionou o p\u00fablico com sua performance, apresentando o single recente &#8220;Orai Por Todas as Crian\u00e7as&#8221;.<\/p>\n\n\n\n<figure class=\"wp-block-image size-large\"><img loading=\"lazy\" decoding=\"async\" width=\"1024\" height=\"682\" src=\"https:\/\/www.manaus.am.gov.br\/manauscult\/wp-content\/uploads\/sites\/11\/2023\/12\/7cf21fba-3de8-46dc-9d0d-6f805869fdb8-1024x682.jpg\" alt=\"\" class=\"wp-image-2005\" srcset=\"https:\/\/www.manaus.am.gov.br\/manauscult\/wp-content\/uploads\/sites\/11\/2023\/12\/7cf21fba-3de8-46dc-9d0d-6f805869fdb8-1024x682.jpg 1024w, https:\/\/www.manaus.am.gov.br\/manauscult\/wp-content\/uploads\/sites\/11\/2023\/12\/7cf21fba-3de8-46dc-9d0d-6f805869fdb8-300x200.jpg 300w, https:\/\/www.manaus.am.gov.br\/manauscult\/wp-content\/uploads\/sites\/11\/2023\/12\/7cf21fba-3de8-46dc-9d0d-6f805869fdb8-768x512.jpg 768w, https:\/\/www.manaus.am.gov.br\/manauscult\/wp-content\/uploads\/sites\/11\/2023\/12\/7cf21fba-3de8-46dc-9d0d-6f805869fdb8-1536x1023.jpg 1536w, https:\/\/www.manaus.am.gov.br\/manauscult\/wp-content\/uploads\/sites\/11\/2023\/12\/7cf21fba-3de8-46dc-9d0d-6f805869fdb8.jpg 1600w\" sizes=\"(max-width: 1024px) 100vw, 1024px\" \/><\/figure>\n\n\n\n<p>O R\u00e9veillon Gospel tamb\u00e9m prestigiou cantores locais, como a tradicional Fam\u00edlia Seven, J\u00f4 Souza, Izabelle Ribeiro, Tony Sales e Leandro Nascimento, que engradeceram ainda mais o esp\u00edrito do evento. \u201cDas oito atra\u00e7\u00f5es desta noite, seis s\u00e3o locais. \u00c9 o maior n\u00famero de atra\u00e7\u00f5es locais, prestigiando os artistas locais. Um sucesso de p\u00fablico e, sem d\u00favida alguma, acertamos na programa\u00e7\u00e3o. Enquanto estiver na prefeitura, essa programa\u00e7\u00e3o n\u00e3o sair\u00e1 mais do calend\u00e1rio anual\u201d, destacou o prefeito.<\/p>\n\n\n\n<p>A prefeitura montou uma grande estrutura para o evento. \u00d3rg\u00e3os municipais e estaduais estiveram empenhados em garantir o bem-estar e seguran\u00e7a da popula\u00e7\u00e3o que se deslocou para a Praia da Ponta Negra, proporcionando um R\u00e9veillon Gospel inesquec\u00edvel.<\/p>\n\n\n\n<p>&#8212;<\/p>\n\n\n\n<p><strong>Texto \u2013<\/strong> La\u00eds Fernandes \/ Semcom<\/p>\n\n\n\n<p><strong>Fotos &#8211;<\/strong> Ruan Souza \/ Semcom<\/p>\n","protected":false},"excerpt":{"rendered":"","protected":false},"author":52,"featured_media":2004,"comment_status":"closed","ping_status":"closed","sticky":false,"template":"","format":"standard","meta":{"footnotes":""},"categories":[889],"tags":[641,667,197,11],"acf":[],"yoast_head":"<!-- This site is optimized with the Yoast SEO plugin v23.0 - https:\/\/yoast.com\/wordpress\/plugins\/seo\/ -->\n<title>Prefeito David Almeida participa da abertura do R\u00e9veillon Gospel na praia da Ponta Negra<\/title>\n<meta name=\"robots\" content=\"noindex, follow\" \/>\n<meta property=\"og:locale\" content=\"pt_BR\" \/>\n<meta property=\"og:type\" content=\"article\" \/>\n<meta property=\"og:title\" content=\"Prefeito David Almeida participa da abertura do R\u00e9veillon Gospel na praia da Ponta Negra\" \/>\n<meta property=\"og:url\" content=\"https:\/\/www.manaus.am.gov.br\/manauscult\/prefeito-david-almeida-participa-da-abertura-do-reveillon-gospel-na-praia-da-ponta-negra\/\" \/>\n<meta property=\"og:site_name\" content=\"MANAUSCULT\" \/>\n<meta property=\"article:published_time\" content=\"2023-12-31T04:16:29+00:00\" \/>\n<meta property=\"article:modified_time\" content=\"2023-12-31T05:19:06+00:00\" \/>\n<meta property=\"og:image\" content=\"https:\/\/www.manaus.am.gov.br\/manauscult\/wp-content\/uploads\/sites\/11\/2023\/12\/prefeito_.jpg\" \/>\n\t<meta property=\"og:image:width\" content=\"1116\" \/>\n\t<meta property=\"og:image:height\" content=\"744\" \/>\n\t<meta property=\"og:image:type\" content=\"image\/jpeg\" \/>\n<meta name=\"author\" content=\"csilveira\" \/>\n<meta name=\"twitter:card\" content=\"summary_large_image\" \/>\n<meta name=\"twitter:label1\" content=\"Written by\" \/>\n\t<meta name=\"twitter:data1\" content=\"csilveira\" \/>\n\t<meta name=\"twitter:label2\" content=\"Est. reading time\" \/>\n\t<meta name=\"twitter:data2\" content=\"3 minutos\" \/>\n<script type=\"application\/ld+json\" class=\"yoast-schema-graph\">{\"@context\":\"https:\/\/schema.org\",\"@graph\":[{\"@type\":\"WebPage\",\"@id\":\"https:\/\/www.manaus.am.gov.br\/manauscult\/prefeito-david-almeida-participa-da-abertura-do-reveillon-gospel-na-praia-da-ponta-negra\/\",\"url\":\"https:\/\/www.manaus.am.gov.br\/manauscult\/prefeito-david-almeida-participa-da-abertura-do-reveillon-gospel-na-praia-da-ponta-negra\/\",\"name\":\"Prefeito David Almeida participa da abertura do R\u00e9veillon Gospel na praia da Ponta Negra\",\"isPartOf\":{\"@id\":\"https:\/\/www.manaus.am.gov.br\/manauscult\/#website\"},\"primaryImageOfPage\":{\"@id\":\"https:\/\/www.manaus.am.gov.br\/manauscult\/prefeito-david-almeida-participa-da-abertura-do-reveillon-gospel-na-praia-da-ponta-negra\/#primaryimage\"},\"image\":{\"@id\":\"https:\/\/www.manaus.am.gov.br\/manauscult\/prefeito-david-almeida-participa-da-abertura-do-reveillon-gospel-na-praia-da-ponta-negra\/#primaryimage\"},\"thumbnailUrl\":\"https:\/\/www.manaus.am.gov.br\/manauscult\/wp-content\/uploads\/sites\/11\/2023\/12\/Prefeito_Reveillon_3.jpg\",\"datePublished\":\"2023-12-31T04:16:29+00:00\",\"dateModified\":\"2023-12-31T05:19:06+00:00\",\"author\":{\"@id\":\"https:\/\/www.manaus.am.gov.br\/manauscult\/#\/schema\/person\/bfafc779be2e19b3d3ef4a59d418b606\"},\"breadcrumb\":{\"@id\":\"https:\/\/www.manaus.am.gov.br\/manauscult\/prefeito-david-almeida-participa-da-abertura-do-reveillon-gospel-na-praia-da-ponta-negra\/#breadcrumb\"},\"inLanguage\":\"pt-BR\",\"potentialAction\":[{\"@type\":\"ReadAction\",\"target\":[\"https:\/\/www.manaus.am.gov.br\/manauscult\/prefeito-david-almeida-participa-da-abertura-do-reveillon-gospel-na-praia-da-ponta-negra\/\"]}]},{\"@type\":\"ImageObject\",\"inLanguage\":\"pt-BR\",\"@id\":\"https:\/\/www.manaus.am.gov.br\/manauscult\/prefeito-david-almeida-participa-da-abertura-do-reveillon-gospel-na-praia-da-ponta-negra\/#primaryimage\",\"url\":\"https:\/\/www.manaus.am.gov.br\/manauscult\/wp-content\/uploads\/sites\/11\/2023\/12\/Prefeito_Reveillon_3.jpg\",\"contentUrl\":\"https:\/\/www.manaus.am.gov.br\/manauscult\/wp-content\/uploads\/sites\/11\/2023\/12\/Prefeito_Reveillon_3.jpg\",\"width\":1116,\"height\":744},{\"@type\":\"BreadcrumbList\",\"@id\":\"https:\/\/www.manaus.am.gov.br\/manauscult\/prefeito-david-almeida-participa-da-abertura-do-reveillon-gospel-na-praia-da-ponta-negra\/#breadcrumb\",\"itemListElement\":[{\"@type\":\"ListItem\",\"position\":1,\"name\":\"Home\",\"item\":\"https:\/\/www.manaus.am.gov.br\/manauscult\/\"},{\"@type\":\"ListItem\",\"position\":2,\"name\":\"Prefeito David Almeida participa da abertura do R\u00e9veillon Gospel na praia da Ponta Negra\"}]},{\"@type\":\"WebSite\",\"@id\":\"https:\/\/www.manaus.am.gov.br\/manauscult\/#website\",\"url\":\"https:\/\/www.manaus.am.gov.br\/manauscult\/\",\"name\":\"MANAUSCULT\",\"description\":\"Prefeitura de Manaus\",\"potentialAction\":[{\"@type\":\"SearchAction\",\"target\":{\"@type\":\"EntryPoint\",\"urlTemplate\":\"https:\/\/www.manaus.am.gov.br\/manauscult\/?s={search_term_string}\"},\"query-input\":\"required name=search_term_string\"}],\"inLanguage\":\"pt-BR\"},{\"@type\":\"Person\",\"@id\":\"https:\/\/www.manaus.am.gov.br\/manauscult\/#\/schema\/person\/bfafc779be2e19b3d3ef4a59d418b606\",\"name\":\"csilveira\",\"image\":{\"@type\":\"ImageObject\",\"inLanguage\":\"pt-BR\",\"@id\":\"https:\/\/www.manaus.am.gov.br\/manauscult\/#\/schema\/person\/image\/\",\"url\":\"https:\/\/secure.gravatar.com\/avatar\/9c2e2f00138fcd35401c748bd030d3b5?s=96&d=mm&r=g\",\"contentUrl\":\"https:\/\/secure.gravatar.com\/avatar\/9c2e2f00138fcd35401c748bd030d3b5?s=96&d=mm&r=g\",\"caption\":\"csilveira\"}}]}<\/script>\n<!-- \/ Yoast SEO plugin. -->","yoast_head_json":{"title":"Prefeito David Almeida participa da abertura do R\u00e9veillon Gospel na praia da Ponta Negra","robots":{"index":"noindex","follow":"follow"},"og_locale":"pt_BR","og_type":"article","og_title":"Prefeito David Almeida participa da abertura do R\u00e9veillon Gospel na praia da Ponta Negra","og_url":"https:\/\/www.manaus.am.gov.br\/manauscult\/prefeito-david-almeida-participa-da-abertura-do-reveillon-gospel-na-praia-da-ponta-negra\/","og_site_name":"MANAUSCULT","article_published_time":"2023-12-31T04:16:29+00:00","article_modified_time":"2023-12-31T05:19:06+00:00","og_image":[{"width":1116,"height":744,"url":"https:\/\/www.manaus.am.gov.br\/manauscult\/wp-content\/uploads\/sites\/11\/2023\/12\/prefeito_.jpg","type":"image\/jpeg"}],"author":"csilveira","twitter_card":"summary_large_image","twitter_misc":{"Written by":"csilveira","Est. reading time":"3 minutos"},"schema":{"@context":"https:\/\/schema.org","@graph":[{"@type":"WebPage","@id":"https:\/\/www.manaus.am.gov.br\/manauscult\/prefeito-david-almeida-participa-da-abertura-do-reveillon-gospel-na-praia-da-ponta-negra\/","url":"https:\/\/www.manaus.am.gov.br\/manauscult\/prefeito-david-almeida-participa-da-abertura-do-reveillon-gospel-na-praia-da-ponta-negra\/","name":"Prefeito David Almeida participa da abertura do R\u00e9veillon Gospel na praia da Ponta Negra","isPartOf":{"@id":"https:\/\/www.manaus.am.gov.br\/manauscult\/#website"},"primaryImageOfPage":{"@id":"https:\/\/www.manaus.am.gov.br\/manauscult\/prefeito-david-almeida-participa-da-abertura-do-reveillon-gospel-na-praia-da-ponta-negra\/#primaryimage"},"image":{"@id":"https:\/\/www.manaus.am.gov.br\/manauscult\/prefeito-david-almeida-participa-da-abertura-do-reveillon-gospel-na-praia-da-ponta-negra\/#primaryimage"},"thumbnailUrl":"https:\/\/www.manaus.am.gov.br\/manauscult\/wp-content\/uploads\/sites\/11\/2023\/12\/Prefeito_Reveillon_3.jpg","datePublished":"2023-12-31T04:16:29+00:00","dateModified":"2023-12-31T05:19:06+00:00","author":{"@id":"https:\/\/www.manaus.am.gov.br\/manauscult\/#\/schema\/person\/bfafc779be2e19b3d3ef4a59d418b606"},"breadcrumb":{"@id":"https:\/\/www.manaus.am.gov.br\/manauscult\/prefeito-david-almeida-participa-da-abertura-do-reveillon-gospel-na-praia-da-ponta-negra\/#breadcrumb"},"inLanguage":"pt-BR","potentialAction":[{"@type":"ReadAction","target":["https:\/\/www.manaus.am.gov.br\/manauscult\/prefeito-david-almeida-participa-da-abertura-do-reveillon-gospel-na-praia-da-ponta-negra\/"]}]},{"@type":"ImageObject","inLanguage":"pt-BR","@id":"https:\/\/www.manaus.am.gov.br\/manauscult\/prefeito-david-almeida-participa-da-abertura-do-reveillon-gospel-na-praia-da-ponta-negra\/#primaryimage","url":"https:\/\/www.manaus.am.gov.br\/manauscult\/wp-content\/uploads\/sites\/11\/2023\/12\/Prefeito_Reveillon_3.jpg","contentUrl":"https:\/\/www.manaus.am.gov.br\/manauscult\/wp-content\/uploads\/sites\/11\/2023\/12\/Prefeito_Reveillon_3.jpg","width":1116,"height":744},{"@type":"BreadcrumbList","@id":"https:\/\/www.manaus.am.gov.br\/manauscult\/prefeito-david-almeida-participa-da-abertura-do-reveillon-gospel-na-praia-da-ponta-negra\/#breadcrumb","itemListElement":[{"@type":"ListItem","position":1,"name":"Home","item":"https:\/\/www.manaus.am.gov.br\/manauscult\/"},{"@type":"ListItem","position":2,"name":"Prefeito David Almeida participa da abertura do R\u00e9veillon Gospel na praia da Ponta Negra"}]},{"@type":"WebSite","@id":"https:\/\/www.manaus.am.gov.br\/manauscult\/#website","url":"https:\/\/www.manaus.am.gov.br\/manauscult\/","name":"MANAUSCULT","description":"Prefeitura de Manaus","potentialAction":[{"@type":"SearchAction","target":{"@type":"EntryPoint","urlTemplate":"https:\/\/www.manaus.am.gov.br\/manauscult\/?s={search_term_string}"},"query-input":"required name=search_term_string"}],"inLanguage":"pt-BR"},{"@type":"Person","@id":"https:\/\/www.manaus.am.gov.br\/manauscult\/#\/schema\/person\/bfafc779be2e19b3d3ef4a59d418b606","name":"csilveira","image":{"@type":"ImageObject","inLanguage":"pt-BR","@id":"https:\/\/www.manaus.am.gov.br\/manauscult\/#\/schema\/person\/image\/","url":"https:\/\/secure.gravatar.com\/avatar\/9c2e2f00138fcd35401c748bd030d3b5?s=96&d=mm&r=g","contentUrl":"https:\/\/secure.gravatar.com\/avatar\/9c2e2f00138fcd35401c748bd030d3b5?s=96&d=mm&r=g","caption":"csilveira"}}]}},"_links":{"self":[{"href":"https:\/\/www.manaus.am.gov.br\/manauscult\/wp-json\/wp\/v2\/posts\/1997"}],"collection":[{"href":"https:\/\/www.manaus.am.gov.br\/manauscult\/wp-json\/wp\/v2\/posts"}],"about":[{"href":"https:\/\/www.manaus.am.gov.br\/manauscult\/wp-json\/wp\/v2\/types\/post"}],"author":[{"embeddable":true,"href":"https:\/\/www.manaus.am.gov.br\/manauscult\/wp-json\/wp\/v2\/users\/52"}],"replies":[{"embeddable":true,"href":"https:\/\/www.manaus.am.gov.br\/manauscult\/wp-json\/wp\/v2\/comments?post=1997"}],"version-history":[{"count":9,"href":"https:\/\/www.manaus.am.gov.br\/manauscult\/wp-json\/wp\/v2\/posts\/1997\/revisions"}],"predecessor-version":[{"id":2010,"href":"https:\/\/www.manaus.am.gov.br\/manauscult\/wp-json\/wp\/v2\/posts\/1997\/revisions\/2010"}],"wp:featuredmedia":[{"embeddable":true,"href":"https:\/\/www.manaus.am.gov.br\/manauscult\/wp-json\/wp\/v2\/media\/2004"}],"wp:attachment":[{"href":"https:\/\/www.manaus.am.gov.br\/manauscult\/wp-json\/wp\/v2\/media?parent=1997"}],"wp:term":[{"taxonomy":"category","embeddable":true,"href":"https:\/\/www.manaus.am.gov.br\/manauscult\/wp-json\/wp\/v2\/categories?post=1997"},{"taxonomy":"post_tag","embeddable":true,"href":"https:\/\/www.manaus.am.gov.br\/manauscult\/wp-json\/wp\/v2\/tags?post=1997"}],"curies":[{"name":"wp","href":"https:\/\/api.w.org\/{rel}","templated":true}]}}