{"id":1835,"date":"2023-12-02T10:01:05","date_gmt":"2023-12-02T14:01:05","guid":{"rendered":"https:\/\/www.manaus.am.gov.br\/manauscult\/vice-prefeito-boi-manaus\/"},"modified":"2023-12-02T10:01:05","modified_gmt":"2023-12-02T14:01:05","slug":"vice-prefeito-boi-manaus","status":"publish","type":"post","link":"https:\/\/www.manaus.am.gov.br\/manauscult\/vice-prefeito-boi-manaus\/","title":{"rendered":"Vice-prefeito enaltece a primeira noite do \u2018Boi Manaus 2023\u2019 e convida o p\u00fablico para segunda noite"},"content":{"rendered":"\n<p>O vice-prefeito e secret\u00e1rio municipal chefe da Casa Civil, Marcos Rotta, representou, nesta sexta-feira, 1\/12, o prefeito David Almeida na primeira noite do evento mais aguardado pelos brincantes da cultura amazonense, o \u201cBoi Manaus 2023\u201d, no samb\u00f3dromo de Manaus, zona Oeste, e exaltou a import\u00e2ncia da festa para a cidade.&nbsp;<\/p>\n\n\n\n<p>\u201cO Boi Manaus j\u00e1 faz parte do nosso calend\u00e1rio de eventos culturais, e movimenta toda a cidade, sendo de extrema import\u00e2ncia por valorizar as tradi\u00e7\u00f5es da nossa regi\u00e3o\u201d, afirmou Rotta.<\/p>\n\n\n\n<p>O \u201cBoi Manaus\u201d \u00e9 realizado anualmente pela Prefeitura de Manaus, por meio da Funda\u00e7\u00e3o Municipal de Cultura, Turismo e Eventos (ManausCult), e neste ano, teve seu calend\u00e1rio adiado devido a forte onda de fuma\u00e7a que encobriu a cidade no per\u00edodo, mas a altera\u00e7\u00e3o de data n\u00e3o diminuiu a grandiosidade da festa bovina, que reuniu milhares de brincantes, nesta primeira noite, para dan\u00e7ar o \u201cdois pra l\u00e1, dois pra c\u00e1\u201d.<\/p>\n\n\n\n<p>\u201c\u00c9 com muita alegria e satisfa\u00e7\u00e3o que estamos abrindo a primeira noite do Boi Manaus 2023. Este ano est\u00e1 sendo fora de \u00e9poca, devido a onda de fuma\u00e7a, pois comemor\u00e1vamos no dia do anivers\u00e1rio da cidade, mas gra\u00e7as ao prefeito David, que tem um olhar atencioso para a cultura, n\u00e3o pod\u00edamos deixar de realizar a nossa tradi\u00e7\u00e3o anual, levando alegria \u00e0 popula\u00e7\u00e3o, que se diverte ao som das toadas dos bois, em um espa\u00e7o seguro, com uma excelente estrutura e organiza\u00e7\u00e3o\u201d, disse Rotta.\u00a0<\/p>\n\n\n<div class=\"wp-block-image\">\n<figure class=\"aligncenter size-full\"><img loading=\"lazy\" decoding=\"async\" width=\"800\" height=\"605\" src=\"https:\/\/www.manaus.am.gov.br\/manauscult\/wp-content\/uploads\/sites\/11\/2023\/12\/boi2.jpg\" alt=\"\" class=\"wp-image-1838\" srcset=\"https:\/\/www.manaus.am.gov.br\/manauscult\/wp-content\/uploads\/sites\/11\/2023\/12\/boi2.jpg 800w, https:\/\/www.manaus.am.gov.br\/manauscult\/wp-content\/uploads\/sites\/11\/2023\/12\/boi2-300x227.jpg 300w, https:\/\/www.manaus.am.gov.br\/manauscult\/wp-content\/uploads\/sites\/11\/2023\/12\/boi2-768x581.jpg 768w\" sizes=\"(max-width: 800px) 100vw, 800px\" \/><figcaption class=\"wp-element-caption\">#paratodosverem vice-prefeito Marcos Rotta no Boi Manaus 2023<\/figcaption><\/figure><\/div>\n\n\n<p>O vice-prefeito tamb\u00e9m refor\u00e7ou o convite ao p\u00fablico para a segunda noite do evento.&nbsp;\u201cConvido a todos que puderem vir prestigiar a festa, neste s\u00e1bado, pois est\u00e1 digna&nbsp;do que espera a popula\u00e7\u00e3o\u201d, finalizou.<\/p>\n\n\n\n<p><strong>\u00c1gua e acessibilidade<\/strong><\/p>\n\n\n\n<p>A primeira noite do Boi Manaus 2023 exaltou a cultura popular, com o tema: \u201co som que vem da floresta\u201d. Vinte e cinco artistas se apresentaram nos dois palcos montados, com muita toada e ritmo que emocionaram o p\u00fablico presente no samb\u00f3dromo.<\/p>\n\n\n\n<p>Para o evento deste ano a Prefeitura de Manaus promoveu algumas mudan\u00e7as, como a permiss\u00e3o para a popula\u00e7\u00e3o entrar com garrafa de \u00e1gua, a proibi\u00e7\u00e3o a menores de 12 anos e a acessibilidade, com espa\u00e7o para pessoas com defici\u00eancia em uma \u00e1rea maior e com mais comodidade.<\/p>\n\n\n\n<p>Para o diretor-presidente da Manauscult, Osvaldo Cardoso, a Prefeitura de Manaus cumpre o papel da gest\u00e3o p\u00fablica em valorizar a cultura do Amazonas e a tradi\u00e7\u00e3o. \u201cMais uma vez a gente v\u00ea a gest\u00e3o do prefeito David Almeida cumprindo o papel como poder p\u00fablico em valorizar e apoiar os eventos culturais da cidade. O Boi Manaus \u00e9 tradicional e faz parte do calend\u00e1rio da cidade, al\u00e9m de movimentar toda uma cadeia econ\u00f4mica, com gera\u00e7\u00e3o de renda para muitas fam\u00edlias\u201d, pontuou.<\/p>\n\n\n\n<p>De acordo com o levantador de toadas Fabiano Neves, \u00e9 importante marcar o territ\u00f3rio, exaltar a Amaz\u00f4nia e levar a mensagem de preserva\u00e7\u00e3o, principalmente ap\u00f3s o Amazonas registrar a maior seca da hist\u00f3ria. \u201c\u00c9 um privil\u00e9gio estar aqui e poder cantar o nosso ritmo, nossas toadas, na festa da nossa terra. \u00c9 muito bom cantar a nossa ess\u00eancia, principalmente neste momento que n\u00f3s passamos por tempos vulner\u00e1veis. Estamos exaltando a Amaz\u00f4nia e trazendo a mensagem de preserva\u00e7\u00e3o que o mundo inteiro precisa cantar\u201d, ressaltou.<\/p>\n\n\n<div class=\"wp-block-image\">\n<figure class=\"aligncenter size-full\"><img loading=\"lazy\" decoding=\"async\" width=\"799\" height=\"533\" src=\"https:\/\/www.manaus.am.gov.br\/manauscult\/wp-content\/uploads\/sites\/11\/2023\/12\/boi5.jpg\" alt=\"\" class=\"wp-image-1837\" srcset=\"https:\/\/www.manaus.am.gov.br\/manauscult\/wp-content\/uploads\/sites\/11\/2023\/12\/boi5.jpg 799w, https:\/\/www.manaus.am.gov.br\/manauscult\/wp-content\/uploads\/sites\/11\/2023\/12\/boi5-300x200.jpg 300w, https:\/\/www.manaus.am.gov.br\/manauscult\/wp-content\/uploads\/sites\/11\/2023\/12\/boi5-768x512.jpg 768w\" sizes=\"(max-width: 799px) 100vw, 799px\" \/><figcaption class=\"wp-element-caption\">#paratodosverem galera do boi vermelho no Boi Manaus 2023<\/figcaption><\/figure><\/div>\n\n\n<p><strong>Seguran\u00e7a&nbsp;<\/strong><\/p>\n\n\n\n<p>Respondendo ao Plano de A\u00e7\u00f5es Integradas (PAI), o Centro de Coopera\u00e7\u00e3o da Cidade (CCC) coordenou o colegiado para o monitoramento do evento, fortalecendo pol\u00edticas p\u00fablicas e garantindo a seguran\u00e7a das a\u00e7\u00f5es.<\/p>\n\n\n\n<p>Al\u00e9m de realizar tr\u00eas reuni\u00f5es do colegiado, sem registrar nenhuma ocorr\u00eancia relevante nessa primeira noite, o CCC atuou tamb\u00e9m no monitoramento do evento, por interm\u00e9dio das 42 lentes espalhadas em todo o per\u00edmetro do festival.<\/p>\n\n\n<div class=\"wp-block-image\">\n<figure class=\"aligncenter size-full\"><img loading=\"lazy\" decoding=\"async\" width=\"799\" height=\"533\" src=\"https:\/\/www.manaus.am.gov.br\/manauscult\/wp-content\/uploads\/sites\/11\/2023\/12\/boi3.jpg\" alt=\"\" class=\"wp-image-1836\" srcset=\"https:\/\/www.manaus.am.gov.br\/manauscult\/wp-content\/uploads\/sites\/11\/2023\/12\/boi3.jpg 799w, https:\/\/www.manaus.am.gov.br\/manauscult\/wp-content\/uploads\/sites\/11\/2023\/12\/boi3-300x200.jpg 300w, https:\/\/www.manaus.am.gov.br\/manauscult\/wp-content\/uploads\/sites\/11\/2023\/12\/boi3-768x512.jpg 768w\" sizes=\"(max-width: 799px) 100vw, 799px\" \/><figcaption class=\"wp-element-caption\">#paratodosverem CCC realiza o monitoramento do evento<\/figcaption><\/figure><\/div>\n\n\n<p>O gerente de projetos do CCC, M\u00e1rio Henrique, enfatizou as atividades exercidas pelo \u00f3rg\u00e3o. \u201cO Centro de Coopera\u00e7\u00e3o da Cidade est\u00e1 atuando junto com a coordena\u00e7\u00e3o e \u00e0s equipes de seguran\u00e7a do evento, por meio da ativa\u00e7\u00e3o do colegiado municipal, que integra os \u00f3rg\u00e3os envolvidos na opera\u00e7\u00e3o, e no monitoramento das c\u00e2meras do CCC, para dar apoio \u00e0s quest\u00f5es de tr\u00e2nsito e seguran\u00e7a, dentro e fora do per\u00edmetro do evento\u201d, explicou.<\/p>\n\n\n\n<p><strong>Confira as atra\u00e7\u00f5es para o segundo dia do Boi Manaus:&nbsp;<\/strong><\/p>\n\n\n\n<p><strong>S\u00e1bado, 2 de dezembro, a partir das 19h<\/strong><\/p>\n\n\n\n<p>20h \u00e0s 20h30 \u2013 Denis Martins e Luciano Ara\u00fajo<\/p>\n\n\n\n<p>20h30 \u00e0s 21h \u2013 Renato Freitas e Wilson Nobre<\/p>\n\n\n\n<p>21h \u00e0s 21h30 -Toada de Roda e Ianayra<\/p>\n\n\n\n<p>21h30 \u00e0s 22h \u2013 Boi Corre-Campo<\/p>\n\n\n\n<p>22h \u00e0s 22h30- Mara Lima e Luanita Rangel<\/p>\n\n\n\n<p>22h30 \u00e0s 23h \u2013 Edmundo Oran e Arlindo Neto<\/p>\n\n\n\n<p>23h \u00e0s 23h30 \u2013 Batucada\/Israel Paulain e Sebasti\u00e3o Jr.<\/p>\n\n\n\n<p>23h30 \u00e0 0h \u2013 Marujada de Guerra e Paulinho Viana<\/p>\n\n\n\n<p>0h \u00e0 0h30 \u2013 Prince do Boi e Patrick Ara\u00fajo<\/p>\n\n\n\n<p>0h30 \u00e0 1h \u2013 M\u00e1rcia Siqueira e M\u00e1rcia Novo<\/p>\n\n\n\n<p>1h \u00e0 1h30 \u2013 Carlinho do Boi<\/p>\n\n\n\n<p>1h30 \u00e0s 2h \u2013 Boi Brilhante<\/p>\n\n\n\n<p>&#8212; &#8212; &#8212;<\/p>\n\n\n\n<p><strong>Texto&nbsp;\u2013 <\/strong>Vit\u00f3ria Sena \/ Casa Civil, Moara Cabral\/ Manauscult e Ana Clara Sena \/ CCC<\/p>\n\n\n\n<p><strong>Fotos <\/strong>\u2013 Cl\u00f3vis Miranda \/ Semcom e Ant\u00f4nio Pereira \/ Casa Civil<\/p>\n","protected":false},"excerpt":{"rendered":"","protected":false},"author":25,"featured_media":1839,"comment_status":"closed","ping_status":"closed","sticky":false,"template":"","format":"standard","meta":{"footnotes":""},"categories":[12],"tags":[766,839,321,840,9,841],"acf":[],"yoast_head":"<!-- This site is optimized with the Yoast SEO plugin v23.0 - https:\/\/yoast.com\/wordpress\/plugins\/seo\/ -->\n<title>Vice-prefeito enaltece a primeira noite do \u2018Boi Manaus 2023\u2019<\/title>\n<meta name=\"description\" content=\"O vice-prefeito e secret\u00e1rio municipal chefe da Casa Civil, Marcos Rotta, representou, nesta sexta-feira, 1\/12, o prefeito David Almeida no \u201cBoi Manaus 2023\u201d\" \/>\n<meta name=\"robots\" content=\"noindex, follow\" \/>\n<meta property=\"og:locale\" content=\"pt_BR\" \/>\n<meta property=\"og:type\" content=\"article\" \/>\n<meta property=\"og:title\" content=\"Vice-prefeito enaltece a primeira noite do \u2018Boi Manaus 2023\u2019\" \/>\n<meta property=\"og:description\" content=\"O vice-prefeito e secret\u00e1rio municipal chefe da Casa Civil, Marcos Rotta, representou, nesta sexta-feira, 1\/12, o prefeito David Almeida no \u201cBoi Manaus 2023\u201d\" \/>\n<meta property=\"og:url\" content=\"https:\/\/www.manaus.am.gov.br\/manauscult\/vice-prefeito-boi-manaus\/\" \/>\n<meta property=\"og:site_name\" content=\"MANAUSCULT\" \/>\n<meta property=\"article:published_time\" content=\"2023-12-02T14:01:05+00:00\" \/>\n<meta property=\"og:image\" content=\"https:\/\/www.manaus.am.gov.br\/manauscult\/wp-content\/uploads\/sites\/11\/2023\/12\/boi1.jpg\" \/>\n\t<meta property=\"og:image:width\" content=\"799\" \/>\n\t<meta property=\"og:image:height\" content=\"533\" \/>\n\t<meta property=\"og:image:type\" content=\"image\/jpeg\" \/>\n<meta name=\"author\" content=\"Maur\u00edcio Freire\" \/>\n<meta name=\"twitter:card\" content=\"summary_large_image\" \/>\n<meta name=\"twitter:label1\" content=\"Written by\" \/>\n\t<meta name=\"twitter:data1\" content=\"Maur\u00edcio Freire\" \/>\n\t<meta name=\"twitter:label2\" content=\"Est. reading time\" \/>\n\t<meta name=\"twitter:data2\" content=\"6 minutos\" \/>\n<script type=\"application\/ld+json\" class=\"yoast-schema-graph\">{\"@context\":\"https:\/\/schema.org\",\"@graph\":[{\"@type\":\"WebPage\",\"@id\":\"https:\/\/www.manaus.am.gov.br\/manauscult\/vice-prefeito-boi-manaus\/\",\"url\":\"https:\/\/www.manaus.am.gov.br\/manauscult\/vice-prefeito-boi-manaus\/\",\"name\":\"Vice-prefeito enaltece a primeira noite do \u2018Boi Manaus 2023\u2019\",\"isPartOf\":{\"@id\":\"https:\/\/www.manaus.am.gov.br\/manauscult\/#website\"},\"primaryImageOfPage\":{\"@id\":\"https:\/\/www.manaus.am.gov.br\/manauscult\/vice-prefeito-boi-manaus\/#primaryimage\"},\"image\":{\"@id\":\"https:\/\/www.manaus.am.gov.br\/manauscult\/vice-prefeito-boi-manaus\/#primaryimage\"},\"thumbnailUrl\":\"https:\/\/www.manaus.am.gov.br\/manauscult\/wp-content\/uploads\/sites\/11\/2023\/12\/boi1.jpg\",\"datePublished\":\"2023-12-02T14:01:05+00:00\",\"dateModified\":\"2023-12-02T14:01:05+00:00\",\"author\":{\"@id\":\"https:\/\/www.manaus.am.gov.br\/manauscult\/#\/schema\/person\/587989a23a463cde5618e6a028977a9a\"},\"description\":\"O vice-prefeito e secret\u00e1rio municipal chefe da Casa Civil, Marcos Rotta, representou, nesta sexta-feira, 1\/12, o prefeito David Almeida no \u201cBoi Manaus 2023\u201d\",\"breadcrumb\":{\"@id\":\"https:\/\/www.manaus.am.gov.br\/manauscult\/vice-prefeito-boi-manaus\/#breadcrumb\"},\"inLanguage\":\"pt-BR\",\"potentialAction\":[{\"@type\":\"ReadAction\",\"target\":[\"https:\/\/www.manaus.am.gov.br\/manauscult\/vice-prefeito-boi-manaus\/\"]}]},{\"@type\":\"ImageObject\",\"inLanguage\":\"pt-BR\",\"@id\":\"https:\/\/www.manaus.am.gov.br\/manauscult\/vice-prefeito-boi-manaus\/#primaryimage\",\"url\":\"https:\/\/www.manaus.am.gov.br\/manauscult\/wp-content\/uploads\/sites\/11\/2023\/12\/boi1.jpg\",\"contentUrl\":\"https:\/\/www.manaus.am.gov.br\/manauscult\/wp-content\/uploads\/sites\/11\/2023\/12\/boi1.jpg\",\"width\":799,\"height\":533,\"caption\":\"#paratodosverem torcida azul na primeira noite do Boi Manaus 2023\"},{\"@type\":\"BreadcrumbList\",\"@id\":\"https:\/\/www.manaus.am.gov.br\/manauscult\/vice-prefeito-boi-manaus\/#breadcrumb\",\"itemListElement\":[{\"@type\":\"ListItem\",\"position\":1,\"name\":\"Home\",\"item\":\"https:\/\/www.manaus.am.gov.br\/manauscult\/\"},{\"@type\":\"ListItem\",\"position\":2,\"name\":\"Vice-prefeito enaltece a primeira noite do \u2018Boi Manaus 2023\u2019 e convida o p\u00fablico para segunda noite\"}]},{\"@type\":\"WebSite\",\"@id\":\"https:\/\/www.manaus.am.gov.br\/manauscult\/#website\",\"url\":\"https:\/\/www.manaus.am.gov.br\/manauscult\/\",\"name\":\"MANAUSCULT\",\"description\":\"Prefeitura de Manaus\",\"potentialAction\":[{\"@type\":\"SearchAction\",\"target\":{\"@type\":\"EntryPoint\",\"urlTemplate\":\"https:\/\/www.manaus.am.gov.br\/manauscult\/?s={search_term_string}\"},\"query-input\":\"required name=search_term_string\"}],\"inLanguage\":\"pt-BR\"},{\"@type\":\"Person\",\"@id\":\"https:\/\/www.manaus.am.gov.br\/manauscult\/#\/schema\/person\/587989a23a463cde5618e6a028977a9a\",\"name\":\"Maur\u00edcio Freire\",\"image\":{\"@type\":\"ImageObject\",\"inLanguage\":\"pt-BR\",\"@id\":\"https:\/\/www.manaus.am.gov.br\/manauscult\/#\/schema\/person\/image\/\",\"url\":\"https:\/\/secure.gravatar.com\/avatar\/dc1481799a1f75c733ac3b2634cd6749?s=96&d=mm&r=g\",\"contentUrl\":\"https:\/\/secure.gravatar.com\/avatar\/dc1481799a1f75c733ac3b2634cd6749?s=96&d=mm&r=g\",\"caption\":\"Maur\u00edcio Freire\"}}]}<\/script>\n<!-- \/ Yoast SEO plugin. -->","yoast_head_json":{"title":"Vice-prefeito enaltece a primeira noite do \u2018Boi Manaus 2023\u2019","description":"O vice-prefeito e secret\u00e1rio municipal chefe da Casa Civil, Marcos Rotta, representou, nesta sexta-feira, 1\/12, o prefeito David Almeida no \u201cBoi Manaus 2023\u201d","robots":{"index":"noindex","follow":"follow"},"og_locale":"pt_BR","og_type":"article","og_title":"Vice-prefeito enaltece a primeira noite do \u2018Boi Manaus 2023\u2019","og_description":"O vice-prefeito e secret\u00e1rio municipal chefe da Casa Civil, Marcos Rotta, representou, nesta sexta-feira, 1\/12, o prefeito David Almeida no \u201cBoi Manaus 2023\u201d","og_url":"https:\/\/www.manaus.am.gov.br\/manauscult\/vice-prefeito-boi-manaus\/","og_site_name":"MANAUSCULT","article_published_time":"2023-12-02T14:01:05+00:00","og_image":[{"width":799,"height":533,"url":"https:\/\/www.manaus.am.gov.br\/manauscult\/wp-content\/uploads\/sites\/11\/2023\/12\/boi1.jpg","type":"image\/jpeg"}],"author":"Maur\u00edcio Freire","twitter_card":"summary_large_image","twitter_misc":{"Written by":"Maur\u00edcio Freire","Est. reading time":"6 minutos"},"schema":{"@context":"https:\/\/schema.org","@graph":[{"@type":"WebPage","@id":"https:\/\/www.manaus.am.gov.br\/manauscult\/vice-prefeito-boi-manaus\/","url":"https:\/\/www.manaus.am.gov.br\/manauscult\/vice-prefeito-boi-manaus\/","name":"Vice-prefeito enaltece a primeira noite do \u2018Boi Manaus 2023\u2019","isPartOf":{"@id":"https:\/\/www.manaus.am.gov.br\/manauscult\/#website"},"primaryImageOfPage":{"@id":"https:\/\/www.manaus.am.gov.br\/manauscult\/vice-prefeito-boi-manaus\/#primaryimage"},"image":{"@id":"https:\/\/www.manaus.am.gov.br\/manauscult\/vice-prefeito-boi-manaus\/#primaryimage"},"thumbnailUrl":"https:\/\/www.manaus.am.gov.br\/manauscult\/wp-content\/uploads\/sites\/11\/2023\/12\/boi1.jpg","datePublished":"2023-12-02T14:01:05+00:00","dateModified":"2023-12-02T14:01:05+00:00","author":{"@id":"https:\/\/www.manaus.am.gov.br\/manauscult\/#\/schema\/person\/587989a23a463cde5618e6a028977a9a"},"description":"O vice-prefeito e secret\u00e1rio municipal chefe da Casa Civil, Marcos Rotta, representou, nesta sexta-feira, 1\/12, o prefeito David Almeida no \u201cBoi Manaus 2023\u201d","breadcrumb":{"@id":"https:\/\/www.manaus.am.gov.br\/manauscult\/vice-prefeito-boi-manaus\/#breadcrumb"},"inLanguage":"pt-BR","potentialAction":[{"@type":"ReadAction","target":["https:\/\/www.manaus.am.gov.br\/manauscult\/vice-prefeito-boi-manaus\/"]}]},{"@type":"ImageObject","inLanguage":"pt-BR","@id":"https:\/\/www.manaus.am.gov.br\/manauscult\/vice-prefeito-boi-manaus\/#primaryimage","url":"https:\/\/www.manaus.am.gov.br\/manauscult\/wp-content\/uploads\/sites\/11\/2023\/12\/boi1.jpg","contentUrl":"https:\/\/www.manaus.am.gov.br\/manauscult\/wp-content\/uploads\/sites\/11\/2023\/12\/boi1.jpg","width":799,"height":533,"caption":"#paratodosverem torcida azul na primeira noite do Boi Manaus 2023"},{"@type":"BreadcrumbList","@id":"https:\/\/www.manaus.am.gov.br\/manauscult\/vice-prefeito-boi-manaus\/#breadcrumb","itemListElement":[{"@type":"ListItem","position":1,"name":"Home","item":"https:\/\/www.manaus.am.gov.br\/manauscult\/"},{"@type":"ListItem","position":2,"name":"Vice-prefeito enaltece a primeira noite do \u2018Boi Manaus 2023\u2019 e convida o p\u00fablico para segunda noite"}]},{"@type":"WebSite","@id":"https:\/\/www.manaus.am.gov.br\/manauscult\/#website","url":"https:\/\/www.manaus.am.gov.br\/manauscult\/","name":"MANAUSCULT","description":"Prefeitura de Manaus","potentialAction":[{"@type":"SearchAction","target":{"@type":"EntryPoint","urlTemplate":"https:\/\/www.manaus.am.gov.br\/manauscult\/?s={search_term_string}"},"query-input":"required name=search_term_string"}],"inLanguage":"pt-BR"},{"@type":"Person","@id":"https:\/\/www.manaus.am.gov.br\/manauscult\/#\/schema\/person\/587989a23a463cde5618e6a028977a9a","name":"Maur\u00edcio Freire","image":{"@type":"ImageObject","inLanguage":"pt-BR","@id":"https:\/\/www.manaus.am.gov.br\/manauscult\/#\/schema\/person\/image\/","url":"https:\/\/secure.gravatar.com\/avatar\/dc1481799a1f75c733ac3b2634cd6749?s=96&d=mm&r=g","contentUrl":"https:\/\/secure.gravatar.com\/avatar\/dc1481799a1f75c733ac3b2634cd6749?s=96&d=mm&r=g","caption":"Maur\u00edcio Freire"}}]}},"_links":{"self":[{"href":"https:\/\/www.manaus.am.gov.br\/manauscult\/wp-json\/wp\/v2\/posts\/1835"}],"collection":[{"href":"https:\/\/www.manaus.am.gov.br\/manauscult\/wp-json\/wp\/v2\/posts"}],"about":[{"href":"https:\/\/www.manaus.am.gov.br\/manauscult\/wp-json\/wp\/v2\/types\/post"}],"author":[{"embeddable":true,"href":"https:\/\/www.manaus.am.gov.br\/manauscult\/wp-json\/wp\/v2\/users\/25"}],"replies":[{"embeddable":true,"href":"https:\/\/www.manaus.am.gov.br\/manauscult\/wp-json\/wp\/v2\/comments?post=1835"}],"version-history":[{"count":1,"href":"https:\/\/www.manaus.am.gov.br\/manauscult\/wp-json\/wp\/v2\/posts\/1835\/revisions"}],"predecessor-version":[{"id":1840,"href":"https:\/\/www.manaus.am.gov.br\/manauscult\/wp-json\/wp\/v2\/posts\/1835\/revisions\/1840"}],"wp:featuredmedia":[{"embeddable":true,"href":"https:\/\/www.manaus.am.gov.br\/manauscult\/wp-json\/wp\/v2\/media\/1839"}],"wp:attachment":[{"href":"https:\/\/www.manaus.am.gov.br\/manauscult\/wp-json\/wp\/v2\/media?parent=1835"}],"wp:term":[{"taxonomy":"category","embeddable":true,"href":"https:\/\/www.manaus.am.gov.br\/manauscult\/wp-json\/wp\/v2\/categories?post=1835"},{"taxonomy":"post_tag","embeddable":true,"href":"https:\/\/www.manaus.am.gov.br\/manauscult\/wp-json\/wp\/v2\/tags?post=1835"}],"curies":[{"name":"wp","href":"https:\/\/api.w.org\/{rel}","templated":true}]}}