{"id":1775,"date":"2023-11-29T11:29:10","date_gmt":"2023-11-29T15:29:10","guid":{"rendered":"https:\/\/www.manaus.am.gov.br\/manauscult\/2o-festival-literario-de-manaus-promove-dialogo-com-escritores-manauaras-e-convidados\/"},"modified":"2023-11-29T16:02:52","modified_gmt":"2023-11-29T20:02:52","slug":"2o-festival-literario-de-manaus-promove-dialogo-com-escritores-manauaras-e-convidados","status":"publish","type":"post","link":"https:\/\/www.manaus.am.gov.br\/manauscult\/2o-festival-literario-de-manaus-promove-dialogo-com-escritores-manauaras-e-convidados\/","title":{"rendered":"2\u00ba Festival Liter\u00e1rio de Manaus promove di\u00e1logo com escritores manauaras e convidados"},"content":{"rendered":"\n<p>A Prefeitura de Manaus, por meio do Conselho Municipal de Cultura (Concultura), com o apoio da Funda\u00e7\u00e3o Municipal de Cultura, Turismo e Eventos (Manauscult) e Secretaria de Cultura e Economia Criativa (SEC), reuniu, nesta ter\u00e7a-feira, 28\/11, no Festival Liter\u00e1rio de Manaus (Flim) 2023, escritores amazonenses e de outras regi\u00f5es, poetas e romancistas, no audit\u00f3rio do teatro Gebes Medeiros, no Ideal Clube, Centro, zona Sul da cidade.<\/p>\n\n\n\n<p>O presidente do Concultura, Neilo Batista, explicou que o Flim cumpre seu papel de fazer o di\u00e1logo inter e multicultural, al\u00e9m de promover o debate e o desenvolvimento sobre a literatura. &#8220;Temos as presen\u00e7as de autores, pesquisadores, professores, alunos e leitores que podem desfrutar da mais elevada troca de informa\u00e7\u00f5es e experi\u00eancias liter\u00e1rias&#8221;, pontuou.<\/p>\n\n\n\n<p>Uma reuni\u00e3o de poetas, romancistas e acad\u00eamicos e suas vis\u00f5es da literatura universal, brasileira e amaz\u00f4nica, a mulher na literatura e a ancestralidade foram temas das palestras e debates no segundo dia do festival.<\/p>\n\n\n\n<p>A programa\u00e7\u00e3o da manh\u00e3 iniciou com os escritores amazonenses Auricleia Neves e Gabriel Albuquerque&nbsp;abordando o tema &#8220;A Tradi\u00e7\u00e3o Po\u00e9tica do Amazonas: Autores e Obras Essenciais&#8221;; em seguida, as escritoras In\u00e1 Isabel Rafael ministraram uma palestra com o tema &#8220;A Mulher na Literatura do Amazonas&#8221;; e o encerramento ocorreu com o recital&nbsp;dos alunos da escola municipal Ulysses Guimar\u00e3es, com a obra de Carolina Maria de Jesus, &#8220;Quarto do Desejo: o Amargo Amarelo&#8221;, e dos alunos da escola municipal Aristides Barreto, com poema da obra de&nbsp;Luiz Bacellar, &#8220;Sol de Feira&#8221;.<\/p>\n\n\n\n<p>Pela tarde, coube aos autores Zemaria Pinto e Fabr\u00edcio Magalh\u00e3es, com a media\u00e7\u00e3o de Saturnino Valladares, a miss\u00e3o de debater sobre &#8220;A Tradi\u00e7\u00e3o Cont\u00edstica e Romanesca no Amazonas&#8221;.&nbsp;Na sequ\u00eancia, aconteceu palestras de convidados nacionais, com o linguista e pesquisador Ernani Terra, que falou sobre &#8220;O Papel Social do Escritor&#8221;, mediado por C\u00e1ssia Nascimento; e da pesquisadora e escritora ind\u00edgena Marina Miranda, que comentou sobre &#8220;A Literatura e Ancestralidade&#8221;, com a media\u00e7\u00e3o de Ana Michele Martins.<\/p>\n\n\n\n<p>O segundo dia encerrou com uma roda de conversa com o escritor decano e integrante do Clube da Madrugada, Elson Farias, Celdo Braga e Ald\u00edsio Filgueiras, que discorreram sobre o fazer po\u00e9tico nos ambientes urbanos e no interior amaz\u00f4nico.<\/p>\n\n\n\n<p>No palco, instalado entre a biblioteca e a pra\u00e7a, a programa\u00e7\u00e3o reuniu os grupos de Poesia Solta na Rua \u201cSlam\u201d e o Clube Liter\u00e1rio do Amazonas (Clam), o grupo musical ind\u00edgena Kurata Ktsuma, o violonista Djedah e apresenta\u00e7\u00f5es individuais.<\/p>\n\n\n\n<p><strong>\u00daltimo dia<\/strong><\/p>\n\n\n\n<p>O segundo Flim, que tem como tema &#8220;Literatura da nossa Gente&#8221;, re\u00fane, nesta quarta-feira, 29\/11, no teatro Gebes Medeiros:<\/p>\n\n\n\n<p><strong>11h<\/strong>&nbsp;&#8211; &#8220;A Literatura Amaz\u00f4nica e os Di\u00e1logos com o Oriente&#8221;, palestrante Cacio Ferreira e media\u00e7\u00e3o de Auricleia Neves.<\/p>\n\n\n\n<p><strong>14h<\/strong>&nbsp;&#8211; &#8220;Minha Experi\u00eancia nos Pr\u00eamios Liter\u00e1rios Cidade de Manaus&#8221;, bate-papo com os escritores Ricarda Lima, Grace Cordeiro, Evandro Brand\u00e3o, e media\u00e7\u00e3o de Hercilaine Alves.<\/p>\n\n\n\n<p><strong>15h&nbsp;<\/strong>&#8211; Mesa tem\u00e1tica &#8220;Livros que Marcaram Minha Vida&#8221;, com os autores convidados Marina Miranda, Ant\u00f4nio Torres e Ernani Terra, e media\u00e7\u00e3o de Zemaria Pinto.<\/p>\n\n\n\n<p><strong>16h30 &#8211;<\/strong>&nbsp;Bate-papo com os escritores convidados M\u00e1rcio Souza, Rita Alencar e Silva e Wilson Nogueira, com media\u00e7\u00e3o de Neiza Teixeira.<\/p>\n\n\n\n<p><strong>19h<\/strong>&nbsp;&#8211; No palco acontece o show literomusical, com Lucinha Cabral, Rosivaldo Menestrel e os Metais de Olinda, grupo Samba de Quintal, performances po\u00e9ticas e art\u00edsticas diversas.<\/p>\n\n\n\n<p>Ao todo, a edi\u00e7\u00e3o de 2023&nbsp;re\u00fane tr\u00eas palestrantes nacionais, que participam de mesas tem\u00e1ticas, com a participa\u00e7\u00e3o de 25 convidados locais, totalizando 28 palestrantes. As editoras, sebos e livrarias participam comercializando&nbsp;seus acervos para o p\u00fablico participante.<\/p>\n\n\n\n<p>&#8212; &#8212; &#8212;<\/p>\n\n\n\n<p><strong>Texto<\/strong>&nbsp;&#8211;&nbsp;Crist\u00f3v\u00e3o Nonato \/ Concultura&nbsp;<\/p>\n\n\n\n<p><strong>Fotos<\/strong> \u2013 Cl\u00f3vis Miranda \/ Semcom<\/p>\n\n\n\n<p><strong>Dispon\u00edveis em &#8211; <\/strong><a href=\"https:\/\/flic.kr\/s\/aHBqjB4Znc\">https:\/\/flic.kr\/s\/aHBqjB4Znc<\/a><\/p>\n","protected":false},"excerpt":{"rendered":"","protected":false},"author":39,"featured_media":1776,"comment_status":"closed","ping_status":"closed","sticky":false,"template":"","format":"standard","meta":{"footnotes":""},"categories":[825],"tags":[826,45,9,827,828,11,829,157,811],"acf":[],"yoast_head":"<!-- This site is optimized with the Yoast SEO plugin v23.0 - https:\/\/yoast.com\/wordpress\/plugins\/seo\/ -->\n<title>Prefeitura reuniu no Flim 2023 escritores, poetas e romancistas<\/title>\n<meta name=\"description\" content=\"A Prefeitura de Manaus reuniu no Flim 2023 escritores amazonenses e de outras regi\u00f5es, poetas e romancistas, no teatro Gebes Medeiros.\" \/>\n<meta name=\"robots\" content=\"noindex, follow\" \/>\n<meta property=\"og:locale\" content=\"pt_BR\" \/>\n<meta property=\"og:type\" content=\"article\" \/>\n<meta property=\"og:title\" content=\"Prefeitura reuniu no Flim 2023 escritores, poetas e romancistas\" \/>\n<meta property=\"og:description\" content=\"A Prefeitura de Manaus reuniu no Flim 2023 escritores amazonenses e de outras regi\u00f5es, poetas e romancistas, no teatro Gebes Medeiros.\" \/>\n<meta property=\"og:url\" content=\"https:\/\/www.manaus.am.gov.br\/manauscult\/2o-festival-literario-de-manaus-promove-dialogo-com-escritores-manauaras-e-convidados\/\" \/>\n<meta property=\"og:site_name\" content=\"MANAUSCULT\" \/>\n<meta property=\"article:published_time\" content=\"2023-11-29T15:29:10+00:00\" \/>\n<meta property=\"article:modified_time\" content=\"2023-11-29T20:02:52+00:00\" \/>\n<meta property=\"og:image\" content=\"https:\/\/www.manaus.am.gov.br\/manauscult\/wp-content\/uploads\/sites\/11\/2023\/11\/53363068483_6302f39d97_k.jpg\" \/>\n\t<meta property=\"og:image:width\" content=\"2048\" \/>\n\t<meta property=\"og:image:height\" content=\"1365\" \/>\n\t<meta property=\"og:image:type\" content=\"image\/jpeg\" \/>\n<meta name=\"author\" content=\"Bruna Greco\" \/>\n<meta name=\"twitter:card\" content=\"summary_large_image\" \/>\n<meta name=\"twitter:label1\" content=\"Written by\" \/>\n\t<meta name=\"twitter:data1\" content=\"Bruna Greco\" \/>\n\t<meta name=\"twitter:label2\" content=\"Est. reading time\" \/>\n\t<meta name=\"twitter:data2\" content=\"4 minutos\" \/>\n<script type=\"application\/ld+json\" class=\"yoast-schema-graph\">{\"@context\":\"https:\/\/schema.org\",\"@graph\":[{\"@type\":\"WebPage\",\"@id\":\"https:\/\/www.manaus.am.gov.br\/manauscult\/2o-festival-literario-de-manaus-promove-dialogo-com-escritores-manauaras-e-convidados\/\",\"url\":\"https:\/\/www.manaus.am.gov.br\/manauscult\/2o-festival-literario-de-manaus-promove-dialogo-com-escritores-manauaras-e-convidados\/\",\"name\":\"Prefeitura reuniu no Flim 2023 escritores, poetas e romancistas\",\"isPartOf\":{\"@id\":\"https:\/\/www.manaus.am.gov.br\/manauscult\/#website\"},\"primaryImageOfPage\":{\"@id\":\"https:\/\/www.manaus.am.gov.br\/manauscult\/2o-festival-literario-de-manaus-promove-dialogo-com-escritores-manauaras-e-convidados\/#primaryimage\"},\"image\":{\"@id\":\"https:\/\/www.manaus.am.gov.br\/manauscult\/2o-festival-literario-de-manaus-promove-dialogo-com-escritores-manauaras-e-convidados\/#primaryimage\"},\"thumbnailUrl\":\"https:\/\/www.manaus.am.gov.br\/manauscult\/wp-content\/uploads\/sites\/11\/2023\/11\/53363068483_6302f39d97_k.jpg\",\"datePublished\":\"2023-11-29T15:29:10+00:00\",\"dateModified\":\"2023-11-29T20:02:52+00:00\",\"author\":{\"@id\":\"https:\/\/www.manaus.am.gov.br\/manauscult\/#\/schema\/person\/05d223aea2bf115f9883a6ff3683d81b\"},\"description\":\"A Prefeitura de Manaus reuniu no Flim 2023 escritores amazonenses e de outras regi\u00f5es, poetas e romancistas, no teatro Gebes Medeiros.\",\"breadcrumb\":{\"@id\":\"https:\/\/www.manaus.am.gov.br\/manauscult\/2o-festival-literario-de-manaus-promove-dialogo-com-escritores-manauaras-e-convidados\/#breadcrumb\"},\"inLanguage\":\"pt-BR\",\"potentialAction\":[{\"@type\":\"ReadAction\",\"target\":[\"https:\/\/www.manaus.am.gov.br\/manauscult\/2o-festival-literario-de-manaus-promove-dialogo-com-escritores-manauaras-e-convidados\/\"]}]},{\"@type\":\"ImageObject\",\"inLanguage\":\"pt-BR\",\"@id\":\"https:\/\/www.manaus.am.gov.br\/manauscult\/2o-festival-literario-de-manaus-promove-dialogo-com-escritores-manauaras-e-convidados\/#primaryimage\",\"url\":\"https:\/\/www.manaus.am.gov.br\/manauscult\/wp-content\/uploads\/sites\/11\/2023\/11\/53363068483_6302f39d97_k.jpg\",\"contentUrl\":\"https:\/\/www.manaus.am.gov.br\/manauscult\/wp-content\/uploads\/sites\/11\/2023\/11\/53363068483_6302f39d97_k.jpg\",\"width\":2048,\"height\":1365,\"caption\":\"#paratodosverem Escritores amazonenses e convidados reunidos durante mesa-redonda do Flim 2023\"},{\"@type\":\"BreadcrumbList\",\"@id\":\"https:\/\/www.manaus.am.gov.br\/manauscult\/2o-festival-literario-de-manaus-promove-dialogo-com-escritores-manauaras-e-convidados\/#breadcrumb\",\"itemListElement\":[{\"@type\":\"ListItem\",\"position\":1,\"name\":\"Home\",\"item\":\"https:\/\/www.manaus.am.gov.br\/manauscult\/\"},{\"@type\":\"ListItem\",\"position\":2,\"name\":\"2\u00ba Festival Liter\u00e1rio de Manaus promove di\u00e1logo com escritores manauaras e convidados\"}]},{\"@type\":\"WebSite\",\"@id\":\"https:\/\/www.manaus.am.gov.br\/manauscult\/#website\",\"url\":\"https:\/\/www.manaus.am.gov.br\/manauscult\/\",\"name\":\"MANAUSCULT\",\"description\":\"Prefeitura de Manaus\",\"potentialAction\":[{\"@type\":\"SearchAction\",\"target\":{\"@type\":\"EntryPoint\",\"urlTemplate\":\"https:\/\/www.manaus.am.gov.br\/manauscult\/?s={search_term_string}\"},\"query-input\":\"required name=search_term_string\"}],\"inLanguage\":\"pt-BR\"},{\"@type\":\"Person\",\"@id\":\"https:\/\/www.manaus.am.gov.br\/manauscult\/#\/schema\/person\/05d223aea2bf115f9883a6ff3683d81b\",\"name\":\"Bruna Greco\",\"image\":{\"@type\":\"ImageObject\",\"inLanguage\":\"pt-BR\",\"@id\":\"https:\/\/www.manaus.am.gov.br\/manauscult\/#\/schema\/person\/image\/\",\"url\":\"https:\/\/secure.gravatar.com\/avatar\/9c877d1a6adc2a055330e5c09a8653ce?s=96&d=mm&r=g\",\"contentUrl\":\"https:\/\/secure.gravatar.com\/avatar\/9c877d1a6adc2a055330e5c09a8653ce?s=96&d=mm&r=g\",\"caption\":\"Bruna Greco\"}}]}<\/script>\n<!-- \/ Yoast SEO plugin. -->","yoast_head_json":{"title":"Prefeitura reuniu no Flim 2023 escritores, poetas e romancistas","description":"A Prefeitura de Manaus reuniu no Flim 2023 escritores amazonenses e de outras regi\u00f5es, poetas e romancistas, no teatro Gebes Medeiros.","robots":{"index":"noindex","follow":"follow"},"og_locale":"pt_BR","og_type":"article","og_title":"Prefeitura reuniu no Flim 2023 escritores, poetas e romancistas","og_description":"A Prefeitura de Manaus reuniu no Flim 2023 escritores amazonenses e de outras regi\u00f5es, poetas e romancistas, no teatro Gebes Medeiros.","og_url":"https:\/\/www.manaus.am.gov.br\/manauscult\/2o-festival-literario-de-manaus-promove-dialogo-com-escritores-manauaras-e-convidados\/","og_site_name":"MANAUSCULT","article_published_time":"2023-11-29T15:29:10+00:00","article_modified_time":"2023-11-29T20:02:52+00:00","og_image":[{"width":2048,"height":1365,"url":"https:\/\/www.manaus.am.gov.br\/manauscult\/wp-content\/uploads\/sites\/11\/2023\/11\/53363068483_6302f39d97_k.jpg","type":"image\/jpeg"}],"author":"Bruna Greco","twitter_card":"summary_large_image","twitter_misc":{"Written by":"Bruna Greco","Est. reading time":"4 minutos"},"schema":{"@context":"https:\/\/schema.org","@graph":[{"@type":"WebPage","@id":"https:\/\/www.manaus.am.gov.br\/manauscult\/2o-festival-literario-de-manaus-promove-dialogo-com-escritores-manauaras-e-convidados\/","url":"https:\/\/www.manaus.am.gov.br\/manauscult\/2o-festival-literario-de-manaus-promove-dialogo-com-escritores-manauaras-e-convidados\/","name":"Prefeitura reuniu no Flim 2023 escritores, poetas e romancistas","isPartOf":{"@id":"https:\/\/www.manaus.am.gov.br\/manauscult\/#website"},"primaryImageOfPage":{"@id":"https:\/\/www.manaus.am.gov.br\/manauscult\/2o-festival-literario-de-manaus-promove-dialogo-com-escritores-manauaras-e-convidados\/#primaryimage"},"image":{"@id":"https:\/\/www.manaus.am.gov.br\/manauscult\/2o-festival-literario-de-manaus-promove-dialogo-com-escritores-manauaras-e-convidados\/#primaryimage"},"thumbnailUrl":"https:\/\/www.manaus.am.gov.br\/manauscult\/wp-content\/uploads\/sites\/11\/2023\/11\/53363068483_6302f39d97_k.jpg","datePublished":"2023-11-29T15:29:10+00:00","dateModified":"2023-11-29T20:02:52+00:00","author":{"@id":"https:\/\/www.manaus.am.gov.br\/manauscult\/#\/schema\/person\/05d223aea2bf115f9883a6ff3683d81b"},"description":"A Prefeitura de Manaus reuniu no Flim 2023 escritores amazonenses e de outras regi\u00f5es, poetas e romancistas, no teatro Gebes Medeiros.","breadcrumb":{"@id":"https:\/\/www.manaus.am.gov.br\/manauscult\/2o-festival-literario-de-manaus-promove-dialogo-com-escritores-manauaras-e-convidados\/#breadcrumb"},"inLanguage":"pt-BR","potentialAction":[{"@type":"ReadAction","target":["https:\/\/www.manaus.am.gov.br\/manauscult\/2o-festival-literario-de-manaus-promove-dialogo-com-escritores-manauaras-e-convidados\/"]}]},{"@type":"ImageObject","inLanguage":"pt-BR","@id":"https:\/\/www.manaus.am.gov.br\/manauscult\/2o-festival-literario-de-manaus-promove-dialogo-com-escritores-manauaras-e-convidados\/#primaryimage","url":"https:\/\/www.manaus.am.gov.br\/manauscult\/wp-content\/uploads\/sites\/11\/2023\/11\/53363068483_6302f39d97_k.jpg","contentUrl":"https:\/\/www.manaus.am.gov.br\/manauscult\/wp-content\/uploads\/sites\/11\/2023\/11\/53363068483_6302f39d97_k.jpg","width":2048,"height":1365,"caption":"#paratodosverem Escritores amazonenses e convidados reunidos durante mesa-redonda do Flim 2023"},{"@type":"BreadcrumbList","@id":"https:\/\/www.manaus.am.gov.br\/manauscult\/2o-festival-literario-de-manaus-promove-dialogo-com-escritores-manauaras-e-convidados\/#breadcrumb","itemListElement":[{"@type":"ListItem","position":1,"name":"Home","item":"https:\/\/www.manaus.am.gov.br\/manauscult\/"},{"@type":"ListItem","position":2,"name":"2\u00ba Festival Liter\u00e1rio de Manaus promove di\u00e1logo com escritores manauaras e convidados"}]},{"@type":"WebSite","@id":"https:\/\/www.manaus.am.gov.br\/manauscult\/#website","url":"https:\/\/www.manaus.am.gov.br\/manauscult\/","name":"MANAUSCULT","description":"Prefeitura de Manaus","potentialAction":[{"@type":"SearchAction","target":{"@type":"EntryPoint","urlTemplate":"https:\/\/www.manaus.am.gov.br\/manauscult\/?s={search_term_string}"},"query-input":"required name=search_term_string"}],"inLanguage":"pt-BR"},{"@type":"Person","@id":"https:\/\/www.manaus.am.gov.br\/manauscult\/#\/schema\/person\/05d223aea2bf115f9883a6ff3683d81b","name":"Bruna Greco","image":{"@type":"ImageObject","inLanguage":"pt-BR","@id":"https:\/\/www.manaus.am.gov.br\/manauscult\/#\/schema\/person\/image\/","url":"https:\/\/secure.gravatar.com\/avatar\/9c877d1a6adc2a055330e5c09a8653ce?s=96&d=mm&r=g","contentUrl":"https:\/\/secure.gravatar.com\/avatar\/9c877d1a6adc2a055330e5c09a8653ce?s=96&d=mm&r=g","caption":"Bruna Greco"}}]}},"_links":{"self":[{"href":"https:\/\/www.manaus.am.gov.br\/manauscult\/wp-json\/wp\/v2\/posts\/1775"}],"collection":[{"href":"https:\/\/www.manaus.am.gov.br\/manauscult\/wp-json\/wp\/v2\/posts"}],"about":[{"href":"https:\/\/www.manaus.am.gov.br\/manauscult\/wp-json\/wp\/v2\/types\/post"}],"author":[{"embeddable":true,"href":"https:\/\/www.manaus.am.gov.br\/manauscult\/wp-json\/wp\/v2\/users\/39"}],"replies":[{"embeddable":true,"href":"https:\/\/www.manaus.am.gov.br\/manauscult\/wp-json\/wp\/v2\/comments?post=1775"}],"version-history":[{"count":1,"href":"https:\/\/www.manaus.am.gov.br\/manauscult\/wp-json\/wp\/v2\/posts\/1775\/revisions"}],"predecessor-version":[{"id":1785,"href":"https:\/\/www.manaus.am.gov.br\/manauscult\/wp-json\/wp\/v2\/posts\/1775\/revisions\/1785"}],"wp:featuredmedia":[{"embeddable":true,"href":"https:\/\/www.manaus.am.gov.br\/manauscult\/wp-json\/wp\/v2\/media\/1776"}],"wp:attachment":[{"href":"https:\/\/www.manaus.am.gov.br\/manauscult\/wp-json\/wp\/v2\/media?parent=1775"}],"wp:term":[{"taxonomy":"category","embeddable":true,"href":"https:\/\/www.manaus.am.gov.br\/manauscult\/wp-json\/wp\/v2\/categories?post=1775"},{"taxonomy":"post_tag","embeddable":true,"href":"https:\/\/www.manaus.am.gov.br\/manauscult\/wp-json\/wp\/v2\/tags?post=1775"}],"curies":[{"name":"wp","href":"https:\/\/api.w.org\/{rel}","templated":true}]}}