{"id":1737,"date":"2023-11-28T13:15:59","date_gmt":"2023-11-28T17:15:59","guid":{"rendered":"https:\/\/www.manaus.am.gov.br\/manauscult\/festival-literario-de-manaus-2023-recebe-os-escritores-ernani-terra-marina-miranda-zemaria-pinto-e-fabricio-magalhaes\/"},"modified":"2023-11-28T14:03:31","modified_gmt":"2023-11-28T18:03:31","slug":"festival-literario-de-manaus-2023-recebe-os-escritores-ernani-terra-marina-miranda-zemaria-pinto-e-fabricio-magalhaes","status":"publish","type":"post","link":"https:\/\/www.manaus.am.gov.br\/manauscult\/festival-literario-de-manaus-2023-recebe-os-escritores-ernani-terra-marina-miranda-zemaria-pinto-e-fabricio-magalhaes\/","title":{"rendered":"Festival Liter\u00e1rio de Manaus 2023 recebe os escritores Ernani Terra, Marina Miranda, Zemaria Pinto e Fabr\u00edcio Magalh\u00e3es"},"content":{"rendered":"\n<p>A Prefeitura de Manaus, por meio do Conselho Municipal de Cultura (Concultura), com o apoio da Funda\u00e7\u00e3o Municipal de Cultura, Turismo e Eventos (Manauscult) e Secretaria de Cultura e Economia Criativa (SEC), apresenta,&nbsp;no segundo dia do Festival Liter\u00e1rio de Manaus (Flim) 2023, o escritor da Academia Brasileira de Letras (ABL), Antonio Torres, o linguista Ernani Terra, a pesquisadora e escritora ind\u00edgena, Marina Miranda, e os escritores amazonenses, Zemaria Pinto e Fabr\u00edcio Magalh\u00e3es, no audit\u00f3rio do Teatro Gebes Medeiros, localizado no Ideal Clube, centro de Manaus, zona Sul.<\/p>\n\n\n\n<p>O Flim 2023 tem como tema &#8220;Literatura da nossa Gente&#8221;, e acontece at\u00e9 esta quarta-feira, 29\/11. O evento re\u00fane autores locais, regionais e nacionais que est\u00e3o ministrando mesas-redondas e participando de outras atividades art\u00edsticas.<\/p>\n\n\n\n<p>Na programa\u00e7\u00e3o desta ter\u00e7a-feira, 28\/11, \u00e0s 14h, ocorre a mesa tem\u00e1tica: A Tradi\u00e7\u00e3o Cont\u00edstica e Romanesca no Amazonas: Autores e Obras Essenciais; \u00e0s 15h30, palestra: O Papel Social do Escritor. Ministrante Ernani Terra, mediadora, C\u00e1ssia Nascimento; \u00e0s 16h30, a palestra: Literatura e Ancestralidade, ministrante, Marina Miranda, mediadora, Ana Michele Martins; e \u00e0s 17h30, Bate-papo com Poetas, com a presen\u00e7a dos convidados: Elson Farias,&nbsp;Celdo Braga, Aldisio Filgueiras e a mediadora Juciane Cavalheiro.<\/p>\n\n\n\n<p>Ao todo, a edi\u00e7\u00e3o de 2023&nbsp;re\u00fane tr\u00eas palestrantes nacionais, que participar\u00e3o de mesas tem\u00e1ticas, com a participa\u00e7\u00e3o de 25 convidados locais, totalizando 28 palestrantes. As editoras, sebos e livrarias participam comercializando&nbsp;seus acervos para o p\u00fablico participante.<\/p>\n\n\n\n<p>&#8212; &#8212; &#8212;<\/p>\n\n\n\n<p><strong>Texto &#8211;<\/strong>&nbsp; Crist\u00f3v\u00e3o Nonato \/ Concultura&nbsp;<\/p>\n\n\n\n<p><strong>Fotos<\/strong> \u2013 Cl\u00f3vis Miranda \/ Semcom<\/p>\n\n\n\n<p><strong>Dispon\u00edveis em &#8211; <\/strong><a href=\"https:\/\/flic.kr\/s\/aHBqjB4QG5\">https:\/\/flic.kr\/s\/aHBqjB4QG5<\/a><\/p>\n","protected":false},"excerpt":{"rendered":"","protected":false},"author":39,"featured_media":1738,"comment_status":"closed","ping_status":"closed","sticky":false,"template":"","format":"standard","meta":{"footnotes":""},"categories":[12],"tags":[45,810,9,11,157,811,812],"acf":[],"yoast_head":"<!-- This site is optimized with the Yoast SEO plugin v23.0 - https:\/\/yoast.com\/wordpress\/plugins\/seo\/ -->\n<title>Prefeitura de Manaus apresenta\u00a0o segundo dia do Flim 2023<\/title>\n<meta name=\"description\" content=\"A Prefeitura de Manaus, por meio do Concultura, com o apoio da Manauscult e SEC, apresenta\u00a0o segundo dia do Flim 2023.\" \/>\n<meta name=\"robots\" content=\"noindex, follow\" \/>\n<meta property=\"og:locale\" content=\"pt_BR\" \/>\n<meta property=\"og:type\" content=\"article\" \/>\n<meta property=\"og:title\" content=\"Prefeitura de Manaus apresenta\u00a0o segundo dia do Flim 2023\" \/>\n<meta property=\"og:description\" content=\"A Prefeitura de Manaus, por meio do Concultura, com o apoio da Manauscult e SEC, apresenta\u00a0o segundo dia do Flim 2023.\" \/>\n<meta property=\"og:url\" content=\"https:\/\/www.manaus.am.gov.br\/manauscult\/festival-literario-de-manaus-2023-recebe-os-escritores-ernani-terra-marina-miranda-zemaria-pinto-e-fabricio-magalhaes\/\" \/>\n<meta property=\"og:site_name\" content=\"MANAUSCULT\" \/>\n<meta property=\"article:published_time\" content=\"2023-11-28T17:15:59+00:00\" \/>\n<meta property=\"article:modified_time\" content=\"2023-11-28T18:03:31+00:00\" \/>\n<meta property=\"og:image\" content=\"https:\/\/www.manaus.am.gov.br\/manauscult\/wp-content\/uploads\/sites\/11\/2023\/11\/53361063554_1a1c9c3353_k.jpg\" \/>\n\t<meta property=\"og:image:width\" content=\"2048\" \/>\n\t<meta property=\"og:image:height\" content=\"1365\" \/>\n\t<meta property=\"og:image:type\" content=\"image\/jpeg\" \/>\n<meta name=\"author\" content=\"Bruna Greco\" \/>\n<meta name=\"twitter:card\" content=\"summary_large_image\" \/>\n<meta name=\"twitter:label1\" content=\"Written by\" \/>\n\t<meta name=\"twitter:data1\" content=\"Bruna Greco\" \/>\n\t<meta name=\"twitter:label2\" content=\"Est. reading time\" \/>\n\t<meta name=\"twitter:data2\" content=\"2 minutos\" \/>\n<script type=\"application\/ld+json\" class=\"yoast-schema-graph\">{\"@context\":\"https:\/\/schema.org\",\"@graph\":[{\"@type\":\"WebPage\",\"@id\":\"https:\/\/www.manaus.am.gov.br\/manauscult\/festival-literario-de-manaus-2023-recebe-os-escritores-ernani-terra-marina-miranda-zemaria-pinto-e-fabricio-magalhaes\/\",\"url\":\"https:\/\/www.manaus.am.gov.br\/manauscult\/festival-literario-de-manaus-2023-recebe-os-escritores-ernani-terra-marina-miranda-zemaria-pinto-e-fabricio-magalhaes\/\",\"name\":\"Prefeitura de Manaus apresenta\u00a0o segundo dia do Flim 2023\",\"isPartOf\":{\"@id\":\"https:\/\/www.manaus.am.gov.br\/manauscult\/#website\"},\"primaryImageOfPage\":{\"@id\":\"https:\/\/www.manaus.am.gov.br\/manauscult\/festival-literario-de-manaus-2023-recebe-os-escritores-ernani-terra-marina-miranda-zemaria-pinto-e-fabricio-magalhaes\/#primaryimage\"},\"image\":{\"@id\":\"https:\/\/www.manaus.am.gov.br\/manauscult\/festival-literario-de-manaus-2023-recebe-os-escritores-ernani-terra-marina-miranda-zemaria-pinto-e-fabricio-magalhaes\/#primaryimage\"},\"thumbnailUrl\":\"https:\/\/www.manaus.am.gov.br\/manauscult\/wp-content\/uploads\/sites\/11\/2023\/11\/53361063554_1a1c9c3353_k.jpg\",\"datePublished\":\"2023-11-28T17:15:59+00:00\",\"dateModified\":\"2023-11-28T18:03:31+00:00\",\"author\":{\"@id\":\"https:\/\/www.manaus.am.gov.br\/manauscult\/#\/schema\/person\/05d223aea2bf115f9883a6ff3683d81b\"},\"description\":\"A Prefeitura de Manaus, por meio do Concultura, com o apoio da Manauscult e SEC, apresenta\u00a0o segundo dia do Flim 2023.\",\"breadcrumb\":{\"@id\":\"https:\/\/www.manaus.am.gov.br\/manauscult\/festival-literario-de-manaus-2023-recebe-os-escritores-ernani-terra-marina-miranda-zemaria-pinto-e-fabricio-magalhaes\/#breadcrumb\"},\"inLanguage\":\"pt-BR\",\"potentialAction\":[{\"@type\":\"ReadAction\",\"target\":[\"https:\/\/www.manaus.am.gov.br\/manauscult\/festival-literario-de-manaus-2023-recebe-os-escritores-ernani-terra-marina-miranda-zemaria-pinto-e-fabricio-magalhaes\/\"]}]},{\"@type\":\"ImageObject\",\"inLanguage\":\"pt-BR\",\"@id\":\"https:\/\/www.manaus.am.gov.br\/manauscult\/festival-literario-de-manaus-2023-recebe-os-escritores-ernani-terra-marina-miranda-zemaria-pinto-e-fabricio-magalhaes\/#primaryimage\",\"url\":\"https:\/\/www.manaus.am.gov.br\/manauscult\/wp-content\/uploads\/sites\/11\/2023\/11\/53361063554_1a1c9c3353_k.jpg\",\"contentUrl\":\"https:\/\/www.manaus.am.gov.br\/manauscult\/wp-content\/uploads\/sites\/11\/2023\/11\/53361063554_1a1c9c3353_k.jpg\",\"width\":2048,\"height\":1365},{\"@type\":\"BreadcrumbList\",\"@id\":\"https:\/\/www.manaus.am.gov.br\/manauscult\/festival-literario-de-manaus-2023-recebe-os-escritores-ernani-terra-marina-miranda-zemaria-pinto-e-fabricio-magalhaes\/#breadcrumb\",\"itemListElement\":[{\"@type\":\"ListItem\",\"position\":1,\"name\":\"Home\",\"item\":\"https:\/\/www.manaus.am.gov.br\/manauscult\/\"},{\"@type\":\"ListItem\",\"position\":2,\"name\":\"Festival Liter\u00e1rio de Manaus 2023 recebe os escritores Ernani Terra, Marina Miranda, Zemaria Pinto e Fabr\u00edcio Magalh\u00e3es\"}]},{\"@type\":\"WebSite\",\"@id\":\"https:\/\/www.manaus.am.gov.br\/manauscult\/#website\",\"url\":\"https:\/\/www.manaus.am.gov.br\/manauscult\/\",\"name\":\"MANAUSCULT\",\"description\":\"Prefeitura de Manaus\",\"potentialAction\":[{\"@type\":\"SearchAction\",\"target\":{\"@type\":\"EntryPoint\",\"urlTemplate\":\"https:\/\/www.manaus.am.gov.br\/manauscult\/?s={search_term_string}\"},\"query-input\":\"required name=search_term_string\"}],\"inLanguage\":\"pt-BR\"},{\"@type\":\"Person\",\"@id\":\"https:\/\/www.manaus.am.gov.br\/manauscult\/#\/schema\/person\/05d223aea2bf115f9883a6ff3683d81b\",\"name\":\"Bruna Greco\",\"image\":{\"@type\":\"ImageObject\",\"inLanguage\":\"pt-BR\",\"@id\":\"https:\/\/www.manaus.am.gov.br\/manauscult\/#\/schema\/person\/image\/\",\"url\":\"https:\/\/secure.gravatar.com\/avatar\/9c877d1a6adc2a055330e5c09a8653ce?s=96&d=mm&r=g\",\"contentUrl\":\"https:\/\/secure.gravatar.com\/avatar\/9c877d1a6adc2a055330e5c09a8653ce?s=96&d=mm&r=g\",\"caption\":\"Bruna Greco\"}}]}<\/script>\n<!-- \/ Yoast SEO plugin. -->","yoast_head_json":{"title":"Prefeitura de Manaus apresenta\u00a0o segundo dia do Flim 2023","description":"A Prefeitura de Manaus, por meio do Concultura, com o apoio da Manauscult e SEC, apresenta\u00a0o segundo dia do Flim 2023.","robots":{"index":"noindex","follow":"follow"},"og_locale":"pt_BR","og_type":"article","og_title":"Prefeitura de Manaus apresenta\u00a0o segundo dia do Flim 2023","og_description":"A Prefeitura de Manaus, por meio do Concultura, com o apoio da Manauscult e SEC, apresenta\u00a0o segundo dia do Flim 2023.","og_url":"https:\/\/www.manaus.am.gov.br\/manauscult\/festival-literario-de-manaus-2023-recebe-os-escritores-ernani-terra-marina-miranda-zemaria-pinto-e-fabricio-magalhaes\/","og_site_name":"MANAUSCULT","article_published_time":"2023-11-28T17:15:59+00:00","article_modified_time":"2023-11-28T18:03:31+00:00","og_image":[{"width":2048,"height":1365,"url":"https:\/\/www.manaus.am.gov.br\/manauscult\/wp-content\/uploads\/sites\/11\/2023\/11\/53361063554_1a1c9c3353_k.jpg","type":"image\/jpeg"}],"author":"Bruna Greco","twitter_card":"summary_large_image","twitter_misc":{"Written by":"Bruna Greco","Est. reading time":"2 minutos"},"schema":{"@context":"https:\/\/schema.org","@graph":[{"@type":"WebPage","@id":"https:\/\/www.manaus.am.gov.br\/manauscult\/festival-literario-de-manaus-2023-recebe-os-escritores-ernani-terra-marina-miranda-zemaria-pinto-e-fabricio-magalhaes\/","url":"https:\/\/www.manaus.am.gov.br\/manauscult\/festival-literario-de-manaus-2023-recebe-os-escritores-ernani-terra-marina-miranda-zemaria-pinto-e-fabricio-magalhaes\/","name":"Prefeitura de Manaus apresenta\u00a0o segundo dia do Flim 2023","isPartOf":{"@id":"https:\/\/www.manaus.am.gov.br\/manauscult\/#website"},"primaryImageOfPage":{"@id":"https:\/\/www.manaus.am.gov.br\/manauscult\/festival-literario-de-manaus-2023-recebe-os-escritores-ernani-terra-marina-miranda-zemaria-pinto-e-fabricio-magalhaes\/#primaryimage"},"image":{"@id":"https:\/\/www.manaus.am.gov.br\/manauscult\/festival-literario-de-manaus-2023-recebe-os-escritores-ernani-terra-marina-miranda-zemaria-pinto-e-fabricio-magalhaes\/#primaryimage"},"thumbnailUrl":"https:\/\/www.manaus.am.gov.br\/manauscult\/wp-content\/uploads\/sites\/11\/2023\/11\/53361063554_1a1c9c3353_k.jpg","datePublished":"2023-11-28T17:15:59+00:00","dateModified":"2023-11-28T18:03:31+00:00","author":{"@id":"https:\/\/www.manaus.am.gov.br\/manauscult\/#\/schema\/person\/05d223aea2bf115f9883a6ff3683d81b"},"description":"A Prefeitura de Manaus, por meio do Concultura, com o apoio da Manauscult e SEC, apresenta\u00a0o segundo dia do Flim 2023.","breadcrumb":{"@id":"https:\/\/www.manaus.am.gov.br\/manauscult\/festival-literario-de-manaus-2023-recebe-os-escritores-ernani-terra-marina-miranda-zemaria-pinto-e-fabricio-magalhaes\/#breadcrumb"},"inLanguage":"pt-BR","potentialAction":[{"@type":"ReadAction","target":["https:\/\/www.manaus.am.gov.br\/manauscult\/festival-literario-de-manaus-2023-recebe-os-escritores-ernani-terra-marina-miranda-zemaria-pinto-e-fabricio-magalhaes\/"]}]},{"@type":"ImageObject","inLanguage":"pt-BR","@id":"https:\/\/www.manaus.am.gov.br\/manauscult\/festival-literario-de-manaus-2023-recebe-os-escritores-ernani-terra-marina-miranda-zemaria-pinto-e-fabricio-magalhaes\/#primaryimage","url":"https:\/\/www.manaus.am.gov.br\/manauscult\/wp-content\/uploads\/sites\/11\/2023\/11\/53361063554_1a1c9c3353_k.jpg","contentUrl":"https:\/\/www.manaus.am.gov.br\/manauscult\/wp-content\/uploads\/sites\/11\/2023\/11\/53361063554_1a1c9c3353_k.jpg","width":2048,"height":1365},{"@type":"BreadcrumbList","@id":"https:\/\/www.manaus.am.gov.br\/manauscult\/festival-literario-de-manaus-2023-recebe-os-escritores-ernani-terra-marina-miranda-zemaria-pinto-e-fabricio-magalhaes\/#breadcrumb","itemListElement":[{"@type":"ListItem","position":1,"name":"Home","item":"https:\/\/www.manaus.am.gov.br\/manauscult\/"},{"@type":"ListItem","position":2,"name":"Festival Liter\u00e1rio de Manaus 2023 recebe os escritores Ernani Terra, Marina Miranda, Zemaria Pinto e Fabr\u00edcio Magalh\u00e3es"}]},{"@type":"WebSite","@id":"https:\/\/www.manaus.am.gov.br\/manauscult\/#website","url":"https:\/\/www.manaus.am.gov.br\/manauscult\/","name":"MANAUSCULT","description":"Prefeitura de Manaus","potentialAction":[{"@type":"SearchAction","target":{"@type":"EntryPoint","urlTemplate":"https:\/\/www.manaus.am.gov.br\/manauscult\/?s={search_term_string}"},"query-input":"required name=search_term_string"}],"inLanguage":"pt-BR"},{"@type":"Person","@id":"https:\/\/www.manaus.am.gov.br\/manauscult\/#\/schema\/person\/05d223aea2bf115f9883a6ff3683d81b","name":"Bruna Greco","image":{"@type":"ImageObject","inLanguage":"pt-BR","@id":"https:\/\/www.manaus.am.gov.br\/manauscult\/#\/schema\/person\/image\/","url":"https:\/\/secure.gravatar.com\/avatar\/9c877d1a6adc2a055330e5c09a8653ce?s=96&d=mm&r=g","contentUrl":"https:\/\/secure.gravatar.com\/avatar\/9c877d1a6adc2a055330e5c09a8653ce?s=96&d=mm&r=g","caption":"Bruna Greco"}}]}},"_links":{"self":[{"href":"https:\/\/www.manaus.am.gov.br\/manauscult\/wp-json\/wp\/v2\/posts\/1737"}],"collection":[{"href":"https:\/\/www.manaus.am.gov.br\/manauscult\/wp-json\/wp\/v2\/posts"}],"about":[{"href":"https:\/\/www.manaus.am.gov.br\/manauscult\/wp-json\/wp\/v2\/types\/post"}],"author":[{"embeddable":true,"href":"https:\/\/www.manaus.am.gov.br\/manauscult\/wp-json\/wp\/v2\/users\/39"}],"replies":[{"embeddable":true,"href":"https:\/\/www.manaus.am.gov.br\/manauscult\/wp-json\/wp\/v2\/comments?post=1737"}],"version-history":[{"count":1,"href":"https:\/\/www.manaus.am.gov.br\/manauscult\/wp-json\/wp\/v2\/posts\/1737\/revisions"}],"predecessor-version":[{"id":1739,"href":"https:\/\/www.manaus.am.gov.br\/manauscult\/wp-json\/wp\/v2\/posts\/1737\/revisions\/1739"}],"wp:featuredmedia":[{"embeddable":true,"href":"https:\/\/www.manaus.am.gov.br\/manauscult\/wp-json\/wp\/v2\/media\/1738"}],"wp:attachment":[{"href":"https:\/\/www.manaus.am.gov.br\/manauscult\/wp-json\/wp\/v2\/media?parent=1737"}],"wp:term":[{"taxonomy":"category","embeddable":true,"href":"https:\/\/www.manaus.am.gov.br\/manauscult\/wp-json\/wp\/v2\/categories?post=1737"},{"taxonomy":"post_tag","embeddable":true,"href":"https:\/\/www.manaus.am.gov.br\/manauscult\/wp-json\/wp\/v2\/tags?post=1737"}],"curies":[{"name":"wp","href":"https:\/\/api.w.org\/{rel}","templated":true}]}}