{"id":1708,"date":"2023-11-22T17:59:15","date_gmt":"2023-11-22T21:59:15","guid":{"rendered":"https:\/\/www.manaus.am.gov.br\/manauscult\/temporada-de-cruzeiros-em-manaus-e-recebida-com-hospitalidade-e-diversidade-cultural\/"},"modified":"2023-11-22T17:59:16","modified_gmt":"2023-11-22T21:59:16","slug":"temporada-de-cruzeiros-em-manaus-e-recebida-com-hospitalidade-e-diversidade-cultural","status":"publish","type":"post","link":"https:\/\/www.manaus.am.gov.br\/manauscult\/temporada-de-cruzeiros-em-manaus-e-recebida-com-hospitalidade-e-diversidade-cultural\/","title":{"rendered":"Temporada de Cruzeiros em Manaus \u00e9 recebida com hospitalidade e diversidade cultural"},"content":{"rendered":"\n<p>Na pr\u00f3xima sexta-feira, 24\/11, Manaus se prepara para receber a temporada de cruzeiros, uma iniciativa realizada pela Prefeitura de Manaus, por meio da Funda\u00e7\u00e3o Municipal de Cultura, Turismo e Eventos (Manauscult) com a Empresa Estadual de Turismo do Amazonas (Amazonastur). O evento promete atrair visitantes internacionais e destacar as riquezas culturais e naturais da regi\u00e3o.\u00a0<\/p>\n\n\n\n<p>O pontap\u00e9 inicial ser\u00e1 dado com a chegada do navio Azamara Quest, vindo diretamente de Barbados, no Caribe. O navio tem aproximadamente mil turistas de diversas nacionalidades, incluindo americanos, canadenses e ingleses, entre outros. &nbsp;<\/p>\n\n\n\n<p>Diretor-presidente da Manauscult, Osvaldo Oliveira destacou a import\u00e2ncia da chegada dos cruzeiros, tanto para a economia do munic\u00edpio quanto para aquecer o turismo e a cultura do Amazonas.&nbsp;<\/p>\n\n\n\n<p>\u201cS\u00e3o mais de mil pessoas circulando em nossos espa\u00e7os, conhecendo e consumindo nossa gastronomia, nossos artesanatos, nossa cultura, aquecendo dessa forma a economia local e gerando renda a muitas fam\u00edlias\u201d, pontuou.&nbsp;<\/p>\n\n\n\n<p>De acordo com o diretor de Turismo Evilazio Nascimento, para garantir uma \u00f3tima recep\u00e7\u00e3o, o Centro de Atendimento ao Turista (CAT), no porto de Manaus, estar\u00e1 equipado para fornecer informa\u00e7\u00f5es bil\u00edngues e distribuir mapas da cidade. Al\u00e9m disso, uma pesquisa qualitativa ser\u00e1 conduzida, permitindo avaliar a experi\u00eancia dos turistas. &nbsp;<\/p>\n\n\n\n<p>\u201cEstaremos com uma equipe t\u00e9cnica, a qual estar\u00e1 realizando uma pesquisa sobre os servi\u00e7os e infraestrutura de Manaus junto aos turistas\u201d, comentou Nascimento. &nbsp;<\/p>\n\n\n\n<p>A programa\u00e7\u00e3o da temporada conta com uma imers\u00e3o completa na diversidade da cidade. Os passageiros ter\u00e3o a oportunidade de explorar pontos tur\u00edsticos emblem\u00e1ticos, como passeios de barco, city tours para conhecer a arquitetura hist\u00f3rica, visitas ao Museu da Amaz\u00f4nia (Musa) para uma compreens\u00e3o mais profunda da fauna e flora locais, caminhadas na selva, al\u00e9m de visitas ao Centro de Instru\u00e7\u00e3o de Guerra na Selva (Cigs) e Bosque da Ci\u00eancia do Instituto Nacional de Pesquisas da Amaz\u00f4nia (Inpa) e um evento especial no majestoso Teatro Amazonas, um dos s\u00edmbolos mais representativos da cidade.&nbsp;<\/p>\n\n\n\n<p>Essa iniciativa tamb\u00e9m fortalece o turismo local, colocando Manaus no mapa internacional dos destinos tur\u00edsticos, destacando sua riqueza natural, cultural e hist\u00f3rica. A temporada de cruzeiros promete oferecer momentos inesquec\u00edveis aos visitantes, e impulsionar a economia local, promovendo a imagem da metr\u00f3pole da Amaz\u00f4nia como um destino tur\u00edstico de classe mundial.&nbsp;<\/p>\n\n\n\n<p>&#8212; &#8212; &#8212;&nbsp;<\/p>\n\n\n\n<p><strong>Texto &#8211;<\/strong> Cadu Castro\/Manauscult&nbsp;<\/p>\n\n\n\n<p><strong>Foto &#8211;<\/strong> Divulga\u00e7\u00e3o\/Semcom&nbsp;<\/p>\n","protected":false},"excerpt":{"rendered":"","protected":false},"author":57,"featured_media":1709,"comment_status":"closed","ping_status":"closed","sticky":false,"template":"","format":"standard","meta":{"footnotes":""},"categories":[18],"tags":[792,9,103],"acf":[],"yoast_head":"<!-- This site is optimized with the Yoast SEO plugin v23.0 - https:\/\/yoast.com\/wordpress\/plugins\/seo\/ -->\n<title>Cruzeiros s\u00e3o recebidos com hospitalidade e diversidade cultural<\/title>\n<meta name=\"description\" content=\"Manaus se prepara para receber a temporada de cruzeiros, uma iniciativa realizada pela Prefeitura de Manaus, por meio da Manauscult\" \/>\n<meta name=\"robots\" content=\"noindex, follow\" \/>\n<meta property=\"og:locale\" content=\"pt_BR\" \/>\n<meta property=\"og:type\" content=\"article\" \/>\n<meta property=\"og:title\" content=\"Cruzeiros s\u00e3o recebidos com hospitalidade e diversidade cultural\" \/>\n<meta property=\"og:description\" content=\"Manaus se prepara para receber a temporada de cruzeiros, uma iniciativa realizada pela Prefeitura de Manaus, por meio da Manauscult\" \/>\n<meta property=\"og:url\" content=\"https:\/\/www.manaus.am.gov.br\/manauscult\/temporada-de-cruzeiros-em-manaus-e-recebida-com-hospitalidade-e-diversidade-cultural\/\" \/>\n<meta property=\"og:site_name\" content=\"MANAUSCULT\" \/>\n<meta property=\"article:published_time\" content=\"2023-11-22T21:59:15+00:00\" \/>\n<meta property=\"article:modified_time\" content=\"2023-11-22T21:59:16+00:00\" \/>\n<meta property=\"og:image\" content=\"https:\/\/www.manaus.am.gov.br\/manauscult\/wp-content\/uploads\/sites\/11\/2023\/11\/WhatsApp-Image-2023-11-22-at-17.46.32.jpeg\" \/>\n\t<meta property=\"og:image:width\" content=\"2560\" \/>\n\t<meta property=\"og:image:height\" content=\"1706\" \/>\n\t<meta property=\"og:image:type\" content=\"image\/jpeg\" \/>\n<meta name=\"author\" content=\"Thiago Fernando\" \/>\n<meta name=\"twitter:card\" content=\"summary_large_image\" \/>\n<meta name=\"twitter:label1\" content=\"Written by\" \/>\n\t<meta name=\"twitter:data1\" content=\"Thiago Fernando\" \/>\n\t<meta name=\"twitter:label2\" content=\"Est. reading time\" \/>\n\t<meta name=\"twitter:data2\" content=\"3 minutos\" \/>\n<script type=\"application\/ld+json\" class=\"yoast-schema-graph\">{\"@context\":\"https:\/\/schema.org\",\"@graph\":[{\"@type\":\"WebPage\",\"@id\":\"https:\/\/www.manaus.am.gov.br\/manauscult\/temporada-de-cruzeiros-em-manaus-e-recebida-com-hospitalidade-e-diversidade-cultural\/\",\"url\":\"https:\/\/www.manaus.am.gov.br\/manauscult\/temporada-de-cruzeiros-em-manaus-e-recebida-com-hospitalidade-e-diversidade-cultural\/\",\"name\":\"Cruzeiros s\u00e3o recebidos com hospitalidade e diversidade cultural\",\"isPartOf\":{\"@id\":\"https:\/\/www.manaus.am.gov.br\/manauscult\/#website\"},\"primaryImageOfPage\":{\"@id\":\"https:\/\/www.manaus.am.gov.br\/manauscult\/temporada-de-cruzeiros-em-manaus-e-recebida-com-hospitalidade-e-diversidade-cultural\/#primaryimage\"},\"image\":{\"@id\":\"https:\/\/www.manaus.am.gov.br\/manauscult\/temporada-de-cruzeiros-em-manaus-e-recebida-com-hospitalidade-e-diversidade-cultural\/#primaryimage\"},\"thumbnailUrl\":\"https:\/\/www.manaus.am.gov.br\/manauscult\/wp-content\/uploads\/sites\/11\/2023\/11\/WhatsApp-Image-2023-11-22-at-17.46.32.jpeg\",\"datePublished\":\"2023-11-22T21:59:15+00:00\",\"dateModified\":\"2023-11-22T21:59:16+00:00\",\"author\":{\"@id\":\"https:\/\/www.manaus.am.gov.br\/manauscult\/#\/schema\/person\/a5ee5376db6e21af026374b369f30882\"},\"description\":\"Manaus se prepara para receber a temporada de cruzeiros, uma iniciativa realizada pela Prefeitura de Manaus, por meio da Manauscult\",\"breadcrumb\":{\"@id\":\"https:\/\/www.manaus.am.gov.br\/manauscult\/temporada-de-cruzeiros-em-manaus-e-recebida-com-hospitalidade-e-diversidade-cultural\/#breadcrumb\"},\"inLanguage\":\"pt-BR\",\"potentialAction\":[{\"@type\":\"ReadAction\",\"target\":[\"https:\/\/www.manaus.am.gov.br\/manauscult\/temporada-de-cruzeiros-em-manaus-e-recebida-com-hospitalidade-e-diversidade-cultural\/\"]}]},{\"@type\":\"ImageObject\",\"inLanguage\":\"pt-BR\",\"@id\":\"https:\/\/www.manaus.am.gov.br\/manauscult\/temporada-de-cruzeiros-em-manaus-e-recebida-com-hospitalidade-e-diversidade-cultural\/#primaryimage\",\"url\":\"https:\/\/www.manaus.am.gov.br\/manauscult\/wp-content\/uploads\/sites\/11\/2023\/11\/WhatsApp-Image-2023-11-22-at-17.46.32.jpeg\",\"contentUrl\":\"https:\/\/www.manaus.am.gov.br\/manauscult\/wp-content\/uploads\/sites\/11\/2023\/11\/WhatsApp-Image-2023-11-22-at-17.46.32.jpeg\",\"width\":2560,\"height\":1706,\"caption\":\"#paratodosverem Turistas desembarcam no porto de Manaus\"},{\"@type\":\"BreadcrumbList\",\"@id\":\"https:\/\/www.manaus.am.gov.br\/manauscult\/temporada-de-cruzeiros-em-manaus-e-recebida-com-hospitalidade-e-diversidade-cultural\/#breadcrumb\",\"itemListElement\":[{\"@type\":\"ListItem\",\"position\":1,\"name\":\"Home\",\"item\":\"https:\/\/www.manaus.am.gov.br\/manauscult\/\"},{\"@type\":\"ListItem\",\"position\":2,\"name\":\"Temporada de Cruzeiros em Manaus \u00e9 recebida com hospitalidade e diversidade cultural\"}]},{\"@type\":\"WebSite\",\"@id\":\"https:\/\/www.manaus.am.gov.br\/manauscult\/#website\",\"url\":\"https:\/\/www.manaus.am.gov.br\/manauscult\/\",\"name\":\"MANAUSCULT\",\"description\":\"Prefeitura de Manaus\",\"potentialAction\":[{\"@type\":\"SearchAction\",\"target\":{\"@type\":\"EntryPoint\",\"urlTemplate\":\"https:\/\/www.manaus.am.gov.br\/manauscult\/?s={search_term_string}\"},\"query-input\":\"required name=search_term_string\"}],\"inLanguage\":\"pt-BR\"},{\"@type\":\"Person\",\"@id\":\"https:\/\/www.manaus.am.gov.br\/manauscult\/#\/schema\/person\/a5ee5376db6e21af026374b369f30882\",\"name\":\"Thiago Fernando\",\"image\":{\"@type\":\"ImageObject\",\"inLanguage\":\"pt-BR\",\"@id\":\"https:\/\/www.manaus.am.gov.br\/manauscult\/#\/schema\/person\/image\/\",\"url\":\"https:\/\/secure.gravatar.com\/avatar\/f5aab8722444041451501c077052ac07?s=96&d=mm&r=g\",\"contentUrl\":\"https:\/\/secure.gravatar.com\/avatar\/f5aab8722444041451501c077052ac07?s=96&d=mm&r=g\",\"caption\":\"Thiago Fernando\"}}]}<\/script>\n<!-- \/ Yoast SEO plugin. -->","yoast_head_json":{"title":"Cruzeiros s\u00e3o recebidos com hospitalidade e diversidade cultural","description":"Manaus se prepara para receber a temporada de cruzeiros, uma iniciativa realizada pela Prefeitura de Manaus, por meio da Manauscult","robots":{"index":"noindex","follow":"follow"},"og_locale":"pt_BR","og_type":"article","og_title":"Cruzeiros s\u00e3o recebidos com hospitalidade e diversidade cultural","og_description":"Manaus se prepara para receber a temporada de cruzeiros, uma iniciativa realizada pela Prefeitura de Manaus, por meio da Manauscult","og_url":"https:\/\/www.manaus.am.gov.br\/manauscult\/temporada-de-cruzeiros-em-manaus-e-recebida-com-hospitalidade-e-diversidade-cultural\/","og_site_name":"MANAUSCULT","article_published_time":"2023-11-22T21:59:15+00:00","article_modified_time":"2023-11-22T21:59:16+00:00","og_image":[{"width":2560,"height":1706,"url":"https:\/\/www.manaus.am.gov.br\/manauscult\/wp-content\/uploads\/sites\/11\/2023\/11\/WhatsApp-Image-2023-11-22-at-17.46.32.jpeg","type":"image\/jpeg"}],"author":"Thiago Fernando","twitter_card":"summary_large_image","twitter_misc":{"Written by":"Thiago Fernando","Est. reading time":"3 minutos"},"schema":{"@context":"https:\/\/schema.org","@graph":[{"@type":"WebPage","@id":"https:\/\/www.manaus.am.gov.br\/manauscult\/temporada-de-cruzeiros-em-manaus-e-recebida-com-hospitalidade-e-diversidade-cultural\/","url":"https:\/\/www.manaus.am.gov.br\/manauscult\/temporada-de-cruzeiros-em-manaus-e-recebida-com-hospitalidade-e-diversidade-cultural\/","name":"Cruzeiros s\u00e3o recebidos com hospitalidade e diversidade cultural","isPartOf":{"@id":"https:\/\/www.manaus.am.gov.br\/manauscult\/#website"},"primaryImageOfPage":{"@id":"https:\/\/www.manaus.am.gov.br\/manauscult\/temporada-de-cruzeiros-em-manaus-e-recebida-com-hospitalidade-e-diversidade-cultural\/#primaryimage"},"image":{"@id":"https:\/\/www.manaus.am.gov.br\/manauscult\/temporada-de-cruzeiros-em-manaus-e-recebida-com-hospitalidade-e-diversidade-cultural\/#primaryimage"},"thumbnailUrl":"https:\/\/www.manaus.am.gov.br\/manauscult\/wp-content\/uploads\/sites\/11\/2023\/11\/WhatsApp-Image-2023-11-22-at-17.46.32.jpeg","datePublished":"2023-11-22T21:59:15+00:00","dateModified":"2023-11-22T21:59:16+00:00","author":{"@id":"https:\/\/www.manaus.am.gov.br\/manauscult\/#\/schema\/person\/a5ee5376db6e21af026374b369f30882"},"description":"Manaus se prepara para receber a temporada de cruzeiros, uma iniciativa realizada pela Prefeitura de Manaus, por meio da Manauscult","breadcrumb":{"@id":"https:\/\/www.manaus.am.gov.br\/manauscult\/temporada-de-cruzeiros-em-manaus-e-recebida-com-hospitalidade-e-diversidade-cultural\/#breadcrumb"},"inLanguage":"pt-BR","potentialAction":[{"@type":"ReadAction","target":["https:\/\/www.manaus.am.gov.br\/manauscult\/temporada-de-cruzeiros-em-manaus-e-recebida-com-hospitalidade-e-diversidade-cultural\/"]}]},{"@type":"ImageObject","inLanguage":"pt-BR","@id":"https:\/\/www.manaus.am.gov.br\/manauscult\/temporada-de-cruzeiros-em-manaus-e-recebida-com-hospitalidade-e-diversidade-cultural\/#primaryimage","url":"https:\/\/www.manaus.am.gov.br\/manauscult\/wp-content\/uploads\/sites\/11\/2023\/11\/WhatsApp-Image-2023-11-22-at-17.46.32.jpeg","contentUrl":"https:\/\/www.manaus.am.gov.br\/manauscult\/wp-content\/uploads\/sites\/11\/2023\/11\/WhatsApp-Image-2023-11-22-at-17.46.32.jpeg","width":2560,"height":1706,"caption":"#paratodosverem Turistas desembarcam no porto de Manaus"},{"@type":"BreadcrumbList","@id":"https:\/\/www.manaus.am.gov.br\/manauscult\/temporada-de-cruzeiros-em-manaus-e-recebida-com-hospitalidade-e-diversidade-cultural\/#breadcrumb","itemListElement":[{"@type":"ListItem","position":1,"name":"Home","item":"https:\/\/www.manaus.am.gov.br\/manauscult\/"},{"@type":"ListItem","position":2,"name":"Temporada de Cruzeiros em Manaus \u00e9 recebida com hospitalidade e diversidade cultural"}]},{"@type":"WebSite","@id":"https:\/\/www.manaus.am.gov.br\/manauscult\/#website","url":"https:\/\/www.manaus.am.gov.br\/manauscult\/","name":"MANAUSCULT","description":"Prefeitura de Manaus","potentialAction":[{"@type":"SearchAction","target":{"@type":"EntryPoint","urlTemplate":"https:\/\/www.manaus.am.gov.br\/manauscult\/?s={search_term_string}"},"query-input":"required name=search_term_string"}],"inLanguage":"pt-BR"},{"@type":"Person","@id":"https:\/\/www.manaus.am.gov.br\/manauscult\/#\/schema\/person\/a5ee5376db6e21af026374b369f30882","name":"Thiago Fernando","image":{"@type":"ImageObject","inLanguage":"pt-BR","@id":"https:\/\/www.manaus.am.gov.br\/manauscult\/#\/schema\/person\/image\/","url":"https:\/\/secure.gravatar.com\/avatar\/f5aab8722444041451501c077052ac07?s=96&d=mm&r=g","contentUrl":"https:\/\/secure.gravatar.com\/avatar\/f5aab8722444041451501c077052ac07?s=96&d=mm&r=g","caption":"Thiago Fernando"}}]}},"_links":{"self":[{"href":"https:\/\/www.manaus.am.gov.br\/manauscult\/wp-json\/wp\/v2\/posts\/1708"}],"collection":[{"href":"https:\/\/www.manaus.am.gov.br\/manauscult\/wp-json\/wp\/v2\/posts"}],"about":[{"href":"https:\/\/www.manaus.am.gov.br\/manauscult\/wp-json\/wp\/v2\/types\/post"}],"author":[{"embeddable":true,"href":"https:\/\/www.manaus.am.gov.br\/manauscult\/wp-json\/wp\/v2\/users\/57"}],"replies":[{"embeddable":true,"href":"https:\/\/www.manaus.am.gov.br\/manauscult\/wp-json\/wp\/v2\/comments?post=1708"}],"version-history":[{"count":0,"href":"https:\/\/www.manaus.am.gov.br\/manauscult\/wp-json\/wp\/v2\/posts\/1708\/revisions"}],"wp:featuredmedia":[{"embeddable":true,"href":"https:\/\/www.manaus.am.gov.br\/manauscult\/wp-json\/wp\/v2\/media\/1709"}],"wp:attachment":[{"href":"https:\/\/www.manaus.am.gov.br\/manauscult\/wp-json\/wp\/v2\/media?parent=1708"}],"wp:term":[{"taxonomy":"category","embeddable":true,"href":"https:\/\/www.manaus.am.gov.br\/manauscult\/wp-json\/wp\/v2\/categories?post=1708"},{"taxonomy":"post_tag","embeddable":true,"href":"https:\/\/www.manaus.am.gov.br\/manauscult\/wp-json\/wp\/v2\/tags?post=1708"}],"curies":[{"name":"wp","href":"https:\/\/api.w.org\/{rel}","templated":true}]}}