{"id":1652,"date":"2023-11-10T17:22:27","date_gmt":"2023-11-10T21:22:27","guid":{"rendered":"https:\/\/www.manaus.am.gov.br\/manauscult\/prefeito-david-almeida-anuncia-a-realizacao-do-boi-manaus-2023-para-os-dias-1o-e-2-de-dezembro\/"},"modified":"2023-11-10T17:24:09","modified_gmt":"2023-11-10T21:24:09","slug":"prefeito-david-almeida-anuncia-a-realizacao-do-boi-manaus-2023-para-os-dias-1o-e-2-de-dezembro","status":"publish","type":"post","link":"https:\/\/www.manaus.am.gov.br\/manauscult\/prefeito-david-almeida-anuncia-a-realizacao-do-boi-manaus-2023-para-os-dias-1o-e-2-de-dezembro\/","title":{"rendered":"Prefeito David Almeida anuncia a realiza\u00e7\u00e3o do Boi Manaus 2023 para os dias 1\u00ba e 2 de dezembro"},"content":{"rendered":"\n<p>O prefeito de Manaus, David Almeida, acompanhado do diretor-presidente da Funda\u00e7\u00e3o Municipal de Cultura, Turismo e Eventos (Manauscult), Osvaldo Cardoso, anunciou, na tarde desta sexta-feira, 10\/11, a realiza\u00e7\u00e3o do \u201cBoi Manaus 2023\u201d nos dias 1\u00ba e 2\/12. O evento, que acontece anualmente como parte da programa\u00e7\u00e3o do anivers\u00e1rio de Manaus, em outubro, foi adiado, este ano, devido \u00e0 fuma\u00e7a que cobria a cidade no per\u00edodo.<\/p>\n\n\n\n<p>O chefe do Executivo municipal destacou que o Boi Manaus \u00e9 uma festa tradicional e n\u00e3o poderia deixar de ser realizada. \u201cVamos fazer a nossa festa tradicional da cultura amazonense, que \u00e9 o Boi Manaus. Este ano, excepcionalmente, ser\u00e1 realizado nos dias 1\u00ba e 2 de dezembro e j\u00e1 entra no clima de Natal\u201d, destacou.<\/p>\n\n\n\n<p>O diretor-presidente da Manauscult aproveitou para refor\u00e7ar o trabalho da gest\u00e3o do prefeito David Almeida em alcan\u00e7ar todas as formas de cultura e de arte, e o Boi Manaus \u00e9 uma delas.<\/p>\n\n\n\n<p>\u201c\u00c9 um evento tradicional e, desde o in\u00edcio da gest\u00e3o, o prefeito tem buscado resgatar a hist\u00f3ria dessa festa popular, assim como tem abra\u00e7ado, por meio da Manauscult, todas as formas de cultura, todas as comunidades e tribos, a fim de desenvolver e valorizar nossas ra\u00edzes, a nossa gente\u201d, pontuou.<\/p>\n\n\n\n<p>A equipe t\u00e9cnica da Manauscult far\u00e1 uma visita in loco para os ajustes do tamanho do evento, que este ano ser\u00e1 em dois dias (sexta-feira e s\u00e1bado). Em breve, a programa\u00e7\u00e3o completa do evento ser\u00e1 divulgada pela Prefeitura de Manaus.<\/p>\n\n\n\n<p><strong>Boi Manaus 2023<\/strong><\/p>\n\n\n\n<p>O Boi Manaus surgiu em 1996, durante uma das edi\u00e7\u00f5es do Bar do Boi que, at\u00e9 ent\u00e3o, acontecia na TV L\u00e2ndia Mall (atual Plaza Shopping). Com tamanha repercuss\u00e3o no decorrer das edi\u00e7\u00f5es, o evento, que faz parte do calend\u00e1rio da cidade, acabou sendo transferido para o Centro de Conven\u00e7\u00f5es de Manaus, o Samb\u00f3dromo, localizado na zona Oeste da capital.<\/p>\n\n\n\n<p>&#8212; &#8212; &#8212;<\/p>\n\n\n\n<p><strong>Texto &#8211;<\/strong> Moara Cabral \/ Manauscult<\/p>\n\n\n\n<p><strong>Foto &#8211;<\/strong> Arquivo \/ Semcom<\/p>\n","protected":false},"excerpt":{"rendered":"","protected":false},"author":39,"featured_media":1653,"comment_status":"closed","ping_status":"closed","sticky":false,"template":"","format":"standard","meta":{"footnotes":""},"categories":[12],"tags":[759,760,761,9,11,762],"acf":[],"yoast_head":"<!-- This site is optimized with the Yoast SEO plugin v23.0 - https:\/\/yoast.com\/wordpress\/plugins\/seo\/ -->\n<title>Prefeito David Almeida anuncia a realiza\u00e7\u00e3o do Boi Manaus 2023 para os dias 1\u00ba e 2 de dezembro<\/title>\n<meta name=\"description\" content=\"O prefeito de Manaus, David Almeida, acompanhado do diretor-presidente da Funda\u00e7\u00e3o Municipal de Cultura, Turismo e Eventos (Manauscult), Osvaldo Cardoso, anunciou, na tarde desta sexta-feira, 10\/11, a realiza\u00e7\u00e3o do \u201cBoi Manaus 2023\u201d nos dias 1\u00ba e 2\/12.\" \/>\n<meta name=\"robots\" content=\"noindex, follow\" \/>\n<meta property=\"og:locale\" content=\"pt_BR\" \/>\n<meta property=\"og:type\" content=\"article\" \/>\n<meta property=\"og:title\" content=\"Prefeito David Almeida anuncia a realiza\u00e7\u00e3o do Boi Manaus 2023 para os dias 1\u00ba e 2 de dezembro\" \/>\n<meta property=\"og:description\" content=\"O prefeito de Manaus, David Almeida, acompanhado do diretor-presidente da Funda\u00e7\u00e3o Municipal de Cultura, Turismo e Eventos (Manauscult), Osvaldo Cardoso, anunciou, na tarde desta sexta-feira, 10\/11, a realiza\u00e7\u00e3o do \u201cBoi Manaus 2023\u201d nos dias 1\u00ba e 2\/12.\" \/>\n<meta property=\"og:url\" content=\"https:\/\/www.manaus.am.gov.br\/manauscult\/prefeito-david-almeida-anuncia-a-realizacao-do-boi-manaus-2023-para-os-dias-1o-e-2-de-dezembro\/\" \/>\n<meta property=\"og:site_name\" content=\"MANAUSCULT\" \/>\n<meta property=\"article:published_time\" content=\"2023-11-10T21:22:27+00:00\" \/>\n<meta property=\"article:modified_time\" content=\"2023-11-10T21:24:09+00:00\" \/>\n<meta property=\"og:image\" content=\"https:\/\/www.manaus.am.gov.br\/manauscult\/wp-content\/uploads\/sites\/11\/2023\/11\/52450351108_f0a8eb4eec_k.jpg\" \/>\n\t<meta property=\"og:image:width\" content=\"2048\" \/>\n\t<meta property=\"og:image:height\" content=\"1365\" \/>\n\t<meta property=\"og:image:type\" content=\"image\/jpeg\" \/>\n<meta name=\"author\" content=\"Bruna Greco\" \/>\n<meta name=\"twitter:card\" content=\"summary_large_image\" \/>\n<meta name=\"twitter:label1\" content=\"Written by\" \/>\n\t<meta name=\"twitter:data1\" content=\"Bruna Greco\" \/>\n\t<meta name=\"twitter:label2\" content=\"Est. reading time\" \/>\n\t<meta name=\"twitter:data2\" content=\"2 minutos\" \/>\n<script type=\"application\/ld+json\" class=\"yoast-schema-graph\">{\"@context\":\"https:\/\/schema.org\",\"@graph\":[{\"@type\":\"WebPage\",\"@id\":\"https:\/\/www.manaus.am.gov.br\/manauscult\/prefeito-david-almeida-anuncia-a-realizacao-do-boi-manaus-2023-para-os-dias-1o-e-2-de-dezembro\/\",\"url\":\"https:\/\/www.manaus.am.gov.br\/manauscult\/prefeito-david-almeida-anuncia-a-realizacao-do-boi-manaus-2023-para-os-dias-1o-e-2-de-dezembro\/\",\"name\":\"Prefeito David Almeida anuncia a realiza\u00e7\u00e3o do Boi Manaus 2023 para os dias 1\u00ba e 2 de dezembro\",\"isPartOf\":{\"@id\":\"https:\/\/www.manaus.am.gov.br\/manauscult\/#website\"},\"primaryImageOfPage\":{\"@id\":\"https:\/\/www.manaus.am.gov.br\/manauscult\/prefeito-david-almeida-anuncia-a-realizacao-do-boi-manaus-2023-para-os-dias-1o-e-2-de-dezembro\/#primaryimage\"},\"image\":{\"@id\":\"https:\/\/www.manaus.am.gov.br\/manauscult\/prefeito-david-almeida-anuncia-a-realizacao-do-boi-manaus-2023-para-os-dias-1o-e-2-de-dezembro\/#primaryimage\"},\"thumbnailUrl\":\"https:\/\/www.manaus.am.gov.br\/manauscult\/wp-content\/uploads\/sites\/11\/2023\/11\/52450351108_f0a8eb4eec_k.jpg\",\"datePublished\":\"2023-11-10T21:22:27+00:00\",\"dateModified\":\"2023-11-10T21:24:09+00:00\",\"author\":{\"@id\":\"https:\/\/www.manaus.am.gov.br\/manauscult\/#\/schema\/person\/05d223aea2bf115f9883a6ff3683d81b\"},\"description\":\"O prefeito de Manaus, David Almeida, acompanhado do diretor-presidente da Funda\u00e7\u00e3o Municipal de Cultura, Turismo e Eventos (Manauscult), Osvaldo Cardoso, anunciou, na tarde desta sexta-feira, 10\/11, a realiza\u00e7\u00e3o do \u201cBoi Manaus 2023\u201d nos dias 1\u00ba e 2\/12.\",\"breadcrumb\":{\"@id\":\"https:\/\/www.manaus.am.gov.br\/manauscult\/prefeito-david-almeida-anuncia-a-realizacao-do-boi-manaus-2023-para-os-dias-1o-e-2-de-dezembro\/#breadcrumb\"},\"inLanguage\":\"pt-BR\",\"potentialAction\":[{\"@type\":\"ReadAction\",\"target\":[\"https:\/\/www.manaus.am.gov.br\/manauscult\/prefeito-david-almeida-anuncia-a-realizacao-do-boi-manaus-2023-para-os-dias-1o-e-2-de-dezembro\/\"]}]},{\"@type\":\"ImageObject\",\"inLanguage\":\"pt-BR\",\"@id\":\"https:\/\/www.manaus.am.gov.br\/manauscult\/prefeito-david-almeida-anuncia-a-realizacao-do-boi-manaus-2023-para-os-dias-1o-e-2-de-dezembro\/#primaryimage\",\"url\":\"https:\/\/www.manaus.am.gov.br\/manauscult\/wp-content\/uploads\/sites\/11\/2023\/11\/52450351108_f0a8eb4eec_k.jpg\",\"contentUrl\":\"https:\/\/www.manaus.am.gov.br\/manauscult\/wp-content\/uploads\/sites\/11\/2023\/11\/52450351108_f0a8eb4eec_k.jpg\",\"width\":2048,\"height\":1365,\"caption\":\"#paratodosverem Grande p\u00fablico reunido dentro do Samb\u00f3dromo de Manaus prestigiando o Boi Manaus\"},{\"@type\":\"BreadcrumbList\",\"@id\":\"https:\/\/www.manaus.am.gov.br\/manauscult\/prefeito-david-almeida-anuncia-a-realizacao-do-boi-manaus-2023-para-os-dias-1o-e-2-de-dezembro\/#breadcrumb\",\"itemListElement\":[{\"@type\":\"ListItem\",\"position\":1,\"name\":\"Home\",\"item\":\"https:\/\/www.manaus.am.gov.br\/manauscult\/\"},{\"@type\":\"ListItem\",\"position\":2,\"name\":\"Prefeito David Almeida anuncia a realiza\u00e7\u00e3o do Boi Manaus 2023 para os dias 1\u00ba e 2 de dezembro\"}]},{\"@type\":\"WebSite\",\"@id\":\"https:\/\/www.manaus.am.gov.br\/manauscult\/#website\",\"url\":\"https:\/\/www.manaus.am.gov.br\/manauscult\/\",\"name\":\"MANAUSCULT\",\"description\":\"Prefeitura de Manaus\",\"potentialAction\":[{\"@type\":\"SearchAction\",\"target\":{\"@type\":\"EntryPoint\",\"urlTemplate\":\"https:\/\/www.manaus.am.gov.br\/manauscult\/?s={search_term_string}\"},\"query-input\":\"required name=search_term_string\"}],\"inLanguage\":\"pt-BR\"},{\"@type\":\"Person\",\"@id\":\"https:\/\/www.manaus.am.gov.br\/manauscult\/#\/schema\/person\/05d223aea2bf115f9883a6ff3683d81b\",\"name\":\"Bruna Greco\",\"image\":{\"@type\":\"ImageObject\",\"inLanguage\":\"pt-BR\",\"@id\":\"https:\/\/www.manaus.am.gov.br\/manauscult\/#\/schema\/person\/image\/\",\"url\":\"https:\/\/secure.gravatar.com\/avatar\/9c877d1a6adc2a055330e5c09a8653ce?s=96&d=mm&r=g\",\"contentUrl\":\"https:\/\/secure.gravatar.com\/avatar\/9c877d1a6adc2a055330e5c09a8653ce?s=96&d=mm&r=g\",\"caption\":\"Bruna Greco\"}}]}<\/script>\n<!-- \/ Yoast SEO plugin. -->","yoast_head_json":{"title":"Prefeito David Almeida anuncia a realiza\u00e7\u00e3o do Boi Manaus 2023 para os dias 1\u00ba e 2 de dezembro","description":"O prefeito de Manaus, David Almeida, acompanhado do diretor-presidente da Funda\u00e7\u00e3o Municipal de Cultura, Turismo e Eventos (Manauscult), Osvaldo Cardoso, anunciou, na tarde desta sexta-feira, 10\/11, a realiza\u00e7\u00e3o do \u201cBoi Manaus 2023\u201d nos dias 1\u00ba e 2\/12.","robots":{"index":"noindex","follow":"follow"},"og_locale":"pt_BR","og_type":"article","og_title":"Prefeito David Almeida anuncia a realiza\u00e7\u00e3o do Boi Manaus 2023 para os dias 1\u00ba e 2 de dezembro","og_description":"O prefeito de Manaus, David Almeida, acompanhado do diretor-presidente da Funda\u00e7\u00e3o Municipal de Cultura, Turismo e Eventos (Manauscult), Osvaldo Cardoso, anunciou, na tarde desta sexta-feira, 10\/11, a realiza\u00e7\u00e3o do \u201cBoi Manaus 2023\u201d nos dias 1\u00ba e 2\/12.","og_url":"https:\/\/www.manaus.am.gov.br\/manauscult\/prefeito-david-almeida-anuncia-a-realizacao-do-boi-manaus-2023-para-os-dias-1o-e-2-de-dezembro\/","og_site_name":"MANAUSCULT","article_published_time":"2023-11-10T21:22:27+00:00","article_modified_time":"2023-11-10T21:24:09+00:00","og_image":[{"width":2048,"height":1365,"url":"https:\/\/www.manaus.am.gov.br\/manauscult\/wp-content\/uploads\/sites\/11\/2023\/11\/52450351108_f0a8eb4eec_k.jpg","type":"image\/jpeg"}],"author":"Bruna Greco","twitter_card":"summary_large_image","twitter_misc":{"Written by":"Bruna Greco","Est. reading time":"2 minutos"},"schema":{"@context":"https:\/\/schema.org","@graph":[{"@type":"WebPage","@id":"https:\/\/www.manaus.am.gov.br\/manauscult\/prefeito-david-almeida-anuncia-a-realizacao-do-boi-manaus-2023-para-os-dias-1o-e-2-de-dezembro\/","url":"https:\/\/www.manaus.am.gov.br\/manauscult\/prefeito-david-almeida-anuncia-a-realizacao-do-boi-manaus-2023-para-os-dias-1o-e-2-de-dezembro\/","name":"Prefeito David Almeida anuncia a realiza\u00e7\u00e3o do Boi Manaus 2023 para os dias 1\u00ba e 2 de dezembro","isPartOf":{"@id":"https:\/\/www.manaus.am.gov.br\/manauscult\/#website"},"primaryImageOfPage":{"@id":"https:\/\/www.manaus.am.gov.br\/manauscult\/prefeito-david-almeida-anuncia-a-realizacao-do-boi-manaus-2023-para-os-dias-1o-e-2-de-dezembro\/#primaryimage"},"image":{"@id":"https:\/\/www.manaus.am.gov.br\/manauscult\/prefeito-david-almeida-anuncia-a-realizacao-do-boi-manaus-2023-para-os-dias-1o-e-2-de-dezembro\/#primaryimage"},"thumbnailUrl":"https:\/\/www.manaus.am.gov.br\/manauscult\/wp-content\/uploads\/sites\/11\/2023\/11\/52450351108_f0a8eb4eec_k.jpg","datePublished":"2023-11-10T21:22:27+00:00","dateModified":"2023-11-10T21:24:09+00:00","author":{"@id":"https:\/\/www.manaus.am.gov.br\/manauscult\/#\/schema\/person\/05d223aea2bf115f9883a6ff3683d81b"},"description":"O prefeito de Manaus, David Almeida, acompanhado do diretor-presidente da Funda\u00e7\u00e3o Municipal de Cultura, Turismo e Eventos (Manauscult), Osvaldo Cardoso, anunciou, na tarde desta sexta-feira, 10\/11, a realiza\u00e7\u00e3o do \u201cBoi Manaus 2023\u201d nos dias 1\u00ba e 2\/12.","breadcrumb":{"@id":"https:\/\/www.manaus.am.gov.br\/manauscult\/prefeito-david-almeida-anuncia-a-realizacao-do-boi-manaus-2023-para-os-dias-1o-e-2-de-dezembro\/#breadcrumb"},"inLanguage":"pt-BR","potentialAction":[{"@type":"ReadAction","target":["https:\/\/www.manaus.am.gov.br\/manauscult\/prefeito-david-almeida-anuncia-a-realizacao-do-boi-manaus-2023-para-os-dias-1o-e-2-de-dezembro\/"]}]},{"@type":"ImageObject","inLanguage":"pt-BR","@id":"https:\/\/www.manaus.am.gov.br\/manauscult\/prefeito-david-almeida-anuncia-a-realizacao-do-boi-manaus-2023-para-os-dias-1o-e-2-de-dezembro\/#primaryimage","url":"https:\/\/www.manaus.am.gov.br\/manauscult\/wp-content\/uploads\/sites\/11\/2023\/11\/52450351108_f0a8eb4eec_k.jpg","contentUrl":"https:\/\/www.manaus.am.gov.br\/manauscult\/wp-content\/uploads\/sites\/11\/2023\/11\/52450351108_f0a8eb4eec_k.jpg","width":2048,"height":1365,"caption":"#paratodosverem Grande p\u00fablico reunido dentro do Samb\u00f3dromo de Manaus prestigiando o Boi Manaus"},{"@type":"BreadcrumbList","@id":"https:\/\/www.manaus.am.gov.br\/manauscult\/prefeito-david-almeida-anuncia-a-realizacao-do-boi-manaus-2023-para-os-dias-1o-e-2-de-dezembro\/#breadcrumb","itemListElement":[{"@type":"ListItem","position":1,"name":"Home","item":"https:\/\/www.manaus.am.gov.br\/manauscult\/"},{"@type":"ListItem","position":2,"name":"Prefeito David Almeida anuncia a realiza\u00e7\u00e3o do Boi Manaus 2023 para os dias 1\u00ba e 2 de dezembro"}]},{"@type":"WebSite","@id":"https:\/\/www.manaus.am.gov.br\/manauscult\/#website","url":"https:\/\/www.manaus.am.gov.br\/manauscult\/","name":"MANAUSCULT","description":"Prefeitura de Manaus","potentialAction":[{"@type":"SearchAction","target":{"@type":"EntryPoint","urlTemplate":"https:\/\/www.manaus.am.gov.br\/manauscult\/?s={search_term_string}"},"query-input":"required name=search_term_string"}],"inLanguage":"pt-BR"},{"@type":"Person","@id":"https:\/\/www.manaus.am.gov.br\/manauscult\/#\/schema\/person\/05d223aea2bf115f9883a6ff3683d81b","name":"Bruna Greco","image":{"@type":"ImageObject","inLanguage":"pt-BR","@id":"https:\/\/www.manaus.am.gov.br\/manauscult\/#\/schema\/person\/image\/","url":"https:\/\/secure.gravatar.com\/avatar\/9c877d1a6adc2a055330e5c09a8653ce?s=96&d=mm&r=g","contentUrl":"https:\/\/secure.gravatar.com\/avatar\/9c877d1a6adc2a055330e5c09a8653ce?s=96&d=mm&r=g","caption":"Bruna Greco"}}]}},"_links":{"self":[{"href":"https:\/\/www.manaus.am.gov.br\/manauscult\/wp-json\/wp\/v2\/posts\/1652"}],"collection":[{"href":"https:\/\/www.manaus.am.gov.br\/manauscult\/wp-json\/wp\/v2\/posts"}],"about":[{"href":"https:\/\/www.manaus.am.gov.br\/manauscult\/wp-json\/wp\/v2\/types\/post"}],"author":[{"embeddable":true,"href":"https:\/\/www.manaus.am.gov.br\/manauscult\/wp-json\/wp\/v2\/users\/39"}],"replies":[{"embeddable":true,"href":"https:\/\/www.manaus.am.gov.br\/manauscult\/wp-json\/wp\/v2\/comments?post=1652"}],"version-history":[{"count":1,"href":"https:\/\/www.manaus.am.gov.br\/manauscult\/wp-json\/wp\/v2\/posts\/1652\/revisions"}],"predecessor-version":[{"id":1654,"href":"https:\/\/www.manaus.am.gov.br\/manauscult\/wp-json\/wp\/v2\/posts\/1652\/revisions\/1654"}],"wp:featuredmedia":[{"embeddable":true,"href":"https:\/\/www.manaus.am.gov.br\/manauscult\/wp-json\/wp\/v2\/media\/1653"}],"wp:attachment":[{"href":"https:\/\/www.manaus.am.gov.br\/manauscult\/wp-json\/wp\/v2\/media?parent=1652"}],"wp:term":[{"taxonomy":"category","embeddable":true,"href":"https:\/\/www.manaus.am.gov.br\/manauscult\/wp-json\/wp\/v2\/categories?post=1652"},{"taxonomy":"post_tag","embeddable":true,"href":"https:\/\/www.manaus.am.gov.br\/manauscult\/wp-json\/wp\/v2\/tags?post=1652"}],"curies":[{"name":"wp","href":"https:\/\/api.w.org\/{rel}","templated":true}]}}