{"id":1630,"date":"2023-10-20T20:42:52","date_gmt":"2023-10-21T00:42:52","guid":{"rendered":"https:\/\/www.manaus.am.gov.br\/manauscult\/prefeitura-marca-354-aniversario-de-manaus-com-ato-solidario-entrega-do-parque-amazonino-mendes-e-show-de-joelma\/"},"modified":"2023-10-23T09:43:09","modified_gmt":"2023-10-23T13:43:09","slug":"prefeitura-marca-354-aniversario-de-manaus-com-ato-solidario-entrega-do-parque-amazonino-mendes-e-show-de-joelma","status":"publish","type":"post","link":"https:\/\/www.manaus.am.gov.br\/manauscult\/prefeitura-marca-354-aniversario-de-manaus-com-ato-solidario-entrega-do-parque-amazonino-mendes-e-show-de-joelma\/","title":{"rendered":"<strong>Prefeitura marca 354\u00b0 anivers\u00e1rio de Manaus com ato solid\u00e1rio, entrega do parque Amazonino Mendes e show de Joelma<\/strong>"},"content":{"rendered":"\n<p>Uma verdadeira festa solid\u00e1ria com muita m\u00fasica. Esse ser\u00e1 o ritmo das comemora\u00e7\u00f5es dos 354 anos da capital amazonense, na pr\u00f3xima ter\u00e7a-feira, 24\/10. A celebra\u00e7\u00e3o ser\u00e1 marcada com a entrega da primeira etapa do Parque Municipal Amazonino Mendes, a partir das 17h, entre as avenidas Isa\u00edas Vieiralves e Ol\u00edvia de Menezes Vieiralves, nas zonas Leste e Norte. A obra \u00e9 uma parceria da atual gest\u00e3o municipal com o governo do Estado.<\/p>\n\n\n\n<p>A popula\u00e7\u00e3o vai se divertir e cantar com os artistas nacionais Joelma e Tierry, bem como com os cantores locais Guto Lima e Vanda Guedes. Os manauaras tamb\u00e9m v\u00e3o poder doar alimentos n\u00e3o perec\u00edveis para as fam\u00edlias atingidas pela seca.\u00a0<\/p>\n\n\n\n<p>Para o diretor-presidente da Funda\u00e7\u00e3o Municipal de Cultura, Turismo e Eventos (Manauscult), Osvaldo Cardoso, a festa \u00e9 uma oportunidade para celebrar e tamb\u00e9m ajudar quem tanta precisa, neste momento t\u00e3o dif\u00edcil de estiagem hist\u00f3rica.<\/p>\n\n\n\n<p>\u201cMais que uma festa, o anivers\u00e1rio da cidade \u00e9 um ato de solidariedade, em que as pessoas da capital podem contribuir com alimentos n\u00e3o perec\u00edveis para as fam\u00edlias atingidas pela seca. Fam\u00edlias que est\u00e3o sem alimento, sem \u00e1gua pot\u00e1vel e com outros problemas causados por essa seca hist\u00f3rica\u201d, pontuou.&nbsp;<\/p>\n\n\n\n<p><strong>Programa\u00e7\u00e3o<\/strong><\/p>\n\n\n\n<p>As atividades iniciam \u00e0s 17h com zumba e a entrega do Parque Municipal Amazonino Mendes. \u00c0s 18h abrindo os shows, o cantor local Guto Lima sobe ao palco para animar a festa. A cantora Joelma, uma das atra\u00e7\u00f5es mais aguardadas, agitar\u00e1 o p\u00fablico das 19h \u00e0s 21h, seguida do cantor Tierry, com mais duas horas de show. A artista local Vanda Guedes encerra a noite.\u00a0<\/p>\n\n\n\n<p>&#8212; &#8212; &#8212;<\/p>\n\n\n\n<p><strong>Texto <\/strong>&#8211; Moara Cabral\/ Manauscult<\/p>\n\n\n\n<p><strong>Foto<\/strong> \u2013 Semcom \/ Arquivo<\/p>\n\n\n\n<p>Dispon\u00edvel em &#8211; <a href=\"https:\/\/flic.kr\/p\/2mDW3RK\">https:\/\/flic.kr\/p\/2mDW3RK<\/a><\/p>\n","protected":false},"excerpt":{"rendered":"","protected":false},"author":31,"featured_media":1631,"comment_status":"closed","ping_status":"closed","sticky":false,"template":"","format":"standard","meta":{"footnotes":""},"categories":[280],"tags":[746,747,274,748],"acf":[],"yoast_head":"<!-- This site is optimized with the Yoast SEO plugin v23.0 - https:\/\/yoast.com\/wordpress\/plugins\/seo\/ -->\n<title>Prefeitura marca 354\u00b0 anivers\u00e1rio de Manaus com ato solid\u00e1rio, entrega do parque Amazonino Mendes e show de Joelma - MANAUSCULT<\/title>\n<meta name=\"robots\" content=\"noindex, follow\" \/>\n<meta property=\"og:locale\" content=\"pt_BR\" \/>\n<meta property=\"og:type\" content=\"article\" \/>\n<meta property=\"og:title\" content=\"Prefeitura marca 354\u00b0 anivers\u00e1rio de Manaus com ato solid\u00e1rio, entrega do parque Amazonino Mendes e show de Joelma - MANAUSCULT\" \/>\n<meta property=\"og:url\" content=\"https:\/\/www.manaus.am.gov.br\/manauscult\/prefeitura-marca-354-aniversario-de-manaus-com-ato-solidario-entrega-do-parque-amazonino-mendes-e-show-de-joelma\/\" \/>\n<meta property=\"og:site_name\" content=\"MANAUSCULT\" \/>\n<meta property=\"article:published_time\" content=\"2023-10-21T00:42:52+00:00\" \/>\n<meta property=\"article:modified_time\" content=\"2023-10-23T13:43:09+00:00\" \/>\n<meta property=\"og:image\" content=\"https:\/\/www.manaus.am.gov.br\/manauscult\/wp-content\/uploads\/sites\/11\/2023\/10\/51625083917_5c8f889a4f_c.jpg\" \/>\n\t<meta property=\"og:image:width\" content=\"799\" \/>\n\t<meta property=\"og:image:height\" content=\"509\" \/>\n\t<meta property=\"og:image:type\" content=\"image\/jpeg\" \/>\n<meta name=\"author\" content=\"Renata Felix\" \/>\n<meta name=\"twitter:card\" content=\"summary_large_image\" \/>\n<meta name=\"twitter:label1\" content=\"Written by\" \/>\n\t<meta name=\"twitter:data1\" content=\"Renata Felix\" \/>\n\t<meta name=\"twitter:label2\" content=\"Est. reading time\" \/>\n\t<meta name=\"twitter:data2\" content=\"2 minutos\" \/>\n<script type=\"application\/ld+json\" class=\"yoast-schema-graph\">{\"@context\":\"https:\/\/schema.org\",\"@graph\":[{\"@type\":\"WebPage\",\"@id\":\"https:\/\/www.manaus.am.gov.br\/manauscult\/prefeitura-marca-354-aniversario-de-manaus-com-ato-solidario-entrega-do-parque-amazonino-mendes-e-show-de-joelma\/\",\"url\":\"https:\/\/www.manaus.am.gov.br\/manauscult\/prefeitura-marca-354-aniversario-de-manaus-com-ato-solidario-entrega-do-parque-amazonino-mendes-e-show-de-joelma\/\",\"name\":\"Prefeitura marca 354\u00b0 anivers\u00e1rio de Manaus com ato solid\u00e1rio, entrega do parque Amazonino Mendes e show de Joelma - MANAUSCULT\",\"isPartOf\":{\"@id\":\"https:\/\/www.manaus.am.gov.br\/manauscult\/#website\"},\"primaryImageOfPage\":{\"@id\":\"https:\/\/www.manaus.am.gov.br\/manauscult\/prefeitura-marca-354-aniversario-de-manaus-com-ato-solidario-entrega-do-parque-amazonino-mendes-e-show-de-joelma\/#primaryimage\"},\"image\":{\"@id\":\"https:\/\/www.manaus.am.gov.br\/manauscult\/prefeitura-marca-354-aniversario-de-manaus-com-ato-solidario-entrega-do-parque-amazonino-mendes-e-show-de-joelma\/#primaryimage\"},\"thumbnailUrl\":\"https:\/\/www.manaus.am.gov.br\/manauscult\/wp-content\/uploads\/sites\/11\/2023\/10\/51625083917_5c8f889a4f_c.jpg\",\"datePublished\":\"2023-10-21T00:42:52+00:00\",\"dateModified\":\"2023-10-23T13:43:09+00:00\",\"author\":{\"@id\":\"https:\/\/www.manaus.am.gov.br\/manauscult\/#\/schema\/person\/4eea2a8f78dc853097abb026f728aa06\"},\"breadcrumb\":{\"@id\":\"https:\/\/www.manaus.am.gov.br\/manauscult\/prefeitura-marca-354-aniversario-de-manaus-com-ato-solidario-entrega-do-parque-amazonino-mendes-e-show-de-joelma\/#breadcrumb\"},\"inLanguage\":\"pt-BR\",\"potentialAction\":[{\"@type\":\"ReadAction\",\"target\":[\"https:\/\/www.manaus.am.gov.br\/manauscult\/prefeitura-marca-354-aniversario-de-manaus-com-ato-solidario-entrega-do-parque-amazonino-mendes-e-show-de-joelma\/\"]}]},{\"@type\":\"ImageObject\",\"inLanguage\":\"pt-BR\",\"@id\":\"https:\/\/www.manaus.am.gov.br\/manauscult\/prefeitura-marca-354-aniversario-de-manaus-com-ato-solidario-entrega-do-parque-amazonino-mendes-e-show-de-joelma\/#primaryimage\",\"url\":\"https:\/\/www.manaus.am.gov.br\/manauscult\/wp-content\/uploads\/sites\/11\/2023\/10\/51625083917_5c8f889a4f_c.jpg\",\"contentUrl\":\"https:\/\/www.manaus.am.gov.br\/manauscult\/wp-content\/uploads\/sites\/11\/2023\/10\/51625083917_5c8f889a4f_c.jpg\",\"width\":799,\"height\":509},{\"@type\":\"BreadcrumbList\",\"@id\":\"https:\/\/www.manaus.am.gov.br\/manauscult\/prefeitura-marca-354-aniversario-de-manaus-com-ato-solidario-entrega-do-parque-amazonino-mendes-e-show-de-joelma\/#breadcrumb\",\"itemListElement\":[{\"@type\":\"ListItem\",\"position\":1,\"name\":\"Home\",\"item\":\"https:\/\/www.manaus.am.gov.br\/manauscult\/\"},{\"@type\":\"ListItem\",\"position\":2,\"name\":\"Prefeitura marca 354\u00b0 anivers\u00e1rio de Manaus com ato solid\u00e1rio, entrega do parque Amazonino Mendes e show de Joelma\"}]},{\"@type\":\"WebSite\",\"@id\":\"https:\/\/www.manaus.am.gov.br\/manauscult\/#website\",\"url\":\"https:\/\/www.manaus.am.gov.br\/manauscult\/\",\"name\":\"MANAUSCULT\",\"description\":\"Prefeitura de Manaus\",\"potentialAction\":[{\"@type\":\"SearchAction\",\"target\":{\"@type\":\"EntryPoint\",\"urlTemplate\":\"https:\/\/www.manaus.am.gov.br\/manauscult\/?s={search_term_string}\"},\"query-input\":\"required name=search_term_string\"}],\"inLanguage\":\"pt-BR\"},{\"@type\":\"Person\",\"@id\":\"https:\/\/www.manaus.am.gov.br\/manauscult\/#\/schema\/person\/4eea2a8f78dc853097abb026f728aa06\",\"name\":\"Renata Felix\",\"image\":{\"@type\":\"ImageObject\",\"inLanguage\":\"pt-BR\",\"@id\":\"https:\/\/www.manaus.am.gov.br\/manauscult\/#\/schema\/person\/image\/\",\"url\":\"https:\/\/secure.gravatar.com\/avatar\/3c196cf9d3b837b24c8edb2c50fd8f29?s=96&d=mm&r=g\",\"contentUrl\":\"https:\/\/secure.gravatar.com\/avatar\/3c196cf9d3b837b24c8edb2c50fd8f29?s=96&d=mm&r=g\",\"caption\":\"Renata Felix\"}}]}<\/script>\n<!-- \/ Yoast SEO plugin. -->","yoast_head_json":{"title":"Prefeitura marca 354\u00b0 anivers\u00e1rio de Manaus com ato solid\u00e1rio, entrega do parque Amazonino Mendes e show de Joelma - MANAUSCULT","robots":{"index":"noindex","follow":"follow"},"og_locale":"pt_BR","og_type":"article","og_title":"Prefeitura marca 354\u00b0 anivers\u00e1rio de Manaus com ato solid\u00e1rio, entrega do parque Amazonino Mendes e show de Joelma - MANAUSCULT","og_url":"https:\/\/www.manaus.am.gov.br\/manauscult\/prefeitura-marca-354-aniversario-de-manaus-com-ato-solidario-entrega-do-parque-amazonino-mendes-e-show-de-joelma\/","og_site_name":"MANAUSCULT","article_published_time":"2023-10-21T00:42:52+00:00","article_modified_time":"2023-10-23T13:43:09+00:00","og_image":[{"width":799,"height":509,"url":"https:\/\/www.manaus.am.gov.br\/manauscult\/wp-content\/uploads\/sites\/11\/2023\/10\/51625083917_5c8f889a4f_c.jpg","type":"image\/jpeg"}],"author":"Renata Felix","twitter_card":"summary_large_image","twitter_misc":{"Written by":"Renata Felix","Est. reading time":"2 minutos"},"schema":{"@context":"https:\/\/schema.org","@graph":[{"@type":"WebPage","@id":"https:\/\/www.manaus.am.gov.br\/manauscult\/prefeitura-marca-354-aniversario-de-manaus-com-ato-solidario-entrega-do-parque-amazonino-mendes-e-show-de-joelma\/","url":"https:\/\/www.manaus.am.gov.br\/manauscult\/prefeitura-marca-354-aniversario-de-manaus-com-ato-solidario-entrega-do-parque-amazonino-mendes-e-show-de-joelma\/","name":"Prefeitura marca 354\u00b0 anivers\u00e1rio de Manaus com ato solid\u00e1rio, entrega do parque Amazonino Mendes e show de Joelma - MANAUSCULT","isPartOf":{"@id":"https:\/\/www.manaus.am.gov.br\/manauscult\/#website"},"primaryImageOfPage":{"@id":"https:\/\/www.manaus.am.gov.br\/manauscult\/prefeitura-marca-354-aniversario-de-manaus-com-ato-solidario-entrega-do-parque-amazonino-mendes-e-show-de-joelma\/#primaryimage"},"image":{"@id":"https:\/\/www.manaus.am.gov.br\/manauscult\/prefeitura-marca-354-aniversario-de-manaus-com-ato-solidario-entrega-do-parque-amazonino-mendes-e-show-de-joelma\/#primaryimage"},"thumbnailUrl":"https:\/\/www.manaus.am.gov.br\/manauscult\/wp-content\/uploads\/sites\/11\/2023\/10\/51625083917_5c8f889a4f_c.jpg","datePublished":"2023-10-21T00:42:52+00:00","dateModified":"2023-10-23T13:43:09+00:00","author":{"@id":"https:\/\/www.manaus.am.gov.br\/manauscult\/#\/schema\/person\/4eea2a8f78dc853097abb026f728aa06"},"breadcrumb":{"@id":"https:\/\/www.manaus.am.gov.br\/manauscult\/prefeitura-marca-354-aniversario-de-manaus-com-ato-solidario-entrega-do-parque-amazonino-mendes-e-show-de-joelma\/#breadcrumb"},"inLanguage":"pt-BR","potentialAction":[{"@type":"ReadAction","target":["https:\/\/www.manaus.am.gov.br\/manauscult\/prefeitura-marca-354-aniversario-de-manaus-com-ato-solidario-entrega-do-parque-amazonino-mendes-e-show-de-joelma\/"]}]},{"@type":"ImageObject","inLanguage":"pt-BR","@id":"https:\/\/www.manaus.am.gov.br\/manauscult\/prefeitura-marca-354-aniversario-de-manaus-com-ato-solidario-entrega-do-parque-amazonino-mendes-e-show-de-joelma\/#primaryimage","url":"https:\/\/www.manaus.am.gov.br\/manauscult\/wp-content\/uploads\/sites\/11\/2023\/10\/51625083917_5c8f889a4f_c.jpg","contentUrl":"https:\/\/www.manaus.am.gov.br\/manauscult\/wp-content\/uploads\/sites\/11\/2023\/10\/51625083917_5c8f889a4f_c.jpg","width":799,"height":509},{"@type":"BreadcrumbList","@id":"https:\/\/www.manaus.am.gov.br\/manauscult\/prefeitura-marca-354-aniversario-de-manaus-com-ato-solidario-entrega-do-parque-amazonino-mendes-e-show-de-joelma\/#breadcrumb","itemListElement":[{"@type":"ListItem","position":1,"name":"Home","item":"https:\/\/www.manaus.am.gov.br\/manauscult\/"},{"@type":"ListItem","position":2,"name":"Prefeitura marca 354\u00b0 anivers\u00e1rio de Manaus com ato solid\u00e1rio, entrega do parque Amazonino Mendes e show de Joelma"}]},{"@type":"WebSite","@id":"https:\/\/www.manaus.am.gov.br\/manauscult\/#website","url":"https:\/\/www.manaus.am.gov.br\/manauscult\/","name":"MANAUSCULT","description":"Prefeitura de Manaus","potentialAction":[{"@type":"SearchAction","target":{"@type":"EntryPoint","urlTemplate":"https:\/\/www.manaus.am.gov.br\/manauscult\/?s={search_term_string}"},"query-input":"required name=search_term_string"}],"inLanguage":"pt-BR"},{"@type":"Person","@id":"https:\/\/www.manaus.am.gov.br\/manauscult\/#\/schema\/person\/4eea2a8f78dc853097abb026f728aa06","name":"Renata Felix","image":{"@type":"ImageObject","inLanguage":"pt-BR","@id":"https:\/\/www.manaus.am.gov.br\/manauscult\/#\/schema\/person\/image\/","url":"https:\/\/secure.gravatar.com\/avatar\/3c196cf9d3b837b24c8edb2c50fd8f29?s=96&d=mm&r=g","contentUrl":"https:\/\/secure.gravatar.com\/avatar\/3c196cf9d3b837b24c8edb2c50fd8f29?s=96&d=mm&r=g","caption":"Renata Felix"}}]}},"_links":{"self":[{"href":"https:\/\/www.manaus.am.gov.br\/manauscult\/wp-json\/wp\/v2\/posts\/1630"}],"collection":[{"href":"https:\/\/www.manaus.am.gov.br\/manauscult\/wp-json\/wp\/v2\/posts"}],"about":[{"href":"https:\/\/www.manaus.am.gov.br\/manauscult\/wp-json\/wp\/v2\/types\/post"}],"author":[{"embeddable":true,"href":"https:\/\/www.manaus.am.gov.br\/manauscult\/wp-json\/wp\/v2\/users\/31"}],"replies":[{"embeddable":true,"href":"https:\/\/www.manaus.am.gov.br\/manauscult\/wp-json\/wp\/v2\/comments?post=1630"}],"version-history":[{"count":1,"href":"https:\/\/www.manaus.am.gov.br\/manauscult\/wp-json\/wp\/v2\/posts\/1630\/revisions"}],"predecessor-version":[{"id":1632,"href":"https:\/\/www.manaus.am.gov.br\/manauscult\/wp-json\/wp\/v2\/posts\/1630\/revisions\/1632"}],"wp:featuredmedia":[{"embeddable":true,"href":"https:\/\/www.manaus.am.gov.br\/manauscult\/wp-json\/wp\/v2\/media\/1631"}],"wp:attachment":[{"href":"https:\/\/www.manaus.am.gov.br\/manauscult\/wp-json\/wp\/v2\/media?parent=1630"}],"wp:term":[{"taxonomy":"category","embeddable":true,"href":"https:\/\/www.manaus.am.gov.br\/manauscult\/wp-json\/wp\/v2\/categories?post=1630"},{"taxonomy":"post_tag","embeddable":true,"href":"https:\/\/www.manaus.am.gov.br\/manauscult\/wp-json\/wp\/v2\/tags?post=1630"}],"curies":[{"name":"wp","href":"https:\/\/api.w.org\/{rel}","templated":true}]}}