{"id":1628,"date":"2023-10-16T18:37:10","date_gmt":"2023-10-16T22:37:10","guid":{"rendered":"https:\/\/www.manaus.am.gov.br\/manauscult\/prefeitura-prorroga-inscricoes-dos-editais-de-audiovisual-e-multilinguagens-da-lei-paulo-gustavo\/"},"modified":"2023-10-16T18:37:11","modified_gmt":"2023-10-16T22:37:11","slug":"prefeitura-prorroga-inscricoes-dos-editais-de-audiovisual-e-multilinguagens-da-lei-paulo-gustavo","status":"publish","type":"post","link":"https:\/\/www.manaus.am.gov.br\/manauscult\/prefeitura-prorroga-inscricoes-dos-editais-de-audiovisual-e-multilinguagens-da-lei-paulo-gustavo\/","title":{"rendered":"<strong>Prefeitura prorroga inscri\u00e7\u00f5es dos editais de audiovisual e&nbsp; multilinguagens da Lei Paulo Gustavo<\/strong>"},"content":{"rendered":"\n<p>A Prefeitura de Manaus, por meio da&nbsp;Funda\u00e7\u00e3o Municipal de&nbsp;Cultura, Turismo e Eventos (Manauscult)&nbsp;e&nbsp;do&nbsp;Conselho Municipal de&nbsp;Cultura&nbsp;(Concultura), prorroga o prazo de inscri\u00e7\u00f5es dos editais de audiovisual e demais linguagens, da Lei Paulo Gustavo, bem como o cadastro pr\u00e9vio, at\u00e9 o dia 20\/10, sexta-feira, \u00e0s 17h.<\/p>\n\n\n\n<p>As inscri\u00e7\u00f5es e cadastro devem ser feitos pelo link:&nbsp;<a href=\"https:\/\/concultura.manaus.am.gov.br\/lei-paulo-gustavo\" target=\"_blank\" rel=\"noreferrer noopener\">https:\/\/concultura.manaus.am.gov.br\/lei-paulo-gustavo<\/a>. O&nbsp;presidente&nbsp;do&nbsp;Concultura, Neilo Batista, informa que esta \u00e9 a segunda prorroga\u00e7\u00e3o que est\u00e1 sendo oportunizada aos artistas.<\/p>\n\n\n\n<p>&#8220;Estamos tomando todos os cuidados para fazer deste, o edital mais amplo, plural e inclusivo, portanto, realizamos oitivas, reuni\u00f5es preparat\u00f3rias e buscas ativas, fechando com o aux\u00edlio nos preenchimentos dos cadastros e forma\u00e7\u00e3o para elabora\u00e7\u00e3o de projetos culturais&#8221;, lembrou Neilo, ao fazer o an\u00fancio da prorroga\u00e7\u00e3o,&nbsp; na manh\u00e3,&nbsp; desta segunda-feira, 16\/10.<\/p>\n\n\n\n<p>O gestor refor\u00e7a o chamado para que nenhum artista e fazedor de&nbsp;cultura&nbsp;perca o prazo, e possa concorrer aos recursos disponibilizados pelo Governo Federal, via Minist\u00e9rio da&nbsp;Cultura&nbsp;(MinC), em parceria com a Prefeitura de Manaus.<\/p>\n\n\n\n<p>O&nbsp;Concultura&nbsp;continua auxiliando os artistas e fazedores de&nbsp;cultura&nbsp;nas inscri\u00e7\u00f5es dos projetos, disponibilizando o observat\u00f3rio Paulo Gustavo, no Pal\u00e1cio Rio Branco, na avenida 7 de Setembro, praca Dom Pedro 2\u00b0,&nbsp; centro hist\u00f3rico, com v\u00e1rios computadores e&nbsp; t\u00e9cnicos&nbsp;do&nbsp;conselho auxiliando. Para evitar filas, \u00e9 recomendado que se agende o atendimento, por meio&nbsp;do&nbsp;e-mail&nbsp;&nbsp;<a href=\"mailto:planejamento.concultura@gmail.com\" target=\"_blank\" rel=\"noreferrer noopener\">planejamento.concultura@gmail.com<\/a>&nbsp;ou telefone: 98842-3081.<\/p>\n\n\n\n<p><strong>Mestres e bolsas<\/strong><\/p>\n\n\n\n<p>Continuam abertas as inscri\u00e7\u00f5es para os dois novos editais da Lei Paulo Gustavo, com inscri\u00e7\u00f5es voltadas para os mestres da&nbsp;cultura&nbsp;e bolsas culturais, totalizando R$ 760 mil. As inscri\u00e7\u00f5es devem ser feitas de 11 a 26 de outubro, tamb\u00e9m pelo portal&nbsp;do&nbsp;conselho de&nbsp;cultura.<\/p>\n\n\n\n<p>Ser\u00e3o destinados R$ 480 mil aos mestres da&nbsp;cultura, e mais R$ 280 mil \u00e0s bolsas culturais. Ao todo ser\u00e3o&nbsp; contemplados mais setenta e seis artistas com direito \u00e0s cotas inclusivas de 20% para negros e 20% para ind\u00edgenas. Sendo 48 artistas considerados mestres da&nbsp;cultura, que ao longo de suas vidas constru\u00edram uma carreira relevante com obras e tradi\u00e7\u00f5es que t\u00eam o reconhecimento da comunidade, onde est\u00e3o inseridos, e mais 28 artistas que v\u00e3o ganhar Bolsas Culturais. O projeto cultural deve ser voltado para bolsa de pesquisa ou de promo\u00e7\u00e3o, difus\u00e3o, circula\u00e7\u00e3o, interc\u00e2mbio e resid\u00eancia cultural.<\/p>\n\n\n\n<p>Na realiza\u00e7\u00e3o destes editais, est\u00e3o asseguradas medidas de democratiza\u00e7\u00e3o, desconcentra\u00e7\u00e3o, descentraliza\u00e7\u00e3o e regionaliza\u00e7\u00e3o&nbsp;do&nbsp;investimento cultural, com a implementa\u00e7\u00e3o de a\u00e7\u00f5es afirmativas, previstas no decreto n\u00ba 11.525\/2023, bem como as medidas de acessibilidade, dispon\u00edveis na plataforma que recepcionar\u00e1 as inscri\u00e7\u00f5es, em conformidade com o art. 8\u00ba, \u00a7 5\u00ba da lei complementar 195\/2022.<\/p>\n\n\n\n<p>&#8212; &#8212; &#8212;<\/p>\n\n\n\n<p><strong>Texto<\/strong>&nbsp;&#8211; Crist\u00f3v\u00e3o Nonato&nbsp; \/ Manauscult<\/p>\n\n\n\n<p><strong>Fotos<\/strong>&nbsp;&#8211; F\u00e1bio Sim\u00f5es \/ Manauscult<\/p>\n","protected":false},"excerpt":{"rendered":"","protected":false},"author":31,"featured_media":1629,"comment_status":"closed","ping_status":"closed","sticky":false,"template":"","format":"standard","meta":{"footnotes":""},"categories":[12],"tags":[45,113,48,180],"acf":[],"yoast_head":"<!-- This site is optimized with the Yoast SEO plugin v23.0 - https:\/\/yoast.com\/wordpress\/plugins\/seo\/ -->\n<title>Prefeitura prorroga inscri\u00e7\u00f5es dos editais de audiovisual e&nbsp; multilinguagens da Lei Paulo Gustavo - MANAUSCULT<\/title>\n<meta name=\"robots\" content=\"noindex, follow\" \/>\n<meta property=\"og:locale\" content=\"pt_BR\" \/>\n<meta property=\"og:type\" content=\"article\" \/>\n<meta property=\"og:title\" content=\"Prefeitura prorroga inscri\u00e7\u00f5es dos editais de audiovisual e&nbsp; multilinguagens da Lei Paulo Gustavo - MANAUSCULT\" \/>\n<meta property=\"og:url\" content=\"https:\/\/www.manaus.am.gov.br\/manauscult\/prefeitura-prorroga-inscricoes-dos-editais-de-audiovisual-e-multilinguagens-da-lei-paulo-gustavo\/\" \/>\n<meta property=\"og:site_name\" content=\"MANAUSCULT\" \/>\n<meta property=\"article:published_time\" content=\"2023-10-16T22:37:10+00:00\" \/>\n<meta property=\"article:modified_time\" content=\"2023-10-16T22:37:11+00:00\" \/>\n<meta property=\"og:image\" content=\"https:\/\/www.manaus.am.gov.br\/manauscult\/wp-content\/uploads\/sites\/11\/2023\/10\/20231004_102828-1024x577.jpg\" \/>\n\t<meta property=\"og:image:width\" content=\"1024\" \/>\n\t<meta property=\"og:image:height\" content=\"577\" \/>\n\t<meta property=\"og:image:type\" content=\"image\/jpeg\" \/>\n<meta name=\"author\" content=\"Renata Felix\" \/>\n<meta name=\"twitter:card\" content=\"summary_large_image\" \/>\n<meta name=\"twitter:label1\" content=\"Written by\" \/>\n\t<meta name=\"twitter:data1\" content=\"Renata Felix\" \/>\n\t<meta name=\"twitter:label2\" content=\"Est. reading time\" \/>\n\t<meta name=\"twitter:data2\" content=\"3 minutos\" \/>\n<script type=\"application\/ld+json\" class=\"yoast-schema-graph\">{\"@context\":\"https:\/\/schema.org\",\"@graph\":[{\"@type\":\"WebPage\",\"@id\":\"https:\/\/www.manaus.am.gov.br\/manauscult\/prefeitura-prorroga-inscricoes-dos-editais-de-audiovisual-e-multilinguagens-da-lei-paulo-gustavo\/\",\"url\":\"https:\/\/www.manaus.am.gov.br\/manauscult\/prefeitura-prorroga-inscricoes-dos-editais-de-audiovisual-e-multilinguagens-da-lei-paulo-gustavo\/\",\"name\":\"Prefeitura prorroga inscri\u00e7\u00f5es dos editais de audiovisual e&nbsp; multilinguagens da Lei Paulo Gustavo - MANAUSCULT\",\"isPartOf\":{\"@id\":\"https:\/\/www.manaus.am.gov.br\/manauscult\/#website\"},\"primaryImageOfPage\":{\"@id\":\"https:\/\/www.manaus.am.gov.br\/manauscult\/prefeitura-prorroga-inscricoes-dos-editais-de-audiovisual-e-multilinguagens-da-lei-paulo-gustavo\/#primaryimage\"},\"image\":{\"@id\":\"https:\/\/www.manaus.am.gov.br\/manauscult\/prefeitura-prorroga-inscricoes-dos-editais-de-audiovisual-e-multilinguagens-da-lei-paulo-gustavo\/#primaryimage\"},\"thumbnailUrl\":\"https:\/\/www.manaus.am.gov.br\/manauscult\/wp-content\/uploads\/sites\/11\/2023\/10\/20231004_102828.jpg\",\"datePublished\":\"2023-10-16T22:37:10+00:00\",\"dateModified\":\"2023-10-16T22:37:11+00:00\",\"author\":{\"@id\":\"https:\/\/www.manaus.am.gov.br\/manauscult\/#\/schema\/person\/4eea2a8f78dc853097abb026f728aa06\"},\"breadcrumb\":{\"@id\":\"https:\/\/www.manaus.am.gov.br\/manauscult\/prefeitura-prorroga-inscricoes-dos-editais-de-audiovisual-e-multilinguagens-da-lei-paulo-gustavo\/#breadcrumb\"},\"inLanguage\":\"pt-BR\",\"potentialAction\":[{\"@type\":\"ReadAction\",\"target\":[\"https:\/\/www.manaus.am.gov.br\/manauscult\/prefeitura-prorroga-inscricoes-dos-editais-de-audiovisual-e-multilinguagens-da-lei-paulo-gustavo\/\"]}]},{\"@type\":\"ImageObject\",\"inLanguage\":\"pt-BR\",\"@id\":\"https:\/\/www.manaus.am.gov.br\/manauscult\/prefeitura-prorroga-inscricoes-dos-editais-de-audiovisual-e-multilinguagens-da-lei-paulo-gustavo\/#primaryimage\",\"url\":\"https:\/\/www.manaus.am.gov.br\/manauscult\/wp-content\/uploads\/sites\/11\/2023\/10\/20231004_102828.jpg\",\"contentUrl\":\"https:\/\/www.manaus.am.gov.br\/manauscult\/wp-content\/uploads\/sites\/11\/2023\/10\/20231004_102828.jpg\",\"width\":4000,\"height\":2252},{\"@type\":\"BreadcrumbList\",\"@id\":\"https:\/\/www.manaus.am.gov.br\/manauscult\/prefeitura-prorroga-inscricoes-dos-editais-de-audiovisual-e-multilinguagens-da-lei-paulo-gustavo\/#breadcrumb\",\"itemListElement\":[{\"@type\":\"ListItem\",\"position\":1,\"name\":\"Home\",\"item\":\"https:\/\/www.manaus.am.gov.br\/manauscult\/\"},{\"@type\":\"ListItem\",\"position\":2,\"name\":\"Prefeitura prorroga inscri\u00e7\u00f5es dos editais de audiovisual e&nbsp; multilinguagens da Lei Paulo Gustavo\"}]},{\"@type\":\"WebSite\",\"@id\":\"https:\/\/www.manaus.am.gov.br\/manauscult\/#website\",\"url\":\"https:\/\/www.manaus.am.gov.br\/manauscult\/\",\"name\":\"MANAUSCULT\",\"description\":\"Prefeitura de Manaus\",\"potentialAction\":[{\"@type\":\"SearchAction\",\"target\":{\"@type\":\"EntryPoint\",\"urlTemplate\":\"https:\/\/www.manaus.am.gov.br\/manauscult\/?s={search_term_string}\"},\"query-input\":\"required name=search_term_string\"}],\"inLanguage\":\"pt-BR\"},{\"@type\":\"Person\",\"@id\":\"https:\/\/www.manaus.am.gov.br\/manauscult\/#\/schema\/person\/4eea2a8f78dc853097abb026f728aa06\",\"name\":\"Renata Felix\",\"image\":{\"@type\":\"ImageObject\",\"inLanguage\":\"pt-BR\",\"@id\":\"https:\/\/www.manaus.am.gov.br\/manauscult\/#\/schema\/person\/image\/\",\"url\":\"https:\/\/secure.gravatar.com\/avatar\/3c196cf9d3b837b24c8edb2c50fd8f29?s=96&d=mm&r=g\",\"contentUrl\":\"https:\/\/secure.gravatar.com\/avatar\/3c196cf9d3b837b24c8edb2c50fd8f29?s=96&d=mm&r=g\",\"caption\":\"Renata Felix\"}}]}<\/script>\n<!-- \/ Yoast SEO plugin. -->","yoast_head_json":{"title":"Prefeitura prorroga inscri\u00e7\u00f5es dos editais de audiovisual e&nbsp; multilinguagens da Lei Paulo Gustavo - MANAUSCULT","robots":{"index":"noindex","follow":"follow"},"og_locale":"pt_BR","og_type":"article","og_title":"Prefeitura prorroga inscri\u00e7\u00f5es dos editais de audiovisual e&nbsp; multilinguagens da Lei Paulo Gustavo - MANAUSCULT","og_url":"https:\/\/www.manaus.am.gov.br\/manauscult\/prefeitura-prorroga-inscricoes-dos-editais-de-audiovisual-e-multilinguagens-da-lei-paulo-gustavo\/","og_site_name":"MANAUSCULT","article_published_time":"2023-10-16T22:37:10+00:00","article_modified_time":"2023-10-16T22:37:11+00:00","og_image":[{"width":1024,"height":577,"url":"https:\/\/www.manaus.am.gov.br\/manauscult\/wp-content\/uploads\/sites\/11\/2023\/10\/20231004_102828-1024x577.jpg","type":"image\/jpeg"}],"author":"Renata Felix","twitter_card":"summary_large_image","twitter_misc":{"Written by":"Renata Felix","Est. reading time":"3 minutos"},"schema":{"@context":"https:\/\/schema.org","@graph":[{"@type":"WebPage","@id":"https:\/\/www.manaus.am.gov.br\/manauscult\/prefeitura-prorroga-inscricoes-dos-editais-de-audiovisual-e-multilinguagens-da-lei-paulo-gustavo\/","url":"https:\/\/www.manaus.am.gov.br\/manauscult\/prefeitura-prorroga-inscricoes-dos-editais-de-audiovisual-e-multilinguagens-da-lei-paulo-gustavo\/","name":"Prefeitura prorroga inscri\u00e7\u00f5es dos editais de audiovisual e&nbsp; multilinguagens da Lei Paulo Gustavo - MANAUSCULT","isPartOf":{"@id":"https:\/\/www.manaus.am.gov.br\/manauscult\/#website"},"primaryImageOfPage":{"@id":"https:\/\/www.manaus.am.gov.br\/manauscult\/prefeitura-prorroga-inscricoes-dos-editais-de-audiovisual-e-multilinguagens-da-lei-paulo-gustavo\/#primaryimage"},"image":{"@id":"https:\/\/www.manaus.am.gov.br\/manauscult\/prefeitura-prorroga-inscricoes-dos-editais-de-audiovisual-e-multilinguagens-da-lei-paulo-gustavo\/#primaryimage"},"thumbnailUrl":"https:\/\/www.manaus.am.gov.br\/manauscult\/wp-content\/uploads\/sites\/11\/2023\/10\/20231004_102828.jpg","datePublished":"2023-10-16T22:37:10+00:00","dateModified":"2023-10-16T22:37:11+00:00","author":{"@id":"https:\/\/www.manaus.am.gov.br\/manauscult\/#\/schema\/person\/4eea2a8f78dc853097abb026f728aa06"},"breadcrumb":{"@id":"https:\/\/www.manaus.am.gov.br\/manauscult\/prefeitura-prorroga-inscricoes-dos-editais-de-audiovisual-e-multilinguagens-da-lei-paulo-gustavo\/#breadcrumb"},"inLanguage":"pt-BR","potentialAction":[{"@type":"ReadAction","target":["https:\/\/www.manaus.am.gov.br\/manauscult\/prefeitura-prorroga-inscricoes-dos-editais-de-audiovisual-e-multilinguagens-da-lei-paulo-gustavo\/"]}]},{"@type":"ImageObject","inLanguage":"pt-BR","@id":"https:\/\/www.manaus.am.gov.br\/manauscult\/prefeitura-prorroga-inscricoes-dos-editais-de-audiovisual-e-multilinguagens-da-lei-paulo-gustavo\/#primaryimage","url":"https:\/\/www.manaus.am.gov.br\/manauscult\/wp-content\/uploads\/sites\/11\/2023\/10\/20231004_102828.jpg","contentUrl":"https:\/\/www.manaus.am.gov.br\/manauscult\/wp-content\/uploads\/sites\/11\/2023\/10\/20231004_102828.jpg","width":4000,"height":2252},{"@type":"BreadcrumbList","@id":"https:\/\/www.manaus.am.gov.br\/manauscult\/prefeitura-prorroga-inscricoes-dos-editais-de-audiovisual-e-multilinguagens-da-lei-paulo-gustavo\/#breadcrumb","itemListElement":[{"@type":"ListItem","position":1,"name":"Home","item":"https:\/\/www.manaus.am.gov.br\/manauscult\/"},{"@type":"ListItem","position":2,"name":"Prefeitura prorroga inscri\u00e7\u00f5es dos editais de audiovisual e&nbsp; multilinguagens da Lei Paulo Gustavo"}]},{"@type":"WebSite","@id":"https:\/\/www.manaus.am.gov.br\/manauscult\/#website","url":"https:\/\/www.manaus.am.gov.br\/manauscult\/","name":"MANAUSCULT","description":"Prefeitura de Manaus","potentialAction":[{"@type":"SearchAction","target":{"@type":"EntryPoint","urlTemplate":"https:\/\/www.manaus.am.gov.br\/manauscult\/?s={search_term_string}"},"query-input":"required name=search_term_string"}],"inLanguage":"pt-BR"},{"@type":"Person","@id":"https:\/\/www.manaus.am.gov.br\/manauscult\/#\/schema\/person\/4eea2a8f78dc853097abb026f728aa06","name":"Renata Felix","image":{"@type":"ImageObject","inLanguage":"pt-BR","@id":"https:\/\/www.manaus.am.gov.br\/manauscult\/#\/schema\/person\/image\/","url":"https:\/\/secure.gravatar.com\/avatar\/3c196cf9d3b837b24c8edb2c50fd8f29?s=96&d=mm&r=g","contentUrl":"https:\/\/secure.gravatar.com\/avatar\/3c196cf9d3b837b24c8edb2c50fd8f29?s=96&d=mm&r=g","caption":"Renata Felix"}}]}},"_links":{"self":[{"href":"https:\/\/www.manaus.am.gov.br\/manauscult\/wp-json\/wp\/v2\/posts\/1628"}],"collection":[{"href":"https:\/\/www.manaus.am.gov.br\/manauscult\/wp-json\/wp\/v2\/posts"}],"about":[{"href":"https:\/\/www.manaus.am.gov.br\/manauscult\/wp-json\/wp\/v2\/types\/post"}],"author":[{"embeddable":true,"href":"https:\/\/www.manaus.am.gov.br\/manauscult\/wp-json\/wp\/v2\/users\/31"}],"replies":[{"embeddable":true,"href":"https:\/\/www.manaus.am.gov.br\/manauscult\/wp-json\/wp\/v2\/comments?post=1628"}],"version-history":[{"count":0,"href":"https:\/\/www.manaus.am.gov.br\/manauscult\/wp-json\/wp\/v2\/posts\/1628\/revisions"}],"wp:featuredmedia":[{"embeddable":true,"href":"https:\/\/www.manaus.am.gov.br\/manauscult\/wp-json\/wp\/v2\/media\/1629"}],"wp:attachment":[{"href":"https:\/\/www.manaus.am.gov.br\/manauscult\/wp-json\/wp\/v2\/media?parent=1628"}],"wp:term":[{"taxonomy":"category","embeddable":true,"href":"https:\/\/www.manaus.am.gov.br\/manauscult\/wp-json\/wp\/v2\/categories?post=1628"},{"taxonomy":"post_tag","embeddable":true,"href":"https:\/\/www.manaus.am.gov.br\/manauscult\/wp-json\/wp\/v2\/tags?post=1628"}],"curies":[{"name":"wp","href":"https:\/\/api.w.org\/{rel}","templated":true}]}}