{"id":1623,"date":"2023-10-13T11:10:40","date_gmt":"2023-10-13T15:10:40","guid":{"rendered":"https:\/\/www.manaus.am.gov.br\/manauscult\/prefeitura-de-manaus-leva-diversao-colorida-para-mais-de-10-mil-criancas-da-zona-leste-da-cidade\/"},"modified":"2023-10-13T11:10:40","modified_gmt":"2023-10-13T15:10:40","slug":"prefeitura-de-manaus-leva-diversao-colorida-para-mais-de-10-mil-criancas-da-zona-leste-da-cidade","status":"publish","type":"post","link":"https:\/\/www.manaus.am.gov.br\/manauscult\/prefeitura-de-manaus-leva-diversao-colorida-para-mais-de-10-mil-criancas-da-zona-leste-da-cidade\/","title":{"rendered":"<strong>Prefeitura de Manaus leva &#8216;divers\u00e3o colorida&#8217; para mais de 10 mil crian\u00e7as da zona Leste da cidade<\/strong>"},"content":{"rendered":"\n<p>Em homenagem ao Dia das Crian\u00e7as, comemorado na quinta-feira, 12\/10, a Prefeitura de Manaus, por meio da Funda\u00e7\u00e3o Municipal de Cultura, Turismo e Eventos (Manauscult), reuniu aproximadamente 12 mil crian\u00e7as no campo do Teixeir\u00e3o, zona Leste, numa tarde de muita divers\u00e3o e brincadeiras, com entrega tamb\u00e9m de brinquedos e kits de alimentos.<\/p>\n\n\n\n<p>De acordo com o diretor-presidente da Manauscult, Osvaldo Cardoso, Manaus n\u00e3o via uma festa nesses moldes desde o tempo do ex-governador Gilberto Mestrinho.<\/p>\n\n\n\n<p>\u201cA festa na zona Leste nos relembra a \u00e9poca de Gilberto Mestrinho, no Vivald\u00e3o e na frente do Pal\u00e1cio,&nbsp;onde as fam\u00edlias sa\u00edam com alimenta\u00e7\u00e3o e as crian\u00e7as, al\u00e9m de brincar, levavam para casa brinquedos. H\u00e1 muito tempo, Manaus n\u00e3o vivia isso\u201d, relembrou,<\/p>\n\n\n\n<p>As atividades recreativas contaram com brinquedos infl\u00e1veis, pula-pula, touro mec\u00e2nico, futebol de sab\u00e3o, al\u00e9m de pipoca, algod\u00e3o doce, sorvete e picol\u00e9.<\/p>\n\n\n\n<figure class=\"wp-block-image size-large\"><img loading=\"lazy\" decoding=\"async\" width=\"1024\" height=\"768\" src=\"https:\/\/www.manaus.am.gov.br\/manauscult\/wp-content\/uploads\/sites\/11\/2023\/10\/Dia-das-Criancas-3-1024x768.jpg\" alt=\"\" class=\"wp-image-1625\" srcset=\"https:\/\/www.manaus.am.gov.br\/manauscult\/wp-content\/uploads\/sites\/11\/2023\/10\/Dia-das-Criancas-3-1024x768.jpg 1024w, https:\/\/www.manaus.am.gov.br\/manauscult\/wp-content\/uploads\/sites\/11\/2023\/10\/Dia-das-Criancas-3-300x225.jpg 300w, https:\/\/www.manaus.am.gov.br\/manauscult\/wp-content\/uploads\/sites\/11\/2023\/10\/Dia-das-Criancas-3-768x576.jpg 768w, https:\/\/www.manaus.am.gov.br\/manauscult\/wp-content\/uploads\/sites\/11\/2023\/10\/Dia-das-Criancas-3-1536x1152.jpg 1536w, https:\/\/www.manaus.am.gov.br\/manauscult\/wp-content\/uploads\/sites\/11\/2023\/10\/Dia-das-Criancas-3.jpg 1600w\" sizes=\"(max-width: 1024px) 100vw, 1024px\" \/><\/figure>\n\n\n\n<p>Durante as atividades, foram distribu\u00eddos 12 mil brinquedos, al\u00e9m de 3 mil kits de alimentos, oriundos da arrecada\u00e7\u00e3o no #SouManaus2023.<\/p>\n\n\n\n<p>\u201cConseguimos arrecadar brinquedos para as crian\u00e7as, por entender que crian\u00e7a tem que viver essa fase brincando. Al\u00e9m disso, como j\u00e1 hav\u00edamos planejado, uma parte dos alimentos arrecadados durante o Sou Manaus foi para fam\u00edlias das comunidades\u201d, explicou Cardoso.<\/p>\n\n\n\n<figure class=\"wp-block-image size-large\"><img loading=\"lazy\" decoding=\"async\" width=\"1024\" height=\"768\" src=\"https:\/\/www.manaus.am.gov.br\/manauscult\/wp-content\/uploads\/sites\/11\/2023\/10\/Dia-das-Criancas_2-1024x768.jpg\" alt=\"\" class=\"wp-image-1624\" srcset=\"https:\/\/www.manaus.am.gov.br\/manauscult\/wp-content\/uploads\/sites\/11\/2023\/10\/Dia-das-Criancas_2-1024x768.jpg 1024w, https:\/\/www.manaus.am.gov.br\/manauscult\/wp-content\/uploads\/sites\/11\/2023\/10\/Dia-das-Criancas_2-300x225.jpg 300w, https:\/\/www.manaus.am.gov.br\/manauscult\/wp-content\/uploads\/sites\/11\/2023\/10\/Dia-das-Criancas_2-768x576.jpg 768w, https:\/\/www.manaus.am.gov.br\/manauscult\/wp-content\/uploads\/sites\/11\/2023\/10\/Dia-das-Criancas_2-1536x1152.jpg 1536w, https:\/\/www.manaus.am.gov.br\/manauscult\/wp-content\/uploads\/sites\/11\/2023\/10\/Dia-das-Criancas_2.jpg 1600w\" sizes=\"(max-width: 1024px) 100vw, 1024px\" \/><\/figure>\n\n\n\n<p>Para fechar a festa das crian\u00e7as, a banda Oz Bebes agitou os presentes com m\u00fasicas do momento.<\/p>\n\n\n\n<p>&#8211; &#8211; &#8211;<\/p>\n\n\n\n<p><strong>Texto &#8211;<\/strong>&nbsp;Moara Cabral \/ ManausCult<\/p>\n\n\n\n<p><strong>Fotos &#8211;<\/strong>&nbsp;Chamel Flores\/ Manauscult<\/p>\n","protected":false},"excerpt":{"rendered":"","protected":false},"author":52,"featured_media":1626,"comment_status":"closed","ping_status":"closed","sticky":false,"template":"","format":"standard","meta":{"footnotes":""},"categories":[743],"tags":[744,745,11],"acf":[],"yoast_head":"<!-- This site is optimized with the Yoast SEO plugin v23.0 - https:\/\/yoast.com\/wordpress\/plugins\/seo\/ -->\n<title>Prefeitura de Manaus leva &#039;divers\u00e3o colorida&#039; para mais de 10 mil crian\u00e7as da zona Leste da cidade<\/title>\n<meta name=\"description\" content=\"Em homenagem ao Dia das Crian\u00e7as, comemorado na quinta-feira, 12\/10, a Prefeitura de Manaus, por meio da Funda\u00e7\u00e3o.\" \/>\n<meta name=\"robots\" content=\"noindex, follow\" \/>\n<meta property=\"og:locale\" content=\"pt_BR\" \/>\n<meta property=\"og:type\" content=\"article\" \/>\n<meta property=\"og:title\" content=\"Prefeitura de Manaus leva &#039;divers\u00e3o colorida&#039; para mais de 10 mil crian\u00e7as da zona Leste da cidade\" \/>\n<meta property=\"og:description\" content=\"Em homenagem ao Dia das Crian\u00e7as, comemorado na quinta-feira, 12\/10, a Prefeitura de Manaus, por meio da Funda\u00e7\u00e3o.\" \/>\n<meta property=\"og:url\" content=\"https:\/\/www.manaus.am.gov.br\/manauscult\/prefeitura-de-manaus-leva-diversao-colorida-para-mais-de-10-mil-criancas-da-zona-leste-da-cidade\/\" \/>\n<meta property=\"og:site_name\" content=\"MANAUSCULT\" \/>\n<meta property=\"article:published_time\" content=\"2023-10-13T15:10:40+00:00\" \/>\n<meta property=\"og:image\" content=\"https:\/\/www.manaus.am.gov.br\/manauscult\/wp-content\/uploads\/sites\/11\/2023\/10\/Dia-das-Criancas.jpg\" \/>\n\t<meta property=\"og:image:width\" content=\"1600\" \/>\n\t<meta property=\"og:image:height\" content=\"1200\" \/>\n\t<meta property=\"og:image:type\" content=\"image\/jpeg\" \/>\n<meta name=\"author\" content=\"csilveira\" \/>\n<meta name=\"twitter:card\" content=\"summary_large_image\" \/>\n<meta name=\"twitter:label1\" content=\"Written by\" \/>\n\t<meta name=\"twitter:data1\" content=\"csilveira\" \/>\n\t<meta name=\"twitter:label2\" content=\"Est. reading time\" \/>\n\t<meta name=\"twitter:data2\" content=\"2 minutos\" \/>\n<script type=\"application\/ld+json\" class=\"yoast-schema-graph\">{\"@context\":\"https:\/\/schema.org\",\"@graph\":[{\"@type\":\"WebPage\",\"@id\":\"https:\/\/www.manaus.am.gov.br\/manauscult\/prefeitura-de-manaus-leva-diversao-colorida-para-mais-de-10-mil-criancas-da-zona-leste-da-cidade\/\",\"url\":\"https:\/\/www.manaus.am.gov.br\/manauscult\/prefeitura-de-manaus-leva-diversao-colorida-para-mais-de-10-mil-criancas-da-zona-leste-da-cidade\/\",\"name\":\"Prefeitura de Manaus leva 'divers\u00e3o colorida' para mais de 10 mil crian\u00e7as da zona Leste da cidade\",\"isPartOf\":{\"@id\":\"https:\/\/www.manaus.am.gov.br\/manauscult\/#website\"},\"primaryImageOfPage\":{\"@id\":\"https:\/\/www.manaus.am.gov.br\/manauscult\/prefeitura-de-manaus-leva-diversao-colorida-para-mais-de-10-mil-criancas-da-zona-leste-da-cidade\/#primaryimage\"},\"image\":{\"@id\":\"https:\/\/www.manaus.am.gov.br\/manauscult\/prefeitura-de-manaus-leva-diversao-colorida-para-mais-de-10-mil-criancas-da-zona-leste-da-cidade\/#primaryimage\"},\"thumbnailUrl\":\"https:\/\/www.manaus.am.gov.br\/manauscult\/wp-content\/uploads\/sites\/11\/2023\/10\/Dia-das-Criancas.jpg\",\"datePublished\":\"2023-10-13T15:10:40+00:00\",\"dateModified\":\"2023-10-13T15:10:40+00:00\",\"author\":{\"@id\":\"https:\/\/www.manaus.am.gov.br\/manauscult\/#\/schema\/person\/bfafc779be2e19b3d3ef4a59d418b606\"},\"description\":\"Em homenagem ao Dia das Crian\u00e7as, comemorado na quinta-feira, 12\/10, a Prefeitura de Manaus, por meio da Funda\u00e7\u00e3o.\",\"breadcrumb\":{\"@id\":\"https:\/\/www.manaus.am.gov.br\/manauscult\/prefeitura-de-manaus-leva-diversao-colorida-para-mais-de-10-mil-criancas-da-zona-leste-da-cidade\/#breadcrumb\"},\"inLanguage\":\"pt-BR\",\"potentialAction\":[{\"@type\":\"ReadAction\",\"target\":[\"https:\/\/www.manaus.am.gov.br\/manauscult\/prefeitura-de-manaus-leva-diversao-colorida-para-mais-de-10-mil-criancas-da-zona-leste-da-cidade\/\"]}]},{\"@type\":\"ImageObject\",\"inLanguage\":\"pt-BR\",\"@id\":\"https:\/\/www.manaus.am.gov.br\/manauscult\/prefeitura-de-manaus-leva-diversao-colorida-para-mais-de-10-mil-criancas-da-zona-leste-da-cidade\/#primaryimage\",\"url\":\"https:\/\/www.manaus.am.gov.br\/manauscult\/wp-content\/uploads\/sites\/11\/2023\/10\/Dia-das-Criancas.jpg\",\"contentUrl\":\"https:\/\/www.manaus.am.gov.br\/manauscult\/wp-content\/uploads\/sites\/11\/2023\/10\/Dia-das-Criancas.jpg\",\"width\":1600,\"height\":1200},{\"@type\":\"BreadcrumbList\",\"@id\":\"https:\/\/www.manaus.am.gov.br\/manauscult\/prefeitura-de-manaus-leva-diversao-colorida-para-mais-de-10-mil-criancas-da-zona-leste-da-cidade\/#breadcrumb\",\"itemListElement\":[{\"@type\":\"ListItem\",\"position\":1,\"name\":\"Home\",\"item\":\"https:\/\/www.manaus.am.gov.br\/manauscult\/\"},{\"@type\":\"ListItem\",\"position\":2,\"name\":\"Prefeitura de Manaus leva &#8216;divers\u00e3o colorida&#8217; para mais de 10 mil crian\u00e7as da zona Leste da cidade\"}]},{\"@type\":\"WebSite\",\"@id\":\"https:\/\/www.manaus.am.gov.br\/manauscult\/#website\",\"url\":\"https:\/\/www.manaus.am.gov.br\/manauscult\/\",\"name\":\"MANAUSCULT\",\"description\":\"Prefeitura de Manaus\",\"potentialAction\":[{\"@type\":\"SearchAction\",\"target\":{\"@type\":\"EntryPoint\",\"urlTemplate\":\"https:\/\/www.manaus.am.gov.br\/manauscult\/?s={search_term_string}\"},\"query-input\":\"required name=search_term_string\"}],\"inLanguage\":\"pt-BR\"},{\"@type\":\"Person\",\"@id\":\"https:\/\/www.manaus.am.gov.br\/manauscult\/#\/schema\/person\/bfafc779be2e19b3d3ef4a59d418b606\",\"name\":\"csilveira\",\"image\":{\"@type\":\"ImageObject\",\"inLanguage\":\"pt-BR\",\"@id\":\"https:\/\/www.manaus.am.gov.br\/manauscult\/#\/schema\/person\/image\/\",\"url\":\"https:\/\/secure.gravatar.com\/avatar\/9c2e2f00138fcd35401c748bd030d3b5?s=96&d=mm&r=g\",\"contentUrl\":\"https:\/\/secure.gravatar.com\/avatar\/9c2e2f00138fcd35401c748bd030d3b5?s=96&d=mm&r=g\",\"caption\":\"csilveira\"}}]}<\/script>\n<!-- \/ Yoast SEO plugin. -->","yoast_head_json":{"title":"Prefeitura de Manaus leva 'divers\u00e3o colorida' para mais de 10 mil crian\u00e7as da zona Leste da cidade","description":"Em homenagem ao Dia das Crian\u00e7as, comemorado na quinta-feira, 12\/10, a Prefeitura de Manaus, por meio da Funda\u00e7\u00e3o.","robots":{"index":"noindex","follow":"follow"},"og_locale":"pt_BR","og_type":"article","og_title":"Prefeitura de Manaus leva 'divers\u00e3o colorida' para mais de 10 mil crian\u00e7as da zona Leste da cidade","og_description":"Em homenagem ao Dia das Crian\u00e7as, comemorado na quinta-feira, 12\/10, a Prefeitura de Manaus, por meio da Funda\u00e7\u00e3o.","og_url":"https:\/\/www.manaus.am.gov.br\/manauscult\/prefeitura-de-manaus-leva-diversao-colorida-para-mais-de-10-mil-criancas-da-zona-leste-da-cidade\/","og_site_name":"MANAUSCULT","article_published_time":"2023-10-13T15:10:40+00:00","og_image":[{"width":1600,"height":1200,"url":"https:\/\/www.manaus.am.gov.br\/manauscult\/wp-content\/uploads\/sites\/11\/2023\/10\/Dia-das-Criancas.jpg","type":"image\/jpeg"}],"author":"csilveira","twitter_card":"summary_large_image","twitter_misc":{"Written by":"csilveira","Est. reading time":"2 minutos"},"schema":{"@context":"https:\/\/schema.org","@graph":[{"@type":"WebPage","@id":"https:\/\/www.manaus.am.gov.br\/manauscult\/prefeitura-de-manaus-leva-diversao-colorida-para-mais-de-10-mil-criancas-da-zona-leste-da-cidade\/","url":"https:\/\/www.manaus.am.gov.br\/manauscult\/prefeitura-de-manaus-leva-diversao-colorida-para-mais-de-10-mil-criancas-da-zona-leste-da-cidade\/","name":"Prefeitura de Manaus leva 'divers\u00e3o colorida' para mais de 10 mil crian\u00e7as da zona Leste da cidade","isPartOf":{"@id":"https:\/\/www.manaus.am.gov.br\/manauscult\/#website"},"primaryImageOfPage":{"@id":"https:\/\/www.manaus.am.gov.br\/manauscult\/prefeitura-de-manaus-leva-diversao-colorida-para-mais-de-10-mil-criancas-da-zona-leste-da-cidade\/#primaryimage"},"image":{"@id":"https:\/\/www.manaus.am.gov.br\/manauscult\/prefeitura-de-manaus-leva-diversao-colorida-para-mais-de-10-mil-criancas-da-zona-leste-da-cidade\/#primaryimage"},"thumbnailUrl":"https:\/\/www.manaus.am.gov.br\/manauscult\/wp-content\/uploads\/sites\/11\/2023\/10\/Dia-das-Criancas.jpg","datePublished":"2023-10-13T15:10:40+00:00","dateModified":"2023-10-13T15:10:40+00:00","author":{"@id":"https:\/\/www.manaus.am.gov.br\/manauscult\/#\/schema\/person\/bfafc779be2e19b3d3ef4a59d418b606"},"description":"Em homenagem ao Dia das Crian\u00e7as, comemorado na quinta-feira, 12\/10, a Prefeitura de Manaus, por meio da Funda\u00e7\u00e3o.","breadcrumb":{"@id":"https:\/\/www.manaus.am.gov.br\/manauscult\/prefeitura-de-manaus-leva-diversao-colorida-para-mais-de-10-mil-criancas-da-zona-leste-da-cidade\/#breadcrumb"},"inLanguage":"pt-BR","potentialAction":[{"@type":"ReadAction","target":["https:\/\/www.manaus.am.gov.br\/manauscult\/prefeitura-de-manaus-leva-diversao-colorida-para-mais-de-10-mil-criancas-da-zona-leste-da-cidade\/"]}]},{"@type":"ImageObject","inLanguage":"pt-BR","@id":"https:\/\/www.manaus.am.gov.br\/manauscult\/prefeitura-de-manaus-leva-diversao-colorida-para-mais-de-10-mil-criancas-da-zona-leste-da-cidade\/#primaryimage","url":"https:\/\/www.manaus.am.gov.br\/manauscult\/wp-content\/uploads\/sites\/11\/2023\/10\/Dia-das-Criancas.jpg","contentUrl":"https:\/\/www.manaus.am.gov.br\/manauscult\/wp-content\/uploads\/sites\/11\/2023\/10\/Dia-das-Criancas.jpg","width":1600,"height":1200},{"@type":"BreadcrumbList","@id":"https:\/\/www.manaus.am.gov.br\/manauscult\/prefeitura-de-manaus-leva-diversao-colorida-para-mais-de-10-mil-criancas-da-zona-leste-da-cidade\/#breadcrumb","itemListElement":[{"@type":"ListItem","position":1,"name":"Home","item":"https:\/\/www.manaus.am.gov.br\/manauscult\/"},{"@type":"ListItem","position":2,"name":"Prefeitura de Manaus leva &#8216;divers\u00e3o colorida&#8217; para mais de 10 mil crian\u00e7as da zona Leste da cidade"}]},{"@type":"WebSite","@id":"https:\/\/www.manaus.am.gov.br\/manauscult\/#website","url":"https:\/\/www.manaus.am.gov.br\/manauscult\/","name":"MANAUSCULT","description":"Prefeitura de Manaus","potentialAction":[{"@type":"SearchAction","target":{"@type":"EntryPoint","urlTemplate":"https:\/\/www.manaus.am.gov.br\/manauscult\/?s={search_term_string}"},"query-input":"required name=search_term_string"}],"inLanguage":"pt-BR"},{"@type":"Person","@id":"https:\/\/www.manaus.am.gov.br\/manauscult\/#\/schema\/person\/bfafc779be2e19b3d3ef4a59d418b606","name":"csilveira","image":{"@type":"ImageObject","inLanguage":"pt-BR","@id":"https:\/\/www.manaus.am.gov.br\/manauscult\/#\/schema\/person\/image\/","url":"https:\/\/secure.gravatar.com\/avatar\/9c2e2f00138fcd35401c748bd030d3b5?s=96&d=mm&r=g","contentUrl":"https:\/\/secure.gravatar.com\/avatar\/9c2e2f00138fcd35401c748bd030d3b5?s=96&d=mm&r=g","caption":"csilveira"}}]}},"_links":{"self":[{"href":"https:\/\/www.manaus.am.gov.br\/manauscult\/wp-json\/wp\/v2\/posts\/1623"}],"collection":[{"href":"https:\/\/www.manaus.am.gov.br\/manauscult\/wp-json\/wp\/v2\/posts"}],"about":[{"href":"https:\/\/www.manaus.am.gov.br\/manauscult\/wp-json\/wp\/v2\/types\/post"}],"author":[{"embeddable":true,"href":"https:\/\/www.manaus.am.gov.br\/manauscult\/wp-json\/wp\/v2\/users\/52"}],"replies":[{"embeddable":true,"href":"https:\/\/www.manaus.am.gov.br\/manauscult\/wp-json\/wp\/v2\/comments?post=1623"}],"version-history":[{"count":1,"href":"https:\/\/www.manaus.am.gov.br\/manauscult\/wp-json\/wp\/v2\/posts\/1623\/revisions"}],"predecessor-version":[{"id":1627,"href":"https:\/\/www.manaus.am.gov.br\/manauscult\/wp-json\/wp\/v2\/posts\/1623\/revisions\/1627"}],"wp:featuredmedia":[{"embeddable":true,"href":"https:\/\/www.manaus.am.gov.br\/manauscult\/wp-json\/wp\/v2\/media\/1626"}],"wp:attachment":[{"href":"https:\/\/www.manaus.am.gov.br\/manauscult\/wp-json\/wp\/v2\/media?parent=1623"}],"wp:term":[{"taxonomy":"category","embeddable":true,"href":"https:\/\/www.manaus.am.gov.br\/manauscult\/wp-json\/wp\/v2\/categories?post=1623"},{"taxonomy":"post_tag","embeddable":true,"href":"https:\/\/www.manaus.am.gov.br\/manauscult\/wp-json\/wp\/v2\/tags?post=1623"}],"curies":[{"name":"wp","href":"https:\/\/api.w.org\/{rel}","templated":true}]}}