{"id":1619,"date":"2023-10-11T18:58:12","date_gmt":"2023-10-11T22:58:12","guid":{"rendered":"https:\/\/www.manaus.am.gov.br\/manauscult\/prefeitura-de-manaus-divulga-lista-de-contemplados-com-o-curso-de-marketing-digital-do-promfac\/"},"modified":"2023-10-11T18:58:14","modified_gmt":"2023-10-11T22:58:14","slug":"prefeitura-de-manaus-divulga-lista-de-contemplados-com-o-curso-de-marketing-digital-do-promfac","status":"publish","type":"post","link":"https:\/\/www.manaus.am.gov.br\/manauscult\/prefeitura-de-manaus-divulga-lista-de-contemplados-com-o-curso-de-marketing-digital-do-promfac\/","title":{"rendered":"<strong>Prefeitura de Manaus divulga lista de contemplados com o Curso de Marketing Digital do Promfac<\/strong>"},"content":{"rendered":"\n<p>A Prefeitura de Manaus, por meio da Funda\u00e7\u00e3o Municipal de Cultura, Turismo e Eventos (Manauscult), divulgou, nesta quarta-feira, 11\/10, a lista com os nomes dos contemplados com o Curso de Marketing Digital, promovido pelo Programa de Forma\u00e7\u00e3o Art\u00edstico Cultural (Promfac) para artistas, gestores culturais e servidores p\u00fablicos. Ao todo, foram oferecidas 50 vagas.<\/p>\n\n\n\n<p>O curso ser\u00e1 ministrado pela publicit\u00e1ria Charlanys dos Santos, conhecida popularmente como \u201cChay\u201d e ter\u00e1 in\u00edcio na pr\u00f3xima ter\u00e7a-feira, 17\/10, na sala de Treinamento do Casar\u00e3o de Inova\u00e7\u00e3o Cassina, na rua Bernardo Ramos, Centro, das 18h \u00e0s 21h.<\/p>\n\n\n\n<p>O diretor-presidente da Manauscult refor\u00e7a a import\u00e2ncia de capacitar cada vez mais a classe art\u00edstica local para que estejam preparados para o mercado, cada dia mais exigente, principalmente no mundo virtual.<\/p>\n\n\n\n<p>\u201c\u00c9 imprescind\u00edvel n\u00f3s prepararmos a classe art\u00edstica para o mundo digital, para a presen\u00e7a on-line, e esse curso de Marketing Digital vai enriquecer ainda mais os trabalhos desenvolvidos pelos fazedores de cultura de Manaus. Isso faz parte da meta de governo do prefeito de David Almeida, quanto a qualifica\u00e7\u00e3o dos nossos trabalhadores da cultura\u201d, pontuou Cardoso.<\/p>\n\n\n\n<p><strong>Confira a lista dos selecionados:<\/strong><\/p>\n\n\n\n<p>1.&nbsp;&nbsp;&nbsp;<strong>Izabella Donjie Aquino<\/strong><\/p>\n\n\n\n<p>2.&nbsp;&nbsp;&nbsp;<strong>Lilian Aparecida Souza de Souza<\/strong><\/p>\n\n\n\n<p>3.&nbsp;&nbsp;&nbsp;<strong>Lylle Ariane Abreu Maciel<\/strong><\/p>\n\n\n\n<p>4.&nbsp;&nbsp;&nbsp;<strong>Girlis Pedro Oliveira<\/strong><\/p>\n\n\n\n<p>5.&nbsp;&nbsp;&nbsp;<strong>Zuziane Roberto Mar<\/strong><\/p>\n\n\n\n<p>6.&nbsp;&nbsp;&nbsp;<strong>Bianca Cristina Alencar de Azevedo<\/strong><\/p>\n\n\n\n<p>7.&nbsp;&nbsp;&nbsp;<strong>Estefhani Gabriela rojas Gomez&nbsp;<\/strong><\/p>\n\n\n\n<p>8.&nbsp;&nbsp;&nbsp;<strong>Monize da Silva e Silva<\/strong><\/p>\n\n\n\n<p>9.&nbsp;&nbsp;&nbsp;<strong>Thain\u00e1 Rodrigues Valente<\/strong><\/p>\n\n\n\n<p>10.&nbsp;&nbsp;&nbsp;&nbsp;&nbsp;&nbsp;&nbsp;&nbsp;&nbsp;&nbsp;<strong>Halley de Souza Costa<\/strong><\/p>\n\n\n\n<p>11.&nbsp;&nbsp;&nbsp;&nbsp;&nbsp;&nbsp;&nbsp;&nbsp;&nbsp;&nbsp;<strong>Jaqueline Sarmento da Silva<\/strong><\/p>\n\n\n\n<p>12.&nbsp;&nbsp;&nbsp;&nbsp;&nbsp;&nbsp;&nbsp;&nbsp;&nbsp;&nbsp;<strong>&nbsp;Thayn\u00e1 Gomez<\/strong><\/p>\n\n\n\n<p>13.&nbsp;&nbsp;&nbsp;&nbsp;&nbsp;&nbsp;&nbsp;&nbsp;&nbsp;&nbsp;<strong>Fernando da Cost Jacquiminut&nbsp;<\/strong><\/p>\n\n\n\n<p>14.&nbsp;&nbsp;&nbsp;&nbsp;&nbsp;&nbsp;&nbsp;&nbsp;&nbsp;&nbsp;<strong>Ariany Giseli Silva de Melo&nbsp;<\/strong><\/p>\n\n\n\n<p>15.&nbsp;&nbsp;&nbsp;&nbsp;&nbsp;&nbsp;&nbsp;&nbsp;&nbsp;&nbsp;<strong>Adrielly Pinto Feitoza&nbsp;<\/strong><\/p>\n\n\n\n<p>16.&nbsp;&nbsp;&nbsp;&nbsp;&nbsp;&nbsp;&nbsp;&nbsp;&nbsp;&nbsp;<strong>Ang\u00e9lica Nascimento dos Santos&nbsp;<\/strong><\/p>\n\n\n\n<p>17.&nbsp;&nbsp;&nbsp;&nbsp;&nbsp;&nbsp;&nbsp;&nbsp;&nbsp;&nbsp;<strong>Geiciane Fonseca de Souza<\/strong><\/p>\n\n\n\n<p>18.&nbsp;&nbsp;&nbsp;&nbsp;&nbsp;&nbsp;&nbsp;&nbsp;&nbsp;&nbsp;<strong>&nbsp;Sissymara de Lima Mendes&nbsp;<\/strong><\/p>\n\n\n\n<p>19.&nbsp;&nbsp;&nbsp;&nbsp;&nbsp;&nbsp;&nbsp;&nbsp;&nbsp;&nbsp;<strong>Ellen Negreiros de Oliveira&nbsp;<\/strong><\/p>\n\n\n\n<p>20.&nbsp;&nbsp;&nbsp;&nbsp;&nbsp;&nbsp;&nbsp;&nbsp;&nbsp;&nbsp;<strong>Rebeca Braga&nbsp;<\/strong><\/p>\n\n\n\n<p>21.&nbsp;&nbsp;&nbsp;&nbsp;&nbsp;&nbsp;&nbsp;&nbsp;&nbsp;&nbsp;<strong>Valeria Angeoles Souza&nbsp;<\/strong><\/p>\n\n\n\n<p>22.&nbsp;&nbsp;&nbsp;&nbsp;&nbsp;&nbsp;&nbsp;&nbsp;&nbsp;&nbsp;<strong>Rebeca dos Santos Menezes&nbsp;<\/strong><\/p>\n\n\n\n<p>23.&nbsp;&nbsp;&nbsp;&nbsp;&nbsp;&nbsp;&nbsp;&nbsp;&nbsp;&nbsp;<strong>Patricia de Oliveira Soares<\/strong><\/p>\n\n\n\n<p>24.&nbsp;&nbsp;&nbsp;&nbsp;&nbsp;&nbsp;&nbsp;&nbsp;&nbsp;&nbsp;<strong>&nbsp;Rafael Reffert Rebelo&nbsp;<\/strong><\/p>\n\n\n\n<p>25.&nbsp;&nbsp;&nbsp;&nbsp;&nbsp;&nbsp;&nbsp;&nbsp;&nbsp;&nbsp;<strong>Jarbas do Carmo Gato Marinho<\/strong><\/p>\n\n\n\n<p>26.&nbsp;&nbsp;&nbsp;&nbsp;&nbsp;&nbsp;&nbsp;&nbsp;&nbsp;&nbsp;<strong>Jean Carlos Santos Sampaio&nbsp;<\/strong><\/p>\n\n\n\n<p>27.&nbsp;&nbsp;&nbsp;&nbsp;&nbsp;&nbsp;&nbsp;&nbsp;&nbsp;&nbsp;<strong>&nbsp;Felipe Jonathan de Souza Baia&nbsp;<\/strong><\/p>\n\n\n\n<p>28.&nbsp;&nbsp;&nbsp;&nbsp;&nbsp;&nbsp;&nbsp;&nbsp;&nbsp;&nbsp;<strong>Wanderley Correa Braga&nbsp;<\/strong><\/p>\n\n\n\n<p>29.&nbsp;&nbsp;&nbsp;&nbsp;&nbsp;&nbsp;&nbsp;&nbsp;&nbsp;&nbsp;<strong>Gabrielle Pinto Vinagre<\/strong><\/p>\n\n\n\n<p>30.&nbsp;&nbsp;&nbsp;&nbsp;&nbsp;&nbsp;&nbsp;&nbsp;&nbsp;&nbsp;<strong>&nbsp;K\u00e9zia Peres Oliveira&nbsp;<\/strong><\/p>\n\n\n\n<p>31.&nbsp;&nbsp;&nbsp;&nbsp;&nbsp;&nbsp;&nbsp;&nbsp;&nbsp;&nbsp;<strong>Jos\u00e9 Ramon dos Santos Barrios<\/strong><\/p>\n\n\n\n<p>32.&nbsp;&nbsp;&nbsp;&nbsp;&nbsp;&nbsp;&nbsp;&nbsp;&nbsp;&nbsp;<strong>&nbsp;Francineia da Silva Jacquiminout&nbsp;<\/strong><\/p>\n\n\n\n<p>33.&nbsp;&nbsp;&nbsp;&nbsp;&nbsp;&nbsp;&nbsp;&nbsp;&nbsp;&nbsp;<strong>Carolina Soler de Melo&nbsp;<\/strong><\/p>\n\n\n\n<p>34.&nbsp;&nbsp;&nbsp;&nbsp;&nbsp;&nbsp;&nbsp;&nbsp;&nbsp;&nbsp;<strong>Tayra Vieira Jatob\u00e1&nbsp;<\/strong><\/p>\n\n\n\n<p>35.&nbsp;&nbsp;&nbsp;&nbsp;&nbsp;&nbsp;&nbsp;&nbsp;&nbsp;&nbsp;<strong>Gabriela Cardoso da Silva<\/strong><\/p>\n\n\n\n<p>36.&nbsp;&nbsp;&nbsp;&nbsp;&nbsp;&nbsp;&nbsp;&nbsp;&nbsp;&nbsp;<strong>Andr\u00e9 Cavalcante Pereira<\/strong><\/p>\n\n\n\n<p>37.&nbsp;&nbsp;&nbsp;&nbsp;&nbsp;&nbsp;&nbsp;&nbsp;&nbsp;&nbsp;<strong>Maykon Andrade de Almeida<\/strong><\/p>\n\n\n\n<p>38.&nbsp;&nbsp;&nbsp;&nbsp;&nbsp;&nbsp;&nbsp;&nbsp;&nbsp;&nbsp;<strong>Samira Ramos El Kebbe<\/strong><\/p>\n\n\n\n<p>39.&nbsp;&nbsp;&nbsp;&nbsp;&nbsp;&nbsp;&nbsp;&nbsp;&nbsp;&nbsp;<strong>Nicole Tavares<\/strong><\/p>\n\n\n\n<p>40.&nbsp;&nbsp;&nbsp;&nbsp;&nbsp;&nbsp;&nbsp;&nbsp;&nbsp;&nbsp;<strong>Albertina Maria de Oliveira Maciel<\/strong><\/p>\n\n\n\n<p>41.&nbsp;&nbsp;&nbsp;&nbsp;&nbsp;&nbsp;&nbsp;&nbsp;&nbsp;&nbsp;<strong>Paulo Vinicius de Souza Az\u00eado<\/strong><\/p>\n\n\n\n<p>42.&nbsp;&nbsp;&nbsp;&nbsp;&nbsp;&nbsp;&nbsp;&nbsp;&nbsp;&nbsp;<strong>Rejane Pires<\/strong><\/p>\n\n\n\n<p>43.&nbsp;&nbsp;&nbsp;&nbsp;&nbsp;&nbsp;&nbsp;&nbsp;&nbsp;&nbsp;<strong>Erikarla Sarmento Gon\u00e7alves Ferreira&nbsp;<\/strong><\/p>\n\n\n\n<p>44.&nbsp;&nbsp;&nbsp;&nbsp;&nbsp;&nbsp;&nbsp;&nbsp;&nbsp;&nbsp;<strong>Pedro Paulo de Oliveira Costa (Aurora Boreal)<\/strong><\/p>\n\n\n\n<p>45.&nbsp;&nbsp;&nbsp;&nbsp;&nbsp;&nbsp;&nbsp;&nbsp;&nbsp;&nbsp;<strong>Michel Belo Bezerra e Silva<\/strong><\/p>\n\n\n\n<p>46.&nbsp;&nbsp;&nbsp;&nbsp;&nbsp;&nbsp;&nbsp;&nbsp;&nbsp;&nbsp;<strong>Stella Sarmento Gon\u00e7alves Pereira<\/strong><\/p>\n\n\n\n<p>47.&nbsp;&nbsp;&nbsp;&nbsp;&nbsp;&nbsp;&nbsp;&nbsp;&nbsp;&nbsp;<strong>Gisele Ferreira da Silva dos Santos<\/strong><\/p>\n\n\n\n<p>48.&nbsp;&nbsp;&nbsp;&nbsp;&nbsp;&nbsp;&nbsp;&nbsp;&nbsp;&nbsp;<strong>Thalyne Adrielle de Barros Malta&nbsp;<\/strong><\/p>\n\n\n\n<p>49.&nbsp;&nbsp;&nbsp;&nbsp;&nbsp;&nbsp;&nbsp;&nbsp;&nbsp;&nbsp;<strong>Jo\u00e3o Enan Macambira de Vasconcelos<\/strong><\/p>\n\n\n\n<p>50.&nbsp;&nbsp;&nbsp;&nbsp;&nbsp;&nbsp;&nbsp;&nbsp;&nbsp;&nbsp;<strong>Jose Ramon dos Santos Barrios<\/strong><\/p>\n\n\n\n<p>&#8212; &#8212; &#8212;<\/p>\n\n\n\n<p><strong>Texto<\/strong> &#8211;&nbsp;Divulga\u00e7\u00e3o \/ Manauscult<\/p>\n\n\n\n<p><strong>Foto &#8211;<\/strong> Cl\u00f3vis Miranda \/ Semcom<\/p>\n","protected":false},"excerpt":{"rendered":"","protected":false},"author":39,"featured_media":1620,"comment_status":"closed","ping_status":"closed","sticky":false,"template":"","format":"standard","meta":{"footnotes":""},"categories":[732],"tags":[88,733,734,9,735,11,736],"acf":[],"yoast_head":"<!-- This site is optimized with the Yoast SEO plugin v23.0 - https:\/\/yoast.com\/wordpress\/plugins\/seo\/ -->\n<title>Prefeitura de Manaus divulga lista de contemplados com o Curso de Marketing Digital do Promfac<\/title>\n<meta name=\"description\" content=\"A Prefeitura de Manaus, por meio da Funda\u00e7\u00e3o Municipal de Cultura, Turismo e Eventos (Manauscult), divulgou, nesta quarta-feira, 11\/10, a lista com os nomes dos contemplados com o Curso de Marketing Digital, promovido pelo Programa de Forma\u00e7\u00e3o Art\u00edstico Cultural (Promfac) para artistas, gestores culturais e servidores p\u00fablicos. Ao todo, foram oferecidas 50 vagas.\" \/>\n<meta name=\"robots\" content=\"noindex, follow\" \/>\n<meta property=\"og:locale\" content=\"pt_BR\" \/>\n<meta property=\"og:type\" content=\"article\" \/>\n<meta property=\"og:title\" content=\"Prefeitura de Manaus divulga lista de contemplados com o Curso de Marketing Digital do Promfac\" \/>\n<meta property=\"og:description\" content=\"A Prefeitura de Manaus, por meio da Funda\u00e7\u00e3o Municipal de Cultura, Turismo e Eventos (Manauscult), divulgou, nesta quarta-feira, 11\/10, a lista com os nomes dos contemplados com o Curso de Marketing Digital, promovido pelo Programa de Forma\u00e7\u00e3o Art\u00edstico Cultural (Promfac) para artistas, gestores culturais e servidores p\u00fablicos. Ao todo, foram oferecidas 50 vagas.\" \/>\n<meta property=\"og:url\" content=\"https:\/\/www.manaus.am.gov.br\/manauscult\/prefeitura-de-manaus-divulga-lista-de-contemplados-com-o-curso-de-marketing-digital-do-promfac\/\" \/>\n<meta property=\"og:site_name\" content=\"MANAUSCULT\" \/>\n<meta property=\"article:published_time\" content=\"2023-10-11T22:58:12+00:00\" \/>\n<meta property=\"article:modified_time\" content=\"2023-10-11T22:58:14+00:00\" \/>\n<meta property=\"og:image\" content=\"https:\/\/www.manaus.am.gov.br\/manauscult\/wp-content\/uploads\/sites\/11\/2023\/10\/53056759417_a520d33b0c_o-1024x683.jpg\" \/>\n\t<meta property=\"og:image:width\" content=\"1024\" \/>\n\t<meta property=\"og:image:height\" content=\"683\" \/>\n\t<meta property=\"og:image:type\" content=\"image\/jpeg\" \/>\n<meta name=\"author\" content=\"Bruna Greco\" \/>\n<meta name=\"twitter:card\" content=\"summary_large_image\" \/>\n<meta name=\"twitter:label1\" content=\"Written by\" \/>\n\t<meta name=\"twitter:data1\" content=\"Bruna Greco\" \/>\n\t<meta name=\"twitter:label2\" content=\"Est. reading time\" \/>\n\t<meta name=\"twitter:data2\" content=\"3 minutos\" \/>\n<script type=\"application\/ld+json\" class=\"yoast-schema-graph\">{\"@context\":\"https:\/\/schema.org\",\"@graph\":[{\"@type\":\"WebPage\",\"@id\":\"https:\/\/www.manaus.am.gov.br\/manauscult\/prefeitura-de-manaus-divulga-lista-de-contemplados-com-o-curso-de-marketing-digital-do-promfac\/\",\"url\":\"https:\/\/www.manaus.am.gov.br\/manauscult\/prefeitura-de-manaus-divulga-lista-de-contemplados-com-o-curso-de-marketing-digital-do-promfac\/\",\"name\":\"Prefeitura de Manaus divulga lista de contemplados com o Curso de Marketing Digital do Promfac\",\"isPartOf\":{\"@id\":\"https:\/\/www.manaus.am.gov.br\/manauscult\/#website\"},\"primaryImageOfPage\":{\"@id\":\"https:\/\/www.manaus.am.gov.br\/manauscult\/prefeitura-de-manaus-divulga-lista-de-contemplados-com-o-curso-de-marketing-digital-do-promfac\/#primaryimage\"},\"image\":{\"@id\":\"https:\/\/www.manaus.am.gov.br\/manauscult\/prefeitura-de-manaus-divulga-lista-de-contemplados-com-o-curso-de-marketing-digital-do-promfac\/#primaryimage\"},\"thumbnailUrl\":\"https:\/\/www.manaus.am.gov.br\/manauscult\/wp-content\/uploads\/sites\/11\/2023\/10\/53056759417_a520d33b0c_o.jpg\",\"datePublished\":\"2023-10-11T22:58:12+00:00\",\"dateModified\":\"2023-10-11T22:58:14+00:00\",\"author\":{\"@id\":\"https:\/\/www.manaus.am.gov.br\/manauscult\/#\/schema\/person\/05d223aea2bf115f9883a6ff3683d81b\"},\"description\":\"A Prefeitura de Manaus, por meio da Funda\u00e7\u00e3o Municipal de Cultura, Turismo e Eventos (Manauscult), divulgou, nesta quarta-feira, 11\/10, a lista com os nomes dos contemplados com o Curso de Marketing Digital, promovido pelo Programa de Forma\u00e7\u00e3o Art\u00edstico Cultural (Promfac) para artistas, gestores culturais e servidores p\u00fablicos. Ao todo, foram oferecidas 50 vagas.\",\"breadcrumb\":{\"@id\":\"https:\/\/www.manaus.am.gov.br\/manauscult\/prefeitura-de-manaus-divulga-lista-de-contemplados-com-o-curso-de-marketing-digital-do-promfac\/#breadcrumb\"},\"inLanguage\":\"pt-BR\",\"potentialAction\":[{\"@type\":\"ReadAction\",\"target\":[\"https:\/\/www.manaus.am.gov.br\/manauscult\/prefeitura-de-manaus-divulga-lista-de-contemplados-com-o-curso-de-marketing-digital-do-promfac\/\"]}]},{\"@type\":\"ImageObject\",\"inLanguage\":\"pt-BR\",\"@id\":\"https:\/\/www.manaus.am.gov.br\/manauscult\/prefeitura-de-manaus-divulga-lista-de-contemplados-com-o-curso-de-marketing-digital-do-promfac\/#primaryimage\",\"url\":\"https:\/\/www.manaus.am.gov.br\/manauscult\/wp-content\/uploads\/sites\/11\/2023\/10\/53056759417_a520d33b0c_o.jpg\",\"contentUrl\":\"https:\/\/www.manaus.am.gov.br\/manauscult\/wp-content\/uploads\/sites\/11\/2023\/10\/53056759417_a520d33b0c_o.jpg\",\"width\":5760,\"height\":3840},{\"@type\":\"BreadcrumbList\",\"@id\":\"https:\/\/www.manaus.am.gov.br\/manauscult\/prefeitura-de-manaus-divulga-lista-de-contemplados-com-o-curso-de-marketing-digital-do-promfac\/#breadcrumb\",\"itemListElement\":[{\"@type\":\"ListItem\",\"position\":1,\"name\":\"Home\",\"item\":\"https:\/\/www.manaus.am.gov.br\/manauscult\/\"},{\"@type\":\"ListItem\",\"position\":2,\"name\":\"Prefeitura de Manaus divulga lista de contemplados com o Curso de Marketing Digital do Promfac\"}]},{\"@type\":\"WebSite\",\"@id\":\"https:\/\/www.manaus.am.gov.br\/manauscult\/#website\",\"url\":\"https:\/\/www.manaus.am.gov.br\/manauscult\/\",\"name\":\"MANAUSCULT\",\"description\":\"Prefeitura de Manaus\",\"potentialAction\":[{\"@type\":\"SearchAction\",\"target\":{\"@type\":\"EntryPoint\",\"urlTemplate\":\"https:\/\/www.manaus.am.gov.br\/manauscult\/?s={search_term_string}\"},\"query-input\":\"required name=search_term_string\"}],\"inLanguage\":\"pt-BR\"},{\"@type\":\"Person\",\"@id\":\"https:\/\/www.manaus.am.gov.br\/manauscult\/#\/schema\/person\/05d223aea2bf115f9883a6ff3683d81b\",\"name\":\"Bruna Greco\",\"image\":{\"@type\":\"ImageObject\",\"inLanguage\":\"pt-BR\",\"@id\":\"https:\/\/www.manaus.am.gov.br\/manauscult\/#\/schema\/person\/image\/\",\"url\":\"https:\/\/secure.gravatar.com\/avatar\/9c877d1a6adc2a055330e5c09a8653ce?s=96&d=mm&r=g\",\"contentUrl\":\"https:\/\/secure.gravatar.com\/avatar\/9c877d1a6adc2a055330e5c09a8653ce?s=96&d=mm&r=g\",\"caption\":\"Bruna Greco\"}}]}<\/script>\n<!-- \/ Yoast SEO plugin. -->","yoast_head_json":{"title":"Prefeitura de Manaus divulga lista de contemplados com o Curso de Marketing Digital do Promfac","description":"A Prefeitura de Manaus, por meio da Funda\u00e7\u00e3o Municipal de Cultura, Turismo e Eventos (Manauscult), divulgou, nesta quarta-feira, 11\/10, a lista com os nomes dos contemplados com o Curso de Marketing Digital, promovido pelo Programa de Forma\u00e7\u00e3o Art\u00edstico Cultural (Promfac) para artistas, gestores culturais e servidores p\u00fablicos. Ao todo, foram oferecidas 50 vagas.","robots":{"index":"noindex","follow":"follow"},"og_locale":"pt_BR","og_type":"article","og_title":"Prefeitura de Manaus divulga lista de contemplados com o Curso de Marketing Digital do Promfac","og_description":"A Prefeitura de Manaus, por meio da Funda\u00e7\u00e3o Municipal de Cultura, Turismo e Eventos (Manauscult), divulgou, nesta quarta-feira, 11\/10, a lista com os nomes dos contemplados com o Curso de Marketing Digital, promovido pelo Programa de Forma\u00e7\u00e3o Art\u00edstico Cultural (Promfac) para artistas, gestores culturais e servidores p\u00fablicos. Ao todo, foram oferecidas 50 vagas.","og_url":"https:\/\/www.manaus.am.gov.br\/manauscult\/prefeitura-de-manaus-divulga-lista-de-contemplados-com-o-curso-de-marketing-digital-do-promfac\/","og_site_name":"MANAUSCULT","article_published_time":"2023-10-11T22:58:12+00:00","article_modified_time":"2023-10-11T22:58:14+00:00","og_image":[{"width":1024,"height":683,"url":"https:\/\/www.manaus.am.gov.br\/manauscult\/wp-content\/uploads\/sites\/11\/2023\/10\/53056759417_a520d33b0c_o-1024x683.jpg","type":"image\/jpeg"}],"author":"Bruna Greco","twitter_card":"summary_large_image","twitter_misc":{"Written by":"Bruna Greco","Est. reading time":"3 minutos"},"schema":{"@context":"https:\/\/schema.org","@graph":[{"@type":"WebPage","@id":"https:\/\/www.manaus.am.gov.br\/manauscult\/prefeitura-de-manaus-divulga-lista-de-contemplados-com-o-curso-de-marketing-digital-do-promfac\/","url":"https:\/\/www.manaus.am.gov.br\/manauscult\/prefeitura-de-manaus-divulga-lista-de-contemplados-com-o-curso-de-marketing-digital-do-promfac\/","name":"Prefeitura de Manaus divulga lista de contemplados com o Curso de Marketing Digital do Promfac","isPartOf":{"@id":"https:\/\/www.manaus.am.gov.br\/manauscult\/#website"},"primaryImageOfPage":{"@id":"https:\/\/www.manaus.am.gov.br\/manauscult\/prefeitura-de-manaus-divulga-lista-de-contemplados-com-o-curso-de-marketing-digital-do-promfac\/#primaryimage"},"image":{"@id":"https:\/\/www.manaus.am.gov.br\/manauscult\/prefeitura-de-manaus-divulga-lista-de-contemplados-com-o-curso-de-marketing-digital-do-promfac\/#primaryimage"},"thumbnailUrl":"https:\/\/www.manaus.am.gov.br\/manauscult\/wp-content\/uploads\/sites\/11\/2023\/10\/53056759417_a520d33b0c_o.jpg","datePublished":"2023-10-11T22:58:12+00:00","dateModified":"2023-10-11T22:58:14+00:00","author":{"@id":"https:\/\/www.manaus.am.gov.br\/manauscult\/#\/schema\/person\/05d223aea2bf115f9883a6ff3683d81b"},"description":"A Prefeitura de Manaus, por meio da Funda\u00e7\u00e3o Municipal de Cultura, Turismo e Eventos (Manauscult), divulgou, nesta quarta-feira, 11\/10, a lista com os nomes dos contemplados com o Curso de Marketing Digital, promovido pelo Programa de Forma\u00e7\u00e3o Art\u00edstico Cultural (Promfac) para artistas, gestores culturais e servidores p\u00fablicos. Ao todo, foram oferecidas 50 vagas.","breadcrumb":{"@id":"https:\/\/www.manaus.am.gov.br\/manauscult\/prefeitura-de-manaus-divulga-lista-de-contemplados-com-o-curso-de-marketing-digital-do-promfac\/#breadcrumb"},"inLanguage":"pt-BR","potentialAction":[{"@type":"ReadAction","target":["https:\/\/www.manaus.am.gov.br\/manauscult\/prefeitura-de-manaus-divulga-lista-de-contemplados-com-o-curso-de-marketing-digital-do-promfac\/"]}]},{"@type":"ImageObject","inLanguage":"pt-BR","@id":"https:\/\/www.manaus.am.gov.br\/manauscult\/prefeitura-de-manaus-divulga-lista-de-contemplados-com-o-curso-de-marketing-digital-do-promfac\/#primaryimage","url":"https:\/\/www.manaus.am.gov.br\/manauscult\/wp-content\/uploads\/sites\/11\/2023\/10\/53056759417_a520d33b0c_o.jpg","contentUrl":"https:\/\/www.manaus.am.gov.br\/manauscult\/wp-content\/uploads\/sites\/11\/2023\/10\/53056759417_a520d33b0c_o.jpg","width":5760,"height":3840},{"@type":"BreadcrumbList","@id":"https:\/\/www.manaus.am.gov.br\/manauscult\/prefeitura-de-manaus-divulga-lista-de-contemplados-com-o-curso-de-marketing-digital-do-promfac\/#breadcrumb","itemListElement":[{"@type":"ListItem","position":1,"name":"Home","item":"https:\/\/www.manaus.am.gov.br\/manauscult\/"},{"@type":"ListItem","position":2,"name":"Prefeitura de Manaus divulga lista de contemplados com o Curso de Marketing Digital do Promfac"}]},{"@type":"WebSite","@id":"https:\/\/www.manaus.am.gov.br\/manauscult\/#website","url":"https:\/\/www.manaus.am.gov.br\/manauscult\/","name":"MANAUSCULT","description":"Prefeitura de Manaus","potentialAction":[{"@type":"SearchAction","target":{"@type":"EntryPoint","urlTemplate":"https:\/\/www.manaus.am.gov.br\/manauscult\/?s={search_term_string}"},"query-input":"required name=search_term_string"}],"inLanguage":"pt-BR"},{"@type":"Person","@id":"https:\/\/www.manaus.am.gov.br\/manauscult\/#\/schema\/person\/05d223aea2bf115f9883a6ff3683d81b","name":"Bruna Greco","image":{"@type":"ImageObject","inLanguage":"pt-BR","@id":"https:\/\/www.manaus.am.gov.br\/manauscult\/#\/schema\/person\/image\/","url":"https:\/\/secure.gravatar.com\/avatar\/9c877d1a6adc2a055330e5c09a8653ce?s=96&d=mm&r=g","contentUrl":"https:\/\/secure.gravatar.com\/avatar\/9c877d1a6adc2a055330e5c09a8653ce?s=96&d=mm&r=g","caption":"Bruna Greco"}}]}},"_links":{"self":[{"href":"https:\/\/www.manaus.am.gov.br\/manauscult\/wp-json\/wp\/v2\/posts\/1619"}],"collection":[{"href":"https:\/\/www.manaus.am.gov.br\/manauscult\/wp-json\/wp\/v2\/posts"}],"about":[{"href":"https:\/\/www.manaus.am.gov.br\/manauscult\/wp-json\/wp\/v2\/types\/post"}],"author":[{"embeddable":true,"href":"https:\/\/www.manaus.am.gov.br\/manauscult\/wp-json\/wp\/v2\/users\/39"}],"replies":[{"embeddable":true,"href":"https:\/\/www.manaus.am.gov.br\/manauscult\/wp-json\/wp\/v2\/comments?post=1619"}],"version-history":[{"count":0,"href":"https:\/\/www.manaus.am.gov.br\/manauscult\/wp-json\/wp\/v2\/posts\/1619\/revisions"}],"wp:featuredmedia":[{"embeddable":true,"href":"https:\/\/www.manaus.am.gov.br\/manauscult\/wp-json\/wp\/v2\/media\/1620"}],"wp:attachment":[{"href":"https:\/\/www.manaus.am.gov.br\/manauscult\/wp-json\/wp\/v2\/media?parent=1619"}],"wp:term":[{"taxonomy":"category","embeddable":true,"href":"https:\/\/www.manaus.am.gov.br\/manauscult\/wp-json\/wp\/v2\/categories?post=1619"},{"taxonomy":"post_tag","embeddable":true,"href":"https:\/\/www.manaus.am.gov.br\/manauscult\/wp-json\/wp\/v2\/tags?post=1619"}],"curies":[{"name":"wp","href":"https:\/\/api.w.org\/{rel}","templated":true}]}}