{"id":1617,"date":"2023-10-11T16:31:54","date_gmt":"2023-10-11T20:31:54","guid":{"rendered":"https:\/\/www.manaus.am.gov.br\/manauscult\/prefeitura-de-manaus-lanca-novos-editais-da-lei-paulo-gustavo-no-valor-de-r-760-mil\/"},"modified":"2023-10-11T16:31:55","modified_gmt":"2023-10-11T20:31:55","slug":"prefeitura-de-manaus-lanca-novos-editais-da-lei-paulo-gustavo-no-valor-de-r-760-mil","status":"publish","type":"post","link":"https:\/\/www.manaus.am.gov.br\/manauscult\/prefeitura-de-manaus-lanca-novos-editais-da-lei-paulo-gustavo-no-valor-de-r-760-mil\/","title":{"rendered":"<strong>Prefeitura de Manaus lan\u00e7a novos editais da Lei Paulo Gustavo no valor de R$ 760 mil<\/strong>"},"content":{"rendered":"\n<p>A Prefeitura de Manaus via Funda\u00e7\u00e3o Municipal de Cultura, Turismo e Eventos (Manauscult) e o Conselho Municipal de Cultura (Concultura), gestor do Fundo Municipal de Cultura, lan\u00e7ou, nesta quarta-feira, 11\/10, mais dois novos editais da Lei Paulo Gustavo, voltados aos mestres da cultura e bolsas culturais, no valor de R$ 760 mil. As inscri\u00e7\u00f5es devem ser feitas de 11 a 26 de outubro, no portal do Conselho de Cultura, pelo link:&nbsp;<a href=\"http:\/\/www.concultura.manaus.am.gov.br\/lei-paulo-gustavo\" target=\"_blank\" rel=\"noreferrer noopener\">www.concultura.manaus.am.gov.br\/lei-paulo-gustavo<\/a><\/p>\n\n\n\n<p>O diretor-presidente da Manauscult, Osvaldo Cardoso, ressaltou que o Concultura vem desempenhando um papel fundamental no desenvolvimento de a\u00e7\u00f5es da Lei Paulo Gustavo, desde a busca ativa em comunidades ribeirinhas e agora na capital, al\u00e9m de oficinas, treinamentos e agora as bolsas de cultura e mestre da cultura.<\/p>\n\n\n\n<p>\u201cA forma\u00e7\u00e3o dos artistas e fazedores de cultura, bem como, o fomento de a\u00e7\u00f5es e pol\u00edticas p\u00fablicas voltadas para a classe art\u00edstica fazem parte de uma determina\u00e7\u00e3o do prefeito David Almeida, que tem valorizado a cultura, desde o princ\u00edpio da gest\u00e3o. O Conselho de Cultura perdeu comunidades ind\u00edgenas e ribeirinhas de dif\u00edcil acesso, tudo para garantir a participa\u00e7\u00e3o desses artistas que muitas vezes t\u00eam dificuldade com internet e comunica\u00e7\u00e3o. Agora lan\u00e7amos mais dois editais. Nunca a cultura recebeu um olhar t\u00e3o carinhoso e valoroso de um gestor\u201d, disse Cardoso.<\/p>\n\n\n\n<p>O presidente do Concultura, Neilo Batista, anunciou os editais de fomento ap\u00f3s o pronunciamento, na C\u00e2mara Municipal de Manaus (CMM), pedindo a prorroga\u00e7\u00e3o dos mandatos dos atuais conselheiros.<\/p>\n\n\n\n<p>&#8220;S\u00e3o mais duas boas oportunidades dos artistas e fazedores de cultura serem contemplados com fomentos e reconhecimento aos mais experientes e novos atores da cena cultural de Manaus&#8221;, ressaltou.<\/p>\n\n\n\n<p>Ser\u00e3o destinados R$ 480 mil aos mestres da cultura e mais R$ 280 mil \u00e0s bolsas culturais. Ao todo, ser\u00e3o contemplados mais 76 artistas com direito \u00e0s cotas inclusivas de 20%, para negros, e 20%, para ind\u00edgenas. Sendo 48 artistas considerados mestres da cultura, que, ao longo de suas vidas, constru\u00edram uma carreira relevante com obras e tradi\u00e7\u00f5es que t\u00eam o reconhecimento da comunidade onde est\u00e3o inseridos; e mais 28 artistas que v\u00e3o ganhar bolsas culturais voltadas para cursos de forma\u00e7\u00e3o ou execu\u00e7\u00e3o de uma obra que seja publicada ao final da execu\u00e7\u00e3o &#8211; o projeto cultural deve ser voltado para Bolsa de Pesquisa ou de promo\u00e7\u00e3o, difus\u00e3o, circula\u00e7\u00e3o, interc\u00e2mbio e resid\u00eancia cultura.<\/p>\n\n\n\n<p><strong>LPG<\/strong><\/p>\n\n\n\n<p>A Lei Paulo Gustavo (LPG) \u00e9 gerida pela prefeitura, por meio do Concultura, que no uso das atribui\u00e7\u00f5es que lhes foram conferidas a partir da Lei n\u00ba 710\/2003 e suas altera\u00e7\u00f5es, com observ\u00e2ncia no que rege a Lei Complementar n\u00ba 195\/2022 (Lei Paulo Gustavo), decreto federal n\u00ba 11.525\/2023, decreto federal n\u00ba 11.453\/2023, decreto municipal n\u00ba 5.676\/2023, torna p\u00fablico o presente edital n\u00ba 006\/2023.<\/p>\n\n\n\n<p>Na realiza\u00e7\u00e3o desses editais, est\u00e3o asseguradas medidas de democratiza\u00e7\u00e3o, desconcentra\u00e7\u00e3o, descentraliza\u00e7\u00e3o e regionaliza\u00e7\u00e3o do investimento cultural, com a implementa\u00e7\u00e3o de a\u00e7\u00f5es afirmativas, previstas no Decreto n\u00ba 11.525\/2023, bem como as medidas de acessibilidade, dispon\u00edveis na plataforma que recepcionar\u00e1 as inscri\u00e7\u00f5es, em conformidade com o art. 8\u00ba, \u00a7 5\u00ba da Lei Complementar 195\/2022.<\/p>\n\n\n\n<p>&#8212; &#8212; &#8212;<\/p>\n\n\n\n<p><strong>Texto<\/strong>&nbsp;&#8211; Crist\u00f3v\u00e3o Nonato \/ Manauscult<\/p>\n\n\n\n<p><strong>Fotos<\/strong>&nbsp;&#8211; F\u00e1bio Sim\u00f5es \/ Manauscult<\/p>\n","protected":false},"excerpt":{"rendered":"","protected":false},"author":31,"featured_media":1618,"comment_status":"closed","ping_status":"closed","sticky":false,"template":"","format":"standard","meta":{"footnotes":""},"categories":[12],"tags":[48,730,731],"acf":[],"yoast_head":"<!-- This site is optimized with the Yoast SEO plugin v23.0 - https:\/\/yoast.com\/wordpress\/plugins\/seo\/ -->\n<title>Prefeitura de Manaus lan\u00e7a novos editais da Lei Paulo Gustavo no valor de R$ 760 mil - MANAUSCULT<\/title>\n<meta name=\"robots\" content=\"noindex, follow\" \/>\n<meta property=\"og:locale\" content=\"pt_BR\" \/>\n<meta property=\"og:type\" content=\"article\" \/>\n<meta property=\"og:title\" content=\"Prefeitura de Manaus lan\u00e7a novos editais da Lei Paulo Gustavo no valor de R$ 760 mil - MANAUSCULT\" \/>\n<meta property=\"og:url\" content=\"https:\/\/www.manaus.am.gov.br\/manauscult\/prefeitura-de-manaus-lanca-novos-editais-da-lei-paulo-gustavo-no-valor-de-r-760-mil\/\" \/>\n<meta property=\"og:site_name\" content=\"MANAUSCULT\" \/>\n<meta property=\"article:published_time\" content=\"2023-10-11T20:31:54+00:00\" \/>\n<meta property=\"article:modified_time\" content=\"2023-10-11T20:31:55+00:00\" \/>\n<meta property=\"og:image\" content=\"https:\/\/www.manaus.am.gov.br\/manauscult\/wp-content\/uploads\/sites\/11\/2023\/10\/WhatsApp-Image-2023-10-11-at-15.14.56.jpeg\" \/>\n\t<meta property=\"og:image:width\" content=\"1280\" \/>\n\t<meta property=\"og:image:height\" content=\"720\" \/>\n\t<meta property=\"og:image:type\" content=\"image\/jpeg\" \/>\n<meta name=\"author\" content=\"Renata Felix\" \/>\n<meta name=\"twitter:card\" content=\"summary_large_image\" \/>\n<meta name=\"twitter:label1\" content=\"Written by\" \/>\n\t<meta name=\"twitter:data1\" content=\"Renata Felix\" \/>\n\t<meta name=\"twitter:label2\" content=\"Est. reading time\" \/>\n\t<meta name=\"twitter:data2\" content=\"3 minutos\" \/>\n<script type=\"application\/ld+json\" class=\"yoast-schema-graph\">{\"@context\":\"https:\/\/schema.org\",\"@graph\":[{\"@type\":\"WebPage\",\"@id\":\"https:\/\/www.manaus.am.gov.br\/manauscult\/prefeitura-de-manaus-lanca-novos-editais-da-lei-paulo-gustavo-no-valor-de-r-760-mil\/\",\"url\":\"https:\/\/www.manaus.am.gov.br\/manauscult\/prefeitura-de-manaus-lanca-novos-editais-da-lei-paulo-gustavo-no-valor-de-r-760-mil\/\",\"name\":\"Prefeitura de Manaus lan\u00e7a novos editais da Lei Paulo Gustavo no valor de R$ 760 mil - MANAUSCULT\",\"isPartOf\":{\"@id\":\"https:\/\/www.manaus.am.gov.br\/manauscult\/#website\"},\"primaryImageOfPage\":{\"@id\":\"https:\/\/www.manaus.am.gov.br\/manauscult\/prefeitura-de-manaus-lanca-novos-editais-da-lei-paulo-gustavo-no-valor-de-r-760-mil\/#primaryimage\"},\"image\":{\"@id\":\"https:\/\/www.manaus.am.gov.br\/manauscult\/prefeitura-de-manaus-lanca-novos-editais-da-lei-paulo-gustavo-no-valor-de-r-760-mil\/#primaryimage\"},\"thumbnailUrl\":\"https:\/\/www.manaus.am.gov.br\/manauscult\/wp-content\/uploads\/sites\/11\/2023\/10\/WhatsApp-Image-2023-10-11-at-15.14.56.jpeg\",\"datePublished\":\"2023-10-11T20:31:54+00:00\",\"dateModified\":\"2023-10-11T20:31:55+00:00\",\"author\":{\"@id\":\"https:\/\/www.manaus.am.gov.br\/manauscult\/#\/schema\/person\/4eea2a8f78dc853097abb026f728aa06\"},\"breadcrumb\":{\"@id\":\"https:\/\/www.manaus.am.gov.br\/manauscult\/prefeitura-de-manaus-lanca-novos-editais-da-lei-paulo-gustavo-no-valor-de-r-760-mil\/#breadcrumb\"},\"inLanguage\":\"pt-BR\",\"potentialAction\":[{\"@type\":\"ReadAction\",\"target\":[\"https:\/\/www.manaus.am.gov.br\/manauscult\/prefeitura-de-manaus-lanca-novos-editais-da-lei-paulo-gustavo-no-valor-de-r-760-mil\/\"]}]},{\"@type\":\"ImageObject\",\"inLanguage\":\"pt-BR\",\"@id\":\"https:\/\/www.manaus.am.gov.br\/manauscult\/prefeitura-de-manaus-lanca-novos-editais-da-lei-paulo-gustavo-no-valor-de-r-760-mil\/#primaryimage\",\"url\":\"https:\/\/www.manaus.am.gov.br\/manauscult\/wp-content\/uploads\/sites\/11\/2023\/10\/WhatsApp-Image-2023-10-11-at-15.14.56.jpeg\",\"contentUrl\":\"https:\/\/www.manaus.am.gov.br\/manauscult\/wp-content\/uploads\/sites\/11\/2023\/10\/WhatsApp-Image-2023-10-11-at-15.14.56.jpeg\",\"width\":1280,\"height\":720},{\"@type\":\"BreadcrumbList\",\"@id\":\"https:\/\/www.manaus.am.gov.br\/manauscult\/prefeitura-de-manaus-lanca-novos-editais-da-lei-paulo-gustavo-no-valor-de-r-760-mil\/#breadcrumb\",\"itemListElement\":[{\"@type\":\"ListItem\",\"position\":1,\"name\":\"Home\",\"item\":\"https:\/\/www.manaus.am.gov.br\/manauscult\/\"},{\"@type\":\"ListItem\",\"position\":2,\"name\":\"Prefeitura de Manaus lan\u00e7a novos editais da Lei Paulo Gustavo no valor de R$ 760 mil\"}]},{\"@type\":\"WebSite\",\"@id\":\"https:\/\/www.manaus.am.gov.br\/manauscult\/#website\",\"url\":\"https:\/\/www.manaus.am.gov.br\/manauscult\/\",\"name\":\"MANAUSCULT\",\"description\":\"Prefeitura de Manaus\",\"potentialAction\":[{\"@type\":\"SearchAction\",\"target\":{\"@type\":\"EntryPoint\",\"urlTemplate\":\"https:\/\/www.manaus.am.gov.br\/manauscult\/?s={search_term_string}\"},\"query-input\":\"required name=search_term_string\"}],\"inLanguage\":\"pt-BR\"},{\"@type\":\"Person\",\"@id\":\"https:\/\/www.manaus.am.gov.br\/manauscult\/#\/schema\/person\/4eea2a8f78dc853097abb026f728aa06\",\"name\":\"Renata Felix\",\"image\":{\"@type\":\"ImageObject\",\"inLanguage\":\"pt-BR\",\"@id\":\"https:\/\/www.manaus.am.gov.br\/manauscult\/#\/schema\/person\/image\/\",\"url\":\"https:\/\/secure.gravatar.com\/avatar\/3c196cf9d3b837b24c8edb2c50fd8f29?s=96&d=mm&r=g\",\"contentUrl\":\"https:\/\/secure.gravatar.com\/avatar\/3c196cf9d3b837b24c8edb2c50fd8f29?s=96&d=mm&r=g\",\"caption\":\"Renata Felix\"}}]}<\/script>\n<!-- \/ Yoast SEO plugin. -->","yoast_head_json":{"title":"Prefeitura de Manaus lan\u00e7a novos editais da Lei Paulo Gustavo no valor de R$ 760 mil - MANAUSCULT","robots":{"index":"noindex","follow":"follow"},"og_locale":"pt_BR","og_type":"article","og_title":"Prefeitura de Manaus lan\u00e7a novos editais da Lei Paulo Gustavo no valor de R$ 760 mil - MANAUSCULT","og_url":"https:\/\/www.manaus.am.gov.br\/manauscult\/prefeitura-de-manaus-lanca-novos-editais-da-lei-paulo-gustavo-no-valor-de-r-760-mil\/","og_site_name":"MANAUSCULT","article_published_time":"2023-10-11T20:31:54+00:00","article_modified_time":"2023-10-11T20:31:55+00:00","og_image":[{"width":1280,"height":720,"url":"https:\/\/www.manaus.am.gov.br\/manauscult\/wp-content\/uploads\/sites\/11\/2023\/10\/WhatsApp-Image-2023-10-11-at-15.14.56.jpeg","type":"image\/jpeg"}],"author":"Renata Felix","twitter_card":"summary_large_image","twitter_misc":{"Written by":"Renata Felix","Est. reading time":"3 minutos"},"schema":{"@context":"https:\/\/schema.org","@graph":[{"@type":"WebPage","@id":"https:\/\/www.manaus.am.gov.br\/manauscult\/prefeitura-de-manaus-lanca-novos-editais-da-lei-paulo-gustavo-no-valor-de-r-760-mil\/","url":"https:\/\/www.manaus.am.gov.br\/manauscult\/prefeitura-de-manaus-lanca-novos-editais-da-lei-paulo-gustavo-no-valor-de-r-760-mil\/","name":"Prefeitura de Manaus lan\u00e7a novos editais da Lei Paulo Gustavo no valor de R$ 760 mil - MANAUSCULT","isPartOf":{"@id":"https:\/\/www.manaus.am.gov.br\/manauscult\/#website"},"primaryImageOfPage":{"@id":"https:\/\/www.manaus.am.gov.br\/manauscult\/prefeitura-de-manaus-lanca-novos-editais-da-lei-paulo-gustavo-no-valor-de-r-760-mil\/#primaryimage"},"image":{"@id":"https:\/\/www.manaus.am.gov.br\/manauscult\/prefeitura-de-manaus-lanca-novos-editais-da-lei-paulo-gustavo-no-valor-de-r-760-mil\/#primaryimage"},"thumbnailUrl":"https:\/\/www.manaus.am.gov.br\/manauscult\/wp-content\/uploads\/sites\/11\/2023\/10\/WhatsApp-Image-2023-10-11-at-15.14.56.jpeg","datePublished":"2023-10-11T20:31:54+00:00","dateModified":"2023-10-11T20:31:55+00:00","author":{"@id":"https:\/\/www.manaus.am.gov.br\/manauscult\/#\/schema\/person\/4eea2a8f78dc853097abb026f728aa06"},"breadcrumb":{"@id":"https:\/\/www.manaus.am.gov.br\/manauscult\/prefeitura-de-manaus-lanca-novos-editais-da-lei-paulo-gustavo-no-valor-de-r-760-mil\/#breadcrumb"},"inLanguage":"pt-BR","potentialAction":[{"@type":"ReadAction","target":["https:\/\/www.manaus.am.gov.br\/manauscult\/prefeitura-de-manaus-lanca-novos-editais-da-lei-paulo-gustavo-no-valor-de-r-760-mil\/"]}]},{"@type":"ImageObject","inLanguage":"pt-BR","@id":"https:\/\/www.manaus.am.gov.br\/manauscult\/prefeitura-de-manaus-lanca-novos-editais-da-lei-paulo-gustavo-no-valor-de-r-760-mil\/#primaryimage","url":"https:\/\/www.manaus.am.gov.br\/manauscult\/wp-content\/uploads\/sites\/11\/2023\/10\/WhatsApp-Image-2023-10-11-at-15.14.56.jpeg","contentUrl":"https:\/\/www.manaus.am.gov.br\/manauscult\/wp-content\/uploads\/sites\/11\/2023\/10\/WhatsApp-Image-2023-10-11-at-15.14.56.jpeg","width":1280,"height":720},{"@type":"BreadcrumbList","@id":"https:\/\/www.manaus.am.gov.br\/manauscult\/prefeitura-de-manaus-lanca-novos-editais-da-lei-paulo-gustavo-no-valor-de-r-760-mil\/#breadcrumb","itemListElement":[{"@type":"ListItem","position":1,"name":"Home","item":"https:\/\/www.manaus.am.gov.br\/manauscult\/"},{"@type":"ListItem","position":2,"name":"Prefeitura de Manaus lan\u00e7a novos editais da Lei Paulo Gustavo no valor de R$ 760 mil"}]},{"@type":"WebSite","@id":"https:\/\/www.manaus.am.gov.br\/manauscult\/#website","url":"https:\/\/www.manaus.am.gov.br\/manauscult\/","name":"MANAUSCULT","description":"Prefeitura de Manaus","potentialAction":[{"@type":"SearchAction","target":{"@type":"EntryPoint","urlTemplate":"https:\/\/www.manaus.am.gov.br\/manauscult\/?s={search_term_string}"},"query-input":"required name=search_term_string"}],"inLanguage":"pt-BR"},{"@type":"Person","@id":"https:\/\/www.manaus.am.gov.br\/manauscult\/#\/schema\/person\/4eea2a8f78dc853097abb026f728aa06","name":"Renata Felix","image":{"@type":"ImageObject","inLanguage":"pt-BR","@id":"https:\/\/www.manaus.am.gov.br\/manauscult\/#\/schema\/person\/image\/","url":"https:\/\/secure.gravatar.com\/avatar\/3c196cf9d3b837b24c8edb2c50fd8f29?s=96&d=mm&r=g","contentUrl":"https:\/\/secure.gravatar.com\/avatar\/3c196cf9d3b837b24c8edb2c50fd8f29?s=96&d=mm&r=g","caption":"Renata Felix"}}]}},"_links":{"self":[{"href":"https:\/\/www.manaus.am.gov.br\/manauscult\/wp-json\/wp\/v2\/posts\/1617"}],"collection":[{"href":"https:\/\/www.manaus.am.gov.br\/manauscult\/wp-json\/wp\/v2\/posts"}],"about":[{"href":"https:\/\/www.manaus.am.gov.br\/manauscult\/wp-json\/wp\/v2\/types\/post"}],"author":[{"embeddable":true,"href":"https:\/\/www.manaus.am.gov.br\/manauscult\/wp-json\/wp\/v2\/users\/31"}],"replies":[{"embeddable":true,"href":"https:\/\/www.manaus.am.gov.br\/manauscult\/wp-json\/wp\/v2\/comments?post=1617"}],"version-history":[{"count":0,"href":"https:\/\/www.manaus.am.gov.br\/manauscult\/wp-json\/wp\/v2\/posts\/1617\/revisions"}],"wp:featuredmedia":[{"embeddable":true,"href":"https:\/\/www.manaus.am.gov.br\/manauscult\/wp-json\/wp\/v2\/media\/1618"}],"wp:attachment":[{"href":"https:\/\/www.manaus.am.gov.br\/manauscult\/wp-json\/wp\/v2\/media?parent=1617"}],"wp:term":[{"taxonomy":"category","embeddable":true,"href":"https:\/\/www.manaus.am.gov.br\/manauscult\/wp-json\/wp\/v2\/categories?post=1617"},{"taxonomy":"post_tag","embeddable":true,"href":"https:\/\/www.manaus.am.gov.br\/manauscult\/wp-json\/wp\/v2\/tags?post=1617"}],"curies":[{"name":"wp","href":"https:\/\/api.w.org\/{rel}","templated":true}]}}