{"id":1610,"date":"2023-10-10T10:01:44","date_gmt":"2023-10-10T14:01:44","guid":{"rendered":"https:\/\/www.manaus.am.gov.br\/manauscult\/nota-esclarecimento-concultura\/"},"modified":"2023-10-10T10:01:45","modified_gmt":"2023-10-10T14:01:45","slug":"nota-esclarecimento-concultura","status":"publish","type":"post","link":"https:\/\/www.manaus.am.gov.br\/manauscult\/nota-esclarecimento-concultura\/","title":{"rendered":"<strong>NOTA DE ESCLARECIMENTO<\/strong>"},"content":{"rendered":"\n<p>Em virtude do que foi veiculado em blogs e em grupos de WhatsApp desde esta segunda-feira, 9\/10, a Presid\u00eancia do Conselho Municipal de Cultura (Concultura),&nbsp;informa&nbsp;que n\u00e3o convocou coletiva de imprensa para esta ter\u00e7a-feira, 10\/10, na sede do conselho, localizada no Pal\u00e1cio Rio Branco, centro da cidade.<\/p>\n\n\n\n<p>Refor\u00e7a&nbsp;ainda, que o conselho n\u00e3o est\u00e1 medindo esfor\u00e7os para que a Lei Paulo Gustavo seja executada da melhor forma poss\u00edvel, em benef\u00edcio da classe art\u00edstica da capital amazonense.<\/p>\n\n\n\n<p>Informa&nbsp;ainda que os prazos dispostos nos editais da Lei Paulo Gustavo, lan\u00e7ados pelo Concultura, est\u00e3o sendo seguidos normalmente.<\/p>\n\n\n\n<p>Com rela\u00e7\u00e3o \u00e0 prorroga\u00e7\u00e3o do mandato dos conselheiros, a presid\u00eancia do Concultura ressalta que o projeto de lei enviado pelo Executivo para C\u00e2mara Municipal ser\u00e1 votado em breve.<\/p>\n","protected":false},"excerpt":{"rendered":"","protected":false},"author":25,"featured_media":1611,"comment_status":"closed","ping_status":"closed","sticky":false,"template":"","format":"standard","meta":{"footnotes":""},"categories":[224],"tags":[45,729,205],"acf":[],"yoast_head":"<!-- This site is optimized with the Yoast SEO plugin v23.0 - https:\/\/yoast.com\/wordpress\/plugins\/seo\/ -->\n<title>NOTA DE ESCLARECIMENTO<\/title>\n<meta name=\"description\" content=\"Em virtude do que foi veiculado em blogs e em grupos de WhatsApp desde esta segunda-feira, 9\/10, a Presid\u00eancia do Conselho Municipal de Cultura (Concultura)\" \/>\n<meta name=\"robots\" content=\"noindex, follow\" \/>\n<meta property=\"og:locale\" content=\"pt_BR\" \/>\n<meta property=\"og:type\" content=\"article\" \/>\n<meta property=\"og:title\" content=\"NOTA DE ESCLARECIMENTO\" \/>\n<meta property=\"og:description\" content=\"Em virtude do que foi veiculado em blogs e em grupos de WhatsApp desde esta segunda-feira, 9\/10, a Presid\u00eancia do Conselho Municipal de Cultura (Concultura)\" \/>\n<meta property=\"og:url\" content=\"https:\/\/www.manaus.am.gov.br\/manauscult\/nota-esclarecimento-concultura\/\" \/>\n<meta property=\"og:site_name\" content=\"MANAUSCULT\" \/>\n<meta property=\"article:published_time\" content=\"2023-10-10T14:01:44+00:00\" \/>\n<meta property=\"article:modified_time\" content=\"2023-10-10T14:01:45+00:00\" \/>\n<meta property=\"og:image\" content=\"https:\/\/www.manaus.am.gov.br\/manauscult\/wp-content\/uploads\/sites\/11\/2023\/10\/Nota-de-Esclarecimento-720x407-1.png\" \/>\n\t<meta property=\"og:image:width\" content=\"720\" \/>\n\t<meta property=\"og:image:height\" content=\"407\" \/>\n\t<meta property=\"og:image:type\" content=\"image\/png\" \/>\n<meta name=\"author\" content=\"Maur\u00edcio Freire\" \/>\n<meta name=\"twitter:card\" content=\"summary_large_image\" \/>\n<meta name=\"twitter:label1\" content=\"Written by\" \/>\n\t<meta name=\"twitter:data1\" content=\"Maur\u00edcio Freire\" \/>\n\t<meta name=\"twitter:label2\" content=\"Est. reading time\" \/>\n\t<meta name=\"twitter:data2\" content=\"1 minuto\" \/>\n<script type=\"application\/ld+json\" class=\"yoast-schema-graph\">{\"@context\":\"https:\/\/schema.org\",\"@graph\":[{\"@type\":\"WebPage\",\"@id\":\"https:\/\/www.manaus.am.gov.br\/manauscult\/nota-esclarecimento-concultura\/\",\"url\":\"https:\/\/www.manaus.am.gov.br\/manauscult\/nota-esclarecimento-concultura\/\",\"name\":\"NOTA DE ESCLARECIMENTO\",\"isPartOf\":{\"@id\":\"https:\/\/www.manaus.am.gov.br\/manauscult\/#website\"},\"primaryImageOfPage\":{\"@id\":\"https:\/\/www.manaus.am.gov.br\/manauscult\/nota-esclarecimento-concultura\/#primaryimage\"},\"image\":{\"@id\":\"https:\/\/www.manaus.am.gov.br\/manauscult\/nota-esclarecimento-concultura\/#primaryimage\"},\"thumbnailUrl\":\"https:\/\/www.manaus.am.gov.br\/manauscult\/wp-content\/uploads\/sites\/11\/2023\/10\/Nota-de-Esclarecimento-720x407-1.png\",\"datePublished\":\"2023-10-10T14:01:44+00:00\",\"dateModified\":\"2023-10-10T14:01:45+00:00\",\"author\":{\"@id\":\"https:\/\/www.manaus.am.gov.br\/manauscult\/#\/schema\/person\/587989a23a463cde5618e6a028977a9a\"},\"description\":\"Em virtude do que foi veiculado em blogs e em grupos de WhatsApp desde esta segunda-feira, 9\/10, a Presid\u00eancia do Conselho Municipal de Cultura (Concultura)\",\"breadcrumb\":{\"@id\":\"https:\/\/www.manaus.am.gov.br\/manauscult\/nota-esclarecimento-concultura\/#breadcrumb\"},\"inLanguage\":\"pt-BR\",\"potentialAction\":[{\"@type\":\"ReadAction\",\"target\":[\"https:\/\/www.manaus.am.gov.br\/manauscult\/nota-esclarecimento-concultura\/\"]}]},{\"@type\":\"ImageObject\",\"inLanguage\":\"pt-BR\",\"@id\":\"https:\/\/www.manaus.am.gov.br\/manauscult\/nota-esclarecimento-concultura\/#primaryimage\",\"url\":\"https:\/\/www.manaus.am.gov.br\/manauscult\/wp-content\/uploads\/sites\/11\/2023\/10\/Nota-de-Esclarecimento-720x407-1.png\",\"contentUrl\":\"https:\/\/www.manaus.am.gov.br\/manauscult\/wp-content\/uploads\/sites\/11\/2023\/10\/Nota-de-Esclarecimento-720x407-1.png\",\"width\":720,\"height\":407},{\"@type\":\"BreadcrumbList\",\"@id\":\"https:\/\/www.manaus.am.gov.br\/manauscult\/nota-esclarecimento-concultura\/#breadcrumb\",\"itemListElement\":[{\"@type\":\"ListItem\",\"position\":1,\"name\":\"Home\",\"item\":\"https:\/\/www.manaus.am.gov.br\/manauscult\/\"},{\"@type\":\"ListItem\",\"position\":2,\"name\":\"NOTA DE ESCLARECIMENTO\"}]},{\"@type\":\"WebSite\",\"@id\":\"https:\/\/www.manaus.am.gov.br\/manauscult\/#website\",\"url\":\"https:\/\/www.manaus.am.gov.br\/manauscult\/\",\"name\":\"MANAUSCULT\",\"description\":\"Prefeitura de Manaus\",\"potentialAction\":[{\"@type\":\"SearchAction\",\"target\":{\"@type\":\"EntryPoint\",\"urlTemplate\":\"https:\/\/www.manaus.am.gov.br\/manauscult\/?s={search_term_string}\"},\"query-input\":\"required name=search_term_string\"}],\"inLanguage\":\"pt-BR\"},{\"@type\":\"Person\",\"@id\":\"https:\/\/www.manaus.am.gov.br\/manauscult\/#\/schema\/person\/587989a23a463cde5618e6a028977a9a\",\"name\":\"Maur\u00edcio Freire\",\"image\":{\"@type\":\"ImageObject\",\"inLanguage\":\"pt-BR\",\"@id\":\"https:\/\/www.manaus.am.gov.br\/manauscult\/#\/schema\/person\/image\/\",\"url\":\"https:\/\/secure.gravatar.com\/avatar\/dc1481799a1f75c733ac3b2634cd6749?s=96&d=mm&r=g\",\"contentUrl\":\"https:\/\/secure.gravatar.com\/avatar\/dc1481799a1f75c733ac3b2634cd6749?s=96&d=mm&r=g\",\"caption\":\"Maur\u00edcio Freire\"}}]}<\/script>\n<!-- \/ Yoast SEO plugin. -->","yoast_head_json":{"title":"NOTA DE ESCLARECIMENTO","description":"Em virtude do que foi veiculado em blogs e em grupos de WhatsApp desde esta segunda-feira, 9\/10, a Presid\u00eancia do Conselho Municipal de Cultura (Concultura)","robots":{"index":"noindex","follow":"follow"},"og_locale":"pt_BR","og_type":"article","og_title":"NOTA DE ESCLARECIMENTO","og_description":"Em virtude do que foi veiculado em blogs e em grupos de WhatsApp desde esta segunda-feira, 9\/10, a Presid\u00eancia do Conselho Municipal de Cultura (Concultura)","og_url":"https:\/\/www.manaus.am.gov.br\/manauscult\/nota-esclarecimento-concultura\/","og_site_name":"MANAUSCULT","article_published_time":"2023-10-10T14:01:44+00:00","article_modified_time":"2023-10-10T14:01:45+00:00","og_image":[{"width":720,"height":407,"url":"https:\/\/www.manaus.am.gov.br\/manauscult\/wp-content\/uploads\/sites\/11\/2023\/10\/Nota-de-Esclarecimento-720x407-1.png","type":"image\/png"}],"author":"Maur\u00edcio Freire","twitter_card":"summary_large_image","twitter_misc":{"Written by":"Maur\u00edcio Freire","Est. reading time":"1 minuto"},"schema":{"@context":"https:\/\/schema.org","@graph":[{"@type":"WebPage","@id":"https:\/\/www.manaus.am.gov.br\/manauscult\/nota-esclarecimento-concultura\/","url":"https:\/\/www.manaus.am.gov.br\/manauscult\/nota-esclarecimento-concultura\/","name":"NOTA DE ESCLARECIMENTO","isPartOf":{"@id":"https:\/\/www.manaus.am.gov.br\/manauscult\/#website"},"primaryImageOfPage":{"@id":"https:\/\/www.manaus.am.gov.br\/manauscult\/nota-esclarecimento-concultura\/#primaryimage"},"image":{"@id":"https:\/\/www.manaus.am.gov.br\/manauscult\/nota-esclarecimento-concultura\/#primaryimage"},"thumbnailUrl":"https:\/\/www.manaus.am.gov.br\/manauscult\/wp-content\/uploads\/sites\/11\/2023\/10\/Nota-de-Esclarecimento-720x407-1.png","datePublished":"2023-10-10T14:01:44+00:00","dateModified":"2023-10-10T14:01:45+00:00","author":{"@id":"https:\/\/www.manaus.am.gov.br\/manauscult\/#\/schema\/person\/587989a23a463cde5618e6a028977a9a"},"description":"Em virtude do que foi veiculado em blogs e em grupos de WhatsApp desde esta segunda-feira, 9\/10, a Presid\u00eancia do Conselho Municipal de Cultura (Concultura)","breadcrumb":{"@id":"https:\/\/www.manaus.am.gov.br\/manauscult\/nota-esclarecimento-concultura\/#breadcrumb"},"inLanguage":"pt-BR","potentialAction":[{"@type":"ReadAction","target":["https:\/\/www.manaus.am.gov.br\/manauscult\/nota-esclarecimento-concultura\/"]}]},{"@type":"ImageObject","inLanguage":"pt-BR","@id":"https:\/\/www.manaus.am.gov.br\/manauscult\/nota-esclarecimento-concultura\/#primaryimage","url":"https:\/\/www.manaus.am.gov.br\/manauscult\/wp-content\/uploads\/sites\/11\/2023\/10\/Nota-de-Esclarecimento-720x407-1.png","contentUrl":"https:\/\/www.manaus.am.gov.br\/manauscult\/wp-content\/uploads\/sites\/11\/2023\/10\/Nota-de-Esclarecimento-720x407-1.png","width":720,"height":407},{"@type":"BreadcrumbList","@id":"https:\/\/www.manaus.am.gov.br\/manauscult\/nota-esclarecimento-concultura\/#breadcrumb","itemListElement":[{"@type":"ListItem","position":1,"name":"Home","item":"https:\/\/www.manaus.am.gov.br\/manauscult\/"},{"@type":"ListItem","position":2,"name":"NOTA DE ESCLARECIMENTO"}]},{"@type":"WebSite","@id":"https:\/\/www.manaus.am.gov.br\/manauscult\/#website","url":"https:\/\/www.manaus.am.gov.br\/manauscult\/","name":"MANAUSCULT","description":"Prefeitura de Manaus","potentialAction":[{"@type":"SearchAction","target":{"@type":"EntryPoint","urlTemplate":"https:\/\/www.manaus.am.gov.br\/manauscult\/?s={search_term_string}"},"query-input":"required name=search_term_string"}],"inLanguage":"pt-BR"},{"@type":"Person","@id":"https:\/\/www.manaus.am.gov.br\/manauscult\/#\/schema\/person\/587989a23a463cde5618e6a028977a9a","name":"Maur\u00edcio Freire","image":{"@type":"ImageObject","inLanguage":"pt-BR","@id":"https:\/\/www.manaus.am.gov.br\/manauscult\/#\/schema\/person\/image\/","url":"https:\/\/secure.gravatar.com\/avatar\/dc1481799a1f75c733ac3b2634cd6749?s=96&d=mm&r=g","contentUrl":"https:\/\/secure.gravatar.com\/avatar\/dc1481799a1f75c733ac3b2634cd6749?s=96&d=mm&r=g","caption":"Maur\u00edcio Freire"}}]}},"_links":{"self":[{"href":"https:\/\/www.manaus.am.gov.br\/manauscult\/wp-json\/wp\/v2\/posts\/1610"}],"collection":[{"href":"https:\/\/www.manaus.am.gov.br\/manauscult\/wp-json\/wp\/v2\/posts"}],"about":[{"href":"https:\/\/www.manaus.am.gov.br\/manauscult\/wp-json\/wp\/v2\/types\/post"}],"author":[{"embeddable":true,"href":"https:\/\/www.manaus.am.gov.br\/manauscult\/wp-json\/wp\/v2\/users\/25"}],"replies":[{"embeddable":true,"href":"https:\/\/www.manaus.am.gov.br\/manauscult\/wp-json\/wp\/v2\/comments?post=1610"}],"version-history":[{"count":0,"href":"https:\/\/www.manaus.am.gov.br\/manauscult\/wp-json\/wp\/v2\/posts\/1610\/revisions"}],"wp:featuredmedia":[{"embeddable":true,"href":"https:\/\/www.manaus.am.gov.br\/manauscult\/wp-json\/wp\/v2\/media\/1611"}],"wp:attachment":[{"href":"https:\/\/www.manaus.am.gov.br\/manauscult\/wp-json\/wp\/v2\/media?parent=1610"}],"wp:term":[{"taxonomy":"category","embeddable":true,"href":"https:\/\/www.manaus.am.gov.br\/manauscult\/wp-json\/wp\/v2\/categories?post=1610"},{"taxonomy":"post_tag","embeddable":true,"href":"https:\/\/www.manaus.am.gov.br\/manauscult\/wp-json\/wp\/v2\/tags?post=1610"}],"curies":[{"name":"wp","href":"https:\/\/api.w.org\/{rel}","templated":true}]}}