{"id":1603,"date":"2023-10-06T18:16:57","date_gmt":"2023-10-06T22:16:57","guid":{"rendered":"https:\/\/www.manaus.am.gov.br\/manauscult\/mais-de-cem-estudantes-participam-do-manaus-adventure-kids-2023\/"},"modified":"2023-10-06T18:16:57","modified_gmt":"2023-10-06T22:16:57","slug":"mais-de-cem-estudantes-participam-do-manaus-adventure-kids-2023","status":"publish","type":"post","link":"https:\/\/www.manaus.am.gov.br\/manauscult\/mais-de-cem-estudantes-participam-do-manaus-adventure-kids-2023\/","title":{"rendered":"<strong>Mais de cem estudantes participam do Manaus Adventure Kids 2023<\/strong>"},"content":{"rendered":"\n<p>O maior evento de esporte de aventura integrado no cora\u00e7\u00e3o da Amaz\u00f4nia reuniu, nesta sexta-feira, 6\/10, aproximadamente cem estudantes, do 5\u00ba ano da rede municipal, para vivenciar uma experi\u00eancia que une o esporte e a natureza: \u00e9 o Manaus Adventure Kids 2023, da Prefeitura de Manaus.<\/p>\n\n\n\n<p>Explorar a natureza e praticar esportes radicais. Foi assim que aproximadamente cem alunos da escola municipal Gilberto Rodrigues dos Santos tiveram a experi\u00eancia com atividades ecotur\u00edsticas ao longo de todo o dia, no quil\u00f4metro 924, da BR-174. H\u00e1 quem mostrou resist\u00eancia, for\u00e7a e equil\u00edbrio.<\/p>\n\n\n\n<p>\u201cO processo de ensino-aprendizagem n\u00e3o pode ser aplicado somente na teoria, ele tem que ser atrelado \u00e0 pr\u00e1tica. E essa viv\u00eancia \u00e9 fundamental, porque d\u00e1 a ele a experi\u00eancia do contato com a natureza, e o resultado \u00e9 mem\u00f3ria afetiva. Ent\u00e3o, \u00e9 muito importante essa viv\u00eancia dentro da floresta, para que eles possam perceber a floresta, os p\u00e1ssaros e esse outro clima\u201d, avaliou o professor da Semed, Rojefferson Moraes.<\/p>\n\n\n\n<p>Os alunos do 5\u00ba ano aproveitaram bem a aula pr\u00e1tica de turismo ecol\u00f3gico. Cada grupo teve a presen\u00e7a de monitores que auxiliaram ao longo das atividades, como caiaque, trilha, tiro com arco, parede de escalada e&nbsp;<em>slack-line<\/em>. Modalidades para todos os gostos. O gerente operacional, Daniel Menezes, explicou que \u00e9 o momento para torn\u00e1-los protagonistas.&nbsp;<\/p>\n\n\n\n<figure class=\"wp-block-image size-full\"><img loading=\"lazy\" decoding=\"async\" width=\"799\" height=\"533\" src=\"https:\/\/www.manaus.am.gov.br\/manauscult\/wp-content\/uploads\/sites\/11\/2023\/10\/53238723096_093a94be17_c.jpg\" alt=\"\" class=\"wp-image-1604\" srcset=\"https:\/\/www.manaus.am.gov.br\/manauscult\/wp-content\/uploads\/sites\/11\/2023\/10\/53238723096_093a94be17_c.jpg 799w, https:\/\/www.manaus.am.gov.br\/manauscult\/wp-content\/uploads\/sites\/11\/2023\/10\/53238723096_093a94be17_c-300x200.jpg 300w, https:\/\/www.manaus.am.gov.br\/manauscult\/wp-content\/uploads\/sites\/11\/2023\/10\/53238723096_093a94be17_c-768x512.jpg 768w\" sizes=\"(max-width: 799px) 100vw, 799px\" \/><\/figure>\n\n\n\n<p>\u201cA inten\u00e7\u00e3o do evento Manaus Adventure na modalidade Kids \u00e9 para que eles possam compreender as possibilidades que o turismo tem aqui no Amazonas, principalmente, o turismo ecol\u00f3gico. N\u00f3s estamos dentro da floresta amaz\u00f4nica, ent\u00e3o eles v\u00e3o participar de uma trilha onde eles v\u00e3o aprender um pouquinho mais da quest\u00e3o ecol\u00f3gica, de \u00e1rvores de import\u00e2ncia medicinal, da import\u00e2ncia de cuidar da natureza e como a gente pode ensinar os turistas e n\u00f3s mesmos amazonenses, durante as trilhas, nas visitas \u00e0s cachoeiras e balne\u00e1rios\u201d.<\/p>\n\n\n\n<p>O contato com a natureza foi de encher os olhos da crian\u00e7ada. Um ambiente que, para muitos, era novo e ao mesmo tempo desafiador. \u201cA escalada \u00e9 muito legal, d\u00e1 para gente treinar bastante a for\u00e7a\u201d, disse a estudante Andrya Victt\u00f3ria.<\/p>\n\n\n\n<p>O esporte que mais atraiu os olhares e despertou a curiosidade desses pequenos e futuros atletas foi a tirolesa. Com os devidos equipamentos de seguran\u00e7a e orienta\u00e7\u00e3o dos instrutores, n\u00e3o teve para ningu\u00e9m, era pular e contemplar a natureza.<\/p>\n\n\n\n<figure class=\"wp-block-gallery has-nested-images columns-default is-cropped wp-block-gallery-1 is-layout-flex wp-block-gallery-is-layout-flex\">\n<figure class=\"wp-block-image size-large\"><img loading=\"lazy\" decoding=\"async\" width=\"799\" height=\"533\" data-id=\"1605\" src=\"https:\/\/www.manaus.am.gov.br\/manauscult\/wp-content\/uploads\/sites\/11\/2023\/10\/53239090214_cf425010bd_c.jpg\" alt=\"\" class=\"wp-image-1605\" srcset=\"https:\/\/www.manaus.am.gov.br\/manauscult\/wp-content\/uploads\/sites\/11\/2023\/10\/53239090214_cf425010bd_c.jpg 799w, https:\/\/www.manaus.am.gov.br\/manauscult\/wp-content\/uploads\/sites\/11\/2023\/10\/53239090214_cf425010bd_c-300x200.jpg 300w, https:\/\/www.manaus.am.gov.br\/manauscult\/wp-content\/uploads\/sites\/11\/2023\/10\/53239090214_cf425010bd_c-768x512.jpg 768w\" sizes=\"(max-width: 799px) 100vw, 799px\" \/><\/figure>\n<\/figure>\n\n\n\n<p>\u201cEu me diverti muito com meus amigos, foi muito legal aprender aqui na natureza, sair um pouco da escola, viver um pouco mais esse ambiente. Espero que aconte\u00e7a mais vezes\u201d, declarou o aluno Lusimaris Sielo.<\/p>\n\n\n\n<p>O maior evento de turismo ecol\u00f3gico, o Manaus Adventure Sport 2023 ocorre at\u00e9 domingo, 8\/10, com pesca esportiva nas categorias individual e equipe; desafio internacional de nata\u00e7\u00e3o em \u00e1guas abertas; e atividades de aventura, como arvorismo, canoagem, mountain bike, tirolesa, Stand Up Paddle (SUP), escalada, rapel, trilhas, arco e flecha, rastejamento na areia, corrida de tronco, entre outras a\u00e7\u00f5es.<\/p>\n\n\n\n<p>&#8212; &#8212; &#8212;<\/p>\n\n\n\n<p><strong>Texto<\/strong>&nbsp;&#8211; Fl\u00e1via Moura \/ Semcom<\/p>\n\n\n\n<p><strong>Fotos &#8211; <\/strong>Phil Limma \/ Semcom<\/p>\n\n\n\n<p>Dispon\u00edveis em &#8211; <a href=\"https:\/\/flic.kr\/s\/aHBqjAXuWm\">https:\/\/flic.kr\/s\/aHBqjAXuWm<\/a><\/p>\n","protected":false},"excerpt":{"rendered":"","protected":false},"author":31,"featured_media":1606,"comment_status":"closed","ping_status":"closed","sticky":false,"template":"","format":"standard","meta":{"footnotes":""},"categories":[725],"tags":[726,727],"acf":[],"yoast_head":"<!-- This site is optimized with the Yoast SEO plugin v23.0 - https:\/\/yoast.com\/wordpress\/plugins\/seo\/ -->\n<title>Mais de cem estudantes participam do Manaus Adventure Kids 2023 - MANAUSCULT<\/title>\n<meta name=\"robots\" content=\"noindex, follow\" \/>\n<meta property=\"og:locale\" content=\"pt_BR\" \/>\n<meta property=\"og:type\" content=\"article\" \/>\n<meta property=\"og:title\" content=\"Mais de cem estudantes participam do Manaus Adventure Kids 2023 - MANAUSCULT\" \/>\n<meta property=\"og:url\" content=\"https:\/\/www.manaus.am.gov.br\/manauscult\/mais-de-cem-estudantes-participam-do-manaus-adventure-kids-2023\/\" \/>\n<meta property=\"og:site_name\" content=\"MANAUSCULT\" \/>\n<meta property=\"article:published_time\" content=\"2023-10-06T22:16:57+00:00\" \/>\n<meta property=\"og:image\" content=\"https:\/\/www.manaus.am.gov.br\/manauscult\/wp-content\/uploads\/sites\/11\/2023\/10\/53239019663_36709ebbe0_c.jpg\" \/>\n\t<meta property=\"og:image:width\" content=\"799\" \/>\n\t<meta property=\"og:image:height\" content=\"533\" \/>\n\t<meta property=\"og:image:type\" content=\"image\/jpeg\" \/>\n<meta name=\"author\" content=\"Renata Felix\" \/>\n<meta name=\"twitter:card\" content=\"summary_large_image\" \/>\n<meta name=\"twitter:label1\" content=\"Written by\" \/>\n\t<meta name=\"twitter:data1\" content=\"Renata Felix\" \/>\n\t<meta name=\"twitter:label2\" content=\"Est. reading time\" \/>\n\t<meta name=\"twitter:data2\" content=\"4 minutos\" \/>\n<script type=\"application\/ld+json\" class=\"yoast-schema-graph\">{\"@context\":\"https:\/\/schema.org\",\"@graph\":[{\"@type\":\"WebPage\",\"@id\":\"https:\/\/www.manaus.am.gov.br\/manauscult\/mais-de-cem-estudantes-participam-do-manaus-adventure-kids-2023\/\",\"url\":\"https:\/\/www.manaus.am.gov.br\/manauscult\/mais-de-cem-estudantes-participam-do-manaus-adventure-kids-2023\/\",\"name\":\"Mais de cem estudantes participam do Manaus Adventure Kids 2023 - MANAUSCULT\",\"isPartOf\":{\"@id\":\"https:\/\/www.manaus.am.gov.br\/manauscult\/#website\"},\"primaryImageOfPage\":{\"@id\":\"https:\/\/www.manaus.am.gov.br\/manauscult\/mais-de-cem-estudantes-participam-do-manaus-adventure-kids-2023\/#primaryimage\"},\"image\":{\"@id\":\"https:\/\/www.manaus.am.gov.br\/manauscult\/mais-de-cem-estudantes-participam-do-manaus-adventure-kids-2023\/#primaryimage\"},\"thumbnailUrl\":\"https:\/\/www.manaus.am.gov.br\/manauscult\/wp-content\/uploads\/sites\/11\/2023\/10\/53239019663_36709ebbe0_c.jpg\",\"datePublished\":\"2023-10-06T22:16:57+00:00\",\"dateModified\":\"2023-10-06T22:16:57+00:00\",\"author\":{\"@id\":\"https:\/\/www.manaus.am.gov.br\/manauscult\/#\/schema\/person\/4eea2a8f78dc853097abb026f728aa06\"},\"breadcrumb\":{\"@id\":\"https:\/\/www.manaus.am.gov.br\/manauscult\/mais-de-cem-estudantes-participam-do-manaus-adventure-kids-2023\/#breadcrumb\"},\"inLanguage\":\"pt-BR\",\"potentialAction\":[{\"@type\":\"ReadAction\",\"target\":[\"https:\/\/www.manaus.am.gov.br\/manauscult\/mais-de-cem-estudantes-participam-do-manaus-adventure-kids-2023\/\"]}]},{\"@type\":\"ImageObject\",\"inLanguage\":\"pt-BR\",\"@id\":\"https:\/\/www.manaus.am.gov.br\/manauscult\/mais-de-cem-estudantes-participam-do-manaus-adventure-kids-2023\/#primaryimage\",\"url\":\"https:\/\/www.manaus.am.gov.br\/manauscult\/wp-content\/uploads\/sites\/11\/2023\/10\/53239019663_36709ebbe0_c.jpg\",\"contentUrl\":\"https:\/\/www.manaus.am.gov.br\/manauscult\/wp-content\/uploads\/sites\/11\/2023\/10\/53239019663_36709ebbe0_c.jpg\",\"width\":799,\"height\":533},{\"@type\":\"BreadcrumbList\",\"@id\":\"https:\/\/www.manaus.am.gov.br\/manauscult\/mais-de-cem-estudantes-participam-do-manaus-adventure-kids-2023\/#breadcrumb\",\"itemListElement\":[{\"@type\":\"ListItem\",\"position\":1,\"name\":\"Home\",\"item\":\"https:\/\/www.manaus.am.gov.br\/manauscult\/\"},{\"@type\":\"ListItem\",\"position\":2,\"name\":\"Mais de cem estudantes participam do Manaus Adventure Kids 2023\"}]},{\"@type\":\"WebSite\",\"@id\":\"https:\/\/www.manaus.am.gov.br\/manauscult\/#website\",\"url\":\"https:\/\/www.manaus.am.gov.br\/manauscult\/\",\"name\":\"MANAUSCULT\",\"description\":\"Prefeitura de Manaus\",\"potentialAction\":[{\"@type\":\"SearchAction\",\"target\":{\"@type\":\"EntryPoint\",\"urlTemplate\":\"https:\/\/www.manaus.am.gov.br\/manauscult\/?s={search_term_string}\"},\"query-input\":\"required name=search_term_string\"}],\"inLanguage\":\"pt-BR\"},{\"@type\":\"Person\",\"@id\":\"https:\/\/www.manaus.am.gov.br\/manauscult\/#\/schema\/person\/4eea2a8f78dc853097abb026f728aa06\",\"name\":\"Renata Felix\",\"image\":{\"@type\":\"ImageObject\",\"inLanguage\":\"pt-BR\",\"@id\":\"https:\/\/www.manaus.am.gov.br\/manauscult\/#\/schema\/person\/image\/\",\"url\":\"https:\/\/secure.gravatar.com\/avatar\/3c196cf9d3b837b24c8edb2c50fd8f29?s=96&d=mm&r=g\",\"contentUrl\":\"https:\/\/secure.gravatar.com\/avatar\/3c196cf9d3b837b24c8edb2c50fd8f29?s=96&d=mm&r=g\",\"caption\":\"Renata Felix\"}}]}<\/script>\n<!-- \/ Yoast SEO plugin. -->","yoast_head_json":{"title":"Mais de cem estudantes participam do Manaus Adventure Kids 2023 - MANAUSCULT","robots":{"index":"noindex","follow":"follow"},"og_locale":"pt_BR","og_type":"article","og_title":"Mais de cem estudantes participam do Manaus Adventure Kids 2023 - MANAUSCULT","og_url":"https:\/\/www.manaus.am.gov.br\/manauscult\/mais-de-cem-estudantes-participam-do-manaus-adventure-kids-2023\/","og_site_name":"MANAUSCULT","article_published_time":"2023-10-06T22:16:57+00:00","og_image":[{"width":799,"height":533,"url":"https:\/\/www.manaus.am.gov.br\/manauscult\/wp-content\/uploads\/sites\/11\/2023\/10\/53239019663_36709ebbe0_c.jpg","type":"image\/jpeg"}],"author":"Renata Felix","twitter_card":"summary_large_image","twitter_misc":{"Written by":"Renata Felix","Est. reading time":"4 minutos"},"schema":{"@context":"https:\/\/schema.org","@graph":[{"@type":"WebPage","@id":"https:\/\/www.manaus.am.gov.br\/manauscult\/mais-de-cem-estudantes-participam-do-manaus-adventure-kids-2023\/","url":"https:\/\/www.manaus.am.gov.br\/manauscult\/mais-de-cem-estudantes-participam-do-manaus-adventure-kids-2023\/","name":"Mais de cem estudantes participam do Manaus Adventure Kids 2023 - MANAUSCULT","isPartOf":{"@id":"https:\/\/www.manaus.am.gov.br\/manauscult\/#website"},"primaryImageOfPage":{"@id":"https:\/\/www.manaus.am.gov.br\/manauscult\/mais-de-cem-estudantes-participam-do-manaus-adventure-kids-2023\/#primaryimage"},"image":{"@id":"https:\/\/www.manaus.am.gov.br\/manauscult\/mais-de-cem-estudantes-participam-do-manaus-adventure-kids-2023\/#primaryimage"},"thumbnailUrl":"https:\/\/www.manaus.am.gov.br\/manauscult\/wp-content\/uploads\/sites\/11\/2023\/10\/53239019663_36709ebbe0_c.jpg","datePublished":"2023-10-06T22:16:57+00:00","dateModified":"2023-10-06T22:16:57+00:00","author":{"@id":"https:\/\/www.manaus.am.gov.br\/manauscult\/#\/schema\/person\/4eea2a8f78dc853097abb026f728aa06"},"breadcrumb":{"@id":"https:\/\/www.manaus.am.gov.br\/manauscult\/mais-de-cem-estudantes-participam-do-manaus-adventure-kids-2023\/#breadcrumb"},"inLanguage":"pt-BR","potentialAction":[{"@type":"ReadAction","target":["https:\/\/www.manaus.am.gov.br\/manauscult\/mais-de-cem-estudantes-participam-do-manaus-adventure-kids-2023\/"]}]},{"@type":"ImageObject","inLanguage":"pt-BR","@id":"https:\/\/www.manaus.am.gov.br\/manauscult\/mais-de-cem-estudantes-participam-do-manaus-adventure-kids-2023\/#primaryimage","url":"https:\/\/www.manaus.am.gov.br\/manauscult\/wp-content\/uploads\/sites\/11\/2023\/10\/53239019663_36709ebbe0_c.jpg","contentUrl":"https:\/\/www.manaus.am.gov.br\/manauscult\/wp-content\/uploads\/sites\/11\/2023\/10\/53239019663_36709ebbe0_c.jpg","width":799,"height":533},{"@type":"BreadcrumbList","@id":"https:\/\/www.manaus.am.gov.br\/manauscult\/mais-de-cem-estudantes-participam-do-manaus-adventure-kids-2023\/#breadcrumb","itemListElement":[{"@type":"ListItem","position":1,"name":"Home","item":"https:\/\/www.manaus.am.gov.br\/manauscult\/"},{"@type":"ListItem","position":2,"name":"Mais de cem estudantes participam do Manaus Adventure Kids 2023"}]},{"@type":"WebSite","@id":"https:\/\/www.manaus.am.gov.br\/manauscult\/#website","url":"https:\/\/www.manaus.am.gov.br\/manauscult\/","name":"MANAUSCULT","description":"Prefeitura de Manaus","potentialAction":[{"@type":"SearchAction","target":{"@type":"EntryPoint","urlTemplate":"https:\/\/www.manaus.am.gov.br\/manauscult\/?s={search_term_string}"},"query-input":"required name=search_term_string"}],"inLanguage":"pt-BR"},{"@type":"Person","@id":"https:\/\/www.manaus.am.gov.br\/manauscult\/#\/schema\/person\/4eea2a8f78dc853097abb026f728aa06","name":"Renata Felix","image":{"@type":"ImageObject","inLanguage":"pt-BR","@id":"https:\/\/www.manaus.am.gov.br\/manauscult\/#\/schema\/person\/image\/","url":"https:\/\/secure.gravatar.com\/avatar\/3c196cf9d3b837b24c8edb2c50fd8f29?s=96&d=mm&r=g","contentUrl":"https:\/\/secure.gravatar.com\/avatar\/3c196cf9d3b837b24c8edb2c50fd8f29?s=96&d=mm&r=g","caption":"Renata Felix"}}]}},"_links":{"self":[{"href":"https:\/\/www.manaus.am.gov.br\/manauscult\/wp-json\/wp\/v2\/posts\/1603"}],"collection":[{"href":"https:\/\/www.manaus.am.gov.br\/manauscult\/wp-json\/wp\/v2\/posts"}],"about":[{"href":"https:\/\/www.manaus.am.gov.br\/manauscult\/wp-json\/wp\/v2\/types\/post"}],"author":[{"embeddable":true,"href":"https:\/\/www.manaus.am.gov.br\/manauscult\/wp-json\/wp\/v2\/users\/31"}],"replies":[{"embeddable":true,"href":"https:\/\/www.manaus.am.gov.br\/manauscult\/wp-json\/wp\/v2\/comments?post=1603"}],"version-history":[{"count":1,"href":"https:\/\/www.manaus.am.gov.br\/manauscult\/wp-json\/wp\/v2\/posts\/1603\/revisions"}],"predecessor-version":[{"id":1607,"href":"https:\/\/www.manaus.am.gov.br\/manauscult\/wp-json\/wp\/v2\/posts\/1603\/revisions\/1607"}],"wp:featuredmedia":[{"embeddable":true,"href":"https:\/\/www.manaus.am.gov.br\/manauscult\/wp-json\/wp\/v2\/media\/1606"}],"wp:attachment":[{"href":"https:\/\/www.manaus.am.gov.br\/manauscult\/wp-json\/wp\/v2\/media?parent=1603"}],"wp:term":[{"taxonomy":"category","embeddable":true,"href":"https:\/\/www.manaus.am.gov.br\/manauscult\/wp-json\/wp\/v2\/categories?post=1603"},{"taxonomy":"post_tag","embeddable":true,"href":"https:\/\/www.manaus.am.gov.br\/manauscult\/wp-json\/wp\/v2\/tags?post=1603"}],"curies":[{"name":"wp","href":"https:\/\/api.w.org\/{rel}","templated":true}]}}