{"id":1597,"date":"2023-10-05T21:10:01","date_gmt":"2023-10-06T01:10:01","guid":{"rendered":"https:\/\/www.manaus.am.gov.br\/manauscult\/prefeitura-prorroga-prazo-de-inscricao-e-cadastro-previo-dos-editais-da-lei-paulo-gustavo\/"},"modified":"2023-10-05T21:10:03","modified_gmt":"2023-10-06T01:10:03","slug":"prefeitura-prorroga-prazo-de-inscricao-e-cadastro-previo-dos-editais-da-lei-paulo-gustavo","status":"publish","type":"post","link":"https:\/\/www.manaus.am.gov.br\/manauscult\/prefeitura-prorroga-prazo-de-inscricao-e-cadastro-previo-dos-editais-da-lei-paulo-gustavo\/","title":{"rendered":"<strong>Prefeitura prorroga prazo de inscri\u00e7\u00e3o e cadastro pr\u00e9vio dos editais da Lei Paulo Gustavo<\/strong>"},"content":{"rendered":"\n<p>A Prefeitura de Manaus, por meio da&nbsp;Funda\u00e7\u00e3o Municipal de Cultura, Turismo e Eventos (Manauscult) e&nbsp;Conselho Municipal de Cultura (Concultura), publicou portaria no Di\u00e1rio Oficial do Munic\u00edpio (DOM), nesta quinta-feira, 5\/6, prorrogando os prazos para atender as demandas dos artistas, abrindo novo espa\u00e7o para inscri\u00e7\u00f5es dos projetos e cadastro pr\u00e9vio, nos editais da Lei Paulo Gustavo.<\/p>\n\n\n\n<p>Os novos prazos foram necess\u00e1rios devido ao aumento repentino, na reta final, do n\u00famero de candidatos interessados em participar dos&nbsp;editais, justificou o presidente do Concultura, Ten\u00f3rio Telles.<\/p>\n\n\n\n<p>&#8220;Com as estruturas e apoio dos conselheiros nas v\u00e1rias zonas da cidade, vamos proporcionar aos artistas amplo acesso aos editais&#8221;, afirmou Telles.<\/p>\n\n\n\n<p><strong>Novas datas<\/strong><\/p>\n\n\n\n<p>O cadastro pr\u00e9vio \u00e9 at\u00e9 o dia 11\/10 \u00e0s 17h, e a inscri\u00e7\u00e3o dos projetos, at\u00e9 o dia 16\/10,&nbsp;\u00e0s 17h.<\/p>\n\n\n\n<p>&#8220;Lembrando que as inscri\u00e7\u00f5es dos projetos s\u00f3 podem ser feitas ap\u00f3s a apresenta\u00e7\u00e3o e valida\u00e7\u00e3o do cadastro pr\u00e9vio, e numa segunda fase, a efetiva\u00e7\u00e3o da inscri\u00e7\u00e3o do projeto&#8221;,&nbsp; explicou o vice-presidente do Concultura, Neilo Batista, que coordena as a\u00e7\u00f5es de implementa\u00e7\u00e3o da LPG em Manaus, ressaltando que, para evitar filas, \u00e9 importante o agendamento atrav\u00e9s dos canais, por e-mail:&nbsp;<a href=\"mailto:planejamento@gmail.com\" target=\"_blank\" rel=\"noreferrer noopener\">planejamento@gmail.com<\/a>&nbsp;e do telefone: 98842-3081.<\/p>\n\n\n\n<p>Para a artista ind\u00edgena Ivanete da Silva Veloso, do povo Carapan\u00e3, a prorroga\u00e7\u00e3o dos prazos d\u00e1 mais oportunidade aos artistas que t\u00eam pouco tempo para inscreverem seus projetos.<\/p>\n\n\n\n<p>&#8220;Estou aqui no observat\u00f3rio Paulo Gustavo, tirando as d\u00favidas e aprendendo os detalhes do cadastro e formato dos projetos para fazer o meu, e depois ensinar meus parentes do Parque das Tribos&#8221;, contou.<\/p>\n\n\n\n<p><strong>Zona Urbana<\/strong><\/p>\n\n\n\n<p>Depois das a\u00e7\u00f5es de busca ativa, forma\u00e7\u00e3o e cadastro pr\u00e9vio nas \u00e1reas rurais e ribeirinhas, nas comunidades da RDS Tup\u00e9 e aldeia Terra Preta,&nbsp;agora as a\u00e7\u00f5es est\u00e3o voltadas para as zonas urbanas, localizadas nos bairros Petr\u00f3polis (Centro-Sul); Manoa (Norte),&nbsp; Compensa (Oeste) e na sede do Concultura, no Centro.&nbsp;<\/p>\n\n\n\n<p>Na associa\u00e7\u00e3o de moradores do bairro Petr\u00f3polis, a busca ativa do cadastro pr\u00e9vio da lei Paulo Gustavo tem gerado um impacto, tendo em m\u00e9dia di\u00e1ria de 50 a 70 pessoas atendidas para informa\u00e7\u00f5es, e cadastramento, informou o conselheiro do segmento de dan\u00e7a,&nbsp; Ricardo Moldes, que explicou que uma das a\u00e7\u00f5es \u00e9 tomar projetos a termo, e orientando artistas para que possam participar do fomento da lei.<\/p>\n\n\n\n<p>&#8220;A Prefeitura de Manaus tem feito um grande trabalho com as pol\u00edticas p\u00fablicas voltadas aos segmentos e, isso, \u00e9 um ganho sem precedentes para todo o movimento art\u00edstico&#8221;, comenta Moldes.&nbsp;<\/p>\n\n\n\n<p>Todo e qualquer artista que tenha dificuldade em fazer seu projeto pode ir nesses locais e ter todos os instrumentos necess\u00e1rios para participar dos editais da LPG.<\/p>\n\n\n\n<p>&#8212; &#8212; &#8212;<\/p>\n\n\n\n<p><strong>Texto<\/strong>&nbsp;&#8211; Crist\u00f3v\u00e3o Nonato&nbsp;\/ Manauscult<\/p>\n\n\n\n<p><strong>Fotos<\/strong>&nbsp;\u2013 Divulga\u00e7\u00e3o \/ Manauscult<\/p>\n","protected":false},"excerpt":{"rendered":"","protected":false},"author":31,"featured_media":1598,"comment_status":"closed","ping_status":"closed","sticky":false,"template":"","format":"standard","meta":{"footnotes":""},"categories":[12],"tags":[95,48,723],"acf":[],"yoast_head":"<!-- This site is optimized with the Yoast SEO plugin v23.0 - https:\/\/yoast.com\/wordpress\/plugins\/seo\/ -->\n<title>Prefeitura prorroga prazo de inscri\u00e7\u00e3o e cadastro pr\u00e9vio dos editais da Lei Paulo Gustavo - MANAUSCULT<\/title>\n<meta name=\"robots\" content=\"noindex, follow\" \/>\n<meta property=\"og:locale\" content=\"pt_BR\" \/>\n<meta property=\"og:type\" content=\"article\" \/>\n<meta property=\"og:title\" content=\"Prefeitura prorroga prazo de inscri\u00e7\u00e3o e cadastro pr\u00e9vio dos editais da Lei Paulo Gustavo - MANAUSCULT\" \/>\n<meta property=\"og:url\" content=\"https:\/\/www.manaus.am.gov.br\/manauscult\/prefeitura-prorroga-prazo-de-inscricao-e-cadastro-previo-dos-editais-da-lei-paulo-gustavo\/\" \/>\n<meta property=\"og:site_name\" content=\"MANAUSCULT\" \/>\n<meta property=\"article:published_time\" content=\"2023-10-06T01:10:01+00:00\" \/>\n<meta property=\"article:modified_time\" content=\"2023-10-06T01:10:03+00:00\" \/>\n<meta property=\"og:image\" content=\"https:\/\/www.manaus.am.gov.br\/manauscult\/wp-content\/uploads\/sites\/11\/2023\/10\/20231005_155808-1024x577.jpg\" \/>\n\t<meta property=\"og:image:width\" content=\"1024\" \/>\n\t<meta property=\"og:image:height\" content=\"577\" \/>\n\t<meta property=\"og:image:type\" content=\"image\/jpeg\" \/>\n<meta name=\"author\" content=\"Renata Felix\" \/>\n<meta name=\"twitter:card\" content=\"summary_large_image\" \/>\n<meta name=\"twitter:label1\" content=\"Written by\" \/>\n\t<meta name=\"twitter:data1\" content=\"Renata Felix\" \/>\n\t<meta name=\"twitter:label2\" content=\"Est. reading time\" \/>\n\t<meta name=\"twitter:data2\" content=\"3 minutos\" \/>\n<script type=\"application\/ld+json\" class=\"yoast-schema-graph\">{\"@context\":\"https:\/\/schema.org\",\"@graph\":[{\"@type\":\"WebPage\",\"@id\":\"https:\/\/www.manaus.am.gov.br\/manauscult\/prefeitura-prorroga-prazo-de-inscricao-e-cadastro-previo-dos-editais-da-lei-paulo-gustavo\/\",\"url\":\"https:\/\/www.manaus.am.gov.br\/manauscult\/prefeitura-prorroga-prazo-de-inscricao-e-cadastro-previo-dos-editais-da-lei-paulo-gustavo\/\",\"name\":\"Prefeitura prorroga prazo de inscri\u00e7\u00e3o e cadastro pr\u00e9vio dos editais da Lei Paulo Gustavo - MANAUSCULT\",\"isPartOf\":{\"@id\":\"https:\/\/www.manaus.am.gov.br\/manauscult\/#website\"},\"primaryImageOfPage\":{\"@id\":\"https:\/\/www.manaus.am.gov.br\/manauscult\/prefeitura-prorroga-prazo-de-inscricao-e-cadastro-previo-dos-editais-da-lei-paulo-gustavo\/#primaryimage\"},\"image\":{\"@id\":\"https:\/\/www.manaus.am.gov.br\/manauscult\/prefeitura-prorroga-prazo-de-inscricao-e-cadastro-previo-dos-editais-da-lei-paulo-gustavo\/#primaryimage\"},\"thumbnailUrl\":\"https:\/\/www.manaus.am.gov.br\/manauscult\/wp-content\/uploads\/sites\/11\/2023\/10\/20231005_155808.jpg\",\"datePublished\":\"2023-10-06T01:10:01+00:00\",\"dateModified\":\"2023-10-06T01:10:03+00:00\",\"author\":{\"@id\":\"https:\/\/www.manaus.am.gov.br\/manauscult\/#\/schema\/person\/4eea2a8f78dc853097abb026f728aa06\"},\"breadcrumb\":{\"@id\":\"https:\/\/www.manaus.am.gov.br\/manauscult\/prefeitura-prorroga-prazo-de-inscricao-e-cadastro-previo-dos-editais-da-lei-paulo-gustavo\/#breadcrumb\"},\"inLanguage\":\"pt-BR\",\"potentialAction\":[{\"@type\":\"ReadAction\",\"target\":[\"https:\/\/www.manaus.am.gov.br\/manauscult\/prefeitura-prorroga-prazo-de-inscricao-e-cadastro-previo-dos-editais-da-lei-paulo-gustavo\/\"]}]},{\"@type\":\"ImageObject\",\"inLanguage\":\"pt-BR\",\"@id\":\"https:\/\/www.manaus.am.gov.br\/manauscult\/prefeitura-prorroga-prazo-de-inscricao-e-cadastro-previo-dos-editais-da-lei-paulo-gustavo\/#primaryimage\",\"url\":\"https:\/\/www.manaus.am.gov.br\/manauscult\/wp-content\/uploads\/sites\/11\/2023\/10\/20231005_155808.jpg\",\"contentUrl\":\"https:\/\/www.manaus.am.gov.br\/manauscult\/wp-content\/uploads\/sites\/11\/2023\/10\/20231005_155808.jpg\",\"width\":4000,\"height\":2252},{\"@type\":\"BreadcrumbList\",\"@id\":\"https:\/\/www.manaus.am.gov.br\/manauscult\/prefeitura-prorroga-prazo-de-inscricao-e-cadastro-previo-dos-editais-da-lei-paulo-gustavo\/#breadcrumb\",\"itemListElement\":[{\"@type\":\"ListItem\",\"position\":1,\"name\":\"Home\",\"item\":\"https:\/\/www.manaus.am.gov.br\/manauscult\/\"},{\"@type\":\"ListItem\",\"position\":2,\"name\":\"Prefeitura prorroga prazo de inscri\u00e7\u00e3o e cadastro pr\u00e9vio dos editais da Lei Paulo Gustavo\"}]},{\"@type\":\"WebSite\",\"@id\":\"https:\/\/www.manaus.am.gov.br\/manauscult\/#website\",\"url\":\"https:\/\/www.manaus.am.gov.br\/manauscult\/\",\"name\":\"MANAUSCULT\",\"description\":\"Prefeitura de Manaus\",\"potentialAction\":[{\"@type\":\"SearchAction\",\"target\":{\"@type\":\"EntryPoint\",\"urlTemplate\":\"https:\/\/www.manaus.am.gov.br\/manauscult\/?s={search_term_string}\"},\"query-input\":\"required name=search_term_string\"}],\"inLanguage\":\"pt-BR\"},{\"@type\":\"Person\",\"@id\":\"https:\/\/www.manaus.am.gov.br\/manauscult\/#\/schema\/person\/4eea2a8f78dc853097abb026f728aa06\",\"name\":\"Renata Felix\",\"image\":{\"@type\":\"ImageObject\",\"inLanguage\":\"pt-BR\",\"@id\":\"https:\/\/www.manaus.am.gov.br\/manauscult\/#\/schema\/person\/image\/\",\"url\":\"https:\/\/secure.gravatar.com\/avatar\/3c196cf9d3b837b24c8edb2c50fd8f29?s=96&d=mm&r=g\",\"contentUrl\":\"https:\/\/secure.gravatar.com\/avatar\/3c196cf9d3b837b24c8edb2c50fd8f29?s=96&d=mm&r=g\",\"caption\":\"Renata Felix\"}}]}<\/script>\n<!-- \/ Yoast SEO plugin. -->","yoast_head_json":{"title":"Prefeitura prorroga prazo de inscri\u00e7\u00e3o e cadastro pr\u00e9vio dos editais da Lei Paulo Gustavo - MANAUSCULT","robots":{"index":"noindex","follow":"follow"},"og_locale":"pt_BR","og_type":"article","og_title":"Prefeitura prorroga prazo de inscri\u00e7\u00e3o e cadastro pr\u00e9vio dos editais da Lei Paulo Gustavo - MANAUSCULT","og_url":"https:\/\/www.manaus.am.gov.br\/manauscult\/prefeitura-prorroga-prazo-de-inscricao-e-cadastro-previo-dos-editais-da-lei-paulo-gustavo\/","og_site_name":"MANAUSCULT","article_published_time":"2023-10-06T01:10:01+00:00","article_modified_time":"2023-10-06T01:10:03+00:00","og_image":[{"width":1024,"height":577,"url":"https:\/\/www.manaus.am.gov.br\/manauscult\/wp-content\/uploads\/sites\/11\/2023\/10\/20231005_155808-1024x577.jpg","type":"image\/jpeg"}],"author":"Renata Felix","twitter_card":"summary_large_image","twitter_misc":{"Written by":"Renata Felix","Est. reading time":"3 minutos"},"schema":{"@context":"https:\/\/schema.org","@graph":[{"@type":"WebPage","@id":"https:\/\/www.manaus.am.gov.br\/manauscult\/prefeitura-prorroga-prazo-de-inscricao-e-cadastro-previo-dos-editais-da-lei-paulo-gustavo\/","url":"https:\/\/www.manaus.am.gov.br\/manauscult\/prefeitura-prorroga-prazo-de-inscricao-e-cadastro-previo-dos-editais-da-lei-paulo-gustavo\/","name":"Prefeitura prorroga prazo de inscri\u00e7\u00e3o e cadastro pr\u00e9vio dos editais da Lei Paulo Gustavo - MANAUSCULT","isPartOf":{"@id":"https:\/\/www.manaus.am.gov.br\/manauscult\/#website"},"primaryImageOfPage":{"@id":"https:\/\/www.manaus.am.gov.br\/manauscult\/prefeitura-prorroga-prazo-de-inscricao-e-cadastro-previo-dos-editais-da-lei-paulo-gustavo\/#primaryimage"},"image":{"@id":"https:\/\/www.manaus.am.gov.br\/manauscult\/prefeitura-prorroga-prazo-de-inscricao-e-cadastro-previo-dos-editais-da-lei-paulo-gustavo\/#primaryimage"},"thumbnailUrl":"https:\/\/www.manaus.am.gov.br\/manauscult\/wp-content\/uploads\/sites\/11\/2023\/10\/20231005_155808.jpg","datePublished":"2023-10-06T01:10:01+00:00","dateModified":"2023-10-06T01:10:03+00:00","author":{"@id":"https:\/\/www.manaus.am.gov.br\/manauscult\/#\/schema\/person\/4eea2a8f78dc853097abb026f728aa06"},"breadcrumb":{"@id":"https:\/\/www.manaus.am.gov.br\/manauscult\/prefeitura-prorroga-prazo-de-inscricao-e-cadastro-previo-dos-editais-da-lei-paulo-gustavo\/#breadcrumb"},"inLanguage":"pt-BR","potentialAction":[{"@type":"ReadAction","target":["https:\/\/www.manaus.am.gov.br\/manauscult\/prefeitura-prorroga-prazo-de-inscricao-e-cadastro-previo-dos-editais-da-lei-paulo-gustavo\/"]}]},{"@type":"ImageObject","inLanguage":"pt-BR","@id":"https:\/\/www.manaus.am.gov.br\/manauscult\/prefeitura-prorroga-prazo-de-inscricao-e-cadastro-previo-dos-editais-da-lei-paulo-gustavo\/#primaryimage","url":"https:\/\/www.manaus.am.gov.br\/manauscult\/wp-content\/uploads\/sites\/11\/2023\/10\/20231005_155808.jpg","contentUrl":"https:\/\/www.manaus.am.gov.br\/manauscult\/wp-content\/uploads\/sites\/11\/2023\/10\/20231005_155808.jpg","width":4000,"height":2252},{"@type":"BreadcrumbList","@id":"https:\/\/www.manaus.am.gov.br\/manauscult\/prefeitura-prorroga-prazo-de-inscricao-e-cadastro-previo-dos-editais-da-lei-paulo-gustavo\/#breadcrumb","itemListElement":[{"@type":"ListItem","position":1,"name":"Home","item":"https:\/\/www.manaus.am.gov.br\/manauscult\/"},{"@type":"ListItem","position":2,"name":"Prefeitura prorroga prazo de inscri\u00e7\u00e3o e cadastro pr\u00e9vio dos editais da Lei Paulo Gustavo"}]},{"@type":"WebSite","@id":"https:\/\/www.manaus.am.gov.br\/manauscult\/#website","url":"https:\/\/www.manaus.am.gov.br\/manauscult\/","name":"MANAUSCULT","description":"Prefeitura de Manaus","potentialAction":[{"@type":"SearchAction","target":{"@type":"EntryPoint","urlTemplate":"https:\/\/www.manaus.am.gov.br\/manauscult\/?s={search_term_string}"},"query-input":"required name=search_term_string"}],"inLanguage":"pt-BR"},{"@type":"Person","@id":"https:\/\/www.manaus.am.gov.br\/manauscult\/#\/schema\/person\/4eea2a8f78dc853097abb026f728aa06","name":"Renata Felix","image":{"@type":"ImageObject","inLanguage":"pt-BR","@id":"https:\/\/www.manaus.am.gov.br\/manauscult\/#\/schema\/person\/image\/","url":"https:\/\/secure.gravatar.com\/avatar\/3c196cf9d3b837b24c8edb2c50fd8f29?s=96&d=mm&r=g","contentUrl":"https:\/\/secure.gravatar.com\/avatar\/3c196cf9d3b837b24c8edb2c50fd8f29?s=96&d=mm&r=g","caption":"Renata Felix"}}]}},"_links":{"self":[{"href":"https:\/\/www.manaus.am.gov.br\/manauscult\/wp-json\/wp\/v2\/posts\/1597"}],"collection":[{"href":"https:\/\/www.manaus.am.gov.br\/manauscult\/wp-json\/wp\/v2\/posts"}],"about":[{"href":"https:\/\/www.manaus.am.gov.br\/manauscult\/wp-json\/wp\/v2\/types\/post"}],"author":[{"embeddable":true,"href":"https:\/\/www.manaus.am.gov.br\/manauscult\/wp-json\/wp\/v2\/users\/31"}],"replies":[{"embeddable":true,"href":"https:\/\/www.manaus.am.gov.br\/manauscult\/wp-json\/wp\/v2\/comments?post=1597"}],"version-history":[{"count":0,"href":"https:\/\/www.manaus.am.gov.br\/manauscult\/wp-json\/wp\/v2\/posts\/1597\/revisions"}],"wp:featuredmedia":[{"embeddable":true,"href":"https:\/\/www.manaus.am.gov.br\/manauscult\/wp-json\/wp\/v2\/media\/1598"}],"wp:attachment":[{"href":"https:\/\/www.manaus.am.gov.br\/manauscult\/wp-json\/wp\/v2\/media?parent=1597"}],"wp:term":[{"taxonomy":"category","embeddable":true,"href":"https:\/\/www.manaus.am.gov.br\/manauscult\/wp-json\/wp\/v2\/categories?post=1597"},{"taxonomy":"post_tag","embeddable":true,"href":"https:\/\/www.manaus.am.gov.br\/manauscult\/wp-json\/wp\/v2\/tags?post=1597"}],"curies":[{"name":"wp","href":"https:\/\/api.w.org\/{rel}","templated":true}]}}