{"id":1593,"date":"2023-10-03T21:43:46","date_gmt":"2023-10-04T01:43:46","guid":{"rendered":"https:\/\/www.manaus.am.gov.br\/manauscult\/gestao-david-almeida-quebra-paradigmas-e-coloca-manaus-entre-os-destinos-turisticos-mais-procurados-do-norte-nordeste\/"},"modified":"2023-10-03T21:43:49","modified_gmt":"2023-10-04T01:43:49","slug":"gestao-david-almeida-quebra-paradigmas-e-coloca-manaus-entre-os-destinos-turisticos-mais-procurados-do-norte-nordeste","status":"publish","type":"post","link":"https:\/\/www.manaus.am.gov.br\/manauscult\/gestao-david-almeida-quebra-paradigmas-e-coloca-manaus-entre-os-destinos-turisticos-mais-procurados-do-norte-nordeste\/","title":{"rendered":"<strong>Gest\u00e3o David Almeida quebra paradigmas e coloca Manaus entre os destinos tur\u00edsticos mais procurados do Norte\/Nordeste<\/strong>"},"content":{"rendered":"\n<p>A Prefeitura de Manaus, por meio da Funda\u00e7\u00e3o Municipal de Cultura, Turismo e Eventos (Manauscult), participou da maior feira de turismo da Am\u00e9rica Latina, Abav Expo 2023, que recebeu mais de 40 mil participantes no Rio de Janeiro (RJ). Com estande pr\u00f3prio seguindo a din\u00e2mica de 2022, em feiras nacionais de turismo, Manaus quebrou paradigmas e consolidou-se a capital entre os destinos tur\u00edsticos mais procurados da regi\u00e3o Norte e Nordeste.<\/p>\n\n\n\n<p>O estande com 50 metros quadrados, mobiliado de mesas e cadeiras, al\u00e9m dos balc\u00f5es de neg\u00f3cios, acomodou, nos dias 27, 28 e 29 de setembro, 16 empres\u00e1rios da cidade e de munic\u00edpios adjacentes, inclusive a caravana do Sebrae com oito agentes de viagens, oferecendo a oportunidade de fazer novos neg\u00f3cios, o que foi confirmado por muitos deles que j\u00e1 sa\u00edram da feira com pacotes fechados.&nbsp;<\/p>\n\n\n\n<p>Para o diretor-presidente da Manauscult, Osvaldo Cardoso, a participa\u00e7\u00e3o de Manaus nas feiras nacionais e internacionais posicionar\u00e1 a capital amazonense no lugar de destaque que ela merece e ainda atende a meta do Plano de Governo, que \u00e9 a amplia\u00e7\u00e3o da divulga\u00e7\u00e3o e do acesso \u00e0s informa\u00e7\u00f5es tur\u00edsticas da regi\u00e3o, bem como transformar Manaus em cidade de neg\u00f3cios sustent\u00e1veis.<\/p>\n\n\n\n<p>\u201cIncluir Manaus como um dos principais destinos tur\u00edsticos&nbsp; do Brasil foi uma das metas alcan\u00e7adas da gest\u00e3o David Almeida, pois nossa capital merece e est\u00e1 se preparando cada vez mais para receber turistas do mundo inteiro, prova disso s\u00e3o os investimentos no setor, que somam R$ 238 milh\u00f5es em novos equipamentos tur\u00edsticos para que Manaus possa competir no ranking do turismo internacional, com nossas belezas naturais, nossa cultura, gastronomia, sustentabilidade, m\u00e3o de obra qualificada, al\u00e9m de termos um ambiente prop\u00edcio para neg\u00f3cios\u201d, pontuou Cardoso.<\/p>\n\n\n\n<p><br>A vice-presidente da Manauscult, Oreni Braga, destacou que Manaus se junta a outros grandes nomes como destino tur\u00edstico. \u201cManaus \u00e9 um destino que, junto com Rio de Janeiro, Salvador e Foz do Igua\u00e7u, sem esquecer Fortaleza, s\u00e3o complementares, e o mercado pede esses destinos. Estar com estande pr\u00f3prio em uma feira do tamanho da Abav Expo \u00e9 demonstrar o compromisso da gest\u00e3o David Almeida com o turismo da capital da Amaz\u00f4nia e, essa a\u00e7\u00e3o, complementa o esfor\u00e7o que o prefeito vem fazendo para aparelhar Manaus com novos atrativos tur\u00edsticos e culturais\u201d, disse.<\/p>\n\n\n\n<p>De acordo com dados do levantamento mensal do Conselho de Turismo da Federa\u00e7\u00e3o do Com\u00e9rcio de Bens, Servi\u00e7os e Turismo do Estado de S\u00e3o Paulo (FecomercioSP), com base nos dados do Instituto Brasileiro de Geografia e Estat\u00edstica (IBGE), o&nbsp;faturamento do turismo brasileiro no ano passado foi de R$ 208 bilh\u00f5es, 28% maior do que o registrado em 2021.&nbsp;<\/p>\n\n\n\n<p><strong><br>Participa\u00e7\u00e3o<\/strong><\/p>\n\n\n\n<p>A presen\u00e7a de Manaus na Abav Expo e o apoio da Manauscult aos empres\u00e1rios do setor, tanto da capital como dos munic\u00edpios do interior fizeram a diferen\u00e7a, como comenta o diretor-executivo do&nbsp; Amaz\u00f4nia Jungle Hotel, Leonardo Said.<\/p>\n\n\n\n<p>\u201cTodo apoio da Manauscult e da equipe que esteve na feira foi de extrema import\u00e2ncia e muito proveitoso no ramo de neg\u00f3cios. Conseguimos ter conversas positivas ali no estande e s\u00f3 tenho a agradecer todos os esfor\u00e7os\u201d, comentou Said.<\/p>\n\n\n\n<p>Al\u00e9m dos empres\u00e1rios, um dos destaques no estande foi a ind\u00edgena Tha\u00eds Kokama que deu um show \u00e0 parte com o grafismo ind\u00edgena que chamou a aten\u00e7\u00e3o dos visitantes.<\/p>\n\n\n\n<p>Manaus foi um destino muito procurado por agentes de viagens, operadores de turismo e jornalistas especializados de todo Brasil. Participaram tamb\u00e9m do evento, os vereadores Alonso Oliveira e M\u00e1rcio Tavares que foram conferir de perto o trabalho que a Manauscult realiza no setor de turismo.&nbsp;<\/p>\n\n\n\n<p><strong>Divulga\u00e7\u00e3o<\/strong><\/p>\n\n\n\n<p>Manaus j\u00e1 participou, este ano, al\u00e9m da Abav, da Feira&nbsp;Pesca &amp; Companhia, especializada no segmento de pesca esportiva;&nbsp;WTM Latin Am\u00e9rica, uma vitrine de inova\u00e7\u00e3o de novos produtos e compra e venda (B2B) de produtos tur\u00edsticos na Am\u00e9rica Latina;&nbsp;MegaFeir\u00e3o de Viagens ABAV Nordeste, um evento que vende e compra o Brasil; e no m\u00eas de outubro, o destino Manaus estar\u00e1 em Fortaleza nos dias 19 e 20, participando da&nbsp;Brazil Travel Market \u2013 BTM, com estande pr\u00f3prio e ser\u00e1 destaque nas pe\u00e7as de publicidade e m\u00eddia do evento. A BTM \u00e9 uma feira exclusivamente de neg\u00f3cios e os empres\u00e1rios de Manaus ter\u00e3o a oportunidade de, mais uma vez, fechar bons contatos e boas parcerias. Tudo isso, para fortalecer e ampliar a divulga\u00e7\u00e3o do destino Manaus em toda a Am\u00e9rica Latina.<\/p>\n\n\n\n<p>&#8212; &#8212; &#8212;<\/p>\n\n\n\n<p><strong>Texto<\/strong>&nbsp;&#8211; Moara Cabral \/ Manauscult<\/p>\n\n\n\n<p><strong>Fotos<\/strong>&nbsp;&#8211; Divulga\u00e7\u00e3o \/ Manauscult<\/p>\n","protected":false},"excerpt":{"rendered":"","protected":false},"author":31,"featured_media":1594,"comment_status":"closed","ping_status":"closed","sticky":false,"template":"","format":"standard","meta":{"footnotes":""},"categories":[18],"tags":[720,675,721,103],"acf":[],"yoast_head":"<!-- This site is optimized with the Yoast SEO plugin v23.0 - https:\/\/yoast.com\/wordpress\/plugins\/seo\/ -->\n<title>Gest\u00e3o David Almeida quebra paradigmas e coloca Manaus entre os destinos tur\u00edsticos mais procurados do Norte\/Nordeste - MANAUSCULT<\/title>\n<meta name=\"robots\" content=\"noindex, follow\" \/>\n<meta property=\"og:locale\" content=\"pt_BR\" \/>\n<meta property=\"og:type\" content=\"article\" \/>\n<meta property=\"og:title\" content=\"Gest\u00e3o David Almeida quebra paradigmas e coloca Manaus entre os destinos tur\u00edsticos mais procurados do Norte\/Nordeste - MANAUSCULT\" \/>\n<meta property=\"og:url\" content=\"https:\/\/www.manaus.am.gov.br\/manauscult\/gestao-david-almeida-quebra-paradigmas-e-coloca-manaus-entre-os-destinos-turisticos-mais-procurados-do-norte-nordeste\/\" \/>\n<meta property=\"og:site_name\" content=\"MANAUSCULT\" \/>\n<meta property=\"article:published_time\" content=\"2023-10-04T01:43:46+00:00\" \/>\n<meta property=\"article:modified_time\" content=\"2023-10-04T01:43:49+00:00\" \/>\n<meta property=\"og:image\" content=\"https:\/\/www.manaus.am.gov.br\/manauscult\/wp-content\/uploads\/sites\/11\/2023\/10\/WhatsApp-Image-2023-10-03-at-18.42.35.jpeg\" \/>\n\t<meta property=\"og:image:width\" content=\"1600\" \/>\n\t<meta property=\"og:image:height\" content=\"1200\" \/>\n\t<meta property=\"og:image:type\" content=\"image\/jpeg\" \/>\n<meta name=\"author\" content=\"Renata Felix\" \/>\n<meta name=\"twitter:card\" content=\"summary_large_image\" \/>\n<meta name=\"twitter:label1\" content=\"Written by\" \/>\n\t<meta name=\"twitter:data1\" content=\"Renata Felix\" \/>\n\t<meta name=\"twitter:label2\" content=\"Est. reading time\" \/>\n\t<meta name=\"twitter:data2\" content=\"4 minutos\" \/>\n<script type=\"application\/ld+json\" class=\"yoast-schema-graph\">{\"@context\":\"https:\/\/schema.org\",\"@graph\":[{\"@type\":\"WebPage\",\"@id\":\"https:\/\/www.manaus.am.gov.br\/manauscult\/gestao-david-almeida-quebra-paradigmas-e-coloca-manaus-entre-os-destinos-turisticos-mais-procurados-do-norte-nordeste\/\",\"url\":\"https:\/\/www.manaus.am.gov.br\/manauscult\/gestao-david-almeida-quebra-paradigmas-e-coloca-manaus-entre-os-destinos-turisticos-mais-procurados-do-norte-nordeste\/\",\"name\":\"Gest\u00e3o David Almeida quebra paradigmas e coloca Manaus entre os destinos tur\u00edsticos mais procurados do Norte\/Nordeste - MANAUSCULT\",\"isPartOf\":{\"@id\":\"https:\/\/www.manaus.am.gov.br\/manauscult\/#website\"},\"primaryImageOfPage\":{\"@id\":\"https:\/\/www.manaus.am.gov.br\/manauscult\/gestao-david-almeida-quebra-paradigmas-e-coloca-manaus-entre-os-destinos-turisticos-mais-procurados-do-norte-nordeste\/#primaryimage\"},\"image\":{\"@id\":\"https:\/\/www.manaus.am.gov.br\/manauscult\/gestao-david-almeida-quebra-paradigmas-e-coloca-manaus-entre-os-destinos-turisticos-mais-procurados-do-norte-nordeste\/#primaryimage\"},\"thumbnailUrl\":\"https:\/\/www.manaus.am.gov.br\/manauscult\/wp-content\/uploads\/sites\/11\/2023\/10\/WhatsApp-Image-2023-10-03-at-18.42.35.jpeg\",\"datePublished\":\"2023-10-04T01:43:46+00:00\",\"dateModified\":\"2023-10-04T01:43:49+00:00\",\"author\":{\"@id\":\"https:\/\/www.manaus.am.gov.br\/manauscult\/#\/schema\/person\/4eea2a8f78dc853097abb026f728aa06\"},\"breadcrumb\":{\"@id\":\"https:\/\/www.manaus.am.gov.br\/manauscult\/gestao-david-almeida-quebra-paradigmas-e-coloca-manaus-entre-os-destinos-turisticos-mais-procurados-do-norte-nordeste\/#breadcrumb\"},\"inLanguage\":\"pt-BR\",\"potentialAction\":[{\"@type\":\"ReadAction\",\"target\":[\"https:\/\/www.manaus.am.gov.br\/manauscult\/gestao-david-almeida-quebra-paradigmas-e-coloca-manaus-entre-os-destinos-turisticos-mais-procurados-do-norte-nordeste\/\"]}]},{\"@type\":\"ImageObject\",\"inLanguage\":\"pt-BR\",\"@id\":\"https:\/\/www.manaus.am.gov.br\/manauscult\/gestao-david-almeida-quebra-paradigmas-e-coloca-manaus-entre-os-destinos-turisticos-mais-procurados-do-norte-nordeste\/#primaryimage\",\"url\":\"https:\/\/www.manaus.am.gov.br\/manauscult\/wp-content\/uploads\/sites\/11\/2023\/10\/WhatsApp-Image-2023-10-03-at-18.42.35.jpeg\",\"contentUrl\":\"https:\/\/www.manaus.am.gov.br\/manauscult\/wp-content\/uploads\/sites\/11\/2023\/10\/WhatsApp-Image-2023-10-03-at-18.42.35.jpeg\",\"width\":1600,\"height\":1200},{\"@type\":\"BreadcrumbList\",\"@id\":\"https:\/\/www.manaus.am.gov.br\/manauscult\/gestao-david-almeida-quebra-paradigmas-e-coloca-manaus-entre-os-destinos-turisticos-mais-procurados-do-norte-nordeste\/#breadcrumb\",\"itemListElement\":[{\"@type\":\"ListItem\",\"position\":1,\"name\":\"Home\",\"item\":\"https:\/\/www.manaus.am.gov.br\/manauscult\/\"},{\"@type\":\"ListItem\",\"position\":2,\"name\":\"Gest\u00e3o David Almeida quebra paradigmas e coloca Manaus entre os destinos tur\u00edsticos mais procurados do Norte\/Nordeste\"}]},{\"@type\":\"WebSite\",\"@id\":\"https:\/\/www.manaus.am.gov.br\/manauscult\/#website\",\"url\":\"https:\/\/www.manaus.am.gov.br\/manauscult\/\",\"name\":\"MANAUSCULT\",\"description\":\"Prefeitura de Manaus\",\"potentialAction\":[{\"@type\":\"SearchAction\",\"target\":{\"@type\":\"EntryPoint\",\"urlTemplate\":\"https:\/\/www.manaus.am.gov.br\/manauscult\/?s={search_term_string}\"},\"query-input\":\"required name=search_term_string\"}],\"inLanguage\":\"pt-BR\"},{\"@type\":\"Person\",\"@id\":\"https:\/\/www.manaus.am.gov.br\/manauscult\/#\/schema\/person\/4eea2a8f78dc853097abb026f728aa06\",\"name\":\"Renata Felix\",\"image\":{\"@type\":\"ImageObject\",\"inLanguage\":\"pt-BR\",\"@id\":\"https:\/\/www.manaus.am.gov.br\/manauscult\/#\/schema\/person\/image\/\",\"url\":\"https:\/\/secure.gravatar.com\/avatar\/3c196cf9d3b837b24c8edb2c50fd8f29?s=96&d=mm&r=g\",\"contentUrl\":\"https:\/\/secure.gravatar.com\/avatar\/3c196cf9d3b837b24c8edb2c50fd8f29?s=96&d=mm&r=g\",\"caption\":\"Renata Felix\"}}]}<\/script>\n<!-- \/ Yoast SEO plugin. -->","yoast_head_json":{"title":"Gest\u00e3o David Almeida quebra paradigmas e coloca Manaus entre os destinos tur\u00edsticos mais procurados do Norte\/Nordeste - MANAUSCULT","robots":{"index":"noindex","follow":"follow"},"og_locale":"pt_BR","og_type":"article","og_title":"Gest\u00e3o David Almeida quebra paradigmas e coloca Manaus entre os destinos tur\u00edsticos mais procurados do Norte\/Nordeste - MANAUSCULT","og_url":"https:\/\/www.manaus.am.gov.br\/manauscult\/gestao-david-almeida-quebra-paradigmas-e-coloca-manaus-entre-os-destinos-turisticos-mais-procurados-do-norte-nordeste\/","og_site_name":"MANAUSCULT","article_published_time":"2023-10-04T01:43:46+00:00","article_modified_time":"2023-10-04T01:43:49+00:00","og_image":[{"width":1600,"height":1200,"url":"https:\/\/www.manaus.am.gov.br\/manauscult\/wp-content\/uploads\/sites\/11\/2023\/10\/WhatsApp-Image-2023-10-03-at-18.42.35.jpeg","type":"image\/jpeg"}],"author":"Renata Felix","twitter_card":"summary_large_image","twitter_misc":{"Written by":"Renata Felix","Est. reading time":"4 minutos"},"schema":{"@context":"https:\/\/schema.org","@graph":[{"@type":"WebPage","@id":"https:\/\/www.manaus.am.gov.br\/manauscult\/gestao-david-almeida-quebra-paradigmas-e-coloca-manaus-entre-os-destinos-turisticos-mais-procurados-do-norte-nordeste\/","url":"https:\/\/www.manaus.am.gov.br\/manauscult\/gestao-david-almeida-quebra-paradigmas-e-coloca-manaus-entre-os-destinos-turisticos-mais-procurados-do-norte-nordeste\/","name":"Gest\u00e3o David Almeida quebra paradigmas e coloca Manaus entre os destinos tur\u00edsticos mais procurados do Norte\/Nordeste - MANAUSCULT","isPartOf":{"@id":"https:\/\/www.manaus.am.gov.br\/manauscult\/#website"},"primaryImageOfPage":{"@id":"https:\/\/www.manaus.am.gov.br\/manauscult\/gestao-david-almeida-quebra-paradigmas-e-coloca-manaus-entre-os-destinos-turisticos-mais-procurados-do-norte-nordeste\/#primaryimage"},"image":{"@id":"https:\/\/www.manaus.am.gov.br\/manauscult\/gestao-david-almeida-quebra-paradigmas-e-coloca-manaus-entre-os-destinos-turisticos-mais-procurados-do-norte-nordeste\/#primaryimage"},"thumbnailUrl":"https:\/\/www.manaus.am.gov.br\/manauscult\/wp-content\/uploads\/sites\/11\/2023\/10\/WhatsApp-Image-2023-10-03-at-18.42.35.jpeg","datePublished":"2023-10-04T01:43:46+00:00","dateModified":"2023-10-04T01:43:49+00:00","author":{"@id":"https:\/\/www.manaus.am.gov.br\/manauscult\/#\/schema\/person\/4eea2a8f78dc853097abb026f728aa06"},"breadcrumb":{"@id":"https:\/\/www.manaus.am.gov.br\/manauscult\/gestao-david-almeida-quebra-paradigmas-e-coloca-manaus-entre-os-destinos-turisticos-mais-procurados-do-norte-nordeste\/#breadcrumb"},"inLanguage":"pt-BR","potentialAction":[{"@type":"ReadAction","target":["https:\/\/www.manaus.am.gov.br\/manauscult\/gestao-david-almeida-quebra-paradigmas-e-coloca-manaus-entre-os-destinos-turisticos-mais-procurados-do-norte-nordeste\/"]}]},{"@type":"ImageObject","inLanguage":"pt-BR","@id":"https:\/\/www.manaus.am.gov.br\/manauscult\/gestao-david-almeida-quebra-paradigmas-e-coloca-manaus-entre-os-destinos-turisticos-mais-procurados-do-norte-nordeste\/#primaryimage","url":"https:\/\/www.manaus.am.gov.br\/manauscult\/wp-content\/uploads\/sites\/11\/2023\/10\/WhatsApp-Image-2023-10-03-at-18.42.35.jpeg","contentUrl":"https:\/\/www.manaus.am.gov.br\/manauscult\/wp-content\/uploads\/sites\/11\/2023\/10\/WhatsApp-Image-2023-10-03-at-18.42.35.jpeg","width":1600,"height":1200},{"@type":"BreadcrumbList","@id":"https:\/\/www.manaus.am.gov.br\/manauscult\/gestao-david-almeida-quebra-paradigmas-e-coloca-manaus-entre-os-destinos-turisticos-mais-procurados-do-norte-nordeste\/#breadcrumb","itemListElement":[{"@type":"ListItem","position":1,"name":"Home","item":"https:\/\/www.manaus.am.gov.br\/manauscult\/"},{"@type":"ListItem","position":2,"name":"Gest\u00e3o David Almeida quebra paradigmas e coloca Manaus entre os destinos tur\u00edsticos mais procurados do Norte\/Nordeste"}]},{"@type":"WebSite","@id":"https:\/\/www.manaus.am.gov.br\/manauscult\/#website","url":"https:\/\/www.manaus.am.gov.br\/manauscult\/","name":"MANAUSCULT","description":"Prefeitura de Manaus","potentialAction":[{"@type":"SearchAction","target":{"@type":"EntryPoint","urlTemplate":"https:\/\/www.manaus.am.gov.br\/manauscult\/?s={search_term_string}"},"query-input":"required name=search_term_string"}],"inLanguage":"pt-BR"},{"@type":"Person","@id":"https:\/\/www.manaus.am.gov.br\/manauscult\/#\/schema\/person\/4eea2a8f78dc853097abb026f728aa06","name":"Renata Felix","image":{"@type":"ImageObject","inLanguage":"pt-BR","@id":"https:\/\/www.manaus.am.gov.br\/manauscult\/#\/schema\/person\/image\/","url":"https:\/\/secure.gravatar.com\/avatar\/3c196cf9d3b837b24c8edb2c50fd8f29?s=96&d=mm&r=g","contentUrl":"https:\/\/secure.gravatar.com\/avatar\/3c196cf9d3b837b24c8edb2c50fd8f29?s=96&d=mm&r=g","caption":"Renata Felix"}}]}},"_links":{"self":[{"href":"https:\/\/www.manaus.am.gov.br\/manauscult\/wp-json\/wp\/v2\/posts\/1593"}],"collection":[{"href":"https:\/\/www.manaus.am.gov.br\/manauscult\/wp-json\/wp\/v2\/posts"}],"about":[{"href":"https:\/\/www.manaus.am.gov.br\/manauscult\/wp-json\/wp\/v2\/types\/post"}],"author":[{"embeddable":true,"href":"https:\/\/www.manaus.am.gov.br\/manauscult\/wp-json\/wp\/v2\/users\/31"}],"replies":[{"embeddable":true,"href":"https:\/\/www.manaus.am.gov.br\/manauscult\/wp-json\/wp\/v2\/comments?post=1593"}],"version-history":[{"count":0,"href":"https:\/\/www.manaus.am.gov.br\/manauscult\/wp-json\/wp\/v2\/posts\/1593\/revisions"}],"wp:featuredmedia":[{"embeddable":true,"href":"https:\/\/www.manaus.am.gov.br\/manauscult\/wp-json\/wp\/v2\/media\/1594"}],"wp:attachment":[{"href":"https:\/\/www.manaus.am.gov.br\/manauscult\/wp-json\/wp\/v2\/media?parent=1593"}],"wp:term":[{"taxonomy":"category","embeddable":true,"href":"https:\/\/www.manaus.am.gov.br\/manauscult\/wp-json\/wp\/v2\/categories?post=1593"},{"taxonomy":"post_tag","embeddable":true,"href":"https:\/\/www.manaus.am.gov.br\/manauscult\/wp-json\/wp\/v2\/tags?post=1593"}],"curies":[{"name":"wp","href":"https:\/\/api.w.org\/{rel}","templated":true}]}}