{"id":1589,"date":"2023-10-03T20:51:47","date_gmt":"2023-10-04T00:51:47","guid":{"rendered":"https:\/\/www.manaus.am.gov.br\/manauscult\/mostra-de-arte-indigena-abre-comemoracoes-do-aniversario-de-354-anos-de-manaus\/"},"modified":"2023-10-03T20:51:47","modified_gmt":"2023-10-04T00:51:47","slug":"mostra-de-arte-indigena-abre-comemoracoes-do-aniversario-de-354-anos-de-manaus","status":"publish","type":"post","link":"https:\/\/www.manaus.am.gov.br\/manauscult\/mostra-de-arte-indigena-abre-comemoracoes-do-aniversario-de-354-anos-de-manaus\/","title":{"rendered":"<strong>Mostra de Arte Ind\u00edgena abre comemora\u00e7\u00f5es do anivers\u00e1rio de 354 anos de Manaus<\/strong>"},"content":{"rendered":"\n<p>A \u201c3\u00aa Mostra de Arte Ind\u00edgena: Minha Hist\u00f3ria\u201d foi aberta pela Prefeitura de Manaus, nesta ter\u00e7a-feira, 3\/9, e vai at\u00e9 o dia 27, no Pal\u00e1cio Rio Branco, no centro hist\u00f3rico. A iniciativa marca o in\u00edcio das comemora\u00e7\u00f5es do 354\u00ba anivers\u00e1rio de Manaus. O evento \u00e9 uma realiza\u00e7\u00e3o da Manauscult (Funda\u00e7\u00e3o Municipal de Cultura, Turismo e Eventos) e do Concultura (Conselho Municipal de Cultura).<\/p>\n\n\n\n<p>A mostra re\u00fane 36 obras de artes de 18 artistas ind\u00edgenas moradores de Manaus e convidados, formando um conjunto de pinturas de telas, marchetaria, arte digital, moda e artesanato, representantes ind\u00edgenas de v\u00e1rios povos como Munduruku, Tukano, Apurin\u00e3, Tikuna, Bar\u00e9,&nbsp; Dessana, Kokama, Mura, Sater\u00e9-Maw\u00e9, Tupinamb\u00e1 e Miranha.<\/p>\n\n\n\n<p>Um entusiasta da cultura e da causa ind\u00edgena, com pol\u00edticas adotadas desde os primeiros momentos da gest\u00e3o, o prefeito David Almeida, em sua mensagem destaca que a&nbsp; heran\u00e7a cultural ind\u00edgena de Manaus \u00e9 um tesouro vivo que permeia cada aspecto da vida na cidade.<\/p>\n\n\n\n<p>&#8220;A rica hist\u00f3ria das etnias que habitaram este territ\u00f3rio, antes da chegada dos colonizadores europeus, desempenhou um papel fundamental na forma\u00e7\u00e3o da identidade cultural de Manaus&#8221;.&nbsp;<\/p>\n\n\n\n<p>Para Almeida a arte ind\u00edgena \u00e9 uma faceta significativa dessa heran\u00e7a cultural.<\/p>\n\n\n\n<p>&#8220;O que objetivamos com esta 3\u00aa Mostra de Arte Ind\u00edgena \u2013 Minha Hist\u00f3ria, \u00e9 a celebra\u00e7\u00e3o da diversidade art\u00edstica e da heran\u00e7a cultural, valorizando as variadas formas de express\u00e3o art\u00edstica, dando maior visibilidade aos artistas ind\u00edgenas, gerando oportunidades para os artistas e, ao mesmo tempo, presentear o p\u00fablico com a exposi\u00e7\u00e3o de produtos culturais e art\u00edsticos de alto valor simb\u00f3lico, por meio dos quais podemos conhecer melhor a nossa hist\u00f3ria e assim compreendermos mais apropriadamente o nosso presente&#8221;, concluiu.&nbsp;<\/p>\n\n\n\n<p>O presidente da Manauscult,&nbsp; Osvaldo Cardoso, abriu oficialmente o evento, fazendo uma rever\u00eancia aos povos representados nesta mostra.<\/p>\n\n\n\n<figure class=\"wp-block-image size-full\"><img loading=\"lazy\" decoding=\"async\" width=\"799\" height=\"533\" src=\"https:\/\/www.manaus.am.gov.br\/manauscult\/wp-content\/uploads\/sites\/11\/2023\/10\/53231649542_b4d87634db_c.jpg\" alt=\"\" class=\"wp-image-1590\" srcset=\"https:\/\/www.manaus.am.gov.br\/manauscult\/wp-content\/uploads\/sites\/11\/2023\/10\/53231649542_b4d87634db_c.jpg 799w, https:\/\/www.manaus.am.gov.br\/manauscult\/wp-content\/uploads\/sites\/11\/2023\/10\/53231649542_b4d87634db_c-300x200.jpg 300w, https:\/\/www.manaus.am.gov.br\/manauscult\/wp-content\/uploads\/sites\/11\/2023\/10\/53231649542_b4d87634db_c-768x512.jpg 768w\" sizes=\"(max-width: 799px) 100vw, 799px\" \/><\/figure>\n\n\n\n<p>&#8220;Este lugar tem uma simbologia muito forte, o Pal\u00e1cio Rio Branco, em frente ao memorial ind\u00edgena. O prefeito traz o passado para o presente e aponta para o futuro. Valorizando o passado, ele reafirma o valor da cultura ancestral&#8221;.<\/p>\n\n\n\n<p>Para o presidente do Concultura,&nbsp; Ten\u00f3rio Telles, a continuidade do projeto j\u00e1 na terceira edi\u00e7\u00e3o \u00e9 um fato significativo para a cidade e para os artistas ind\u00edgenas.<\/p>\n\n\n\n<p>&#8220;\u00c9 um gesto da Prefeitura de Manaus a favor do reconhecimento de nossa ancestralidade e valoriza\u00e7\u00e3o dos fazedores de cultura dos diversos povos origin\u00e1rios que vivem em Manaus. A mostra \u00e9 um espa\u00e7o de reconhecimento dos talentos ind\u00edgenas nas artes pl\u00e1sticas, artesanato, moda, fotografia,&nbsp; entre outras express\u00f5es criativas&#8221;.<\/p>\n\n\n\n<p>Ele ainda afirma que o Concultura com esta iniciativa ajuda no projeto de resgate da mem\u00f3ria hist\u00f3rica manauara. \u201cAqui se cumpre o programa de governo do prefeito David em trabalhar para gerar renda e oportunidade aos artistas de Manaus, especialmente os ind\u00edgenas&#8221;.<\/p>\n\n\n\n<p>O vice-presidente do Concultura, Neilo Batista, ressaltou que o trabalho da gest\u00e3o de David Almeida foi voltado aos povos ind\u00edgenas desde o in\u00edcio.<\/p>\n\n\n\n<p>&#8220;Tudo come\u00e7ou com a cria\u00e7\u00e3o do Memorial Aldeia da Mem\u00f3ria Ind\u00edgena, o cemit\u00e9rio ind\u00edgena, e a preocupa\u00e7\u00e3o leg\u00edtima do prefeito David Almeida com a ancestralidade e a heran\u00e7a cultural de nossa terra e nossa gente&#8221;.<\/p>\n\n\n\n<p>O curador da terceira mostra desde a primeira edi\u00e7\u00e3o \u00e9 o professor doutor Jo\u00e3o Paulo Tucano, antrop\u00f3logo, ele relembrou que a experi\u00eancia no mundo da arte ind\u00edgena come\u00e7ou de forma inesperada e profundamente marcante.<\/p>\n\n\n\n<p>&#8220;Nunca poderia imaginar que a arte fosse uma for\u00e7a t\u00e3o poderosa capaz de derrubar os muros dos preconceitos, pavimentar novos trilhos e desvelar perspectivas renovadas na teia da exist\u00eancia humana&#8221;, escreveu em sua mensagem exposta na mostra.<\/p>\n\n\n\n<p>Ap\u00f3s a cerim\u00f4nia de abertura foi realizado um desfile de moda ind\u00edgena que integra o programa Arte &amp; Vida do plano de governo da gest\u00e3o David Almeida.<\/p>\n\n\n\n<p>A mostra coletiva est\u00e1 em sua terceira edi\u00e7\u00e3o e j\u00e1 revelou artistas ind\u00edgenas locais em n\u00edvel nacional e internacional.<\/p>\n\n\n\n<p>O grupo de estilistas e artes\u00e3s respons\u00e1veis pela parte de moda ind\u00edgena \u00e9 formado pelas artistas Seanny Oliveira (Munduruku), Mercedes Brand\u00e3o (Tukano), Nat\u00e1lia Dique (Tikuna) e Elis\u00e2ngela Oliveira (Apurin\u00e3).<\/p>\n\n\n\n<p>A estilista e artista visual, Seanne Oliveira, do povo Munduruku, destaca o acolhimento da Prefeitura ao longo das tr\u00eas edi\u00e7\u00f5es da mostra de arte ind\u00edgena, um espa\u00e7o que agrega valores da ancestralidade.<\/p>\n\n\n\n<p>&#8220;Vejo os desafios e evolu\u00e7\u00e3o no \u00e2mbito da pintura e moda, galgando passos firmes para a concretiza\u00e7\u00e3o de habilidades de cada artista. Penso que em um futuro pr\u00f3ximo teremos mais parentes participando deste evento t\u00e3o maravilhoso que a prefeitura nos proporcionou&#8221;, diz a artista que exp\u00f5e dois quadros e vestimenta na mostra.<\/p>\n\n\n\n<p>&#8212; &#8212; &#8212;<\/p>\n\n\n\n<p><strong>Texto<\/strong>&nbsp;&#8211; Crist\u00f3v\u00e3o Nonato \/ Manauscult<\/p>\n\n\n\n<p><strong>Fotos<\/strong>&nbsp;\u2013 Jo\u00e3o Viana \/ Semcom<\/p>\n\n\n\n<p>Dispon\u00edveis em &#8211;&nbsp;<a href=\"https:\/\/flic.kr\/s\/aHBqjAX8Go\" target=\"_blank\" rel=\"noreferrer noopener\">https:\/\/flic.kr\/s\/aHBqjAX8Go<\/a><\/p>\n","protected":false},"excerpt":{"rendered":"","protected":false},"author":31,"featured_media":1591,"comment_status":"closed","ping_status":"closed","sticky":false,"template":"","format":"standard","meta":{"footnotes":""},"categories":[12],"tags":[717,718,719,46],"acf":[],"yoast_head":"<!-- This site is optimized with the Yoast SEO plugin v23.0 - https:\/\/yoast.com\/wordpress\/plugins\/seo\/ -->\n<title>Mostra de Arte Ind\u00edgena abre comemora\u00e7\u00f5es do anivers\u00e1rio de 354 anos de Manaus - MANAUSCULT<\/title>\n<meta name=\"robots\" content=\"noindex, follow\" \/>\n<meta property=\"og:locale\" content=\"pt_BR\" \/>\n<meta property=\"og:type\" content=\"article\" \/>\n<meta property=\"og:title\" content=\"Mostra de Arte Ind\u00edgena abre comemora\u00e7\u00f5es do anivers\u00e1rio de 354 anos de Manaus - MANAUSCULT\" \/>\n<meta property=\"og:url\" content=\"https:\/\/www.manaus.am.gov.br\/manauscult\/mostra-de-arte-indigena-abre-comemoracoes-do-aniversario-de-354-anos-de-manaus\/\" \/>\n<meta property=\"og:site_name\" content=\"MANAUSCULT\" \/>\n<meta property=\"article:published_time\" content=\"2023-10-04T00:51:47+00:00\" \/>\n<meta property=\"og:image\" content=\"https:\/\/www.manaus.am.gov.br\/manauscult\/wp-content\/uploads\/sites\/11\/2023\/10\/53233018270_c25a5ddda7_c.jpg\" \/>\n\t<meta property=\"og:image:width\" content=\"799\" \/>\n\t<meta property=\"og:image:height\" content=\"533\" \/>\n\t<meta property=\"og:image:type\" content=\"image\/jpeg\" \/>\n<meta name=\"author\" content=\"Renata Felix\" \/>\n<meta name=\"twitter:card\" content=\"summary_large_image\" \/>\n<meta name=\"twitter:label1\" content=\"Written by\" \/>\n\t<meta name=\"twitter:data1\" content=\"Renata Felix\" \/>\n\t<meta name=\"twitter:label2\" content=\"Est. reading time\" \/>\n\t<meta name=\"twitter:data2\" content=\"5 minutos\" \/>\n<script type=\"application\/ld+json\" class=\"yoast-schema-graph\">{\"@context\":\"https:\/\/schema.org\",\"@graph\":[{\"@type\":\"WebPage\",\"@id\":\"https:\/\/www.manaus.am.gov.br\/manauscult\/mostra-de-arte-indigena-abre-comemoracoes-do-aniversario-de-354-anos-de-manaus\/\",\"url\":\"https:\/\/www.manaus.am.gov.br\/manauscult\/mostra-de-arte-indigena-abre-comemoracoes-do-aniversario-de-354-anos-de-manaus\/\",\"name\":\"Mostra de Arte Ind\u00edgena abre comemora\u00e7\u00f5es do anivers\u00e1rio de 354 anos de Manaus - MANAUSCULT\",\"isPartOf\":{\"@id\":\"https:\/\/www.manaus.am.gov.br\/manauscult\/#website\"},\"primaryImageOfPage\":{\"@id\":\"https:\/\/www.manaus.am.gov.br\/manauscult\/mostra-de-arte-indigena-abre-comemoracoes-do-aniversario-de-354-anos-de-manaus\/#primaryimage\"},\"image\":{\"@id\":\"https:\/\/www.manaus.am.gov.br\/manauscult\/mostra-de-arte-indigena-abre-comemoracoes-do-aniversario-de-354-anos-de-manaus\/#primaryimage\"},\"thumbnailUrl\":\"https:\/\/www.manaus.am.gov.br\/manauscult\/wp-content\/uploads\/sites\/11\/2023\/10\/53233018270_c25a5ddda7_c.jpg\",\"datePublished\":\"2023-10-04T00:51:47+00:00\",\"dateModified\":\"2023-10-04T00:51:47+00:00\",\"author\":{\"@id\":\"https:\/\/www.manaus.am.gov.br\/manauscult\/#\/schema\/person\/4eea2a8f78dc853097abb026f728aa06\"},\"breadcrumb\":{\"@id\":\"https:\/\/www.manaus.am.gov.br\/manauscult\/mostra-de-arte-indigena-abre-comemoracoes-do-aniversario-de-354-anos-de-manaus\/#breadcrumb\"},\"inLanguage\":\"pt-BR\",\"potentialAction\":[{\"@type\":\"ReadAction\",\"target\":[\"https:\/\/www.manaus.am.gov.br\/manauscult\/mostra-de-arte-indigena-abre-comemoracoes-do-aniversario-de-354-anos-de-manaus\/\"]}]},{\"@type\":\"ImageObject\",\"inLanguage\":\"pt-BR\",\"@id\":\"https:\/\/www.manaus.am.gov.br\/manauscult\/mostra-de-arte-indigena-abre-comemoracoes-do-aniversario-de-354-anos-de-manaus\/#primaryimage\",\"url\":\"https:\/\/www.manaus.am.gov.br\/manauscult\/wp-content\/uploads\/sites\/11\/2023\/10\/53233018270_c25a5ddda7_c.jpg\",\"contentUrl\":\"https:\/\/www.manaus.am.gov.br\/manauscult\/wp-content\/uploads\/sites\/11\/2023\/10\/53233018270_c25a5ddda7_c.jpg\",\"width\":799,\"height\":533},{\"@type\":\"BreadcrumbList\",\"@id\":\"https:\/\/www.manaus.am.gov.br\/manauscult\/mostra-de-arte-indigena-abre-comemoracoes-do-aniversario-de-354-anos-de-manaus\/#breadcrumb\",\"itemListElement\":[{\"@type\":\"ListItem\",\"position\":1,\"name\":\"Home\",\"item\":\"https:\/\/www.manaus.am.gov.br\/manauscult\/\"},{\"@type\":\"ListItem\",\"position\":2,\"name\":\"Mostra de Arte Ind\u00edgena abre comemora\u00e7\u00f5es do anivers\u00e1rio de 354 anos de Manaus\"}]},{\"@type\":\"WebSite\",\"@id\":\"https:\/\/www.manaus.am.gov.br\/manauscult\/#website\",\"url\":\"https:\/\/www.manaus.am.gov.br\/manauscult\/\",\"name\":\"MANAUSCULT\",\"description\":\"Prefeitura de Manaus\",\"potentialAction\":[{\"@type\":\"SearchAction\",\"target\":{\"@type\":\"EntryPoint\",\"urlTemplate\":\"https:\/\/www.manaus.am.gov.br\/manauscult\/?s={search_term_string}\"},\"query-input\":\"required name=search_term_string\"}],\"inLanguage\":\"pt-BR\"},{\"@type\":\"Person\",\"@id\":\"https:\/\/www.manaus.am.gov.br\/manauscult\/#\/schema\/person\/4eea2a8f78dc853097abb026f728aa06\",\"name\":\"Renata Felix\",\"image\":{\"@type\":\"ImageObject\",\"inLanguage\":\"pt-BR\",\"@id\":\"https:\/\/www.manaus.am.gov.br\/manauscult\/#\/schema\/person\/image\/\",\"url\":\"https:\/\/secure.gravatar.com\/avatar\/3c196cf9d3b837b24c8edb2c50fd8f29?s=96&d=mm&r=g\",\"contentUrl\":\"https:\/\/secure.gravatar.com\/avatar\/3c196cf9d3b837b24c8edb2c50fd8f29?s=96&d=mm&r=g\",\"caption\":\"Renata Felix\"}}]}<\/script>\n<!-- \/ Yoast SEO plugin. -->","yoast_head_json":{"title":"Mostra de Arte Ind\u00edgena abre comemora\u00e7\u00f5es do anivers\u00e1rio de 354 anos de Manaus - MANAUSCULT","robots":{"index":"noindex","follow":"follow"},"og_locale":"pt_BR","og_type":"article","og_title":"Mostra de Arte Ind\u00edgena abre comemora\u00e7\u00f5es do anivers\u00e1rio de 354 anos de Manaus - MANAUSCULT","og_url":"https:\/\/www.manaus.am.gov.br\/manauscult\/mostra-de-arte-indigena-abre-comemoracoes-do-aniversario-de-354-anos-de-manaus\/","og_site_name":"MANAUSCULT","article_published_time":"2023-10-04T00:51:47+00:00","og_image":[{"width":799,"height":533,"url":"https:\/\/www.manaus.am.gov.br\/manauscult\/wp-content\/uploads\/sites\/11\/2023\/10\/53233018270_c25a5ddda7_c.jpg","type":"image\/jpeg"}],"author":"Renata Felix","twitter_card":"summary_large_image","twitter_misc":{"Written by":"Renata Felix","Est. reading time":"5 minutos"},"schema":{"@context":"https:\/\/schema.org","@graph":[{"@type":"WebPage","@id":"https:\/\/www.manaus.am.gov.br\/manauscult\/mostra-de-arte-indigena-abre-comemoracoes-do-aniversario-de-354-anos-de-manaus\/","url":"https:\/\/www.manaus.am.gov.br\/manauscult\/mostra-de-arte-indigena-abre-comemoracoes-do-aniversario-de-354-anos-de-manaus\/","name":"Mostra de Arte Ind\u00edgena abre comemora\u00e7\u00f5es do anivers\u00e1rio de 354 anos de Manaus - MANAUSCULT","isPartOf":{"@id":"https:\/\/www.manaus.am.gov.br\/manauscult\/#website"},"primaryImageOfPage":{"@id":"https:\/\/www.manaus.am.gov.br\/manauscult\/mostra-de-arte-indigena-abre-comemoracoes-do-aniversario-de-354-anos-de-manaus\/#primaryimage"},"image":{"@id":"https:\/\/www.manaus.am.gov.br\/manauscult\/mostra-de-arte-indigena-abre-comemoracoes-do-aniversario-de-354-anos-de-manaus\/#primaryimage"},"thumbnailUrl":"https:\/\/www.manaus.am.gov.br\/manauscult\/wp-content\/uploads\/sites\/11\/2023\/10\/53233018270_c25a5ddda7_c.jpg","datePublished":"2023-10-04T00:51:47+00:00","dateModified":"2023-10-04T00:51:47+00:00","author":{"@id":"https:\/\/www.manaus.am.gov.br\/manauscult\/#\/schema\/person\/4eea2a8f78dc853097abb026f728aa06"},"breadcrumb":{"@id":"https:\/\/www.manaus.am.gov.br\/manauscult\/mostra-de-arte-indigena-abre-comemoracoes-do-aniversario-de-354-anos-de-manaus\/#breadcrumb"},"inLanguage":"pt-BR","potentialAction":[{"@type":"ReadAction","target":["https:\/\/www.manaus.am.gov.br\/manauscult\/mostra-de-arte-indigena-abre-comemoracoes-do-aniversario-de-354-anos-de-manaus\/"]}]},{"@type":"ImageObject","inLanguage":"pt-BR","@id":"https:\/\/www.manaus.am.gov.br\/manauscult\/mostra-de-arte-indigena-abre-comemoracoes-do-aniversario-de-354-anos-de-manaus\/#primaryimage","url":"https:\/\/www.manaus.am.gov.br\/manauscult\/wp-content\/uploads\/sites\/11\/2023\/10\/53233018270_c25a5ddda7_c.jpg","contentUrl":"https:\/\/www.manaus.am.gov.br\/manauscult\/wp-content\/uploads\/sites\/11\/2023\/10\/53233018270_c25a5ddda7_c.jpg","width":799,"height":533},{"@type":"BreadcrumbList","@id":"https:\/\/www.manaus.am.gov.br\/manauscult\/mostra-de-arte-indigena-abre-comemoracoes-do-aniversario-de-354-anos-de-manaus\/#breadcrumb","itemListElement":[{"@type":"ListItem","position":1,"name":"Home","item":"https:\/\/www.manaus.am.gov.br\/manauscult\/"},{"@type":"ListItem","position":2,"name":"Mostra de Arte Ind\u00edgena abre comemora\u00e7\u00f5es do anivers\u00e1rio de 354 anos de Manaus"}]},{"@type":"WebSite","@id":"https:\/\/www.manaus.am.gov.br\/manauscult\/#website","url":"https:\/\/www.manaus.am.gov.br\/manauscult\/","name":"MANAUSCULT","description":"Prefeitura de Manaus","potentialAction":[{"@type":"SearchAction","target":{"@type":"EntryPoint","urlTemplate":"https:\/\/www.manaus.am.gov.br\/manauscult\/?s={search_term_string}"},"query-input":"required name=search_term_string"}],"inLanguage":"pt-BR"},{"@type":"Person","@id":"https:\/\/www.manaus.am.gov.br\/manauscult\/#\/schema\/person\/4eea2a8f78dc853097abb026f728aa06","name":"Renata Felix","image":{"@type":"ImageObject","inLanguage":"pt-BR","@id":"https:\/\/www.manaus.am.gov.br\/manauscult\/#\/schema\/person\/image\/","url":"https:\/\/secure.gravatar.com\/avatar\/3c196cf9d3b837b24c8edb2c50fd8f29?s=96&d=mm&r=g","contentUrl":"https:\/\/secure.gravatar.com\/avatar\/3c196cf9d3b837b24c8edb2c50fd8f29?s=96&d=mm&r=g","caption":"Renata Felix"}}]}},"_links":{"self":[{"href":"https:\/\/www.manaus.am.gov.br\/manauscult\/wp-json\/wp\/v2\/posts\/1589"}],"collection":[{"href":"https:\/\/www.manaus.am.gov.br\/manauscult\/wp-json\/wp\/v2\/posts"}],"about":[{"href":"https:\/\/www.manaus.am.gov.br\/manauscult\/wp-json\/wp\/v2\/types\/post"}],"author":[{"embeddable":true,"href":"https:\/\/www.manaus.am.gov.br\/manauscult\/wp-json\/wp\/v2\/users\/31"}],"replies":[{"embeddable":true,"href":"https:\/\/www.manaus.am.gov.br\/manauscult\/wp-json\/wp\/v2\/comments?post=1589"}],"version-history":[{"count":1,"href":"https:\/\/www.manaus.am.gov.br\/manauscult\/wp-json\/wp\/v2\/posts\/1589\/revisions"}],"predecessor-version":[{"id":1592,"href":"https:\/\/www.manaus.am.gov.br\/manauscult\/wp-json\/wp\/v2\/posts\/1589\/revisions\/1592"}],"wp:featuredmedia":[{"embeddable":true,"href":"https:\/\/www.manaus.am.gov.br\/manauscult\/wp-json\/wp\/v2\/media\/1591"}],"wp:attachment":[{"href":"https:\/\/www.manaus.am.gov.br\/manauscult\/wp-json\/wp\/v2\/media?parent=1589"}],"wp:term":[{"taxonomy":"category","embeddable":true,"href":"https:\/\/www.manaus.am.gov.br\/manauscult\/wp-json\/wp\/v2\/categories?post=1589"},{"taxonomy":"post_tag","embeddable":true,"href":"https:\/\/www.manaus.am.gov.br\/manauscult\/wp-json\/wp\/v2\/tags?post=1589"}],"curies":[{"name":"wp","href":"https:\/\/api.w.org\/{rel}","templated":true}]}}