{"id":1577,"date":"2023-09-28T10:42:25","date_gmt":"2023-09-28T14:42:25","guid":{"rendered":"https:\/\/www.manaus.am.gov.br\/manauscult\/prefeitura-investe-mais-de-r-240-mil-nos-premios-literarios-cidade-de-manaus\/"},"modified":"2023-09-28T10:42:25","modified_gmt":"2023-09-28T14:42:25","slug":"prefeitura-investe-mais-de-r-240-mil-nos-premios-literarios-cidade-de-manaus","status":"publish","type":"post","link":"https:\/\/www.manaus.am.gov.br\/manauscult\/prefeitura-investe-mais-de-r-240-mil-nos-premios-literarios-cidade-de-manaus\/","title":{"rendered":"<strong>Prefeitura investe mais de R$ 240 mil nos Pr\u00eamios Liter\u00e1rios Cidade de Manaus&nbsp;<\/strong>"},"content":{"rendered":"\n<figure class=\"wp-block-image size-full\"><img decoding=\"async\" src=\"https:\/\/www.manaus.am.gov.br\/wp-content\/uploads\/2023\/09\/selo1000dias.png\" alt=\"\" class=\"wp-image-227963\" \/><\/figure>\n\n\n\n<p>Considerado um dos mais importantes do pa\u00eds, o edital \u2018Pr\u00eamios Liter\u00e1rios Cidade de Manaus\u2019 ganhou notoriedade e representatividade nos 1.000 dias de gest\u00e3o do prefeito David Almeida, alcan\u00e7ando a marca de 2.243 inscri\u00e7\u00f5es de artistas de todo o pa\u00eds e investimentos de R$ 240 mil. O pr\u00eamio \u00e9 realizado pela Prefeitura de Manaus, por meio da Funda\u00e7\u00e3o Municipal de Cultura, Turismo e Eventos (Manauscult) e pelo Conselho Municipal de Cultura (Concultura).<\/p>\n\n\n\n<p>Na \u00e1rea da cultura, a prefeitura tamb\u00e9m j\u00e1 beneficiou mais de 10,6 mil artistas com patroc\u00ednio de obras e forma\u00e7\u00e3o de novos artistas, al\u00e9m de fomentar o empreendedorismo cultural com os editais formativos \u201cManaus Faz Cultura\u201d, \u201cManaus Pr\u00f3-Cultura\u201d e a \u201cLei Paulo Gustavo\u201d, nos tr\u00eas anos da atual gest\u00e3o. Tamb\u00e9m incentiva artistas e fomenta a cultura local, com o Plano Municipal de Cultura, inserindo Manaus no Sistema Nacional de Cultura (SNC), um marco na hist\u00f3ria cultural da cidade, dentre outras a\u00e7\u00f5es.<\/p>\n\n\n\n<p>As inova\u00e7\u00f5es em 2023 contam com reajuste no valor dos pr\u00eamios, passando de R$ 3 mil e R$ 5 mil para R$ 8 mil por obra; cria\u00e7\u00e3o de uma nova categoria regional: o pr\u00eamio Djalma Batista, destinado ao melhor texto de tem\u00e1tica amaz\u00f4nica, al\u00e9m disso, todas as obras ser\u00e3o impressas, n\u00e3o apenas as vencedoras.<\/p>\n\n\n\n<p>Este ano, as obras vencedoras de 2021 foram impressas e publicadas pela prefeitura de Manaus e os artistas\/escritores participaram de uma noite de aut\u00f3grafos. A tiragem inicial das obras impressas foi de 200 exemplares, das quais 10% ficam com os autores e 50% ser\u00e3o distribu\u00eddos pela Secretaria Municipal de Educa\u00e7\u00e3o (Semed) \u00e0s escolas e bibliotecas p\u00fablicas.<\/p>\n\n\n\n<figure class=\"wp-block-image size-full\"><img loading=\"lazy\" decoding=\"async\" width=\"799\" height=\"533\" src=\"https:\/\/www.manaus.am.gov.br\/manauscult\/wp-content\/uploads\/sites\/11\/2023\/09\/53121915539_10f415a1cf_c.jpg\" alt=\"\" class=\"wp-image-1580\" srcset=\"https:\/\/www.manaus.am.gov.br\/manauscult\/wp-content\/uploads\/sites\/11\/2023\/09\/53121915539_10f415a1cf_c.jpg 799w, https:\/\/www.manaus.am.gov.br\/manauscult\/wp-content\/uploads\/sites\/11\/2023\/09\/53121915539_10f415a1cf_c-300x200.jpg 300w, https:\/\/www.manaus.am.gov.br\/manauscult\/wp-content\/uploads\/sites\/11\/2023\/09\/53121915539_10f415a1cf_c-768x512.jpg 768w\" sizes=\"(max-width: 799px) 100vw, 799px\" \/><\/figure>\n\n\n\n<p>Uma das beneficiadas com o edital, a poetisa Grace Cordeiro, autora do livro \u201cSublingual: Cactos flutuantes\u201d, falou da import\u00e2ncia e da valoriza\u00e7\u00e3o que a gest\u00e3o do prefeito David Almeida est\u00e1 dando \u00e0 cultura e aos artistas.<\/p>\n\n\n\n<p>\u201c\u00c9 muito bom esse di\u00e1logo entre a gest\u00e3o do prefeito David Almeida, da prefeitura com os artistas. \u00c9 a valoriza\u00e7\u00e3o do artista e da cultura. \u00c9 muito bom estar ampliando os espa\u00e7os culturais e as oportunidades para os artistas. Valorizando e dando-lhes um meio de sobreviv\u00eancia e visibilidade diante da popula\u00e7\u00e3o, do pa\u00eds e do mundo\u201d, disse a poetisa.<\/p>\n\n\n\n<p>Sobre sua obra, ela comenta: \u201c\u00c9 uma homenagem ao feminino, \u00e0s artistas, \u00e0s escritoras, \u00e0s fil\u00f3sofas que me influenciaram, um resultado de 20 anos, desde quando eu participava do grupo de haicai Sama\u00fama, da Rosa Clemente e Anibal Be\u00e7a\u201d.<\/p>\n\n\n\n<p><strong>Valoriza\u00e7\u00e3o dos artistas<\/strong><\/p>\n\n\n\n<p>Para o prefeito David Almeida, o edital Pr\u00eamios Cidades de Manaus resgata a autoestima, principalmente, dos artistas amazonenses que concorrem com escritores de todo o pa\u00eds.<\/p>\n\n\n\n<p>\u201cN\u00f3s queremos valorizar cada vez mais os nossos artistas, nossos escritores, nossa cultura. E o Pr\u00eamio Cidade de Manaus faz um resgate, principalmente, da autonomia e da autoestima dos nossos escritores que sofreram muito com a pandemia. Foi uma das categorias mais afetadas financeiramente e agora n\u00f3s estamos vivendo um novo momento na cultura da nossa cidade\u201d, ressaltou o prefeito<\/p>\n\n\n\n<p>O diretor-presidente da Manauscult, Osvaldo Cardoso, destacou que a cultura de Manaus ganhou um novo olhar da gest\u00e3o do prefeito David Almeida e que \u201c Os Pr\u00eamios Liter\u00e1rios\u201d \u00e9 mais uma a\u00e7\u00e3o de fomento e fortalecimento da cultura, tanto em Manaus quanto no Brasil.<\/p>\n\n\n\n<p>\u201cO trabalho do prefeito David Almeida com a cultura, com os artistas, n\u00e3o est\u00e1 apenas no discurso, mas na pr\u00e1tica. Com esse projeto, conseguimos fortalecer n\u00e3o apenas os nossos artistas locais, mas tamb\u00e9m fomentar a literatura em n\u00edvel nacional. Essa \u00e9 uma, dentre diversas a\u00e7\u00f5es para o setor da cultura, seguindo orienta\u00e7\u00e3o do prefeito David Almeida de fortalecer esse segmento\u201d, afirmou Cardoso.<\/p>\n\n\n\n<figure class=\"wp-block-image size-full\"><img loading=\"lazy\" decoding=\"async\" width=\"799\" height=\"533\" src=\"https:\/\/www.manaus.am.gov.br\/manauscult\/wp-content\/uploads\/sites\/11\/2023\/09\/53122200053_3edb943ef1_c.jpg\" alt=\"\" class=\"wp-image-1579\" srcset=\"https:\/\/www.manaus.am.gov.br\/manauscult\/wp-content\/uploads\/sites\/11\/2023\/09\/53122200053_3edb943ef1_c.jpg 799w, https:\/\/www.manaus.am.gov.br\/manauscult\/wp-content\/uploads\/sites\/11\/2023\/09\/53122200053_3edb943ef1_c-300x200.jpg 300w, https:\/\/www.manaus.am.gov.br\/manauscult\/wp-content\/uploads\/sites\/11\/2023\/09\/53122200053_3edb943ef1_c-768x512.jpg 768w\" sizes=\"(max-width: 799px) 100vw, 799px\" \/><\/figure>\n\n\n\n<p>De acordo com o presidente do Concultura, Ten\u00f3rio Telles, a Prefeitura de Manaus segue trabalhando com o prop\u00f3sito de promover a cultura na cidade de Manaus, valorizando as diversas express\u00f5es art\u00edsticas.<\/p>\n\n\n\n<p>\u201cEsse trabalho \u00e9 uma evid\u00eancia do compromisso da gest\u00e3o com o segmento da literatura. Foi como um concurso nacional, com ampla participa\u00e7\u00e3o de escritores de todas as regi\u00f5es e que ajuda significativamente na promo\u00e7\u00e3o e divulga\u00e7\u00e3o nacional da cidade de Manaus\u201d, disse.<\/p>\n\n\n\n<p><strong>N\u00fameros<\/strong><\/p>\n\n\n\n<p>Antes da atual gest\u00e3o, o \u2018Pr\u00eamios Liter\u00e1rios Cidade de Manaus\u2019 estava suspenso. Em 2021, bateu recorde de inscri\u00e7\u00f5es, desde que foi criado, alcan\u00e7ando 876 concorrentes.&nbsp;<\/p>\n\n\n\n<p>Em 2022, foram 676 inscritos, obtendo a maior presen\u00e7a de escritores do Amazonas (170), superando os Estados de S\u00e3o Paulo (123), Minas Gerais (62) e Rio de Janeiro (55) &#8211; Entre os nove premiados, tr\u00eas foram de amazonenses.<\/p>\n\n\n\n<figure class=\"wp-block-image size-full\"><img loading=\"lazy\" decoding=\"async\" width=\"799\" height=\"533\" src=\"https:\/\/www.manaus.am.gov.br\/manauscult\/wp-content\/uploads\/sites\/11\/2023\/09\/53122200478_58dcdb3b3b_c.jpg\" alt=\"\" class=\"wp-image-1578\" srcset=\"https:\/\/www.manaus.am.gov.br\/manauscult\/wp-content\/uploads\/sites\/11\/2023\/09\/53122200478_58dcdb3b3b_c.jpg 799w, https:\/\/www.manaus.am.gov.br\/manauscult\/wp-content\/uploads\/sites\/11\/2023\/09\/53122200478_58dcdb3b3b_c-300x200.jpg 300w, https:\/\/www.manaus.am.gov.br\/manauscult\/wp-content\/uploads\/sites\/11\/2023\/09\/53122200478_58dcdb3b3b_c-768x512.jpg 768w\" sizes=\"(max-width: 799px) 100vw, 799px\" \/><\/figure>\n\n\n\n<p>J\u00e1 em 2023, o edital alcan\u00e7ou 691 inscritos e superou o n\u00famero de 2022, com 181 obras de escritores amazonenses, superando S\u00e3o Paulo (108); Rio de Janeiro (71) e Minas Gerais (56).<\/p>\n\n\n\n<p>Outros Estados: Bahia, com 37 inscritos; Cear\u00e1, com 29; Rio Grande do Sul, com 26; Distrito Federal, com 19; Pernambuco, com 18; Santa Catarina, com 18; Par\u00e1, com 15; Goi\u00e1s, com 13; Maranh\u00e3o, com 12; Para\u00edba, com 8; Mato Grosso, com 3; Mato Grosso do Sul, com 3; Tocantins, com 2; Alagoas, com 1; e Sergipe, com 1.<\/p>\n\n\n\n<p>Este ano, as categorias mais procuradas pelos escritores foram poesia; literatura infantojuvenil, romance ou novela; contos; teatro; cr\u00f4nicas; tem\u00e1tica amaz\u00f4nica; ensaio; mem\u00f3ria e jornalismo liter\u00e1rio e ensaios de tradi\u00e7\u00f5es populares.<\/p>\n\n\n\n<p>&#8212;-<\/p>\n\n\n\n<p><strong>Texto \u2013 <\/strong>Moara Cabral \/<strong> <\/strong>Manauscult<\/p>\n\n\n\n<p><strong>Fotos &#8211; <\/strong>Cl\u00f3vis Miranda \/ Semcom<\/p>\n","protected":false},"excerpt":{"rendered":"","protected":false},"author":52,"featured_media":1581,"comment_status":"closed","ping_status":"closed","sticky":false,"template":"","format":"standard","meta":{"footnotes":""},"categories":[686],"tags":[47,9,11,712],"acf":[],"yoast_head":"<!-- This site is optimized with the Yoast SEO plugin v23.0 - https:\/\/yoast.com\/wordpress\/plugins\/seo\/ -->\n<title>Prefeitura investe mais de R$ 240 mil nos Pr\u00eamios Liter\u00e1rios Cidade de Manaus\u00a0<\/title>\n<meta name=\"description\" content=\"Considerado um dos mais importantes do pa\u00eds, o edital \u2018Pr\u00eamios Liter\u00e1rios Cidade de Manaus\u2019 ganhou notoriedade.\" \/>\n<meta name=\"robots\" content=\"noindex, follow\" \/>\n<meta property=\"og:locale\" content=\"pt_BR\" \/>\n<meta property=\"og:type\" content=\"article\" \/>\n<meta property=\"og:title\" content=\"Prefeitura investe mais de R$ 240 mil nos Pr\u00eamios Liter\u00e1rios Cidade de Manaus\u00a0\" \/>\n<meta property=\"og:description\" content=\"Considerado um dos mais importantes do pa\u00eds, o edital \u2018Pr\u00eamios Liter\u00e1rios Cidade de Manaus\u2019 ganhou notoriedade.\" \/>\n<meta property=\"og:url\" content=\"https:\/\/www.manaus.am.gov.br\/manauscult\/prefeitura-investe-mais-de-r-240-mil-nos-premios-literarios-cidade-de-manaus\/\" \/>\n<meta property=\"og:site_name\" content=\"MANAUSCULT\" \/>\n<meta property=\"article:published_time\" content=\"2023-09-28T14:42:25+00:00\" \/>\n<meta property=\"og:image\" content=\"https:\/\/www.manaus.am.gov.br\/manauscult\/wp-content\/uploads\/sites\/11\/2023\/09\/cb5225dc-12e1-41ee-b1ab-b98d12e37a95.jpg\" \/>\n\t<meta property=\"og:image:width\" content=\"823\" \/>\n\t<meta property=\"og:image:height\" content=\"592\" \/>\n\t<meta property=\"og:image:type\" content=\"image\/jpeg\" \/>\n<meta name=\"author\" content=\"csilveira\" \/>\n<meta name=\"twitter:card\" content=\"summary_large_image\" \/>\n<meta name=\"twitter:label1\" content=\"Written by\" \/>\n\t<meta name=\"twitter:data1\" content=\"csilveira\" \/>\n\t<meta name=\"twitter:label2\" content=\"Est. reading time\" \/>\n\t<meta name=\"twitter:data2\" content=\"6 minutos\" \/>\n<script type=\"application\/ld+json\" class=\"yoast-schema-graph\">{\"@context\":\"https:\/\/schema.org\",\"@graph\":[{\"@type\":\"WebPage\",\"@id\":\"https:\/\/www.manaus.am.gov.br\/manauscult\/prefeitura-investe-mais-de-r-240-mil-nos-premios-literarios-cidade-de-manaus\/\",\"url\":\"https:\/\/www.manaus.am.gov.br\/manauscult\/prefeitura-investe-mais-de-r-240-mil-nos-premios-literarios-cidade-de-manaus\/\",\"name\":\"Prefeitura investe mais de R$ 240 mil nos Pr\u00eamios Liter\u00e1rios Cidade de Manaus\u00a0\",\"isPartOf\":{\"@id\":\"https:\/\/www.manaus.am.gov.br\/manauscult\/#website\"},\"primaryImageOfPage\":{\"@id\":\"https:\/\/www.manaus.am.gov.br\/manauscult\/prefeitura-investe-mais-de-r-240-mil-nos-premios-literarios-cidade-de-manaus\/#primaryimage\"},\"image\":{\"@id\":\"https:\/\/www.manaus.am.gov.br\/manauscult\/prefeitura-investe-mais-de-r-240-mil-nos-premios-literarios-cidade-de-manaus\/#primaryimage\"},\"thumbnailUrl\":\"https:\/\/www.manaus.am.gov.br\/manauscult\/wp-content\/uploads\/sites\/11\/2023\/09\/cb5225dc-12e1-41ee-b1ab-b98d12e37a95.jpg\",\"datePublished\":\"2023-09-28T14:42:25+00:00\",\"dateModified\":\"2023-09-28T14:42:25+00:00\",\"author\":{\"@id\":\"https:\/\/www.manaus.am.gov.br\/manauscult\/#\/schema\/person\/bfafc779be2e19b3d3ef4a59d418b606\"},\"description\":\"Considerado um dos mais importantes do pa\u00eds, o edital \u2018Pr\u00eamios Liter\u00e1rios Cidade de Manaus\u2019 ganhou notoriedade.\",\"breadcrumb\":{\"@id\":\"https:\/\/www.manaus.am.gov.br\/manauscult\/prefeitura-investe-mais-de-r-240-mil-nos-premios-literarios-cidade-de-manaus\/#breadcrumb\"},\"inLanguage\":\"pt-BR\",\"potentialAction\":[{\"@type\":\"ReadAction\",\"target\":[\"https:\/\/www.manaus.am.gov.br\/manauscult\/prefeitura-investe-mais-de-r-240-mil-nos-premios-literarios-cidade-de-manaus\/\"]}]},{\"@type\":\"ImageObject\",\"inLanguage\":\"pt-BR\",\"@id\":\"https:\/\/www.manaus.am.gov.br\/manauscult\/prefeitura-investe-mais-de-r-240-mil-nos-premios-literarios-cidade-de-manaus\/#primaryimage\",\"url\":\"https:\/\/www.manaus.am.gov.br\/manauscult\/wp-content\/uploads\/sites\/11\/2023\/09\/cb5225dc-12e1-41ee-b1ab-b98d12e37a95.jpg\",\"contentUrl\":\"https:\/\/www.manaus.am.gov.br\/manauscult\/wp-content\/uploads\/sites\/11\/2023\/09\/cb5225dc-12e1-41ee-b1ab-b98d12e37a95.jpg\",\"width\":823,\"height\":592},{\"@type\":\"BreadcrumbList\",\"@id\":\"https:\/\/www.manaus.am.gov.br\/manauscult\/prefeitura-investe-mais-de-r-240-mil-nos-premios-literarios-cidade-de-manaus\/#breadcrumb\",\"itemListElement\":[{\"@type\":\"ListItem\",\"position\":1,\"name\":\"Home\",\"item\":\"https:\/\/www.manaus.am.gov.br\/manauscult\/\"},{\"@type\":\"ListItem\",\"position\":2,\"name\":\"Prefeitura investe mais de R$ 240 mil nos Pr\u00eamios Liter\u00e1rios Cidade de Manaus&nbsp;\"}]},{\"@type\":\"WebSite\",\"@id\":\"https:\/\/www.manaus.am.gov.br\/manauscult\/#website\",\"url\":\"https:\/\/www.manaus.am.gov.br\/manauscult\/\",\"name\":\"MANAUSCULT\",\"description\":\"Prefeitura de Manaus\",\"potentialAction\":[{\"@type\":\"SearchAction\",\"target\":{\"@type\":\"EntryPoint\",\"urlTemplate\":\"https:\/\/www.manaus.am.gov.br\/manauscult\/?s={search_term_string}\"},\"query-input\":\"required name=search_term_string\"}],\"inLanguage\":\"pt-BR\"},{\"@type\":\"Person\",\"@id\":\"https:\/\/www.manaus.am.gov.br\/manauscult\/#\/schema\/person\/bfafc779be2e19b3d3ef4a59d418b606\",\"name\":\"csilveira\",\"image\":{\"@type\":\"ImageObject\",\"inLanguage\":\"pt-BR\",\"@id\":\"https:\/\/www.manaus.am.gov.br\/manauscult\/#\/schema\/person\/image\/\",\"url\":\"https:\/\/secure.gravatar.com\/avatar\/9c2e2f00138fcd35401c748bd030d3b5?s=96&d=mm&r=g\",\"contentUrl\":\"https:\/\/secure.gravatar.com\/avatar\/9c2e2f00138fcd35401c748bd030d3b5?s=96&d=mm&r=g\",\"caption\":\"csilveira\"}}]}<\/script>\n<!-- \/ Yoast SEO plugin. -->","yoast_head_json":{"title":"Prefeitura investe mais de R$ 240 mil nos Pr\u00eamios Liter\u00e1rios Cidade de Manaus\u00a0","description":"Considerado um dos mais importantes do pa\u00eds, o edital \u2018Pr\u00eamios Liter\u00e1rios Cidade de Manaus\u2019 ganhou notoriedade.","robots":{"index":"noindex","follow":"follow"},"og_locale":"pt_BR","og_type":"article","og_title":"Prefeitura investe mais de R$ 240 mil nos Pr\u00eamios Liter\u00e1rios Cidade de Manaus\u00a0","og_description":"Considerado um dos mais importantes do pa\u00eds, o edital \u2018Pr\u00eamios Liter\u00e1rios Cidade de Manaus\u2019 ganhou notoriedade.","og_url":"https:\/\/www.manaus.am.gov.br\/manauscult\/prefeitura-investe-mais-de-r-240-mil-nos-premios-literarios-cidade-de-manaus\/","og_site_name":"MANAUSCULT","article_published_time":"2023-09-28T14:42:25+00:00","og_image":[{"width":823,"height":592,"url":"https:\/\/www.manaus.am.gov.br\/manauscult\/wp-content\/uploads\/sites\/11\/2023\/09\/cb5225dc-12e1-41ee-b1ab-b98d12e37a95.jpg","type":"image\/jpeg"}],"author":"csilveira","twitter_card":"summary_large_image","twitter_misc":{"Written by":"csilveira","Est. reading time":"6 minutos"},"schema":{"@context":"https:\/\/schema.org","@graph":[{"@type":"WebPage","@id":"https:\/\/www.manaus.am.gov.br\/manauscult\/prefeitura-investe-mais-de-r-240-mil-nos-premios-literarios-cidade-de-manaus\/","url":"https:\/\/www.manaus.am.gov.br\/manauscult\/prefeitura-investe-mais-de-r-240-mil-nos-premios-literarios-cidade-de-manaus\/","name":"Prefeitura investe mais de R$ 240 mil nos Pr\u00eamios Liter\u00e1rios Cidade de Manaus\u00a0","isPartOf":{"@id":"https:\/\/www.manaus.am.gov.br\/manauscult\/#website"},"primaryImageOfPage":{"@id":"https:\/\/www.manaus.am.gov.br\/manauscult\/prefeitura-investe-mais-de-r-240-mil-nos-premios-literarios-cidade-de-manaus\/#primaryimage"},"image":{"@id":"https:\/\/www.manaus.am.gov.br\/manauscult\/prefeitura-investe-mais-de-r-240-mil-nos-premios-literarios-cidade-de-manaus\/#primaryimage"},"thumbnailUrl":"https:\/\/www.manaus.am.gov.br\/manauscult\/wp-content\/uploads\/sites\/11\/2023\/09\/cb5225dc-12e1-41ee-b1ab-b98d12e37a95.jpg","datePublished":"2023-09-28T14:42:25+00:00","dateModified":"2023-09-28T14:42:25+00:00","author":{"@id":"https:\/\/www.manaus.am.gov.br\/manauscult\/#\/schema\/person\/bfafc779be2e19b3d3ef4a59d418b606"},"description":"Considerado um dos mais importantes do pa\u00eds, o edital \u2018Pr\u00eamios Liter\u00e1rios Cidade de Manaus\u2019 ganhou notoriedade.","breadcrumb":{"@id":"https:\/\/www.manaus.am.gov.br\/manauscult\/prefeitura-investe-mais-de-r-240-mil-nos-premios-literarios-cidade-de-manaus\/#breadcrumb"},"inLanguage":"pt-BR","potentialAction":[{"@type":"ReadAction","target":["https:\/\/www.manaus.am.gov.br\/manauscult\/prefeitura-investe-mais-de-r-240-mil-nos-premios-literarios-cidade-de-manaus\/"]}]},{"@type":"ImageObject","inLanguage":"pt-BR","@id":"https:\/\/www.manaus.am.gov.br\/manauscult\/prefeitura-investe-mais-de-r-240-mil-nos-premios-literarios-cidade-de-manaus\/#primaryimage","url":"https:\/\/www.manaus.am.gov.br\/manauscult\/wp-content\/uploads\/sites\/11\/2023\/09\/cb5225dc-12e1-41ee-b1ab-b98d12e37a95.jpg","contentUrl":"https:\/\/www.manaus.am.gov.br\/manauscult\/wp-content\/uploads\/sites\/11\/2023\/09\/cb5225dc-12e1-41ee-b1ab-b98d12e37a95.jpg","width":823,"height":592},{"@type":"BreadcrumbList","@id":"https:\/\/www.manaus.am.gov.br\/manauscult\/prefeitura-investe-mais-de-r-240-mil-nos-premios-literarios-cidade-de-manaus\/#breadcrumb","itemListElement":[{"@type":"ListItem","position":1,"name":"Home","item":"https:\/\/www.manaus.am.gov.br\/manauscult\/"},{"@type":"ListItem","position":2,"name":"Prefeitura investe mais de R$ 240 mil nos Pr\u00eamios Liter\u00e1rios Cidade de Manaus&nbsp;"}]},{"@type":"WebSite","@id":"https:\/\/www.manaus.am.gov.br\/manauscult\/#website","url":"https:\/\/www.manaus.am.gov.br\/manauscult\/","name":"MANAUSCULT","description":"Prefeitura de Manaus","potentialAction":[{"@type":"SearchAction","target":{"@type":"EntryPoint","urlTemplate":"https:\/\/www.manaus.am.gov.br\/manauscult\/?s={search_term_string}"},"query-input":"required name=search_term_string"}],"inLanguage":"pt-BR"},{"@type":"Person","@id":"https:\/\/www.manaus.am.gov.br\/manauscult\/#\/schema\/person\/bfafc779be2e19b3d3ef4a59d418b606","name":"csilveira","image":{"@type":"ImageObject","inLanguage":"pt-BR","@id":"https:\/\/www.manaus.am.gov.br\/manauscult\/#\/schema\/person\/image\/","url":"https:\/\/secure.gravatar.com\/avatar\/9c2e2f00138fcd35401c748bd030d3b5?s=96&d=mm&r=g","contentUrl":"https:\/\/secure.gravatar.com\/avatar\/9c2e2f00138fcd35401c748bd030d3b5?s=96&d=mm&r=g","caption":"csilveira"}}]}},"_links":{"self":[{"href":"https:\/\/www.manaus.am.gov.br\/manauscult\/wp-json\/wp\/v2\/posts\/1577"}],"collection":[{"href":"https:\/\/www.manaus.am.gov.br\/manauscult\/wp-json\/wp\/v2\/posts"}],"about":[{"href":"https:\/\/www.manaus.am.gov.br\/manauscult\/wp-json\/wp\/v2\/types\/post"}],"author":[{"embeddable":true,"href":"https:\/\/www.manaus.am.gov.br\/manauscult\/wp-json\/wp\/v2\/users\/52"}],"replies":[{"embeddable":true,"href":"https:\/\/www.manaus.am.gov.br\/manauscult\/wp-json\/wp\/v2\/comments?post=1577"}],"version-history":[{"count":1,"href":"https:\/\/www.manaus.am.gov.br\/manauscult\/wp-json\/wp\/v2\/posts\/1577\/revisions"}],"predecessor-version":[{"id":1582,"href":"https:\/\/www.manaus.am.gov.br\/manauscult\/wp-json\/wp\/v2\/posts\/1577\/revisions\/1582"}],"wp:featuredmedia":[{"embeddable":true,"href":"https:\/\/www.manaus.am.gov.br\/manauscult\/wp-json\/wp\/v2\/media\/1581"}],"wp:attachment":[{"href":"https:\/\/www.manaus.am.gov.br\/manauscult\/wp-json\/wp\/v2\/media?parent=1577"}],"wp:term":[{"taxonomy":"category","embeddable":true,"href":"https:\/\/www.manaus.am.gov.br\/manauscult\/wp-json\/wp\/v2\/categories?post=1577"},{"taxonomy":"post_tag","embeddable":true,"href":"https:\/\/www.manaus.am.gov.br\/manauscult\/wp-json\/wp\/v2\/tags?post=1577"}],"curies":[{"name":"wp","href":"https:\/\/api.w.org\/{rel}","templated":true}]}}