{"id":1575,"date":"2023-09-27T16:39:51","date_gmt":"2023-09-27T20:39:51","guid":{"rendered":"https:\/\/www.manaus.am.gov.br\/manauscult\/prefeitura-de-manaus-disponibiliza-espaco-no-concultura-para-artistas-fazerem-cadastro\/"},"modified":"2023-09-27T16:39:53","modified_gmt":"2023-09-27T20:39:53","slug":"prefeitura-de-manaus-disponibiliza-espaco-no-concultura-para-artistas-fazerem-cadastro","status":"publish","type":"post","link":"https:\/\/www.manaus.am.gov.br\/manauscult\/prefeitura-de-manaus-disponibiliza-espaco-no-concultura-para-artistas-fazerem-cadastro\/","title":{"rendered":"<strong>Prefeitura de Manaus disponibiliza espa\u00e7o no Concultura&nbsp;para artistas fazerem cadastro<\/strong>"},"content":{"rendered":"\n<p>A Prefeitura de Manaus, por meio da Funda\u00e7\u00e3o Municipal de Cultura, Turismo e Eventos (Manauscult) e do Conselho de Cultura, disponibiliza um espa\u00e7o com computadores e t\u00e9cnicos para auxiliar os artistas e geradores de cultura para realizarem o cadastro pr\u00e9vio, antes da inscri\u00e7\u00e3o dos projetos na Lei Paulo Gustavo (LPG). O espa\u00e7o, denominado Observat\u00f3rio Paulo Gustavo, j\u00e1 est\u00e1 aberto oficialmente para uso desde o dia 26\/9, no Pal\u00e1cio Rio Branco, na avenida 7 de Setembro, Centro, sede do Concultura.<\/p>\n\n\n\n<p><br>O agendamento para uso do espa\u00e7o deve ser feito pelo telefone (92) 8842-3081 ou e-mail:&nbsp;<a href=\"mailto:planejamento.concultura@gmail.com\" target=\"_blank\" rel=\"noreferrer noopener\">planejamento.concultura@gmail.com<\/a>. A sala fica no andar superior da sede do conselho, onde est\u00e1 instalada a esta\u00e7\u00e3o de trabalho, com computadores de mesa e com aux\u00edlio de t\u00e9cnicos do Concultura para ajudar os artistas no preenchimento de seus projetos na plataforma de inscri\u00e7\u00e3o.&nbsp;<\/p>\n\n\n\n<p><br>De acordo com o diretor-presidente da Manauscult, Osvaldo Cardoso, o observat\u00f3rio \u00e9 mais uma ferramenta disponibilizada pela gest\u00e3o para dar apoio aos artistas e o sucesso da participa\u00e7\u00e3o nos editais lan\u00e7ados pela Prefeitura de Manaus.<\/p>\n\n\n\n<p><br>\u201cO Observat\u00f3rio Paulo Gustavo est\u00e1 equipado com internet e h\u00e1 t\u00e9cnicos do Concultura para dar suporte aos artistas. O objetivo \u00e9 informar e facilitar as inscri\u00e7\u00f5es dos artistas que v\u00e3o concorrer aos pr\u00eamios e patroc\u00ednios da Lei Paulo Gustavo\u201d, pontuou.<\/p>\n\n\n\n<p>O presidente do Concultura, Ten\u00f3rio Telles, explicou que o espa\u00e7o foi devidamente equipado.<\/p>\n\n\n\n<p>&#8220;Mesmo antes do lan\u00e7amento do edital da Lei Paulo Gustavo, j\u00e1 realizamos a\u00e7\u00f5es preparat\u00f3rias para a sua implementa\u00e7\u00e3o, como os cursos de elabora\u00e7\u00e3o de projetos e capta\u00e7\u00e3o de recursos, bem como o cadastro pr\u00e9vio na plataforma Prosas, auxiliando os artistas e fazedores de cultura para que tenham conhecimento e suporte na elabora\u00e7\u00e3o de seus projetos e, agora, colocando \u00e0 disposi\u00e7\u00e3o a esta\u00e7\u00e3o de trabalho do Observat\u00f3rio Paulo Gustavo&#8221;, disse Telles.&nbsp;<\/p>\n\n\n\n<p><strong>Aprova\u00e7\u00e3o<\/strong><\/p>\n\n\n\n<p>O cantor e compositor Roberto Rios foi o primeiro artista a utilizar o espa\u00e7o com a assessoria do conselho. &#8220;A ajuda chegou na hora certa para destravar aquelas d\u00favidas que rapidamente s\u00e3o sanadas aqui pela equipe&#8221;, contou Rios. Ele \u00e9 autor de &#8220;hits&#8221; pop do beirad\u00e3o como &#8220;Tel\u00e9zel\u00e9?!&#8221;, &#8220;Perfume da b\u00f4ta&#8221;, um forr\u00f3-brega que faz sucesso nas redes sociais e festas de beirad\u00e3o.<\/p>\n\n\n\n<p>Outro usu\u00e1rio da esta\u00e7\u00e3o de trabalho foi o escritor Jorge Klein, criador de projetos de leitura na comunidade, como o container biblioteca do conjunto Jo\u00e3o Bosco e a biblioteca comunit\u00e1ria na escola de samba Unidos do Alvorada.<\/p>\n\n\n\n<p>&#8220;O Observat\u00f3rio Paulo Gustavo \u00e9 uma for\u00e7a para artistas e produtores que encontram aqui o apoio t\u00e9cnico para tirar d\u00favidas, elaborar e inscrever seus projetos&#8221;, contou Klein, que pretende concorrer na LPV com projeto de promo\u00e7\u00e3o da leitura comunit\u00e1ria.<\/p>\n\n\n\n<p><strong>A\u00e7\u00f5es<\/strong><\/p>\n\n\n\n<p>As a\u00e7\u00f5es de promo\u00e7\u00e3o e implementa\u00e7\u00e3o da Lei Paulo Gustavo em andamento j\u00e1 contemplaram miss\u00f5es precursoras em comunidades ribeirinhas e periferias de Manaus, com a realiza\u00e7\u00e3o de cursos de projetos e cadastro pr\u00e9vio dispon\u00edvel para artistas e fazedores de cultura.&nbsp;<\/p>\n\n\n\n<p>O cadastro pr\u00e9vio da LPG est\u00e1 sendo feito em plataforma com link na p\u00e1gina inicial do portal do conselho de cultura, onde os artistas e trabalhadores da cultura v\u00e3o colocar seus dados pessoais e portf\u00f3lio:&nbsp;&nbsp;<a href=\"https:\/\/concultura.manaus.am.gov.br\/\" target=\"_blank\" rel=\"noreferrer noopener\">https:\/\/concultura.manaus.am.gov.br\/<\/a><\/p>\n\n\n\n<p>Vale ressaltar que o Observat\u00f3rio Paulo Gustavo \u00e9 um espa\u00e7o de apoio para todos os artistas de Manaus, principalmente os que precisam de suporte de computadores, internet e de pessoal t\u00e9cnico para se cadastrarem e inscreverem seus projetos.<\/p>\n\n\n\n<p>&#8212; &#8212; &#8212;<\/p>\n\n\n\n<p><strong>Texto<\/strong>&nbsp;&#8211; Crist\u00f3v\u00e3o Nonato \/ Manauscult<\/p>\n\n\n\n<p><strong>Fotos<\/strong>&nbsp;\u2013 Divulga\u00e7\u00e3o \/ Concultura<\/p>\n","protected":false},"excerpt":{"rendered":"","protected":false},"author":31,"featured_media":1576,"comment_status":"closed","ping_status":"closed","sticky":false,"template":"","format":"standard","meta":{"footnotes":""},"categories":[709],"tags":[710,48,711],"acf":[],"yoast_head":"<!-- This site is optimized with the Yoast SEO plugin v23.0 - https:\/\/yoast.com\/wordpress\/plugins\/seo\/ -->\n<title>Prefeitura de Manaus disponibiliza espa\u00e7o no Concultura&nbsp;para artistas fazerem cadastro - MANAUSCULT<\/title>\n<meta name=\"robots\" content=\"noindex, follow\" \/>\n<meta property=\"og:locale\" content=\"pt_BR\" \/>\n<meta property=\"og:type\" content=\"article\" \/>\n<meta property=\"og:title\" content=\"Prefeitura de Manaus disponibiliza espa\u00e7o no Concultura&nbsp;para artistas fazerem cadastro - MANAUSCULT\" \/>\n<meta property=\"og:url\" content=\"https:\/\/www.manaus.am.gov.br\/manauscult\/prefeitura-de-manaus-disponibiliza-espaco-no-concultura-para-artistas-fazerem-cadastro\/\" \/>\n<meta property=\"og:site_name\" content=\"MANAUSCULT\" \/>\n<meta property=\"article:published_time\" content=\"2023-09-27T20:39:51+00:00\" \/>\n<meta property=\"article:modified_time\" content=\"2023-09-27T20:39:53+00:00\" \/>\n<meta property=\"og:image\" content=\"https:\/\/www.manaus.am.gov.br\/manauscult\/wp-content\/uploads\/sites\/11\/2023\/09\/WhatsApp-Image-2023-09-27-at-15.02.13-1.jpeg\" \/>\n\t<meta property=\"og:image:width\" content=\"1280\" \/>\n\t<meta property=\"og:image:height\" content=\"720\" \/>\n\t<meta property=\"og:image:type\" content=\"image\/jpeg\" \/>\n<meta name=\"author\" content=\"Renata Felix\" \/>\n<meta name=\"twitter:card\" content=\"summary_large_image\" \/>\n<meta name=\"twitter:label1\" content=\"Written by\" \/>\n\t<meta name=\"twitter:data1\" content=\"Renata Felix\" \/>\n\t<meta name=\"twitter:label2\" content=\"Est. reading time\" \/>\n\t<meta name=\"twitter:data2\" content=\"4 minutos\" \/>\n<script type=\"application\/ld+json\" class=\"yoast-schema-graph\">{\"@context\":\"https:\/\/schema.org\",\"@graph\":[{\"@type\":\"WebPage\",\"@id\":\"https:\/\/www.manaus.am.gov.br\/manauscult\/prefeitura-de-manaus-disponibiliza-espaco-no-concultura-para-artistas-fazerem-cadastro\/\",\"url\":\"https:\/\/www.manaus.am.gov.br\/manauscult\/prefeitura-de-manaus-disponibiliza-espaco-no-concultura-para-artistas-fazerem-cadastro\/\",\"name\":\"Prefeitura de Manaus disponibiliza espa\u00e7o no Concultura&nbsp;para artistas fazerem cadastro - MANAUSCULT\",\"isPartOf\":{\"@id\":\"https:\/\/www.manaus.am.gov.br\/manauscult\/#website\"},\"primaryImageOfPage\":{\"@id\":\"https:\/\/www.manaus.am.gov.br\/manauscult\/prefeitura-de-manaus-disponibiliza-espaco-no-concultura-para-artistas-fazerem-cadastro\/#primaryimage\"},\"image\":{\"@id\":\"https:\/\/www.manaus.am.gov.br\/manauscult\/prefeitura-de-manaus-disponibiliza-espaco-no-concultura-para-artistas-fazerem-cadastro\/#primaryimage\"},\"thumbnailUrl\":\"https:\/\/www.manaus.am.gov.br\/manauscult\/wp-content\/uploads\/sites\/11\/2023\/09\/WhatsApp-Image-2023-09-27-at-15.02.13-1.jpeg\",\"datePublished\":\"2023-09-27T20:39:51+00:00\",\"dateModified\":\"2023-09-27T20:39:53+00:00\",\"author\":{\"@id\":\"https:\/\/www.manaus.am.gov.br\/manauscult\/#\/schema\/person\/4eea2a8f78dc853097abb026f728aa06\"},\"breadcrumb\":{\"@id\":\"https:\/\/www.manaus.am.gov.br\/manauscult\/prefeitura-de-manaus-disponibiliza-espaco-no-concultura-para-artistas-fazerem-cadastro\/#breadcrumb\"},\"inLanguage\":\"pt-BR\",\"potentialAction\":[{\"@type\":\"ReadAction\",\"target\":[\"https:\/\/www.manaus.am.gov.br\/manauscult\/prefeitura-de-manaus-disponibiliza-espaco-no-concultura-para-artistas-fazerem-cadastro\/\"]}]},{\"@type\":\"ImageObject\",\"inLanguage\":\"pt-BR\",\"@id\":\"https:\/\/www.manaus.am.gov.br\/manauscult\/prefeitura-de-manaus-disponibiliza-espaco-no-concultura-para-artistas-fazerem-cadastro\/#primaryimage\",\"url\":\"https:\/\/www.manaus.am.gov.br\/manauscult\/wp-content\/uploads\/sites\/11\/2023\/09\/WhatsApp-Image-2023-09-27-at-15.02.13-1.jpeg\",\"contentUrl\":\"https:\/\/www.manaus.am.gov.br\/manauscult\/wp-content\/uploads\/sites\/11\/2023\/09\/WhatsApp-Image-2023-09-27-at-15.02.13-1.jpeg\",\"width\":1280,\"height\":720},{\"@type\":\"BreadcrumbList\",\"@id\":\"https:\/\/www.manaus.am.gov.br\/manauscult\/prefeitura-de-manaus-disponibiliza-espaco-no-concultura-para-artistas-fazerem-cadastro\/#breadcrumb\",\"itemListElement\":[{\"@type\":\"ListItem\",\"position\":1,\"name\":\"Home\",\"item\":\"https:\/\/www.manaus.am.gov.br\/manauscult\/\"},{\"@type\":\"ListItem\",\"position\":2,\"name\":\"Prefeitura de Manaus disponibiliza espa\u00e7o no Concultura&nbsp;para artistas fazerem cadastro\"}]},{\"@type\":\"WebSite\",\"@id\":\"https:\/\/www.manaus.am.gov.br\/manauscult\/#website\",\"url\":\"https:\/\/www.manaus.am.gov.br\/manauscult\/\",\"name\":\"MANAUSCULT\",\"description\":\"Prefeitura de Manaus\",\"potentialAction\":[{\"@type\":\"SearchAction\",\"target\":{\"@type\":\"EntryPoint\",\"urlTemplate\":\"https:\/\/www.manaus.am.gov.br\/manauscult\/?s={search_term_string}\"},\"query-input\":\"required name=search_term_string\"}],\"inLanguage\":\"pt-BR\"},{\"@type\":\"Person\",\"@id\":\"https:\/\/www.manaus.am.gov.br\/manauscult\/#\/schema\/person\/4eea2a8f78dc853097abb026f728aa06\",\"name\":\"Renata Felix\",\"image\":{\"@type\":\"ImageObject\",\"inLanguage\":\"pt-BR\",\"@id\":\"https:\/\/www.manaus.am.gov.br\/manauscult\/#\/schema\/person\/image\/\",\"url\":\"https:\/\/secure.gravatar.com\/avatar\/3c196cf9d3b837b24c8edb2c50fd8f29?s=96&d=mm&r=g\",\"contentUrl\":\"https:\/\/secure.gravatar.com\/avatar\/3c196cf9d3b837b24c8edb2c50fd8f29?s=96&d=mm&r=g\",\"caption\":\"Renata Felix\"}}]}<\/script>\n<!-- \/ Yoast SEO plugin. -->","yoast_head_json":{"title":"Prefeitura de Manaus disponibiliza espa\u00e7o no Concultura&nbsp;para artistas fazerem cadastro - MANAUSCULT","robots":{"index":"noindex","follow":"follow"},"og_locale":"pt_BR","og_type":"article","og_title":"Prefeitura de Manaus disponibiliza espa\u00e7o no Concultura&nbsp;para artistas fazerem cadastro - MANAUSCULT","og_url":"https:\/\/www.manaus.am.gov.br\/manauscult\/prefeitura-de-manaus-disponibiliza-espaco-no-concultura-para-artistas-fazerem-cadastro\/","og_site_name":"MANAUSCULT","article_published_time":"2023-09-27T20:39:51+00:00","article_modified_time":"2023-09-27T20:39:53+00:00","og_image":[{"width":1280,"height":720,"url":"https:\/\/www.manaus.am.gov.br\/manauscult\/wp-content\/uploads\/sites\/11\/2023\/09\/WhatsApp-Image-2023-09-27-at-15.02.13-1.jpeg","type":"image\/jpeg"}],"author":"Renata Felix","twitter_card":"summary_large_image","twitter_misc":{"Written by":"Renata Felix","Est. reading time":"4 minutos"},"schema":{"@context":"https:\/\/schema.org","@graph":[{"@type":"WebPage","@id":"https:\/\/www.manaus.am.gov.br\/manauscult\/prefeitura-de-manaus-disponibiliza-espaco-no-concultura-para-artistas-fazerem-cadastro\/","url":"https:\/\/www.manaus.am.gov.br\/manauscult\/prefeitura-de-manaus-disponibiliza-espaco-no-concultura-para-artistas-fazerem-cadastro\/","name":"Prefeitura de Manaus disponibiliza espa\u00e7o no Concultura&nbsp;para artistas fazerem cadastro - MANAUSCULT","isPartOf":{"@id":"https:\/\/www.manaus.am.gov.br\/manauscult\/#website"},"primaryImageOfPage":{"@id":"https:\/\/www.manaus.am.gov.br\/manauscult\/prefeitura-de-manaus-disponibiliza-espaco-no-concultura-para-artistas-fazerem-cadastro\/#primaryimage"},"image":{"@id":"https:\/\/www.manaus.am.gov.br\/manauscult\/prefeitura-de-manaus-disponibiliza-espaco-no-concultura-para-artistas-fazerem-cadastro\/#primaryimage"},"thumbnailUrl":"https:\/\/www.manaus.am.gov.br\/manauscult\/wp-content\/uploads\/sites\/11\/2023\/09\/WhatsApp-Image-2023-09-27-at-15.02.13-1.jpeg","datePublished":"2023-09-27T20:39:51+00:00","dateModified":"2023-09-27T20:39:53+00:00","author":{"@id":"https:\/\/www.manaus.am.gov.br\/manauscult\/#\/schema\/person\/4eea2a8f78dc853097abb026f728aa06"},"breadcrumb":{"@id":"https:\/\/www.manaus.am.gov.br\/manauscult\/prefeitura-de-manaus-disponibiliza-espaco-no-concultura-para-artistas-fazerem-cadastro\/#breadcrumb"},"inLanguage":"pt-BR","potentialAction":[{"@type":"ReadAction","target":["https:\/\/www.manaus.am.gov.br\/manauscult\/prefeitura-de-manaus-disponibiliza-espaco-no-concultura-para-artistas-fazerem-cadastro\/"]}]},{"@type":"ImageObject","inLanguage":"pt-BR","@id":"https:\/\/www.manaus.am.gov.br\/manauscult\/prefeitura-de-manaus-disponibiliza-espaco-no-concultura-para-artistas-fazerem-cadastro\/#primaryimage","url":"https:\/\/www.manaus.am.gov.br\/manauscult\/wp-content\/uploads\/sites\/11\/2023\/09\/WhatsApp-Image-2023-09-27-at-15.02.13-1.jpeg","contentUrl":"https:\/\/www.manaus.am.gov.br\/manauscult\/wp-content\/uploads\/sites\/11\/2023\/09\/WhatsApp-Image-2023-09-27-at-15.02.13-1.jpeg","width":1280,"height":720},{"@type":"BreadcrumbList","@id":"https:\/\/www.manaus.am.gov.br\/manauscult\/prefeitura-de-manaus-disponibiliza-espaco-no-concultura-para-artistas-fazerem-cadastro\/#breadcrumb","itemListElement":[{"@type":"ListItem","position":1,"name":"Home","item":"https:\/\/www.manaus.am.gov.br\/manauscult\/"},{"@type":"ListItem","position":2,"name":"Prefeitura de Manaus disponibiliza espa\u00e7o no Concultura&nbsp;para artistas fazerem cadastro"}]},{"@type":"WebSite","@id":"https:\/\/www.manaus.am.gov.br\/manauscult\/#website","url":"https:\/\/www.manaus.am.gov.br\/manauscult\/","name":"MANAUSCULT","description":"Prefeitura de Manaus","potentialAction":[{"@type":"SearchAction","target":{"@type":"EntryPoint","urlTemplate":"https:\/\/www.manaus.am.gov.br\/manauscult\/?s={search_term_string}"},"query-input":"required name=search_term_string"}],"inLanguage":"pt-BR"},{"@type":"Person","@id":"https:\/\/www.manaus.am.gov.br\/manauscult\/#\/schema\/person\/4eea2a8f78dc853097abb026f728aa06","name":"Renata Felix","image":{"@type":"ImageObject","inLanguage":"pt-BR","@id":"https:\/\/www.manaus.am.gov.br\/manauscult\/#\/schema\/person\/image\/","url":"https:\/\/secure.gravatar.com\/avatar\/3c196cf9d3b837b24c8edb2c50fd8f29?s=96&d=mm&r=g","contentUrl":"https:\/\/secure.gravatar.com\/avatar\/3c196cf9d3b837b24c8edb2c50fd8f29?s=96&d=mm&r=g","caption":"Renata Felix"}}]}},"_links":{"self":[{"href":"https:\/\/www.manaus.am.gov.br\/manauscult\/wp-json\/wp\/v2\/posts\/1575"}],"collection":[{"href":"https:\/\/www.manaus.am.gov.br\/manauscult\/wp-json\/wp\/v2\/posts"}],"about":[{"href":"https:\/\/www.manaus.am.gov.br\/manauscult\/wp-json\/wp\/v2\/types\/post"}],"author":[{"embeddable":true,"href":"https:\/\/www.manaus.am.gov.br\/manauscult\/wp-json\/wp\/v2\/users\/31"}],"replies":[{"embeddable":true,"href":"https:\/\/www.manaus.am.gov.br\/manauscult\/wp-json\/wp\/v2\/comments?post=1575"}],"version-history":[{"count":0,"href":"https:\/\/www.manaus.am.gov.br\/manauscult\/wp-json\/wp\/v2\/posts\/1575\/revisions"}],"wp:featuredmedia":[{"embeddable":true,"href":"https:\/\/www.manaus.am.gov.br\/manauscult\/wp-json\/wp\/v2\/media\/1576"}],"wp:attachment":[{"href":"https:\/\/www.manaus.am.gov.br\/manauscult\/wp-json\/wp\/v2\/media?parent=1575"}],"wp:term":[{"taxonomy":"category","embeddable":true,"href":"https:\/\/www.manaus.am.gov.br\/manauscult\/wp-json\/wp\/v2\/categories?post=1575"},{"taxonomy":"post_tag","embeddable":true,"href":"https:\/\/www.manaus.am.gov.br\/manauscult\/wp-json\/wp\/v2\/tags?post=1575"}],"curies":[{"name":"wp","href":"https:\/\/api.w.org\/{rel}","templated":true}]}}